{"id":25809,"date":"2013-11-17T16:43:16","date_gmt":"2013-11-17T09:43:16","guid":{"rendered":"http:\/\/grzegorzjaszczura.pl\/?p=25809"},"modified":"2016-02-18T15:16:01","modified_gmt":"2016-02-18T14:16:01","slug":"slawomir-cenckiewicz-walesa-czlowiek-z-teczki","status":"publish","type":"post","link":"https:\/\/grzegorzjaszczura.pl\/?p=25809","title":{"rendered":"S\u0142awomir Cenckiewicz &#8211; &#8222;Wa\u0142\u0119sa cz\u0142owiek z teczki&#8221;"},"content":{"rendered":"<p style=\"text-align: justify;\"><a href=\"http:\/\/grzegorzjaszczura.pl\/http:\/\/grzegorzjaszczura.pl\/wp-content\/uploads\/2013\/11\/201311122893.jpg\"><img loading=\"lazy\" decoding=\"async\" class=\"alignleft size-thumbnail wp-image-25843\" title=\"201311122893\" alt=\"\" src=\"http:\/\/grzegorzjaszczura.pl\/http:\/\/grzegorzjaszczura.pl\/wp-content\/uploads\/2013\/11\/201311122893-150x150.jpg\" width=\"150\" height=\"150\" \/><\/a>Mo\u017cna rzec, \u017ce spotkania <strong>klubu<\/strong> <strong>&#8222;Gazety Polskiej<\/strong>&#8221; w D\u0105browie G\u00f3rniczej na sta\u0142e zadomowi\u0142y si\u0119 w restauracji <span style=\"color: #0000ff;\"><em><strong>Villa Moda<\/strong> <\/em><\/span>(przy ul. Ko\u015bciuszki 4 b). Tu\u017c po <span style=\"color: #0000ff;\"><strong>Dniu Niepodleg\u0142o\u015bci<\/strong><\/span>, tj. 12 listopada, odby\u0142o si\u0119 w niej bowiem kolejne spotkanie, tym razem z dr. hab. <span style=\"color: #0000ff;\"><strong>S\u0142awomirem Cenckiewiczem<\/strong><\/span>. I znowu obecnych na sali ponad 200 os\u00f3b! Zobacz tak\u017ce poprzednie, ze <a href=\"http:\/\/grzegorzjaszczura.pl\/?p=25392#more-25392\"><span style=\"color: #0000ff;\"><strong>St. Michalkiewiczem<\/strong><\/span><\/a>. Wizyta historyka pana <span style=\"color: #0000ff;\"><strong>S\u0142. Cenckiewicza<\/strong><\/span> po\u0142\u0105czona by\u0142a<!--more--> z promocj\u0105 jego najnowszej ksi\u0105\u017cki <em><strong>&#8222;Wa\u0142\u0119sa cz\u0142owiek z teczki&#8221;<\/strong><\/em>. Poniewa\u017c ostatnio ten m\u0119drzec lewicowej <span style=\"color: #ff0000;\">Unii Europejskiej<\/span> (oczywi\u015bcie chodzi o <strong>L. Wa\u0142\u0119s\u0119<\/strong>), otrzyma\u0142 znowu pomnik, wg mnie zupe\u0142nie niezas\u0142u\u017cony, tj. film-parabajk\u0119 <strong>A. Wajdy<\/strong>: <span style=\"color: #ff0000;\"><em>&#8222;Wa\u0142\u0119sa cz\u0142owiek z nadziei&#8221;<\/em><\/span>, jeste\u015bmy w D\u0105browie G. bardzo na czasie. Op\u00f3\u017anienie zwi\u0105zane z dzisiejszym wpisem nast\u0105pi\u0142o w wyniku problem\u00f3w komputerowych, konkretnie padni\u0119cia twardego dysku &#8211; niestety. Tym razem to nie by\u0142 atak z urz\u0119du <em>via<\/em> serwer rosyjski.<\/p>\n<p style=\"text-align: justify;\"><a href=\"http:\/\/grzegorzjaszczura.pl\/http:\/\/grzegorzjaszczura.pl\/wp-content\/uploads\/2013\/11\/SKMBT_C20313111513430.jpg\"><img loading=\"lazy\" decoding=\"async\" class=\"alignleft size-thumbnail wp-image-25844\" title=\"SKMBT_C20313111513430\" alt=\"\" src=\"http:\/\/grzegorzjaszczura.pl\/http:\/\/grzegorzjaszczura.pl\/wp-content\/uploads\/2013\/11\/SKMBT_C20313111513430-150x150.jpg\" width=\"150\" height=\"150\" \/><\/a>Poniewa\u017c jednak promocja ksi\u0105\u017cki <span style=\"color: #0000ff;\"><strong>S\u0142. Cenckiewicza<\/strong><\/span> zbieg\u0142a si\u0119 z moj\u0105 chorob\u0105 uda\u0142o mi si\u0119, dzi\u0119ki temu, w mi\u0119dzyczasie j\u0105 przeczyta\u0107. Przyznaj\u0119, \u017ce nie poci\u0105ga\u0142a mnie oczywi\u015bcie osoba elektryka z Popowa, kt\u00f3rego zdecydowanie nie ceni\u0119, lecz w\u0142a\u015bnie jej autor i jego podej\u015bcie jako historyka. Pan S\u0142awomir wyrazi\u0142 to nast\u0119puj\u0105cymi s\u0142owami, cytuj\u0119 z pami\u0119ci:<\/p>\n<p style=\"text-align: justify;\"><span style=\"color: #0000ff;\"><em><strong>&#8222;Jestem historykiem, a nie negocjatorem tego co by\u0142o&#8221;<\/strong><\/em><span style=\"color: #000000;\">.<\/span><\/span><\/p>\n<p style=\"text-align: justify;\">Wg <span style=\"color: #0000ff;\"><strong>S\u0142. Cenckiewicza<\/strong><\/span> film <strong>A. Wajdy<\/strong>, utkany fa\u0142szerstwami (re\u017cysersk\u0105 utopi\u0105 &#8211; przyp. m\u00f3j), jest sporym nieporozumieniem. Z kolei ksi\u0105\u017cka <span style=\"color: #0000ff;\"><em><strong>&#8222;Wa\u0142\u0119sa cz\u0142owiek z teczki&#8221;<\/strong><\/em><\/span>, b\u0119d\u0105ca w pewnym stopniu odpowiedzi\u0105 na bajk\u0119 filmow\u0105 Wajdy, napisana jest bardzo przyst\u0119pnym j\u0119zykiem, dobrze si\u0119 j\u0105 czyta; nie b\u0119d\u0105c ksi\u0105\u017ck\u0105 naukow\u0105 podparta jest cytatami, zar\u00f3wno esbeckimi jak i samego &#8222;m\u0119drca&#8221;. \u017byciorys <strong>L. Wa\u0142\u0119sy<\/strong> jest \u017cyciorysem sp\u00f3jnym. B\u0142\u0119dna jest interpretacja postaci <strong>Wa\u0142\u0119sy<\/strong>, jako rzekomego wielkiego herosa w okresie stanu wojennego. Zale\u017cno\u015b\u0107 mi\u0119dzy decyzjami, a jego dzia\u0142alno\u015bci\u0105 agenturaln\u0105, jest wg autora ksi\u0105\u017cki rzecz\u0105 oczywist\u0105. <strong>L. Wa\u0142\u0119sa<\/strong> jest cz\u0142owiekiem tamtej strony, wspiera\u0142 komunist\u00f3w cho\u0107by w celu eliminowania z &#8222;Solidarno\u015bci&#8221; ludzi o zasadach antykomunistycznych.<strong> Jest cz\u0142owiekiem z teczki i dzi\u0119ki ludziom prowadz\u0105cym teczki prowadzony, ratowany i wykreowany.<\/strong><\/p>\n<p style=\"text-align: justify;\">Nale\u017cy tu wymieni\u0107 przyk\u0142adowo nazwiska: kpt. <span style=\"color: #ff0000;\">SB<\/span> <strong>Edwarda Graczyka<\/strong> (zaproszonego ostatnio przez Wa\u0142\u0119s\u0119 na swoje 70-te urodziny), majora <span style=\"color: #ff0000;\">SB<\/span> <strong>Jerzego Fr\u0105czkowskiego<\/strong>, gen. <span style=\"color: #ff0000;\">SB<\/span> <strong>Kiszczaka<\/strong>, <strong>W. Jaruzelskiego<\/strong>, <strong>M. Wachowskiego<\/strong>, itd.<\/p>\n<p style=\"text-align: justify;\"><strong>L. Wa\u0142\u0119sa<\/strong> narobi\u0142 Polsce i Polakom wiele szkody (<strong><a href=\"http:\/\/grzegorzjaszczura.pl\/?p=25097#more-25097\">zobacz tak\u017ce<\/a><\/strong>), ale badaj\u0105c dog\u0142\u0119bnie jego genealogi\u0119, <strong>S\u0142. Cenckiewicz<\/strong> zdecydowanie dementuje info, \u017ce jest on pochodzenia \u017cydowskiego.<\/p>\n<p style=\"text-align: justify;\"><a href=\"http:\/\/grzegorzjaszczura.pl\/http:\/\/grzegorzjaszczura.pl\/wp-content\/uploads\/2013\/11\/201311122886.jpg\"><img loading=\"lazy\" decoding=\"async\" class=\"alignleft size-thumbnail wp-image-25863\" title=\"201311122886\" alt=\"\" src=\"http:\/\/grzegorzjaszczura.pl\/http:\/\/grzegorzjaszczura.pl\/wp-content\/uploads\/2013\/11\/201311122886-150x150.jpg\" width=\"150\" height=\"150\" \/><\/a>Czytaj\u0105c ksi\u0105\u017ck\u0119 znalaz\u0142em fragmencik b\u0119d\u0105cy kompromituj\u0105cym powi\u0105zaniem sytuacji w D\u0105browie G\u00f3rniczej z komunistycznym aparatczykiem gen. <strong>Grzegorzem Korczy\u0144skim<\/strong>, a chodzi mi o ulic\u0119 jego imienia w Z\u0105bkowicach i <a href=\"http:\/\/grzegorzjaszczura.pl\/?p=23942#more-23942\">wspieranie totalitarnej my\u015bli<\/a> komunistycznej (reprezentowanej przez G. Korczy\u0144skiego), przez w\u0142adze w D\u0105browie G\u00f3rniczej:<\/p>\n<p style=\"text-align: justify;\"><span style=\"color: #ff0000;\"><em>&#8222;[&#8230;] Wieczorem dyrektor Stanis\u0142aw \u017baczek <strong>zacytowa\u0142<\/strong> robotnikom s\u0142owa gen. <strong>Grzegorza Korczy\u0144skiego<\/strong>:<strong> &#8222;Wojsko daje cztery godziny na opuszczenie zak\u0142adu, a po tym czasie b\u0119d\u0105 strzela\u0107 i bombardowa\u0107&#8221;<\/strong>. 17 grudnia po p\u00f3\u0142nocy stoczni\u0119 zacz\u0119li powoli opuszcza\u0107 robotnicy. Ulokowany na terenie stoczni funkcjonariusz SB pisa\u0142 o tym z satysfakcj\u0105 [&#8230;] Moim zdaniem zasadniczy wp\u0142yw na powstrzymanie strajkuj\u0105cych mia\u0142 fakt u\u017cycia przez wojsko broni i ranienie kilku os\u00f3b [&#8230;].&#8221; <\/em><span style=\"color: #000000;\">(chodzi o grudzie\u0144 1970 r. w Gda\u0144sku &#8211; przyp. m\u00f3j).<em><br \/>\n<\/em><\/span><\/span><\/p>\n<p style=\"text-align: justify;\">I taki komunista (cz\u0142owiek?) ma ulic\u0119 swojego imienia w D\u0105browie G\u00f3rniczej rz\u0105dzonej przez postkomunist\u00f3w. <a href=\"http:\/\/grzegorzjaszczura.pl\/?p=23753#more-23753\">Zobacz.<\/a><\/p>\n<p style=\"text-align: justify;\">Bardzo pouczaj\u0105ca i wiele m\u00f3wi\u0105ca o <strong>L. Wa\u0142\u0119sie<\/strong> jest jego rozmowa z bratem Stanis\u0142awem przeprowadzona w Ar\u0142amowie w dniu 29 wrze\u015bnia 1982 r., spisana z ta\u015bmy magnetofonowej w Pracowni Fonoskopii Zak\u0142adu Kryminalistyki Komendy G\u0142\u00f3wnej MO w Warszawie. Dialog zamieszczony <em>nota bene<\/em> w dw\u00f3ch wersjach, tej oryginalnej oraz tej przygotowanej i kolportowanej przez <span style=\"color: #ff0000;\">SB<\/span> w 1983 roku.<\/p>\n<p style=\"text-align: justify;\">Reasumuj\u0105c, tak jak na film <strong>A. Wajdy<\/strong> nikt nie powinien si\u0119 spieszy\u0107, za wyj\u0105tkiem lewackich klakier\u00f3w, tak ksi\u0105\u017ck\u0119 <span style=\"color: #0000ff;\"><strong>S\u0142awomira Cenckiewicza<\/strong> <\/span>polecam ka\u017cdemu. R\u00f3wnie\u017c, tzw. uczciwi komuni\u015bci, kt\u00f3rzy podobno s\u0105 \ud83d\ude42 , powinni j\u0105 przeczyta\u0107. W ko\u0144cu to oni(?) pisali:<\/p>\n<p style=\"text-align: justify;\"><span style=\"color: #ff0000;\"><em>&#8222;<strong>Panie Lechu<\/strong> w naszych oczach <strong>jest Pan<\/strong> prawdziwym zwi\u0105zkowcem, <strong>pierwowzorem socjalistycznej odnowy<\/strong>. Nie jeste\u015bmy w stanie odda\u0107 atmosfery zadowolenia i ulgi, jaka sta\u0142a si\u0119 naszym udzia\u0142em po osi\u0105gni\u0119ciu porozumienia z Rz\u0105dem i odwo\u0142aniu strajku &#8211; pisali dzia\u0142acze Komitetu Zak\u0142adowego <strong>PZPR<\/strong> Fabryki Wyrob\u00f3w Precyzyjnych im. gen. Karola \u015awierczewskiego w Warszawie.&#8221;<\/em><\/span> (<em>a propos<\/em> zawieszenia przez <strong>L. Wa\u0142\u0119s\u0119<\/strong> gotowo\u015bci strajkowej i odst\u0105pienia od strajku generalnego, w czasie tzw. kryzysu bydgoskiego w dniu <strong>30.03.1981 r<\/strong>. &#8211; przyp. m\u00f3j).<\/p>\n<p style=\"text-align: justify;\">Na koniec. Je\u017celi kogo\u015b ciekawi, dlaczego ksi\u0105\u017cka po\u015bwi\u0119cona jest <span style=\"color: #0000ff;\"><em><strong>&#8222;Pami\u0119ci Grzegorza Lewandowskiego (1963-1967)&#8221;<\/strong><\/em><\/span>, to odpowied\u017a te\u017c znajdzie na jej kartach.<\/p>\n<p style=\"text-align: justify;\"><a href=\"http:\/\/grzegorzjaszczura.pl\/http:\/\/grzegorzjaszczura.pl\/wp-content\/uploads\/2013\/11\/201311122891.jpg\"><img loading=\"lazy\" decoding=\"async\" class=\"alignleft size-thumbnail wp-image-25847\" title=\"201311122891\" alt=\"\" src=\"http:\/\/grzegorzjaszczura.pl\/http:\/\/grzegorzjaszczura.pl\/wp-content\/uploads\/2013\/11\/201311122891-150x150.jpg\" width=\"150\" height=\"150\" \/><\/a><a href=\"http:\/\/grzegorzjaszczura.pl\/http:\/\/grzegorzjaszczura.pl\/wp-content\/uploads\/2013\/11\/201311122894.jpg\"><img loading=\"lazy\" decoding=\"async\" class=\"alignleft size-thumbnail wp-image-25848\" title=\"201311122894\" alt=\"\" src=\"http:\/\/grzegorzjaszczura.pl\/http:\/\/grzegorzjaszczura.pl\/wp-content\/uploads\/2013\/11\/201311122894-150x150.jpg\" width=\"150\" height=\"150\" \/><\/a><\/p>\n","protected":false},"excerpt":{"rendered":"<p>Mo\u017cna rzec, \u017ce spotkania klubu &#8222;Gazety Polskiej&#8221; w D\u0105browie G\u00f3rniczej na sta\u0142e zadomowi\u0142y si\u0119 w restauracji Villa Moda (przy ul. Ko\u015bciuszki 4 b). Tu\u017c po Dniu Niepodleg\u0142o\u015bci, tj. 12 listopada, odby\u0142o si\u0119 w niej bowiem kolejne spotkanie, tym razem z dr. hab. S\u0142awomirem Cenckiewiczem. I znowu obecnych na sali ponad 200 os\u00f3b! Zobacz tak\u017ce poprzednie, [&hellip;]<\/p>\n","protected":false},"author":2,"featured_media":0,"comment_status":"open","ping_status":"open","sticky":false,"template":"","format":"standard","meta":{"_monsterinsights_skip_tracking":false,"_monsterinsights_sitenote_active":false,"_monsterinsights_sitenote_note":"","_monsterinsights_sitenote_category":0,"footnotes":""},"categories":[8],"tags":[],"class_list":["post-25809","post","type-post","status-publish","format-standard","hentry","category-recenzje"],"_links":{"self":[{"href":"https:\/\/grzegorzjaszczura.pl\/index.php?rest_route=\/wp\/v2\/posts\/25809","targetHints":{"allow":["GET"]}}],"collection":[{"href":"https:\/\/grzegorzjaszczura.pl\/index.php?rest_route=\/wp\/v2\/posts"}],"about":[{"href":"https:\/\/grzegorzjaszczura.pl\/index.php?rest_route=\/wp\/v2\/types\/post"}],"author":[{"embeddable":true,"href":"https:\/\/grzegorzjaszczura.pl\/index.php?rest_route=\/wp\/v2\/users\/2"}],"replies":[{"embeddable":true,"href":"https:\/\/grzegorzjaszczura.pl\/index.php?rest_route=%2Fwp%2Fv2%2Fcomments&post=25809"}],"version-history":[{"count":69,"href":"https:\/\/grzegorzjaszczura.pl\/index.php?rest_route=\/wp\/v2\/posts\/25809\/revisions"}],"predecessor-version":[{"id":37303,"href":"https:\/\/grzegorzjaszczura.pl\/index.php?rest_route=\/wp\/v2\/posts\/25809\/revisions\/37303"}],"wp:attachment":[{"href":"https:\/\/grzegorzjaszczura.pl\/index.php?rest_route=%2Fwp%2Fv2%2Fmedia&parent=25809"}],"wp:term":[{"taxonomy":"category","embeddable":true,"href":"https:\/\/grzegorzjaszczura.pl\/index.php?rest_route=%2Fwp%2Fv2%2Fcategories&post=25809"},{"taxonomy":"post_tag","embeddable":true,"href":"https:\/\/grzegorzjaszczura.pl\/index.php?rest_route=%2Fwp%2Fv2%2Ftags&post=25809"}],"curies":[{"name":"wp","href":"https:\/\/api.w.org\/{rel}","templated":true}]}}