{"id":26092,"date":"2013-12-13T15:46:05","date_gmt":"2013-12-13T08:46:05","guid":{"rendered":"http:\/\/grzegorzjaszczura.pl\/?p=26092"},"modified":"2020-12-13T11:48:08","modified_gmt":"2020-12-13T10:48:08","slug":"jaruzelski-pamietamy","status":"publish","type":"post","link":"https:\/\/grzegorzjaszczura.pl\/?p=26092","title":{"rendered":"Jaruzelski &#8211; pami\u0119tamy!"},"content":{"rendered":"<p style=\"text-align: justify;\">32 lata mija od wypowiedzenia wojny Narodowi przez band\u0119 komunistyczn\u0105, na czele\u00a0 z <strong>W. Jaruzelskim<\/strong>. Komuni\u015bci maj\u0105 si\u0119 b. dobrze, nawet ich by\u0142y &#8222;herszt&#8221; stara si\u0119 za pieni\u0105dze wszystkich podatnik\u00f3w odpoczywa\u0107 co roku oko\u0142o 13 grudnia w szpitalu. Nie s\u0142yszy tam <a href=\"http:\/\/wiadomosci.onet.pl\/kraj\/demonstracja-przed-domem-gen-jaruzelskiego-w-32-rocznice-stanu-wojennego\/1bn7k\">protest\u00f3w<\/a>, kt\u00f3re w ka\u017cd\u0105 rocznic\u0119 grudnia maj\u0105 miejsce pod jego domem. Dlaczego wci\u0105\u017c nie dosz\u0142o do jego ukarania? Jest przecie\u017c oskar\u017cony przez IPN o kierowanie zbrojnym zwi\u0105zkiem przest\u0119pczym, kt\u00f3ry bezprawnie przygotowywa\u0142 i wprowadzi\u0142 stan wojenny. Ten proces zawieszono<!--more--> ze wzgl\u0119du na stan zdrowia 90-cio latka, podobnie inn\u0105 spraw\u0119 &#8211; za doprowadzenie do masakry robotnik\u00f3w Wybrze\u017ca w grudniu 1970 r. Trudno si\u0119 spodziewa\u0107, \u017ceby w tym wieku, stan zdrowia mu si\u0119 poprawi\u0142. \u017bydzi w \u015bciganiu morderc\u00f3w s\u0105 bardziej konsekwentni, mo\u017ce powinni\u015bmy bra\u0107 z nich przyk\u0142ad?<\/p>\n<p style=\"text-align: justify;\">Celowo nie pisz\u0119 &#8222;genera\u0142&#8221; W. Jaruzelski, bowiem uwa\u017cam, \u017ce w wolnej Polsce (przynajmniej Polsce do podpisania przez \u015bp. <strong>L. Kaczy\u0144skiego<\/strong> <a href=\"http:\/\/grzegorzjaszczura.pl\/?p=756#more-756\">Traktatu Lizbo\u0144skiego<\/a>), powinno si\u0119 go pozbawi\u0107 szar\u017cy i zdegradowa\u0107 do szeregowego. <strong>W. Jaruzelski<\/strong> m\u00f3g\u0142 by\u0107 bohaterem, ale pod warunkiem, \u017ce przyk\u0142adowo stan wojenny wykorzysta\u0142by do likwidacji realnego socjalizmu i wprowadzenia zmian prowolnorynkowych w gospodarce. Co\u015b takiego, jak w Chile zrealizowa\u0142 \u015bp. genera\u0142 <strong>Augusto Pinochet<\/strong>. Poniewa\u017c <strong>W. Jaruzelski<\/strong> tego nie zrobi\u0142 gospodarka socjalistyczna pad\u0142a i bohaterem nie jest. Zmiany po 1989 roku niestety by\u0142y ju\u017c sterowane przez czynniki wy\u017csze ni\u017c tylko polskie, a konsekwencje odczuwamy i odczuwa\u0107 b\u0119d\u0105 nasze wnuki. Po prostu stan gospodarki (polskiej) jest tragiczny. Mam tu g\u0142\u00f3wnie na my\u015bli to, \u017ce stali\u015bmy si\u0119 wyrobnikami (za och\u0142apy, jak kiedy\u015b niewolnicy) przemys\u0142u unioeuropejskiego, g\u0142\u00f3wnie niemieckiego, nie maj\u0105c praktycznie \u017cadnych w\u0142asnych osi\u0105gni\u0119\u0107.<\/p>\n<p style=\"text-align: justify;\">Niestety obecnie zarz\u0105dzani przez komunistyczno-socjalistyczn\u0105 <span style=\"color: #ff0000;\">Uni\u0119 Europejsk\u0105<\/span> pr\u0119dko si\u0119 nie podniesiemy z opisanej wy\u017cej pozycji le\u017c\u0105cej. Bez zmiany systemu sytuacja nie ulegnie zmianie. Korzy\u015bci czerpa\u0107 b\u0119d\u0105 jedynie politycy, biurwy i nieroby. <strong>Usun\u0105\u0107 trzeba koryto, a nie zmienia\u0107 \u015bwinie przy korycie!<\/strong> <em>Hawk.<\/em><\/p>\n<p style=\"text-align: justify;\">Niech przem\u00f3wi poeta:<\/p>\n<p style=\"text-align: justify;\"><span style=\"color: #0000ff;\"><em>&#8222;Id\u017a dok\u0105d poszli tamci do ciemnego kresu<br \/>\npo z\u0142ote runo nico\u015bci twoj\u0105 ostatni\u0105 nagrod\u0119<\/em><\/span><\/p>\n<p><span style=\"color: #0000ff;\">id\u017a wyprostowany w\u015br\u00f3d tych co na kolanach<\/span><br \/>\n<span style=\"color: #0000ff;\"> w\u015br\u00f3d odwr\u00f3conych plecami i obalonych w proch<\/span><\/p>\n<p><span style=\"color: #0000ff;\">ocala\u0142e\u015b nie po to aby \u017cy\u0107<\/span><br \/>\n<span style=\"color: #0000ff;\"> masz ma\u0142o czasu trzeba da\u0107 \u015bwiadectwo<\/span><\/p>\n<p><span style=\"color: #0000ff;\">b\u0105d\u017a odwa\u017cny gdy rozum zawodzi b\u0105d\u017a odwa\u017cny<\/span><br \/>\n<span style=\"color: #0000ff;\"> w ostatecznym rachunku jedynie to si\u0119 liczy<\/span><\/p>\n<p><span style=\"color: #0000ff;\">a Gniew tw\u00f3j bezsilny niech b\u0119dzie jak morze<\/span><br \/>\n<span style=\"color: #0000ff;\"> ilekro\u0107 us\u0142yszysz g\u0142os poni\u017conych i bitych<\/span><\/p>\n<p><span style=\"color: #0000ff;\">niech nie opuszcza ciebie twoja siostra Pogarda<\/span><br \/>\n<span style=\"color: #0000ff;\"> dla szpicl\u00f3w kat\u00f3w tch\u00f3rzy &#8211; oni wygraj\u0105<\/span><br \/>\n<span style=\"color: #0000ff;\"> p\u00f3jd\u0105 na tw\u00f3j pogrzeb i z ulg\u0105 rzuc\u0105 grud\u0119<\/span><br \/>\n<span style=\"color: #0000ff;\"> a kornik napisze tw\u00f3j u\u0142adzony \u017cyciorys<\/span><\/p>\n<p><span style=\"color: #0000ff;\">i nie przebaczaj zaiste nie w twojej mocy<\/span><br \/>\n<span style=\"color: #0000ff;\"> przebacza\u0107 w imieniu tych kt\u00f3rych zdradzono o \u015bwicie<\/span><\/p>\n<p style=\"text-align: justify;\"><span style=\"color: #0000ff;\"><em>[&#8230;]&#8221;<\/em><\/span><\/p>\n<p style=\"text-align: justify;\"><strong>Zbigniew Herbert, <em>Przes\u0142anie<\/em><\/strong><\/p>\n<p style=\"text-align: justify;\"><span style=\"color: #0000ff;\"><strong><a href=\"http:\/\/grzegorzjaszczura.pl\/http:\/\/grzegorzjaszczura.pl\/wp-content\/uploads\/2013\/12\/wiad.strajkowe-1.jpg\"><img loading=\"lazy\" decoding=\"async\" class=\"alignleft size-thumbnail wp-image-26104\" title=\"wiad.strajkowe-1\" src=\"http:\/\/grzegorzjaszczura.pl\/http:\/\/grzegorzjaszczura.pl\/wp-content\/uploads\/2013\/12\/wiad.strajkowe-1-150x150.jpg\" alt=\"\" width=\"150\" height=\"150\" \/><\/a><a href=\"http:\/\/grzegorzjaszczura.pl\/http:\/\/grzegorzjaszczura.pl\/wp-content\/uploads\/2013\/12\/wiad.strajkowe-2.jpg\"><img loading=\"lazy\" decoding=\"async\" class=\"alignleft size-thumbnail wp-image-26105\" title=\"wiad.strajkowe-2\" src=\"http:\/\/grzegorzjaszczura.pl\/http:\/\/grzegorzjaszczura.pl\/wp-content\/uploads\/2013\/12\/wiad.strajkowe-2-150x150.jpg\" alt=\"\" width=\"150\" height=\"150\" \/><\/a>Ps<\/strong><\/span> <strong>13 grudnia 1981 roku<\/strong> zasta\u0142 mnie na strajku na Wydziale Budownictwa Politechniki \u015al\u0105skiej w Gliwicach. Wspominam ten dzie\u0144 \u017ale i to si\u0119 ju\u017c nie zmieni. Obok, ostatnie przed 13-tym grudnia 1981 r., wydanie Wiadomo\u015bci Strajkowych, kt\u00f3re ukaza\u0142y si\u0119 9 grudnia, czyli kilka dni przed wypowiedzeniem wojny przez komunist\u00f3w Narodowi. To tak dla potomnych.<\/p>\n","protected":false},"excerpt":{"rendered":"<p>32 lata mija od wypowiedzenia wojny Narodowi przez band\u0119 komunistyczn\u0105, na czele\u00a0 z W. Jaruzelskim. Komuni\u015bci maj\u0105 si\u0119 b. dobrze, nawet ich by\u0142y &#8222;herszt&#8221; stara si\u0119 za pieni\u0105dze wszystkich podatnik\u00f3w odpoczywa\u0107 co roku oko\u0142o 13 grudnia w szpitalu. Nie s\u0142yszy tam protest\u00f3w, kt\u00f3re w ka\u017cd\u0105 rocznic\u0119 grudnia maj\u0105 miejsce pod jego domem. Dlaczego wci\u0105\u017c nie [&hellip;]<\/p>\n","protected":false},"author":2,"featured_media":0,"comment_status":"open","ping_status":"open","sticky":false,"template":"","format":"standard","meta":{"_monsterinsights_skip_tracking":false,"_monsterinsights_sitenote_active":false,"_monsterinsights_sitenote_note":"","_monsterinsights_sitenote_category":0,"footnotes":""},"categories":[3],"tags":[],"class_list":["post-26092","post","type-post","status-publish","format-standard","hentry","category-polityczne"],"_links":{"self":[{"href":"https:\/\/grzegorzjaszczura.pl\/index.php?rest_route=\/wp\/v2\/posts\/26092","targetHints":{"allow":["GET"]}}],"collection":[{"href":"https:\/\/grzegorzjaszczura.pl\/index.php?rest_route=\/wp\/v2\/posts"}],"about":[{"href":"https:\/\/grzegorzjaszczura.pl\/index.php?rest_route=\/wp\/v2\/types\/post"}],"author":[{"embeddable":true,"href":"https:\/\/grzegorzjaszczura.pl\/index.php?rest_route=\/wp\/v2\/users\/2"}],"replies":[{"embeddable":true,"href":"https:\/\/grzegorzjaszczura.pl\/index.php?rest_route=%2Fwp%2Fv2%2Fcomments&post=26092"}],"version-history":[{"count":32,"href":"https:\/\/grzegorzjaszczura.pl\/index.php?rest_route=\/wp\/v2\/posts\/26092\/revisions"}],"predecessor-version":[{"id":55039,"href":"https:\/\/grzegorzjaszczura.pl\/index.php?rest_route=\/wp\/v2\/posts\/26092\/revisions\/55039"}],"wp:attachment":[{"href":"https:\/\/grzegorzjaszczura.pl\/index.php?rest_route=%2Fwp%2Fv2%2Fmedia&parent=26092"}],"wp:term":[{"taxonomy":"category","embeddable":true,"href":"https:\/\/grzegorzjaszczura.pl\/index.php?rest_route=%2Fwp%2Fv2%2Fcategories&post=26092"},{"taxonomy":"post_tag","embeddable":true,"href":"https:\/\/grzegorzjaszczura.pl\/index.php?rest_route=%2Fwp%2Fv2%2Ftags&post=26092"}],"curies":[{"name":"wp","href":"https:\/\/api.w.org\/{rel}","templated":true}]}}