{"id":26432,"date":"2014-01-16T13:37:56","date_gmt":"2014-01-16T06:37:56","guid":{"rendered":"http:\/\/grzegorzjaszczura.pl\/?p=26432"},"modified":"2014-01-19T12:03:03","modified_gmt":"2014-01-19T05:03:03","slug":"zyczenia-za-cudze-pieniadze","status":"publish","type":"post","link":"https:\/\/grzegorzjaszczura.pl\/?p=26432","title":{"rendered":"\u017byczenia za cudze pieni\u0105dze"},"content":{"rendered":"<p style=\"text-align: justify;\"><a href=\"http:\/\/grzegorzjaszczura.pl\/http:\/\/grzegorzjaszczura.pl\/wp-content\/uploads\/2014\/01\/CAM001511.jpg\"><img loading=\"lazy\" decoding=\"async\" class=\"alignleft size-thumbnail wp-image-26575\" title=\"CAM00151\" src=\"http:\/\/grzegorzjaszczura.pl\/http:\/\/grzegorzjaszczura.pl\/wp-content\/uploads\/2014\/01\/CAM001511-150x150.jpg\" alt=\"\" width=\"150\" height=\"150\" \/><\/a><strong>Dlaczego ludzie chc\u0105 by\u0107 rz\u0105dzeni przez socjalistycznych polityk\u00f3w?<\/strong> Niestety nie potrafi\u0119 tego inaczej wyt\u0142umaczy\u0107, jak tym, \u017ce musz\u0105 by\u0107 chyba inteligentni inaczej. Chocia\u017c mo\u017cna tutaj przy okazji zauwa\u017cy\u0107, \u017ce prezydent D\u0105browy G\u00f3rniczej p. <strong>Zb. Podraza<\/strong> <a href=\"http:\/\/grzegorzjaszczura.pl\/?p=7294#more-7294\">w ostatnich wyborach <\/a>zosta\u0142 wybrany g\u0142osami jedynie<strong> 18,7%<\/strong> uprawnionych go g\u0142osowania mieszka\u0144c\u00f3w miasta, czyli tylko jeden na pi\u0119ciu mieszka\u0144c\u00f3w<!--more--> zag\u0142osowa\u0142 za nim. Ale czy inny wygrany wydawa\u0142by publiczne pieni\u0105dze inaczej?, \u015bmiem w\u0105tpi\u0107! Dzisiaj chcia\u0142em zwr\u00f3ci\u0107 uwag\u0119 na szastanie przez nich (tych socjalistycznych polityk\u00f3w) cudzymi pieni\u0119dzmi, kt\u00f3r\u0105 to czynno\u015b\u0107 w\u0142a\u015bnie socjali\u015bci i to <a href=\"http:\/\/grzegorzjaszczura.pl\/?p=24683#more-24683\">wszelkiej ma\u015bci<\/a> opanowali do perfekcji. Pomi\u0144my nawet horrendalne zad\u0142u\u017cenie, jakie jest podstaw\u0105 ich dzia\u0142alno\u015bci finansowej, wynikaj\u0105ce obecnie ju\u017c tak\u017ce z polityki socjalistycznej, antywolnorynkowej <span style=\"color: #ff0000;\">Unii Europejskiej<\/span>. Chodzi o to, \u017ce aby dosta\u0107 tzw. pieni\u0105dze unijne trzeba wy\u0142o\u017cy\u0107 wk\u0142ad w\u0142asny, wk\u0142ad kt\u00f3rego z regu\u0142y nie ma, bo przecie\u017c ju\u017c poprzednie przychody zosta\u0142y rozdysponowane. Czyli trzeba zad\u0142u\u017cy\u0107 dzieci i wnuki. W <strong>D\u0105browie G.<\/strong> pana prezydenta najbardziej <a href=\"http:\/\/grzegorzjaszczura.pl\/?p=14979#more-14979\">popiera w tym dzia\u0142aniu<\/a> jego doradca kol. <strong>R. Ko\u0107ma<\/strong>. Poj\u0119cie zr\u00f3wnowa\u017cony bud\u017cet jest im obce. M\u00f3g\u0142bym rozwin\u0105\u0107 ten w\u0105tek, ale nie dojd\u0119 do puenty, o kt\u00f3r\u0105 mi dzisiaj chodzi.<\/p>\n<p style=\"text-align: justify;\"><strong>Po prostu z\u0142y jest system!<\/strong> Bez zmiany systemu socjalistycznego na inny nie b\u0119dzie lepiej <span style=\"color: #0000ff;\"><strong>Drodzy Czytacze<\/strong><\/span>. <strong>Trzeba usun\u0105\u0107 nape\u0142nianie koryta, dopiero wtedy wymr\u0105 \u015bwinie korzystaj\u0105ce z niego. <\/strong>To taka przeno\u015bnia.<strong><br \/>\n<\/strong><\/p>\n<p style=\"text-align: justify;\"><strong>Zbulwersowa\u0142y mnie \u017cyczenia \u015bwi\u0105teczno-noworoczne, jakie ostatnio otrzyma\u0142em <em>via<\/em> bilbordy<\/strong> o wymiarach ok. 3,00 m x 6,00 m (czyli ok. 18,00 m2), <strong>od<\/strong> pana prezydenta miasta<strong> Zb. Podrazy<\/strong> i przewodnicz\u0105cego Rady Miasta pani <strong>A. Pasterna<\/strong>k. By\u0107 mo\u017ce s\u0105 to \u017cyczenia od serca i tak w og\u00f3le to dzi\u0119kuj\u0119 za nie serdecznie <strong>Zbyszku<\/strong> i <strong>Agnieszko<\/strong>! Mam jedynie w\u0105tpliwo\u015bci i przyczepiam si\u0119 jak zawsze czy Wy w\u0142a\u015bciwie gospodarujecie moimi podatkami? Czy zap\u0142acili\u015bcie z w\u0142asnej kieszeni za te<em> circa<\/em> 10 bilbord\u00f3w?, w ko\u0144cu niemo\u017cliwe jest, \u017ceby moje (i nie tylko) podatki sz\u0142y na takie prywatne \u017cyczenia, nawet od serca! Tylko wspomn\u0119, \u017ce bilbordy te stoj\u0105 w najlepszych medialnie miejscach na terenie Gminy.<\/p>\n<p style=\"text-align: justify;\"><a href=\"http:\/\/grzegorzjaszczura.pl\/http:\/\/grzegorzjaszczura.pl\/wp-content\/uploads\/2014\/01\/zdjecie-2.jpg\"><img loading=\"lazy\" decoding=\"async\" class=\"alignleft size-thumbnail wp-image-26577\" title=\"zdjecie 2\" src=\"http:\/\/grzegorzjaszczura.pl\/http:\/\/grzegorzjaszczura.pl\/wp-content\/uploads\/2014\/01\/zdjecie-2-150x150.jpg\" alt=\"\" width=\"150\" height=\"150\" \/><\/a>Tu prosz\u0119 zauwa\u017cy\u0107, \u017ce na mie\u015bcie by\u0142y tak\u017ce na bilbordach \u017cyczenia od osoby, te\u017c nie tylko prywatnej, bo radnego <strong>Tomasza Paska<\/strong> i wiem, \u017ce sam p\u0142aci\u0142 za bilbordy. Czyli mo\u017cna inaczej! R\u00f3wnie\u017c jemu dzi\u0119kuj\u0119 za \u017cyczenia.<\/p>\n<p style=\"text-align: justify;\">Jeden taki\u017c bilbord (obklejenie i oko\u0142o miesi\u0119czna prezentacja) kosztuje, o czym poinformowa\u0142 mnie znajomy w\u0142a\u015bciciel sieci bilbord\u00f3w, <em>circa<\/em> licz\u0105c 1200,00 z\u0142. Czy ja dobrze rozumuj\u0119 panie prezydencie <strong>Zbigniewie<\/strong> i przewodnicz\u0105cy Rady Miasta pani <strong>Agnieszko<\/strong>, \u017ce wsp\u00f3lnie zap\u0142acili\u015bcie te kilkana\u015bcie tysi\u0119cy z\u0142otych? <strong>Czy m\u00f3g\u0142bym rzuci\u0107 okiem na faktury (rachunki)? <\/strong>Je\u017celi miasto (mieszka\u0144cy miasta) podarowa\u0142o Wam te \u015brodki, to oczekuj\u0119 rozliczenia si\u0119 przez Was z tej darowizny.<\/p>\n<p style=\"text-align: justify;\">Dr\u0105\u017c\u0105c dalej. Je\u017celi nie, to<strong> twierdz\u0119, \u017ce \u017ale gospodarujecie moim, jako mieszka\u0144ca D\u0105browy G\u00f3rniczej<\/strong> <strong>bud\u017cetem<\/strong>. No bo kto zap\u0142aci\u0142 za Wasze prywatne \u017cyczenia (to, \u017ce pe\u0142nicie publiczne funkcje moim zdaniem tym bardziej powinno Was obligowa\u0107 do oszcz\u0119dnego gospodarowania moimi (m.in.) pieni\u0119dzmi), jak nie mieszka\u0144cy?<strong> Zdecydowanie uwa\u017cam, \u017ce lepiej by\u0142o przeznaczy\u0107 te pieni\u0105dze na mleko dla dzieci w przedszkolach i podstaw\u00f3wkach.<\/strong><\/p>\n<p style=\"text-align: justify;\">Tak przy okazji widzia\u0142em tak\u017ce \u017cyczenia (na granicy D\u0105browy G\u00f3rniczej i Sosnowca) od cz\u0142onka zarz\u0105du wojew\u00f3dztwa pana <strong>A. Ch\u0119ci\u0144skiego<\/strong>. Te\u017c dzi\u0119kuj\u0119 za \u017cyczenia. Mam tak\u017ce nadziej\u0119, \u017ce sam pan zap\u0142aci\u0142 za bilbordy. Czy rozsiane po ca\u0142ym wojew\u00f3dztwie?, czy tylko po Sosnowcu???<\/p>\n<p style=\"text-align: justify;\"><strong>Czy tak jest w ca\u0142ej Polsce?, je\u017celi tak to bardzo \u017ale! Jaka\u015b paraelita biurw i nie tylko u\u017cywa publicznych pieni\u0119dzy do promowania swoich nazwisk.<\/strong> Dziwi\u0119 si\u0119 tak\u017ce, \u017ce skrajna antyko\u015bcielna lewica obchodzi ko\u015bcielne katolickie \u015bwi\u0119ta. Ale to ju\u017c przecie\u017c szczeg\u00f3\u0142 i prywatne moje zdziwienie.<\/p>\n<p style=\"text-align: justify;\"><span style=\"color: #0000ff;\"><strong>Ps<\/strong><\/span> Zobacz tak\u017ce: <a href=\"http:\/\/tomaszpasek.pl\/wiadomosci-238-noworoczne_zyczenia.html\">http:\/\/tomaszpasek.pl\/wiadomosci-238-noworoczne_zyczenia.html<\/a>.<\/p>\n","protected":false},"excerpt":{"rendered":"<p>Dlaczego ludzie chc\u0105 by\u0107 rz\u0105dzeni przez socjalistycznych polityk\u00f3w? Niestety nie potrafi\u0119 tego inaczej wyt\u0142umaczy\u0107, jak tym, \u017ce musz\u0105 by\u0107 chyba inteligentni inaczej. Chocia\u017c mo\u017cna tutaj przy okazji zauwa\u017cy\u0107, \u017ce prezydent D\u0105browy G\u00f3rniczej p. Zb. Podraza w ostatnich wyborach zosta\u0142 wybrany g\u0142osami jedynie 18,7% uprawnionych go g\u0142osowania mieszka\u0144c\u00f3w miasta, czyli tylko jeden na pi\u0119ciu mieszka\u0144c\u00f3w<\/p>\n","protected":false},"author":2,"featured_media":0,"comment_status":"open","ping_status":"open","sticky":false,"template":"","format":"standard","meta":{"_monsterinsights_skip_tracking":false,"_monsterinsights_sitenote_active":false,"_monsterinsights_sitenote_note":"","_monsterinsights_sitenote_category":0,"footnotes":""},"categories":[3],"tags":[],"class_list":["post-26432","post","type-post","status-publish","format-standard","hentry","category-polityczne"],"_links":{"self":[{"href":"https:\/\/grzegorzjaszczura.pl\/index.php?rest_route=\/wp\/v2\/posts\/26432","targetHints":{"allow":["GET"]}}],"collection":[{"href":"https:\/\/grzegorzjaszczura.pl\/index.php?rest_route=\/wp\/v2\/posts"}],"about":[{"href":"https:\/\/grzegorzjaszczura.pl\/index.php?rest_route=\/wp\/v2\/types\/post"}],"author":[{"embeddable":true,"href":"https:\/\/grzegorzjaszczura.pl\/index.php?rest_route=\/wp\/v2\/users\/2"}],"replies":[{"embeddable":true,"href":"https:\/\/grzegorzjaszczura.pl\/index.php?rest_route=%2Fwp%2Fv2%2Fcomments&post=26432"}],"version-history":[{"count":80,"href":"https:\/\/grzegorzjaszczura.pl\/index.php?rest_route=\/wp\/v2\/posts\/26432\/revisions"}],"predecessor-version":[{"id":26647,"href":"https:\/\/grzegorzjaszczura.pl\/index.php?rest_route=\/wp\/v2\/posts\/26432\/revisions\/26647"}],"wp:attachment":[{"href":"https:\/\/grzegorzjaszczura.pl\/index.php?rest_route=%2Fwp%2Fv2%2Fmedia&parent=26432"}],"wp:term":[{"taxonomy":"category","embeddable":true,"href":"https:\/\/grzegorzjaszczura.pl\/index.php?rest_route=%2Fwp%2Fv2%2Fcategories&post=26432"},{"taxonomy":"post_tag","embeddable":true,"href":"https:\/\/grzegorzjaszczura.pl\/index.php?rest_route=%2Fwp%2Fv2%2Ftags&post=26432"}],"curies":[{"name":"wp","href":"https:\/\/api.w.org\/{rel}","templated":true}]}}