{"id":26710,"date":"2014-01-27T01:53:10","date_gmt":"2014-01-26T18:53:10","guid":{"rendered":"http:\/\/grzegorzjaszczura.pl\/?p=26710"},"modified":"2014-01-27T03:44:57","modified_gmt":"2014-01-26T20:44:57","slug":"socjalizm-choroba-zwana-redystrybucja","status":"publish","type":"post","link":"https:\/\/grzegorzjaszczura.pl\/?p=26710","title":{"rendered":"Socjalizm &#8211; choroba zwana redystrybucj\u0105"},"content":{"rendered":"<p style=\"text-align: justify;\">W ramach popierania m\u0142odych talent\u00f3w, dzisiaj tekst kol. <strong>Kacpra Muszy\u0144skiego<\/strong>. Spojrzenie na podatki w uj\u0119ciu konserwatywnego humanisty. Tekst d\u0142ugi, zastanawia\u0142em si\u0119 czy go skr\u00f3ci\u0107, ale stwierdzi\u0142em, \u017ce to by\u0142oby zbyt trudne i wypaczy\u0142oby jego przes\u0142anie.<\/p>\n<p style=\"text-align: justify;\"><span style=\"color: #0000ff;\"><strong> <a href=\"http:\/\/grzegorzjaszczura.pl\/http:\/\/grzegorzjaszczura.pl\/wp-content\/uploads\/2014\/01\/CAM00267.jpg\"><img loading=\"lazy\" decoding=\"async\" class=\"alignleft size-thumbnail wp-image-26720\" title=\"CAM00267\" src=\"http:\/\/grzegorzjaszczura.pl\/http:\/\/grzegorzjaszczura.pl\/wp-content\/uploads\/2014\/01\/CAM00267-150x150.jpg\" alt=\"\" width=\"150\" height=\"150\" \/><\/a>Podstaw\u0105 <\/strong><\/span><span style=\"color: #0000ff;\"><strong>istnienia pa\u0144stwa prawa<\/strong> &#8211; nawet tego o najbardziej wolno\u015bciowym charakterze (nie myli\u0107 z anarchi\u0105!) \u2013 <strong>jest \u015bci\u0105ganie podatk\u00f3w<\/strong> z zamieszkuj\u0105cych go obywateli. Trudno zreszt\u0105 w og\u00f3le m\u00f3wi\u0107 o istnieniu jakiegokolwiek pa\u0144stwa bez owego przymusu. Jednak\u017ce, jak wiadomo, podatki dziel\u0105 si\u0119<!--more--> na te <strong>\u201eprzymusowe z w\u0142asnej woli\u201d<\/strong> (ka\u017cdy cz\u0142owiek rozumny, o ile sam nie posiada bomby atomowej, pragnie, \u017ceby pa\u0144stwo zapewni\u0142o mu bezpiecze\u0144stwo wewn\u0105trz kraju \u2013 policj\u0119 \u2013 oraz by\u0142o got\u00f3w odeprze\u0107 atak z zewn\u0105trz \u2013 armia) oraz na te, kt\u00f3re nazywa si\u0119 podatkami redystrybucyjnymi <strong>(\u201edaj mi, ja dam komu\u015b, kto bardziej potrzebuje,<\/strong> a ja ju\u017c tam dobrze wiem, kto najbardziej potrzebuje\u201d).<\/span><\/p>\n<p style=\"text-align: justify;\"><span style=\"color: #0000ff;\">Pierwszy rodzaj daniny jest dos\u0142ownie nieunikniony jak \u015bmier\u0107 \u2013 w przeciwnym wypadku mieliby\u015bmy do czynienia z <em>quasi<\/em>-pa\u0144stwem pogr\u0105\u017conym w otch\u0142ani mitologicznego Chaosu. Kt\u00f3\u017c by\u0142by w stanie rozstrzyga\u0107 spory prawne albo kara\u0107 przest\u0119pc\u00f3w? Najprawdopodobniej literalnie najsilniejsi \u2013 istne prawo d\u017cungli. Drugi rodzaj podatk\u00f3w nie jest nieunikniony jak \u015bmier\u0107, przeciwnie \u2013 sam prowadzi do \u015bmierci pa\u0144stwa. Dzisiejsze objawy potwornej choroby tak skutecznie przys\u0142anianej przez naszych \u201eMilusi\u0144skich\u201d s\u0105 spowodowane w\u0142a\u015bnie przez ten <strong>anty-cywilizacyjny wynalazek zwany podatkami o funkcji redystrybucyjnej<\/strong>.<\/span><\/p>\n<p style=\"text-align: justify;\"><span style=\"color: #0000ff;\"><strong><span style=\"text-decoration: underline;\"><a href=\"http:\/\/grzegorzjaszczura.pl\/http:\/\/grzegorzjaszczura.pl\/wp-content\/uploads\/2014\/01\/20131213315-2.jpg\"><img loading=\"lazy\" decoding=\"async\" class=\"alignleft size-thumbnail wp-image-26723\" title=\"20131213315-2\" src=\"http:\/\/grzegorzjaszczura.pl\/http:\/\/grzegorzjaszczura.pl\/wp-content\/uploads\/2014\/01\/20131213315-2-150x150.jpg\" alt=\"\" width=\"150\" height=\"150\" \/><\/a>Przedstawi\u0119 pokr\u00f3tce niekt\u00f3re z nich.<\/span><\/strong><\/span><\/p>\n<p style=\"text-align: justify;\"><span style=\"color: #0000ff;\">\u00a0\u00a0\u00a0\u00a0\u00a0\u00a0\u00a0\u00a0\u00a0\u00a0\u00a0 Przede wszystkim &#8211; wielka plama na moralno\u015bci, zwyczajny <strong>wstyd<\/strong>. Facet wraca z pracy i wst\u0119puje na chwilk\u0119 do kolegi, kt\u00f3ry \u201epracuje\u201d na zasi\u0142ku. Nie wiem, czy powinienem tu u\u017cy\u0107 cudzys\u0142owu, gdy\u017c po wys\u0142uchaniu kr\u00f3tkiej rozmowy:<\/span><\/p>\n<p style=\"text-align: justify;\"><span style=\"color: #0000ff;\">\u00a0\u00a0\u00a0\u00a0\u00a0\u00a0\u00a0\u00a0\u00a0\u00a0\u00a0 &#8211; \u00a0W\u0142a\u015bnie wr\u00f3ci\u0142em z pracy. Zarobi\u0142em dzisiaj 100 z\u0142otych. A ty, czym si\u0119 mo\u017cesz pochwali\u0107?<\/span><\/p>\n<p style=\"text-align: justify;\"><span style=\"color: #0000ff;\">\u00a0\u00a0\u00a0\u00a0\u00a0\u00a0\u00a0\u00a0\u00a0\u00a0\u00a0 &#8211; \u00a0Ano tym, \u017ce zarobi\u0142em dzisiaj prawie 20 z\u0142otych dzi\u0119ki tobie!<\/span><\/p>\n<p style=\"text-align: justify;\"><span style=\"color: #0000ff;\">mo\u017cna mie\u0107 pewne w\u0105tpliwo\u015bci.<\/span><\/p>\n<p style=\"text-align: justify;\"><span style=\"color: #0000ff;\">Innym dobitnym przyk\u0142adem mog\u0105 by\u0107 pa\u0144stwowe uczelnie wy\u017csze, gdzie podczas sesji wywi\u0105zuje si\u0119 r\u00f3wnie kr\u00f3ciutka pogaw\u0119dka profesora ze studentem:<\/span><\/p>\n<p style=\"text-align: justify;\"><span style=\"color: #0000ff;\">\u00a0\u00a0\u00a0\u00a0\u00a0\u00a0\u00a0\u00a0\u00a0\u00a0\u00a0 &#8211; \u00a0Niestety, nie zaliczy\u0142 pan pierwszego terminu.<\/span><\/p>\n<p style=\"text-align: justify;\"><span style=\"color: #0000ff;\">&#8211; Nie zaliczy\u0142em?! Jestem twoim pracodawc\u0105, profesorku, a ty jeszcze \u015bmiesz k\u0105sa\u0107 r\u0119k\u0119, kt\u00f3ra ci\u0119 karmi?!<\/span><\/p>\n<p style=\"text-align: justify;\"><span style=\"color: #0000ff;\">i trudno chyba nie przyzna\u0107 racji temu drugiemu\u2026<\/span><\/p>\n<p style=\"text-align: justify;\"><span style=\"color: #0000ff;\">Innym objawem wartym przebadania jest swego rodzaju <strong>prawda w nieprawdzie<\/strong>. Cz\u0119sto obija si\u0119 ludziom o uszy, \u017ce p\u0142acenie podatk\u00f3w sprawi, \u017ce w\u0142adzom pa\u0144stwa \u0142atwiej b\u0119dzie stworzy\u0107 nowe miejsca pracy. Mam nadziej\u0119, \u017ce Europa (absolutnie nie myli\u0107 z UE!) nie upad\u0142a jeszcze tak nisko, \u017ceby twierdzi\u0107, \u017ce kiedy w powietrzu wisi niez\u0142y interes, zawsze znajdzie si\u0119 osoba, kt\u00f3ra go dostrze\u017ce i \u2013 bez pomocy r\u0119ki pa\u0144stwa, kt\u00f3ra potrafi zag\u0142aska\u0107 na \u015bmier\u0107 &#8211; samodzielnie otworzy sw\u00f3j biznes. W przeciwnym razie, tworzenie czego\u015b na si\u0142\u0119 mo\u017ce przynie\u015b\u0107 jedynie straty. Jest jednak w idei tych ludzi mikroskopijne ziarenko prawdy. <strong>Mianowicie, poprzez g\u0142oszenie takich idiotycznych i krety\u0144skich pogl\u0105d\u00f3w, przez ostatnie kilkadziesi\u0105t lat nast\u0105pi\u0142 bujny rozkwit w dziedzinie publicystyki, kt\u00f3ra dos\u0142ownie karmiona jest interesuj\u0105cymi tematami na pisemne dyskusje. Coraz wi\u0119cej badaczy mo\u017ce r\u00f3wnie\u017c zaj\u0105\u0107 si\u0119 odnalezieniem miejsca w m\u00f3zgu, kt\u00f3re generuje g\u0142upot\u0119. Wida\u0107 rz\u0105dy pa\u0144stw socjalistycznych nie rzucaj\u0105 s\u0142\u00f3w na wiatr!<\/strong><\/span><\/p>\n<p style=\"text-align: justify;\"><span style=\"color: #0000ff;\">Dokuczliwym objawem jest te\u017c <strong>faryzeizm<\/strong>. Masa fa\u0142szywie pobo\u017cnych ludzi jest przekonana, \u017ce to dobrze, i\u017c solidarnie pomaga si\u0119 najbardziej potrzebuj\u0105cym. Dlaczego w takim razie w prawdziwym \u017cyciu, gdy cz\u0142owiek, nawet je\u015bli zna konkretnego potrzebuj\u0105cego, usilnie odmawia wszelkim podszeptom os\u00f3b trzecich i pragnie dostarczy\u0107 pomoc osobi\u015bcie? Dlaczego wierzy si\u0119 zatem komu\u015b, kto prawdziwych potrzebuj\u0105cych zna jedynie z szarych gazet? Cz\u0119sto kobiety tak\u017ce popadaj\u0105 w t\u0119 mani\u0119 pomagania. Dlaczego jednak matka id\u0105ca z synem za r\u0119k\u0119, widz\u0105ca, \u017ce zbli\u017caj\u0105 si\u0119 do kl\u0119cz\u0105cego ubogiego w cuchn\u0105cych \u0142achmanach, zagaduje go jak najszybciej: \u201esynku, sp\u00f3jrz, jaki \u0142adny sklep po drugiej stronie!\u201d. Czy\u017c takie pi\u0119kne idee nie powinny by\u0107 wpajane ju\u017c od ma\u0142ego?<\/span><\/p>\n<p style=\"text-align: justify;\"><span style=\"color: #0000ff;\"><strong>Drastyczne obni\u017cenie inteligencji<\/strong> tak\u017ce nie objawia si\u0119 s\u0142abiej ani\u017celi pozosta\u0142e. Najlepszy jest przyk\u0142ad Szwajcarii \u2013 ostoi europejskiej demokracji. Kto\u015b bowiem wpad\u0142 na pomys\u0142, \u017ceby p\u0142aci\u0107 ka\u017cdemu szwajcarskiemu obywatelowi bez wzgl\u0119du na to, czy pracuje, czy nie. Oczywi\u015bcie wi\u0119kszo\u015b\u0107 (najcz\u0119\u015bciej antonim racji) ch\u0119tnie przyklasn\u0119\u0142a tej inicjatywie. <strong>Nikt jednak nie zauwa\u017cy\u0142 paradoksu, \u017ce oddaj\u0105c w podatku to, co docelowo ma si\u0119 zwr\u00f3ci\u0107 oraz fakt, \u017ce wszyscy b\u0119d\u0105 dostawali jednakowe wynagrodzenie minimalne (ka\u017cdy b\u0119dzie mia\u0142 tyle samo, bo komu si\u0119 b\u0119dzie chcia\u0142o wtedy pracowa\u0107?) spowoduje, \u017ce ka\u017cdy b\u0119dzie jednakowo biedny. <\/strong>Co wi\u0119cej, wiele wskazuje na to, \u017ce \u2013 w wyniku oczywistego masowego lenistwa \u2013 gospodarka stanie w miejscu, czyli zgodnie z jej prawem zacznie si\u0119 cofa\u0107. By\u0107 mo\u017ce jest to jeden z istotnych sk\u0142adnik\u00f3w idei \u201ezero growth\u201d, o kt\u00f3rej cz\u0119sto wspomina <strong>Janusz Korwin-Mikke<\/strong> na swoich wyk\u0142adach. Od zarania dziej\u00f3w wi\u0119kszo\u015b\u0107 odznacza\u0142a si\u0119 pasywno\u015bci\u0105 w pracy (ale prawie nigdy nie oddawano jej w\u0142adzy), a to przewa\u017cnie <strong>jednostki w\u00a0 przeciwie\u0144stwie do kolektyw\u00f3w dokonywa\u0142y prze\u0142omowych odkry\u0107 czy wynalazk\u00f3w \u2013 musia\u0142y przecie\u017c nadrobi\u0107 pr\u00f3\u017cniactwo 95% procent ludzko\u015bci<\/strong>. My\u015bl\u0119, \u017ce jest to ewidentn\u0105 przeszkod\u0105 dla wsp\u00f3\u0142czesnych \u201emy\u015blicieli\u201d i to w\u0142a\u015bnie dlatego jednostka jest dzisiaj wrogiem numer jeden.<\/span><\/p>\n<p style=\"text-align: justify;\"><span style=\"color: #0000ff;\">Ostatni, ale nie mniej wa\u017cny objaw: <strong>psychoza<\/strong>. Wiadomo od dawna, \u017ce <strong>socjali\u015bci dziel\u0105 si\u0119 na przebieg\u0142ych lis\u00f3w, kt\u00f3rzy dostrzegaj\u0105 oczywist\u0105 utopi\u0119 swoich idei oraz na tych \u201eo\u015bwieconych\u201d, co uwa\u017caj\u0105, \u017ce odnale\u017ali odtrutk\u0119 na wszelkie problemy spo\u0142eczne<\/strong> (kt\u00f3re, nawiasem m\u00f3wi\u0105c, sami cudownie stworzyli). Ci pierwsi tworz\u0105 jeszcze dodatkowo dwie podgrupy: zamaskowanych, czyli tych, co kryj\u0105 si\u0119 ze swoim celem i zadeklarowanych, kt\u00f3rzy jasno m\u00f3wi\u0105, o co im tak naprawd\u0119 chodzi. Natomiast owi \u201eo\u015bwieceni\u201d przypominaj\u0105 w pewnym stopniu psychopat\u00f3w. Mimo niebudz\u0105cych w\u0105tpliwo\u015bci dowod\u00f3w na nieskuteczno\u015b\u0107 socjalistycznych metod (wiadomo, \u017ce w demokracji nie licz\u0105 si\u0119 fakty, tylko to, ile os\u00f3b us\u0142ysza\u0142o plotk\u0119), ci i tak stoj\u0105 twardo przy swoim i nie pozwalaj\u0105 przenikn\u0105\u0107 (<em>No pasaran)<\/em> \u017cadnym logicznym przes\u0142ankom do swoich g\u0142owic. <strong>Ale przecie\u017c nawet psychopata nigdy nikomu nie powie, \u017ce jest chory\u2026<\/strong><\/span><\/p>\n<p style=\"text-align: justify;\"><span style=\"color: #0000ff;\"><a href=\"http:\/\/grzegorzjaszczura.pl\/http:\/\/grzegorzjaszczura.pl\/wp-content\/uploads\/2014\/01\/CAM00263.jpg\"><img loading=\"lazy\" decoding=\"async\" class=\"alignleft size-thumbnail wp-image-26719\" title=\"CAM00263\" src=\"http:\/\/grzegorzjaszczura.pl\/http:\/\/grzegorzjaszczura.pl\/wp-content\/uploads\/2014\/01\/CAM00263-150x150.jpg\" alt=\"\" width=\"150\" height=\"150\" \/><\/a>Podsumowuj\u0105c, choroba redystrybucyjna jest nies\u0142ychanie z\u0142o\u017cona. Powoduje powolne (wielu nawet jej przecie\u017c nie zauwa\u017ca), lecz solidne i konsekwentne nast\u0119pstwa. Pa\u0144stwo przejmuje naukowe instytucje dla swoich propagandowych cel\u00f3w. Tutaj podatek nie r\u00f3\u017cni si\u0119 od sytuacji, gdy ofiara ostrzy miecz, kt\u00f3rym kat wykona na nim egzekucj\u0119. Nie trzeba szuka\u0107 daleko przyk\u0142ad\u00f3w. Globalne ocieplenia samo daje si\u0119 we znaki. Tym bardziej, \u017ce dosz\u0142o ju\u017c nawet do tego, \u017ce \u015bnieg, kt\u00f3ry w\u0142a\u015bnie spad\u0142, r\u00f3wnie\u017c si\u0119 ociepli\u0142 do tego stopnia, \u017ce powszechny upa\u0142 nie jest w stanie go roztopi\u0107\u2026 Scenariusz <em>Seksmisji<strong> <\/strong><\/em>znalaz\u0142 najwyra\u017aniej odzwierciedlenie w naszych realiach. Ju\u017c nawet m\u0119\u017cczy\u017ani pragn\u0105 sta\u0107 si\u0119 niewiastami, kt\u00f3re z delikatnym, udawanym oporem pragn\u0105 by\u0107 porwane przez rycerza na bia\u0142ym koniu, kt\u00f3ry si\u0119 nimi odpowiednio zaopiekuje w lochach swego zamczyska.<\/span><\/p>\n<p style=\"text-align: justify;\"><span style=\"color: #0000ff;\"><strong>Czy na ow\u0105 chorob\u0119 powsta\u0142o ju\u017c jakie\u015b remedium? \u015amiem twierdzi\u0107, \u017ce owszem. Nale\u017cy jednak podj\u0105\u0107 \u015brodki ostateczne \u2013 chemioterapi\u0119. Potrzeba odwr\u00f3cenia (do stanu pocz\u0105tkowego, normalnego) dzisiejszych idei. By\u0107 mo\u017ce chemoterapia spowoduje tymczasowe bolesne skutki dla zdrowych organizm\u00f3w (kt\u00f3rych jednak niewiele), jednak\u017ce po nied\u0142ugim czasie z pewno\u015bci\u0105 nast\u0105pi upragniony powr\u00f3t do zdrowia, kt\u00f3rego wszystkim \u017cycz\u0119.<\/strong><\/span><\/p>\n<p style=\"text-align: right;\"><span style=\"color: #000000;\"><em><strong>Kacper Muszy\u0144ski<\/strong><\/em><\/span><\/p>\n<p style=\"text-align: justify;\">Tak swoj\u0105 drog\u0105 to<span style=\"color: #ff0000;\"> lewactwo<\/span>, czyli <span style=\"color: #ff0000;\">socjalizm<\/span>, poszerzone o modny ostatnio u nich &#8222;d\u017cenderyzm&#8221; wyko\u0144czy ludzko\u015b\u0107. To tylko kwestia czasu. Odsy\u0142am do ksi\u0105\u017cki <strong>A. Huxleya<\/strong> &#8222;Wspania\u0142y nowy \u015bwiat&#8221;, napisanej <em>nota bene<\/em> przesz\u0142o 80 lat temu.<\/p>\n","protected":false},"excerpt":{"rendered":"<p>W ramach popierania m\u0142odych talent\u00f3w, dzisiaj tekst kol. Kacpra Muszy\u0144skiego. Spojrzenie na podatki w uj\u0119ciu konserwatywnego humanisty. Tekst d\u0142ugi, zastanawia\u0142em si\u0119 czy go skr\u00f3ci\u0107, ale stwierdzi\u0142em, \u017ce to by\u0142oby zbyt trudne i wypaczy\u0142oby jego przes\u0142anie. Podstaw\u0105 istnienia pa\u0144stwa prawa &#8211; nawet tego o najbardziej wolno\u015bciowym charakterze (nie myli\u0107 z anarchi\u0105!) \u2013 jest \u015bci\u0105ganie podatk\u00f3w z [&hellip;]<\/p>\n","protected":false},"author":2,"featured_media":0,"comment_status":"open","ping_status":"open","sticky":false,"template":"","format":"standard","meta":{"_monsterinsights_skip_tracking":false,"_monsterinsights_sitenote_active":false,"_monsterinsights_sitenote_note":"","_monsterinsights_sitenote_category":0,"footnotes":""},"categories":[3],"tags":[],"class_list":["post-26710","post","type-post","status-publish","format-standard","hentry","category-polityczne"],"_links":{"self":[{"href":"https:\/\/grzegorzjaszczura.pl\/index.php?rest_route=\/wp\/v2\/posts\/26710","targetHints":{"allow":["GET"]}}],"collection":[{"href":"https:\/\/grzegorzjaszczura.pl\/index.php?rest_route=\/wp\/v2\/posts"}],"about":[{"href":"https:\/\/grzegorzjaszczura.pl\/index.php?rest_route=\/wp\/v2\/types\/post"}],"author":[{"embeddable":true,"href":"https:\/\/grzegorzjaszczura.pl\/index.php?rest_route=\/wp\/v2\/users\/2"}],"replies":[{"embeddable":true,"href":"https:\/\/grzegorzjaszczura.pl\/index.php?rest_route=%2Fwp%2Fv2%2Fcomments&post=26710"}],"version-history":[{"count":32,"href":"https:\/\/grzegorzjaszczura.pl\/index.php?rest_route=\/wp\/v2\/posts\/26710\/revisions"}],"predecessor-version":[{"id":26746,"href":"https:\/\/grzegorzjaszczura.pl\/index.php?rest_route=\/wp\/v2\/posts\/26710\/revisions\/26746"}],"wp:attachment":[{"href":"https:\/\/grzegorzjaszczura.pl\/index.php?rest_route=%2Fwp%2Fv2%2Fmedia&parent=26710"}],"wp:term":[{"taxonomy":"category","embeddable":true,"href":"https:\/\/grzegorzjaszczura.pl\/index.php?rest_route=%2Fwp%2Fv2%2Fcategories&post=26710"},{"taxonomy":"post_tag","embeddable":true,"href":"https:\/\/grzegorzjaszczura.pl\/index.php?rest_route=%2Fwp%2Fv2%2Ftags&post=26710"}],"curies":[{"name":"wp","href":"https:\/\/api.w.org\/{rel}","templated":true}]}}