{"id":27269,"date":"2014-03-07T10:50:50","date_gmt":"2014-03-07T09:50:50","guid":{"rendered":"http:\/\/grzegorzjaszczura.pl\/?p=27269"},"modified":"2014-03-07T11:04:19","modified_gmt":"2014-03-07T10:04:19","slug":"j-korwin-mikke-w-dabrowie-gorniczej-2","status":"publish","type":"post","link":"https:\/\/grzegorzjaszczura.pl\/?p=27269","title":{"rendered":"J. Korwin-Mikke w D\u0105browie G\u00f3rniczej"},"content":{"rendered":"<p style=\"text-align: justify;\"><a href=\"http:\/\/grzegorzjaszczura.pl\/http:\/\/grzegorzjaszczura.pl\/wp-content\/uploads\/2014\/03\/CAM00549.jpg\"><img loading=\"lazy\" decoding=\"async\" class=\"alignleft size-thumbnail wp-image-27327\" alt=\"CAM00549\" src=\"http:\/\/grzegorzjaszczura.pl\/http:\/\/grzegorzjaszczura.pl\/wp-content\/uploads\/2014\/03\/CAM00549-150x150.jpg\" width=\"150\" height=\"150\" \/><\/a>Z powodu przed\u0142u\u017caj\u0105cego si\u0119 <a href=\"http:\/\/grzegorzjaszczura.pl\/?p=20759#more-20759\">remontu<\/a> postkomunistycznego, stalinowskiego Pa\u0142acu Kultury Zag\u0142\u0119bia w D\u0105browie G\u00f3rniczej, zaszczytu goszczenia prezesa <strong>Kongresu <span style=\"color: #ff0000;\">Nowej<\/span> <span style=\"color: #0000ff;\">Prawicy<\/span> Janusza Korwin-Mikke<\/strong> dost\u0105pi\u0142a <strong>Wy\u017csza Szko\u0142a Biznesu.<\/strong> Oczywi\u015bcie to tak p\u00f3\u0142 \u017cartem, bowiem to, \u017ce prezes <strong>J. Korwin-Mikke<\/strong> m\u00f3g\u0142 spotka\u0107 si\u0119 z mieszka\u0144cami <span style=\"color: #008000;\"><strong>Zag\u0142\u0119bia D\u0105browskiego<\/strong><\/span> w najwi\u0119kszej w regionie uczelni prywatnej<!--more--> (za\u0142o\u017conej w 1995 r. przez pa\u0144stwa <strong>Pikiewicz\u00f3w<\/strong>) bardzo koreluje z programem <strong>K<span style=\"color: #ff0000;\">N<\/span><span style=\"color: #0000ff;\">P<\/span><\/strong>, tj. prywatyzacj\u0105 szkolnictwa. <a href=\"http:\/\/grzegorzjaszczura.pl\/http:\/\/grzegorzjaszczura.pl\/wp-content\/uploads\/2014\/03\/CAM00532.jpg\"><img loading=\"lazy\" decoding=\"async\" class=\"alignleft size-thumbnail wp-image-27332\" alt=\"CAM00532\" src=\"http:\/\/grzegorzjaszczura.pl\/http:\/\/grzegorzjaszczura.pl\/wp-content\/uploads\/2014\/03\/CAM00532-150x150.jpg\" width=\"150\" height=\"150\" \/><\/a>Od razu chcia\u0142bym podzi\u0119kowa\u0107 w\u0142adzom uczelni, w tym pani rektor <strong>Zdzis\u0142awie Dacko-Pikiewicz<\/strong> za udost\u0119pnienie nowoczesnej sali Audytorium Maximum na spotkanie. Dzi\u0119ki temu oko\u0142o dwustu pi\u0119\u0107dziesi\u0119ciu widz\u00f3w mog\u0142o wys\u0142ucha\u0107 wyk\u0142adu <strong>J. Korwin-Mikke<\/strong> zatytu\u0142owanego <span style=\"color: #0000ff;\"><b>\u201eNonsensy dzisiejszej gospodarki\u201d<\/b><\/span>.<\/p>\n<p style=\"text-align: justify;\">Dzi\u0119kuj\u0119 tak\u017ce panu dziekanowi <strong>Jackowi Urodzie<\/strong> i <strong>Stowarzyszeniu Absolwent\u00f3w i Student\u00f3w WSB<\/strong> za pomoc organizacyjn\u0105. <a href=\"http:\/\/grzegorzjaszczura.pl\/http:\/\/grzegorzjaszczura.pl\/wp-content\/uploads\/2014\/03\/CAM00563.jpg\"><img loading=\"lazy\" decoding=\"async\" class=\"alignleft size-thumbnail wp-image-27321\" alt=\"CAM00563\" src=\"http:\/\/grzegorzjaszczura.pl\/http:\/\/grzegorzjaszczura.pl\/wp-content\/uploads\/2014\/03\/CAM00563-150x150.jpg\" width=\"150\" height=\"150\" \/><\/a>Tak si\u0119 sk\u0142ada, \u017ce w <strong>oddziale d\u0105browskim<\/strong> <strong>K<span style=\"color: #ff0000;\">N<\/span><span style=\"color: #0000ff;\">P<\/span><\/strong>, kt\u00f3ry go\u015bci\u0142 pana prezesa <strong>J. Korwin-Mikke<\/strong> s\u0105 przedstawiciele w\u0142adz naczelnych partii. Mam na my\u015bli prezesa S\u0105du Naczelnego<strong> K<span style=\"color: #ff0000;\">N<\/span><span style=\"color: #0000ff;\">P<\/span><\/strong> p. <strong>Tomasza Sk\u00f3r\u0119<\/strong>, przewodnicz\u0105cego Stra\u017cy <strong>K<span style=\"color: #ff0000;\">N<\/span><span style=\"color: #0000ff;\">P<\/span><\/strong> p. <strong>Tomasza Bartosika<\/strong> i cz\u0142onka Centralnej Komisji Rewizyjnej <strong>K<span style=\"color: #ff0000;\">N<span style=\"color: #0000ff;\">P<\/span><\/span><\/strong> p. <strong>Paw\u0142a Kruka<\/strong>. Oczywi\u015bcie tak\u017ce im dzi\u0119kuj\u0119 za uczestniczenie w spotkaniu.<\/p>\n<p style=\"text-align: justify;\">Kilka s\u0142\u00f3w o prelegencie, poniewa\u017c m\u00f3j blog nie jest oczywi\u015bcie blogiem <em>stricte<\/em> partyjnym i wiem, \u017ce czytaj\u0105 go osoby spoza <strong>Kongresu <span style=\"color: #ff0000;\">Nowej<\/span> <span style=\"color: #0000ff;\">Prawicy<\/span><\/strong> (przy okazji jeszcze link do opisu pobytu pana <strong>J. Korwin-Mikke<\/strong> <a href=\"http:\/\/grzegorzjaszczura.pl\/?p=3966#more-3966\">w D\u0105browie G\u00f3rniczej w 2010 roku<\/a>).<\/p>\n<p style=\"text-align: justify;\"><b> <a href=\"http:\/\/grzegorzjaszczura.pl\/http:\/\/grzegorzjaszczura.pl\/wp-content\/uploads\/2014\/03\/CAM00538.jpg\"><img loading=\"lazy\" decoding=\"async\" class=\"alignleft size-thumbnail wp-image-27308\" alt=\"CAM00538\" src=\"http:\/\/grzegorzjaszczura.pl\/http:\/\/grzegorzjaszczura.pl\/wp-content\/uploads\/2014\/03\/CAM00538-150x150.jpg\" width=\"150\" height=\"150\" \/><\/a>Janusz Korwin-Mikke<\/b>, urodzony w 1942 r. w Warszawie, pose\u0142 na Sejm, polityk, publicysta, filozof, matematyk, mistrz krajowy w bryd\u017cu, szachista. Wsp\u00f3\u0142za\u0142o\u017cyciel ze \u015bp. <strong>Stefanem Kisielewskim<\/strong> w 1987 r. Ruchu Polityki Realnej, od 1990 r. Unii Polityki Realnej. W latach 1991-92 pose\u0142 na Sejm z ramienia <strong>UPR<\/strong>. Inicjator uchwa\u0142y lustracyjnej. Od 2011 roku prezes <strong>Kongresu <span style=\"color: #ff0000;\">Nowej<\/span> <span style=\"color: #0000ff;\">Prawicy<\/span><\/strong>.<\/p>\n<p style=\"text-align: justify;\">Jako publicysta w kilku tysi\u0105cach artyku\u0142\u00f3w konsekwentnie prezentuje program wolno\u015bci gospodarczej i konieczno\u015bci powrotu do tradycyjnych warto\u015bci. Pisze w \u201eNajwy\u017cszym Czasie\u201d, \u201eUwa\u017cam Rze i in. Prowadzi najpoczytniejsze blogi w\u015br\u00f3d polityk\u00f3w.<\/p>\n<p style=\"text-align: justify;\">Zobacz:<\/p>\n<p style=\"text-align: justify;\"><a href=\"http:\/\/korwin-mikke.pl\/blog\">http:\/\/korwin-mikke.pl\/blog<\/a><\/p>\n<p style=\"text-align: justify;\"><a href=\"https:\/\/www.facebook.com\/janusz.korwin.mikke?fref=ts\">https:\/\/www.facebook.com\/janusz.korwin.mikke?fref=ts<\/a><\/p>\n<p style=\"text-align: justify;\"><a href=\"http:\/\/korwin-mikke.blog.onet.pl\/\">http:\/\/korwin-mikke.blog.onet.pl\/<\/a><\/p>\n<p style=\"text-align: justify;\"><a href=\"http:\/\/pl.wikipedia.org\/wiki\/Janusz_Korwin-Mikke\">http:\/\/pl.wikipedia.org\/wiki\/Janusz_Korwin-Mikke<\/a><\/p>\n<p style=\"text-align: justify;\">Autor kilkudziesi\u0119ciu ksi\u0105\u017cek. W tym z <strong>A. Macieszczakiem<\/strong> 4 ksi\u0105\u017cek o bryd\u017cu. Napisa\u0142 tak\u017ce \u201eVademecum ojca\u201d. <em>Nota bene<\/em> poleci\u0142em j\u0105 licznie uczestnicz\u0105cej w spotkaniu m\u0142odzie\u017cy, bo w nich nadzieja w walce z &#8222;d\u017cenderyzmem&#8221; i &#8222;d\u017cejostwem&#8221;, og\u00f3lnie to ujmuj\u0105c lewactwem.<\/p>\n<p style=\"text-align: justify;\"><a href=\"http:\/\/grzegorzjaszczura.pl\/http:\/\/grzegorzjaszczura.pl\/wp-content\/uploads\/2014\/03\/CAM00546.jpg\"><img loading=\"lazy\" decoding=\"async\" class=\"alignleft size-thumbnail wp-image-27329\" alt=\"CAM00546\" src=\"http:\/\/grzegorzjaszczura.pl\/http:\/\/grzegorzjaszczura.pl\/wp-content\/uploads\/2014\/03\/CAM00546-150x150.jpg\" width=\"150\" height=\"150\" \/><\/a>Wyk\u0142ad pana prezesa <strong>J. Korwin-Mikke<\/strong> by\u0142 nagrywany i pewnie znajdzie si\u0119 nied\u0142ugo na <strong>You Tubie<\/strong>. W drugiej cz\u0119\u015bci odpowiada\u0142 on na pytania publiczno\u015bci. Dotyczy\u0142y one m.in. prywatyzacji, zniesienia podatku dochodowego, optymalnego ustroju politycznego, wtopy polskich elit politycznych na Ukrainie i innych temat\u00f3w. Tak\u017ce ewentualnego zjednoczenia prawicy, ale tu powstaje podstawowy problem, kto opr\u00f3cz <strong>K<\/strong><span style=\"color: #ff0000;\">N<\/span><span style=\"color: #0000ff;\">P<\/span> jest jeszcze prawic\u0105? Przecie\u017c ca\u0142a socjalistyczna <span style=\"color: #ff0000;\">Unia Europejska<\/span> to <em>stricte<\/em> lewica. A rz\u0105d koalicyjny <span style=\"color: #ff0000;\">PO<\/span> &#8211; <span style=\"color: #ff0000;\">PSL<\/span> to awangarda <span style=\"color: #ff0000;\">UE<\/span><span style=\"color: #000000;\">,<\/span> jak mo\u017cna wywnioskowa\u0107 z tego co m\u00f3wi lewacka <span style=\"color: #ff0000;\">TV<\/span>.<\/p>\n<p style=\"text-align: justify;\">Dzi\u0119kuj\u0119 wszystkim za uczestnictwo w spotkaniu, a Ci co nie byli niech \u017ca\u0142uj\u0105. <span style=\"color: #0000ff;\"><strong>Konserwatywnie pozdrawiam!<\/strong><\/span><\/p>\n<p style=\"text-align: justify;\"><a href=\"http:\/\/grzegorzjaszczura.pl\/http:\/\/grzegorzjaszczura.pl\/wp-content\/uploads\/2014\/03\/CAM00551.jpg\"><img loading=\"lazy\" decoding=\"async\" class=\"alignleft size-thumbnail wp-image-27324\" alt=\"CAM00551\" src=\"http:\/\/grzegorzjaszczura.pl\/http:\/\/grzegorzjaszczura.pl\/wp-content\/uploads\/2014\/03\/CAM00551-150x150.jpg\" width=\"150\" height=\"150\" \/><\/a><a href=\"http:\/\/grzegorzjaszczura.pl\/http:\/\/grzegorzjaszczura.pl\/wp-content\/uploads\/2014\/03\/CAM00531.jpg\"><img loading=\"lazy\" decoding=\"async\" class=\"alignleft size-thumbnail wp-image-27325\" alt=\"CAM00531\" src=\"http:\/\/grzegorzjaszczura.pl\/http:\/\/grzegorzjaszczura.pl\/wp-content\/uploads\/2014\/03\/CAM00531-150x150.jpg\" width=\"150\" height=\"150\" \/><\/a><\/p>\n","protected":false},"excerpt":{"rendered":"<p>Z powodu przed\u0142u\u017caj\u0105cego si\u0119 remontu postkomunistycznego, stalinowskiego Pa\u0142acu Kultury Zag\u0142\u0119bia w D\u0105browie G\u00f3rniczej, zaszczytu goszczenia prezesa Kongresu Nowej Prawicy Janusza Korwin-Mikke dost\u0105pi\u0142a Wy\u017csza Szko\u0142a Biznesu. Oczywi\u015bcie to tak p\u00f3\u0142 \u017cartem, bowiem to, \u017ce prezes J. Korwin-Mikke m\u00f3g\u0142 spotka\u0107 si\u0119 z mieszka\u0144cami Zag\u0142\u0119bia D\u0105browskiego w najwi\u0119kszej w regionie uczelni prywatnej<\/p>\n","protected":false},"author":2,"featured_media":0,"comment_status":"open","ping_status":"open","sticky":false,"template":"","format":"standard","meta":{"_monsterinsights_skip_tracking":false,"_monsterinsights_sitenote_active":false,"_monsterinsights_sitenote_note":"","_monsterinsights_sitenote_category":0,"footnotes":""},"categories":[3],"tags":[],"class_list":["post-27269","post","type-post","status-publish","format-standard","hentry","category-polityczne"],"_links":{"self":[{"href":"https:\/\/grzegorzjaszczura.pl\/index.php?rest_route=\/wp\/v2\/posts\/27269","targetHints":{"allow":["GET"]}}],"collection":[{"href":"https:\/\/grzegorzjaszczura.pl\/index.php?rest_route=\/wp\/v2\/posts"}],"about":[{"href":"https:\/\/grzegorzjaszczura.pl\/index.php?rest_route=\/wp\/v2\/types\/post"}],"author":[{"embeddable":true,"href":"https:\/\/grzegorzjaszczura.pl\/index.php?rest_route=\/wp\/v2\/users\/2"}],"replies":[{"embeddable":true,"href":"https:\/\/grzegorzjaszczura.pl\/index.php?rest_route=%2Fwp%2Fv2%2Fcomments&post=27269"}],"version-history":[{"count":38,"href":"https:\/\/grzegorzjaszczura.pl\/index.php?rest_route=\/wp\/v2\/posts\/27269\/revisions"}],"predecessor-version":[{"id":27337,"href":"https:\/\/grzegorzjaszczura.pl\/index.php?rest_route=\/wp\/v2\/posts\/27269\/revisions\/27337"}],"wp:attachment":[{"href":"https:\/\/grzegorzjaszczura.pl\/index.php?rest_route=%2Fwp%2Fv2%2Fmedia&parent=27269"}],"wp:term":[{"taxonomy":"category","embeddable":true,"href":"https:\/\/grzegorzjaszczura.pl\/index.php?rest_route=%2Fwp%2Fv2%2Fcategories&post=27269"},{"taxonomy":"post_tag","embeddable":true,"href":"https:\/\/grzegorzjaszczura.pl\/index.php?rest_route=%2Fwp%2Fv2%2Ftags&post=27269"}],"curies":[{"name":"wp","href":"https:\/\/api.w.org\/{rel}","templated":true}]}}