{"id":27452,"date":"2014-03-25T15:09:42","date_gmt":"2014-03-25T14:09:42","guid":{"rendered":"http:\/\/grzegorzjaszczura.pl\/?p=27452"},"modified":"2014-03-26T07:42:25","modified_gmt":"2014-03-26T06:42:25","slug":"wojny-ideologiczne-piotr-uthke","status":"publish","type":"post","link":"https:\/\/grzegorzjaszczura.pl\/?p=27452","title":{"rendered":"Wojny ideologiczne &#8211; Piotr Uthke"},"content":{"rendered":"<p style=\"text-align: justify;\"><a href=\"http:\/\/grzegorzjaszczura.pl\/http:\/\/grzegorzjaszczura.pl\/wp-content\/uploads\/2014\/03\/CAM00688.jpg\"><img loading=\"lazy\" decoding=\"async\" class=\"alignleft size-thumbnail wp-image-27481\" alt=\"CAM00688\" src=\"http:\/\/grzegorzjaszczura.pl\/http:\/\/grzegorzjaszczura.pl\/wp-content\/uploads\/2014\/03\/CAM00688-150x150.jpg\" width=\"150\" height=\"150\" \/><\/a>Z lewack\u0105 wersj\u0105 wojen religijnych, znan\u0105 ze wszech lewackich medi\u00f3w z otaczaj\u0105cego nas \u015bwiata, w szczeg\u00f3lno\u015bci <span style=\"color: #ff0000;\">unioeuropejskiego<span style=\"color: #000000;\">,<\/span><\/span> rozprawia si\u0119 <strong>Piotr Uthke<\/strong> w artykule <span style=\"color: #0000ff;\"><strong>&#8222;Wojny ideologiczne&#8221;<\/strong><\/span>, w podtytule mo\u017cna by doda\u0107, a <span style=\"color: #0000ff;\"><strong>nie religijne<\/strong><\/span>. Prosz\u0119 nie \u0142\u0105czy\u0107 tego tematu z parawojn\u0105 toczon\u0105 mi\u0119dzy\u00a0 lewackimi celebrytami z <span style=\"color: #ff0000;\">Unii Europejskiej<\/span>, powi\u0105zanymi interesami (<em>vide<\/em> <strong>J. Tymoszenko<\/strong>) z cz\u0119\u015bci\u0105 <strong>Ukrainy<\/strong> a <strong>Rosj\u0105<\/strong>.<!--more--> Jako\u015b wsp\u00f3\u0142cze\u015bnie te wojny prowadzone s\u0105 w okrojonych wersjach. Podobnie jak kl\u0119ska <strong>Polski<\/strong> w wojnie gospodarczej z tzw. <strong>Zachodem Europy<\/strong>, g\u0142\u00f3wnie <strong>Niemcami<\/strong>. <a href=\"http:\/\/grzegorzjaszczura.pl\/?p=13790#more-13790\">Zobacz <strong>St. Michalkiewicza<\/strong>.<\/a><\/p>\n<p style=\"text-align: justify;\"><a href=\"http:\/\/grzegorzjaszczura.pl\/http:\/\/grzegorzjaszczura.pl\/wp-content\/uploads\/2014\/03\/CAM00671.jpg\"><img loading=\"lazy\" decoding=\"async\" class=\"alignleft size-thumbnail wp-image-27485\" alt=\"CAM00671\" src=\"http:\/\/grzegorzjaszczura.pl\/http:\/\/grzegorzjaszczura.pl\/wp-content\/uploads\/2014\/03\/CAM00671-150x150.jpg\" width=\"150\" height=\"150\" \/><\/a>Kol. <strong>Piotr Uthke<\/strong> mieszkaniec D\u0105browy G\u00f3rniczej, <span style=\"color: #008000;\"><strong>Zag\u0142\u0119biak<\/strong><\/span>. Mieszka przy ulicy <strong>C. Uthkego<\/strong>, nazwanej tak od imienia jego dziadka <strong>Cezarego Uthke<\/strong>, zabitego przez socjalist\u00f3w z Niemiec w czerwcu 1944 r. po donosie komunisty. <strong>Cezary Uthke<\/strong> to wybitny dzia\u0142acz spo\u0142eczny i powa\u017cany architekt. <strong>Piotr<\/strong> to wychowawca z zawodu jak i zami\u0142owania.<\/p>\n<p style=\"text-align: justify;\">Ta ciekawostka z nazw\u0105 ulicy przy okazji jest do rozwini\u0119cia. Bowiem przedtem ulica ta nosi\u0142a imi\u0119 legionisty <strong>Bronis\u0142awa Pierackiego <\/strong>(ministra spraw wewn\u0119trznych), zabitego przez ukrai\u0144skich banderowc\u00f3w (<strong>OUN<\/strong>) w zamachu w 1934 roku w Warszawie.<\/p>\n<p style=\"text-align: justify;\"><strong>&#8222;Wojny ideologiczne&#8221;<\/strong><\/p>\n<p style=\"text-align: justify;\"><span style=\"color: #0000ff;\"><em>&#8222;<strong>Ulubionym tematem <span style=\"color: #ff0000;\">lewicy<\/span> s\u0105 wojny religijne:<\/strong> uosabiaj\u0105 one w mniemaniu niekt\u00f3rych zagro\u017cenie, jakie immanentnie niesie z sob\u0105 wiara. Po\u017cywk\u0105 s\u0105 odra\u017caj\u0105ce akty terroru, dokonywane w imi\u0119 religii przez bojownik\u00f3w islamskich, w kt\u00f3rych gin\u0105 przypadkowi, niewinni ludzie. Nie neguj\u0105c ewidentnego z\u0142a tych czyn\u00f3w ani tego, \u017ce ka\u017cdy z nas powinien reagowa\u0107 na z\u0142o, przyjrzyjmy si\u0119 temu, czy lewica ma prawo eksponowa\u0107 tak bardzo temat wojen religijnych.<\/em><\/span><\/p>\n<p style=\"text-align: justify;\"><span style=\"color: #0000ff;\"><em><strong>W wojnach, wojnach domowych i terrorze w imi\u0119 <span style=\"color: #ff0000;\">ideologii komunistycznej<\/span> na ca\u0142ym \u015bwiecie zgin\u0119\u0142o blisko sto milion\u00f3w ludzi.<\/strong> <span style=\"color: #ff0000;\">Ideologia narodowo-socjalistyczna<\/span> przynios\u0142a II Wojn\u0119 \u015awiatow\u0105 i hekatomb\u0119 ofiar. Historia pami\u0119ta te\u017c terror rozp\u0119tany przez <span style=\"color: #ff0000;\">ideolog\u00f3w Rewolucji Francuskiej<\/span>, kt\u00f3rej owocem by\u0142 mord co najmniej stu siedemnastu tysi\u0119cy mieszka\u0144c\u00f3w Wandei, opr\u00f3cz przelanego morza krwi innych ofiar. <strong>Powy\u017csze zbrodnie zosta\u0142y pope\u0142nione w imi\u0119 hase\u0142, w kt\u00f3rych nie by\u0142o miejsca dla Boga.<\/strong> Aktualnie r\u00f3wnie\u017c w r\u00f3\u017cnych miejscach \u015bwiata <span style=\"color: #ff0000;\">komuni\u015bci<\/span> w imi\u0119 swojej ideologii morduj\u0105 niewinnych ludzi. <strong><span style=\"color: #ff0000;\">Lewica<\/span> powinna zatem przede wszystkim rozlicza\u0107 si\u0119 z w\u0142asn\u0105 przesz\u0142o\u015bci\u0105 i tera\u017aniejszo\u015bci\u0105, kt\u00f3ra ci\u0105\u017cy \u015bwiatu przera\u017caj\u0105cymi liczbami.<\/strong> W\u0142asny rachunek sumienia pom\u00f3g\u0142by w zmianie pogl\u0105du, \u017ce <strong><span style=\"color: #ff0000;\">ideologia lewicowa<\/span> immanentnie niesie z sob\u0105 zagro\u017cenie dla ca\u0142ego \u015bwiata<\/strong>. Napraw\u0119 tego \u015bwiata ka\u017cdy cz\u0142owiek powinien zaczyna\u0107 od siebie.<\/em><\/span><\/p>\n<p style=\"text-align: justify;\"><span style=\"color: #0000ff;\"><em><strong>Z punktu widzenia ateisty cz\u0142owiek wierz\u0105cy jest wyznawc\u0105 jednej z wielu ideologii. Skoro nie ma Boga, to dla ateisty ludzie prowadz\u0105cy wojn\u0119 religijn\u0105 walcz\u0105 w imi\u0119 wymy\u015blonej przez cz\u0142owieka ideologii.<\/strong> <span style=\"color: #ff0000;\">Socjalizm<\/span>, <span style=\"color: #ff0000;\">komunizm<\/span>, <span style=\"color: #ff0000;\">narodowy socjalizm<\/span>, <span style=\"color: #ff0000;\">idea\u0142y Rewolucji Francuskiej<\/span> r\u00f3wnie\u017c wymy\u015blili ludzie. Co wi\u0119cej, jeden z przyw\u00f3dc\u00f3w Rewolucji Francuskiej Robespierre\u00a0 wprowadzi\u0142 Kult Istoty Najwy\u017cszej, a <strong>kult jednostki w <span style=\"color: #ff0000;\">komunizmie<\/span> i <span style=\"color: #ff0000;\">narodowym socjalizmie<\/span> wyra\u017anie zast\u0105pi\u0142 kult Boga.<\/strong> <strong>Z tego punktu widzenia nieuprawnione jest m\u00f3wienie przez ludzi lewicy o wojnach religijnych. Koncentrowanie si\u0119 przez nich na tym temacie jest w du\u017cej mierze zas\u0142on\u0105 dymn\u0105, kt\u00f3ra ma przeszkodzi\u0107 w obiektywnym postrzeganiu lewicy i zagro\u017ce\u0144, jakie \u015bwiatu przynosi powa\u017cny procent wyznawc\u00f3w lewicowych ideologii.<\/strong><\/em><\/span><\/p>\n<p style=\"text-align: justify;\"><span style=\"color: #0000ff;\"><em>Oczywi\u015bcie, \u017ce ze wzgl\u0119du na fakty nale\u017cy nazywa\u0107 rzeczy po imieniu. Je\u015bli wojn\u0119 wywo\u0142ali ludzie w imi\u0119 Boga, to powinno si\u0119 m\u00f3wi\u0107 o wojnie religijnej, co pozwala na obiektywn\u0105 ocen\u0119. Jednak zauwa\u017calne jest bardzo widocznie, \u017ce eksponowanie tematu wojen religijnych przez lewic\u0119 jest niejednokrotnie instrumentem w wojnie ideologicznej z wierz\u0105cymi. Bardzo wyrazisty jest przyk\u0142ad Francji, gdzie lewica tuszuje spraw\u0119 masakr w Wandei. <strong>Podobnie w Polsce proces oczyszczania historycznych ran poprzez os\u0105dzanie komunistycznych zbrodniarzy nazywany jest \u201epolowaniem na czarownice\u201d.<\/strong> W tej perspektywie wsp\u00f3\u0142czucie do ofiar oraz poczucie przyzwoito\u015bci domagaj\u0105 si\u0119, by lewica r\u00f3wno rozk\u0142ada\u0142a akcenty. W innym przypadku poruszanie przez ludzi lewicy tematu wojen religijnych mo\u017ce i wielokrotnie musi by\u0107 postrzegane nie jako szacunek do ofiar wojen religijnych, ale ich instrumentalne wykorzystanie dla walki ideologicznej.<\/em><\/span><\/p>\n<p style=\"text-align: justify;\"><span style=\"color: #0000ff;\"><em>Niezale\u017cnie od przyczyn wojna jest rzecz\u0105 straszn\u0105. Im bardziej rosn\u0105 moje dzieci, tym wyra\u017aniej to rozumiem i odczuwam. W imi\u0119 tej \u015bwiadomo\u015bci ludzie z ka\u017cdej opcji politycznej i ka\u017cdej ideologii zamiast prowadzi\u0107 wojny niech walcz\u0105 o pok\u00f3j. I zawsze w tej walce niech zaczynaj\u0105 od siebie.<\/em><\/span><\/p>\n<p style=\"text-align: justify;\" align=\"right\"><span style=\"color: #0000ff;\"><em><strong>Na koniec nutka ironii: <span style=\"color: #ff0000;\">lewica<\/span> tak podkre\u015bla neutralno\u015b\u0107 \u015bwiatopogl\u0105dow\u0105 pa\u0144stwa. Z tego uj\u0119cia m\u00f3wienie o wojnach religijnych zamiast ideologicznych jest naruszeniem tej neutralno\u015bci.<\/strong> Religia jest poprzez takie rozgraniczanie w spos\u00f3b nieuprawniony eksponowana w przestrzeni publicznej. <strong>Z punktu widzenia zagorza\u0142ego zwolennika neutralno\u015bci \u015bwiatopogl\u0105dowej pa\u0144stwa powinno si\u0119 zrobi\u0107 wszystko, by do tego nie dopu\u015bci\u0107.<\/strong> Dlatego poj\u0119cie wojny religijnej powinno si\u0119 zast\u0105pi\u0107 poj\u0119ciem wojny ideologicznej. <strong>B\u0119dzie to ideologicznie s\u0142uszne z pozycji zapalonego wyznawcy <span style=\"color: #ff0000;\">lewicy<\/span>.<\/strong> Zamknie si\u0119 te\u017c w ten spos\u00f3b usta tym, kt\u00f3rzy twierdz\u0105, \u017ce religia jest w przestrzeni publicznej dyskryminowana.&#8221;<\/em><\/span><\/p>\n<p style=\"text-align: right;\" align=\"right\"><em><strong>Piotr Uthke<\/strong><\/em>, dn. 26.02.2014 r.<\/p>\n<p>&nbsp;<\/p>\n","protected":false},"excerpt":{"rendered":"<p>Z lewack\u0105 wersj\u0105 wojen religijnych, znan\u0105 ze wszech lewackich medi\u00f3w z otaczaj\u0105cego nas \u015bwiata, w szczeg\u00f3lno\u015bci unioeuropejskiego, rozprawia si\u0119 Piotr Uthke w artykule &#8222;Wojny ideologiczne&#8221;, w podtytule mo\u017cna by doda\u0107, a nie religijne. Prosz\u0119 nie \u0142\u0105czy\u0107 tego tematu z parawojn\u0105 toczon\u0105 mi\u0119dzy\u00a0 lewackimi celebrytami z Unii Europejskiej, powi\u0105zanymi interesami (vide J. Tymoszenko) z cz\u0119\u015bci\u0105 Ukrainy [&hellip;]<\/p>\n","protected":false},"author":2,"featured_media":0,"comment_status":"open","ping_status":"open","sticky":false,"template":"","format":"standard","meta":{"_monsterinsights_skip_tracking":false,"_monsterinsights_sitenote_active":false,"_monsterinsights_sitenote_note":"","_monsterinsights_sitenote_category":0,"footnotes":""},"categories":[3],"tags":[],"class_list":["post-27452","post","type-post","status-publish","format-standard","hentry","category-polityczne"],"_links":{"self":[{"href":"https:\/\/grzegorzjaszczura.pl\/index.php?rest_route=\/wp\/v2\/posts\/27452","targetHints":{"allow":["GET"]}}],"collection":[{"href":"https:\/\/grzegorzjaszczura.pl\/index.php?rest_route=\/wp\/v2\/posts"}],"about":[{"href":"https:\/\/grzegorzjaszczura.pl\/index.php?rest_route=\/wp\/v2\/types\/post"}],"author":[{"embeddable":true,"href":"https:\/\/grzegorzjaszczura.pl\/index.php?rest_route=\/wp\/v2\/users\/2"}],"replies":[{"embeddable":true,"href":"https:\/\/grzegorzjaszczura.pl\/index.php?rest_route=%2Fwp%2Fv2%2Fcomments&post=27452"}],"version-history":[{"count":35,"href":"https:\/\/grzegorzjaszczura.pl\/index.php?rest_route=\/wp\/v2\/posts\/27452\/revisions"}],"predecessor-version":[{"id":27489,"href":"https:\/\/grzegorzjaszczura.pl\/index.php?rest_route=\/wp\/v2\/posts\/27452\/revisions\/27489"}],"wp:attachment":[{"href":"https:\/\/grzegorzjaszczura.pl\/index.php?rest_route=%2Fwp%2Fv2%2Fmedia&parent=27452"}],"wp:term":[{"taxonomy":"category","embeddable":true,"href":"https:\/\/grzegorzjaszczura.pl\/index.php?rest_route=%2Fwp%2Fv2%2Fcategories&post=27452"},{"taxonomy":"post_tag","embeddable":true,"href":"https:\/\/grzegorzjaszczura.pl\/index.php?rest_route=%2Fwp%2Fv2%2Ftags&post=27452"}],"curies":[{"name":"wp","href":"https:\/\/api.w.org\/{rel}","templated":true}]}}