{"id":27774,"date":"2014-05-01T07:46:45","date_gmt":"2014-05-01T05:46:45","guid":{"rendered":"http:\/\/grzegorzjaszczura.pl\/?p=27774"},"modified":"2014-05-03T09:11:49","modified_gmt":"2014-05-03T07:11:49","slug":"1-maja-precz-z-ue","status":"publish","type":"post","link":"https:\/\/grzegorzjaszczura.pl\/?p=27774","title":{"rendered":"1 Maja &#8211; Precz z UE"},"content":{"rendered":"<p style=\"text-align: justify;\"><a href=\"http:\/\/grzegorzjaszczura.pl\/http:\/\/grzegorzjaszczura.pl\/wp-content\/uploads\/2013\/05\/sierp-m\u0142ot-przekr..jpg\"><img loading=\"lazy\" decoding=\"async\" class=\"alignleft size-thumbnail wp-image-23902\" alt=\"sierp-m\u0142ot-przekr.\" src=\"http:\/\/grzegorzjaszczura.pl\/http:\/\/grzegorzjaszczura.pl\/wp-content\/uploads\/2013\/05\/sierp-m\u0142ot-przekr.-150x150.jpg\" width=\"150\" height=\"150\" srcset=\"https:\/\/grzegorzjaszczura.pl\/http:\/\/grzegorzjaszczura.pl\/wp-content\/uploads\/2013\/05\/sierp-m\u0142ot-przekr.-150x150.jpg 150w, https:\/\/grzegorzjaszczura.pl\/http:\/\/grzegorzjaszczura.pl\/wp-content\/uploads\/2013\/05\/sierp-m\u0142ot-przekr.-300x300.jpg 300w, https:\/\/grzegorzjaszczura.pl\/http:\/\/grzegorzjaszczura.pl\/wp-content\/uploads\/2013\/05\/sierp-m\u0142ot-przekr..jpg 320w\" sizes=\"auto, (max-width: 150px) 100vw, 150px\" \/><\/a>Dziesi\u0119\u0107 lat zniewolenia Polski zrobi\u0142o swoje. Marazm w gospodarce, zad\u0142u\u017cenie przewy\u017cszaj\u0105ce wielokrotnie zad\u0142u\u017cenie poprzednich komunist\u00f3w (tzw. gierkowskich), zbli\u017caj\u0105cy si\u0119 upadek moralny (podobny do tego na Zachodzie Europy), ucieczka m\u0142odych i wykszta\u0142conych z kraju (brak pracy i perspektyw)\u00a0 i wiele innych negatywnych zjawisk, a <span style=\"color: #ff0000;\">neokomunistyczne lewactwo<\/span> pieje (a nawet usi\u0142uje \u015bpiewa\u0107) w mediach z osi\u0105gni\u0119\u0107 tego okresu! <!--more-->Nieprawdopodobny populizm i zak\u0142amanie, brak obiektywizmu i brak koncepcji dzia\u0142ania na przysz\u0142o\u015b\u0107. Jeszcze koniecznie trzeba wspomnie\u0107 o szerz\u0105cym si\u0119 z\u0142odziejstwie (pa\u0144stwa i tzw. polityk\u00f3w), korupcji i nepotyzmie, a tak\u017ce powi\u0105zanym z tym nieudacznictwie organ\u00f3w \u015bcigania. By\u0142bym zapomnia\u0142 o nadprodukcji <span style=\"color: #ff0000;\">biurw<\/span>! Patrz\u0105c na te pseudoosi\u0105gni\u0119cia postokr\u0105g\u0142osto\u0142owych ekip wydaje si\u0119, \u017ce znowu Polak b\u0119dzie m\u0105dry po szkodzie.<\/p>\n<p style=\"text-align: justify;\">Stara\u0142em si\u0119 ju\u017c wielokrotnie wykaza\u0107 na blogu, dlaczego b\u0142\u0119dem by\u0142o wpychanie Polski w polityczne struktury socjalistyczno-komunistycznej <span style=\"color: #ff0000;\">Unii Europejskiej<\/span>.<\/p>\n<p style=\"text-align: justify;\"><strong>Zobacz:<\/strong><\/p>\n<p style=\"text-align: justify;\">&#8211; ujemne aspekty <span style=\"color: #ff0000;\">Traktatu Lizbo\u0144skiego<\/span>: <a href=\"http:\/\/grzegorzjaszczura.pl\/?p=756#more-756\">http:\/\/grzegorzjaszczura.pl\/?p=756#more-756<\/a>,<\/p>\n<p style=\"text-align: justify;\">&#8211; wniosek o kasacj\u0119 podpisania <span style=\"color: #ff0000;\">T.L.<\/span> wraz z uzasadnieniem: <a href=\"http:\/\/grzegorzjaszczura.pl\/?p=16921#more-16921\">http:\/\/grzegorzjaszczura.pl\/?p=16921#more-16921<\/a>, <a href=\"http:\/\/grzegorzjaszczura.pl\/?p=16923#more-16923\">http:\/\/grzegorzjaszczura.pl\/?p=16923#more-16923<\/a>,<\/p>\n<p style=\"text-align: justify;\">&#8211; absurdy i koszty <span style=\"color: #ff0000;\">UE<\/span>: <a href=\"http:\/\/grzegorzjaszczura.pl\/?p=4942#more-4942\">http:\/\/grzegorzjaszczura.pl\/?p=4942#more-4942<\/a>, <a href=\"http:\/\/grzegorzjaszczura.pl\/?p=4296#more-4296\">http:\/\/grzegorzjaszczura.pl\/?p=4296#more-4296<\/a>, <a href=\"http:\/\/grzegorzjaszczura.pl\/?p=3223#more-3223\">http:\/\/grzegorzjaszczura.pl\/?p=3223#more-3223<\/a> i wiele innych.<\/p>\n<p style=\"text-align: justify;\">Tylko jedna partia my\u015bli pozytywnie o przysz\u0142o\u015bci Narodu Polskiego. jest to <strong>Kongres <span style=\"color: #ff0000;\">Nowej<\/span> <span style=\"color: #0000ff;\">Prawicy<\/span><\/strong> i przy okazji tej komunistycznej i neokomunistycznej pierwszomajowej rocznicy apeluj\u0119 o g\u0142os na ni\u0105 w wyborach do <span style=\"color: #ff0000;\">Unioparlamentu<\/span>.<\/p>\n<p style=\"text-align: justify;\"><b><a href=\"http:\/\/grzegorzjaszczura.pl\/http:\/\/grzegorzjaszczura.pl\/wp-content\/uploads\/2013\/05\/logo-NP.jpg\"><img loading=\"lazy\" decoding=\"async\" class=\"alignleft size-thumbnail wp-image-23712\" alt=\"logo-NP\" src=\"http:\/\/grzegorzjaszczura.pl\/http:\/\/grzegorzjaszczura.pl\/wp-content\/uploads\/2013\/05\/logo-NP-150x150.jpg\" width=\"150\" height=\"150\" \/><\/a>K<span style=\"color: #ff0000;\">N<\/span><span style=\"color: #0000ff;\">P<\/span> to jedyna partia w Polsce konsekwentnie i bezkompromisowo antyunijna i antysocjalistyczna<\/b>. Celem <strong>K<span style=\"color: #ff0000;\">N<\/span><span style=\"color: #0000ff;\">P<\/span><\/strong> jest likwidacja <strong><span style=\"color: #ff0000;\">UE<\/span><\/strong> poprzez redukcj\u0119 tego sztucznego, etatystyczno-fiskalno-ideologicznego tworu do strefy wolnego handlu &#8211; pierwotnej <strong>Europejskiej Wsp\u00f3lnoty Gospodarczej<\/strong>, kt\u00f3ra by\u0142a \u017ar\u00f3d\u0142em sukces\u00f3w gospodarczych oraz dobrobytu Zachodu po II Wojnie \u015awiatowej.<\/p>\n<p style=\"text-align: justify;\">W <span style=\"color: #ff0000;\">PE<\/span> chcemy odgrywa\u0107 rol\u0119 twardej <b>opozycji &#8211; zwalczaj\u0105cej wszystkimi dost\u0119pnymi sobie sposobami centralistyczne zap\u0119dy federast\u00f3w &#8211; d\u0105\u017c\u0105c do o\u015bmieszenia, ograniczenia, a w ko\u0144cu zlikwidowania eurosocjalizmu<\/b>. Ka\u017cdemu rz\u0105dowi zreszt\u0105 potrzebna jest opozycja.<\/p>\n<p style=\"text-align: justify;\"><strong>Rol\u0119 opozycji w <span style=\"color: #ff0000;\">PE<\/span> b\u0119dziemy pe\u0142ni\u0107 na 5 zasadniczych sposob\u00f3w:<\/strong><\/p>\n<ol style=\"text-align: justify;\">\n<li>Wzorem eurodeputowanych brytyjskiej partii UKIP (Nigel Farage, Godfrey Bloom i inni) &#8211; b\u0119dziemy na forach unijnych instytucji<b> g\u0142o\u015bno i odwa\u017cnie wytyka\u0107 absurdy UE oraz bezlito\u015bnie krytykowa\u0107<\/b> szkodliwe dzia\u0142ania Komisji Europejskiej i unijnej biurokracji,<\/li>\n<li>Inaczej ni\u017c to robi\u0105 wszyscy obecni polscy europos\u0142owie &#8211; b\u0119dziemy <b>g\u0142osowa\u0107 przeciwko wszelkim aktom prawnym<\/b> zwi\u0119kszaj\u0105cym w jakikolwiek spos\u00f3b lub w jakimkolwiek zakresie interwencjonizm, etatyzm lub fiskalizm superpa\u0144stwa <span style=\"color: #ff0000;\"><strong>UE<\/strong><\/span>,<\/li>\n<li>Utworzymy specjaln\u0105 <b>Komisj\u0119 Deregulacyjn\u0105<\/b>, kt\u00f3ra &#8211; wzorem ostatnich dzia\u0142a\u0144 rz\u0105du Australii (za jednym zamachem uchyli\u0142 ok. 10.500 szkodliwych ustaw) &#8211; b\u0119dzie dzia\u0142a\u0107 na rzecz usuwania z prawa <span style=\"color: #ff0000;\">UE<\/span> jak najwi\u0119kszej liczby regulacji ograniczaj\u0105cych wolno\u015b\u0107 gospodarcz\u0105 i swobody osobiste (jak zakaz w\u0119dzenia kie\u0142bas, u\u017cywania termometr\u00f3w rt\u0119ciowych, u\u017cywania klasycznych \u017car\u00f3wek, itp.) narzucanych z powod\u00f3w ideologicznych,<\/li>\n<li>Aby sko\u0144czy\u0107 z ca\u0142kowit\u0105 bezkarno\u015bci\u0105 brukselskich polityk\u00f3w i urz\u0119dnik\u00f3w &#8211; niezw\u0142ocznie po utworzeniu Prokuratury Europejskiej b\u0119dziemy kierowa\u0107 do niej zawiadomienia i wnioski o <b>wszcz\u0119cie post\u0119powa\u0144 karnych<\/b> w zwi\u0105zku z ogromnymi aferami &#8211; a tak\u017ce \u0142amaniem prawa przez eurokrat\u00f3w,<\/li>\n<li>B\u0119dziemy z Brukseli<b> kontrolowa\u0107 dzia\u0142ania rz\u0105du polskiego<\/b>, wywieraj\u0105c na niego stanowcze naciski, aby w Radzie Europejskiej wetowa\u0142 wszelkie inicjatywy (jak to zrobi\u0142 wetuj\u0105c dalsze rozszerzanie \u201epolityki klimatycznej\u201d!) zwi\u0119kszaj\u0105ce kompetencje Brukseli.<\/li>\n<\/ol>\n<p style=\"text-align: justify;\"><em><span style=\"color: #0000ff;\"><strong>Howgh!<\/strong><\/span><\/em><\/p>\n","protected":false},"excerpt":{"rendered":"<p>Dziesi\u0119\u0107 lat zniewolenia Polski zrobi\u0142o swoje. Marazm w gospodarce, zad\u0142u\u017cenie przewy\u017cszaj\u0105ce wielokrotnie zad\u0142u\u017cenie poprzednich komunist\u00f3w (tzw. gierkowskich), zbli\u017caj\u0105cy si\u0119 upadek moralny (podobny do tego na Zachodzie Europy), ucieczka m\u0142odych i wykszta\u0142conych z kraju (brak pracy i perspektyw)\u00a0 i wiele innych negatywnych zjawisk, a neokomunistyczne lewactwo pieje (a nawet usi\u0142uje \u015bpiewa\u0107) w mediach z osi\u0105gni\u0119\u0107 tego [&hellip;]<\/p>\n","protected":false},"author":2,"featured_media":0,"comment_status":"open","ping_status":"open","sticky":false,"template":"","format":"standard","meta":{"_monsterinsights_skip_tracking":false,"_monsterinsights_sitenote_active":false,"_monsterinsights_sitenote_note":"","_monsterinsights_sitenote_category":0,"footnotes":""},"categories":[3],"tags":[],"class_list":["post-27774","post","type-post","status-publish","format-standard","hentry","category-polityczne"],"_links":{"self":[{"href":"https:\/\/grzegorzjaszczura.pl\/index.php?rest_route=\/wp\/v2\/posts\/27774","targetHints":{"allow":["GET"]}}],"collection":[{"href":"https:\/\/grzegorzjaszczura.pl\/index.php?rest_route=\/wp\/v2\/posts"}],"about":[{"href":"https:\/\/grzegorzjaszczura.pl\/index.php?rest_route=\/wp\/v2\/types\/post"}],"author":[{"embeddable":true,"href":"https:\/\/grzegorzjaszczura.pl\/index.php?rest_route=\/wp\/v2\/users\/2"}],"replies":[{"embeddable":true,"href":"https:\/\/grzegorzjaszczura.pl\/index.php?rest_route=%2Fwp%2Fv2%2Fcomments&post=27774"}],"version-history":[{"count":28,"href":"https:\/\/grzegorzjaszczura.pl\/index.php?rest_route=\/wp\/v2\/posts\/27774\/revisions"}],"predecessor-version":[{"id":27843,"href":"https:\/\/grzegorzjaszczura.pl\/index.php?rest_route=\/wp\/v2\/posts\/27774\/revisions\/27843"}],"wp:attachment":[{"href":"https:\/\/grzegorzjaszczura.pl\/index.php?rest_route=%2Fwp%2Fv2%2Fmedia&parent=27774"}],"wp:term":[{"taxonomy":"category","embeddable":true,"href":"https:\/\/grzegorzjaszczura.pl\/index.php?rest_route=%2Fwp%2Fv2%2Fcategories&post=27774"},{"taxonomy":"post_tag","embeddable":true,"href":"https:\/\/grzegorzjaszczura.pl\/index.php?rest_route=%2Fwp%2Fv2%2Ftags&post=27774"}],"curies":[{"name":"wp","href":"https:\/\/api.w.org\/{rel}","templated":true}]}}