{"id":27844,"date":"2014-05-05T08:06:49","date_gmt":"2014-05-05T06:06:49","guid":{"rendered":"http:\/\/grzegorzjaszczura.pl\/?p=27844"},"modified":"2014-05-06T12:19:56","modified_gmt":"2014-05-06T10:19:56","slug":"znowu-lenin-w-dabrowie-gorniczej","status":"publish","type":"post","link":"https:\/\/grzegorzjaszczura.pl\/?p=27844","title":{"rendered":"Znowu Lenin w D\u0105browie G\u00f3rniczej"},"content":{"rendered":"<p style=\"text-align: justify;\"><a href=\"http:\/\/grzegorzjaszczura.pl\/http:\/\/grzegorzjaszczura.pl\/wp-content\/uploads\/2014\/05\/IMG_20140501_100210.jpg\"><img loading=\"lazy\" decoding=\"async\" class=\"alignleft size-thumbnail wp-image-27864\" alt=\"IMG_20140501_100210\" src=\"http:\/\/grzegorzjaszczura.pl\/http:\/\/grzegorzjaszczura.pl\/wp-content\/uploads\/2014\/05\/IMG_20140501_100210-150x150.jpg\" width=\"150\" height=\"150\" \/><\/a>Min\u0105\u0142 kolejny rok, a \u0142amanie <strong>Konstytucji RP<\/strong> (w kontek\u015bcie propagowania symboli totalitarnych), w D\u0105browie G\u00f3rniczej kwitnie, bez \u017cadnych reakcji organ\u00f3w \u015bcigania, <em>nota bene<\/em> op\u0142acanych przecie\u017c nie tylko przez komunist\u00f3w. Czy to nie dow\u00f3d na istniej\u0105cy uk\u0142ad postokr\u0105g\u0142osto\u0142owy? W\u0142a\u015bnie taki twardy dow\u00f3d dostali\u015bmy w trakcie prokomunistycznej manifestacji komunist\u00f3w i neokomunist\u00f3w (jak mniemam) w dniu 1 maja tego roku. Rok temu<!--more--> w kontek\u015bcie takiego\u017c wydarzenia opisali\u015bmy wsp\u00f3lnie z kol. <strong>T. Forto\u0144skim<\/strong> poch\u00f3d prokomunistyczny, przedstawiaj\u0105c nazwy d\u0105browskich ulic, kt\u00f3re wci\u0105\u017c ho\u0142ubi\u0105 komunistycznych zdrajc\u00f3w i morderc\u00f3w. <strong><a href=\"http:\/\/grzegorzjaszczura.pl\/?p=23753#more-23753\">Zobacz.<\/a><\/strong><\/p>\n<p style=\"text-align: justify;\">Musz\u0119 przypomnie\u0107, \u017ce sko\u0144czy\u0142o si\u0119 to m.in. nawo\u0142ywaniem do zabicia mnie przez komunist\u0119 na <strong>FB<\/strong>. S\u0142u\u017cby nie zareagowa\u0142y.<\/p>\n<p style=\"text-align: justify;\">Zadziwia w wydarzeniach w dniu 1 maja, \u017ce organy \u015bcigania znowu zajmowa\u0142y si\u0119 bardziej Polakami ni\u017c lud\u017ami sowieckimi \u0142ami\u0105cymi moim zdaniem <strong>Konstytucj\u0119 RP<\/strong>.<\/p>\n<p style=\"text-align: justify;\"><span style=\"color: #0000ff;\"><a href=\"http:\/\/grzegorzjaszczura.pl\/http:\/\/grzegorzjaszczura.pl\/wp-content\/uploads\/2014\/05\/IMG_20140501_102411.jpg\"><img loading=\"lazy\" decoding=\"async\" class=\"alignleft size-thumbnail wp-image-27866\" alt=\"IMG_20140501_102411\" src=\"http:\/\/grzegorzjaszczura.pl\/http:\/\/grzegorzjaszczura.pl\/wp-content\/uploads\/2014\/05\/IMG_20140501_102411-150x150.jpg\" width=\"150\" height=\"150\" \/><\/a>Nieprzerwanie od 1889 roku (gdy <span style=\"color: #ff0000;\"><b>II Mi\u0119dzynarod\u00f3wka Komunistyczna<\/b> <\/span>ustanowi\u0142a \u015awi\u0119to Pracy \u2013 <i>nota bene<\/i> zakazane w II RP) dnia 1 maja <span style=\"color: #ff0000;\">proletariusze wszystkich miast i WSI<\/span> organizuj\u0105 pochody, kt\u00f3re maj\u0105 przedstawi\u0107 w ich mniemaniu najprawdziwsz\u0105 prawd\u0119 \u2013 komunizm jest jedynym lekiem na wszystkie bol\u0105czki ludzko\u015bci. Od czas\u00f3w rewolucji antyfrancuskiej kolejni czerwoni aposto\u0142owie pokoju (wymieni\u0119 tylko najwybitniejszych \u2013 Maksymilian de <b>Robespierre<\/b>, W\u0142odzimierz Ulianow &#8211; <b>Lenin<\/b>, J\u00f3zef D\u017cugaszwili &#8211; <b>Stalin<\/b>, <b>Mao Zedong <\/b>czy cho\u0107by Saloth Sar bli\u017cej znany jako <b>Pol Pot<\/b>) g\u0142osili, \u017ce po zbudowaniu komunizmu nastanie raj na ziemi. <b>S\u0142owa te w 2014 roku dla ludzi, bogatszych w wiedz\u0119 o tym, jak wygl\u0105da w praktyce ,,taki raj\u2019\u2019 mog\u0105 wydawa\u0107 si\u0119 ponurym \u017cartem. Jednak nie dla wszystkich. <\/b><\/span><\/p>\n<p style=\"text-align: justify;\"><span style=\"color: #0000ff;\"><b><a href=\"http:\/\/grzegorzjaszczura.pl\/http:\/\/grzegorzjaszczura.pl\/wp-content\/uploads\/2014\/05\/CAM00864.jpg\"><img loading=\"lazy\" decoding=\"async\" class=\"alignleft size-thumbnail wp-image-27896\" alt=\"CAM00864\" src=\"http:\/\/grzegorzjaszczura.pl\/http:\/\/grzegorzjaszczura.pl\/wp-content\/uploads\/2014\/05\/CAM00864-150x150.jpg\" width=\"150\" height=\"150\" \/><\/a>Okazuje si\u0119, \u017ce w dalszym ci\u0105gu s\u0105 ludzie dla kt\u00f3rych setki milion\u00f3w ofiar chorej in\u017cynierii spo\u0142ecznej to wci\u0105\u017c za ma\u0142o<\/b> (to tzw. w ich nowomowie ,,konieczne koszta\u2019\u2019; wszak wybitny sowiecki demokrata <b>Miko\u0142aj Je\u017c\u00f3w<\/b> wyra\u017anie powiedzia\u0142, \u017ce gdzie drwa r\u0105bi\u0105 tam wi\u00f3ry lec\u0105). Rok temu na \u0142amach tego bloga opisa\u0142em wr\u0119cz skandaliczne obchody dnia 1 maja w D\u0105browie G\u00f3rniczej, w czasie kt\u00f3rych mieszka\u0144cy mogli podziwia\u0107 <span style=\"color: #ff0000;\">czerwon\u0105 flag\u0119<\/span> z wizerunkiem kata narodu polskiego \u2013 <b>Lenina<\/b>, kt\u00f3ra wida\u0107 wcale nie przeszkadza\u0142a obecnemu tam prezydentowi <b>Zbigniewowi Podrazie (<span style=\"color: #ff0000;\">SLD<\/span>)<\/b>. Wskaza\u0142em przy tym, \u017ce w dalszym ci\u0105gu <i>gros<\/i> d\u0105browskich ulic nosi imiona czerwonych zbrodniarzy i \u017ce dalej symbole barbarzy\u0144skiego totalitaryzmu s\u0105 obecne w przestrzeni publicznej. Czy co\u015b przez ten rok zmieni\u0142o si\u0119 na lepsze? Ot\u00f3\u017c poza jedn\u0105 jask\u00f3\u0142k\u0105, kt\u00f3ra wiosny uczyni\u0107 nie mog\u0142a (<a href=\"http:\/\/grzegorzjaszczura.pl\/?p=27490#more-27490\"><b>\u017bo\u0142nierze Wykl\u0119ci<\/b><\/a> otrzymali swoje rondo w centrum\u00a0 miasta) nie zmieni\u0142o si\u0119 nic. Jest rzecz\u0105 wprost nie do pomy\u015blenia, \u017ce kolejny raz w tym roku flaga z wizerunkiem tego zbrodniarza powiewa\u0142a w D\u0105browie G\u00f3rniczej.<\/span><\/p>\n<p style=\"text-align: justify;\"><span style=\"color: #0000ff;\"><b>Bulwersuje to tym bardziej, gdy ma si\u0119 na uwadze jak <span style=\"color: #ff0000;\">SLD<\/span> p\u0142omiennie popiera\u0142o ukrai\u0144ski majdan, kt\u00f3rego dzia\u0142acze burzyli w ca\u0142ym kraju pomniki Lenina. Natomiast na swoim podw\u00f3rku jak najbardziej im on nie przeszkadza i jest w dalszym ci\u0105gu wzorem i autorytetem. Czyli panowie towarzysze s\u0105 za a nawet przeciw \ud83d\ude42 . <\/b>Niespotykany przyk\u0142ad ob\u0142udy i cynizmu. Gor\u0105co pragn\u0119 (m\u00f3wi\u0119 to jako Polak), \u017ce te jawne propagowanie komunizmu (prokuratura powinna zbada\u0107 czy nie dosz\u0142o tutaj do mo\u017cliwo\u015bci pope\u0142nienia przest\u0119pstwa), kt\u00f3re w dalszym ci\u0105gu nie przeszkadza prezydentowi, kolejny raz si\u0119 nie powt\u00f3rzy. <b>Miejmy nadziej\u0119, \u017ce S\u0105d tym razem pozytywnie rozpatrzy wniosek o delegalizacj\u0119 <span style=\"color: #ff0000;\">Komunistycznej Partii Polski<\/span>, kt\u00f3ra by\u0142a g\u0142\u00f3wnym organizatorem tej szopki.<\/b> Jest to tym bardziej nagl\u0105ce, gdy\u017c jak zauwa\u017cy\u0142em wiele m\u0142odych os\u00f3b zd\u0105\u017cy\u0142o si\u0119 ju\u017c zatru\u0107 t\u0105 antyludzk\u0105 ideologi\u0105. Nied\u0142ugo mo\u017ce by\u0107 ju\u017c dla nich za p\u00f3\u017ano.<\/span><\/p>\n<p style=\"text-align: justify;\"><span style=\"color: #0000ff;\">Do\u015b\u0107 zaskakuj\u0105ce, z wolno\u015bciowego punktu widzenia, wyda\u0142o mi si\u0119 wyst\u0105pienie (pomijam do\u015b\u0107 mia\u0142kie wyst\u0105pienie prezydenta) dinozaura polskiego <span style=\"color: #ff0000;\">komunizmu<\/span> \u2013 towarzysza <b>Mariana Indelaka<\/b> (szerzej o jego pogl\u0105dach: http:\/\/www.tvp.info\/5149125\/opinie\/wywiady\/my-polacy-mozemy-wiele-zawdzieczac-stalinowi\/). Ot\u00f3\u017c ten z pewno\u015bci\u0105 zas\u0142u\u017cony partyjniak (tak\u017ce w hucie w kt\u00f3rej pracowa\u0142 jako kierownik dzia\u0142u mieszkaniowego, otrzymuj\u0105c bardzo szybko mieszkanie \u2013 co potwierdza tylko stare porzekad\u0142o, \u017ce <strong><em>klasa robotnicza zjada kawior ustami swoich przedstawicieli<\/em><\/strong>), w swoim wyst\u0105pieniu skupi\u0142 si\u0119 na krytyce dzisiejszego ,,krwio\u017cerczego kapitalizmu\u2019\u2019 wo\u0142aj\u0105c przy tym na ca\u0142e gard\u0142o: <em>,,Niech \u017cyje socjalizm, kt\u00f3ry nie jest prze\u017cytkiem przesz\u0142o\u015bci, a przysz\u0142o\u015bci\u0105 i nadziej\u0105 ludzi pracy. Taka jest prawda\u2019\u2019<\/em>. Jednak uwa\u017cna lektura programu <span style=\"color: #ff0000;\"><strong>KPP<\/strong><\/span> (<a href=\"http:\/\/kompol.org\/dokum\/index.html\"><span style=\"color: #0000ff;\">http:\/\/kompol.org\/dokum\/index.html<\/span><\/a>) pozwala spojrze\u0107 na to wyst\u0105pienie w zupe\u0142nie innym \u015bwietle. <b>Nies\u0142ychane, jak mo\u017cna g\u0142osi\u0107 pogl\u0105d, \u017ce za dzisiejszy stan kraju odpowiada kapitalizm, w sytuacji, gdy co najmniej po\u0142owa postulat\u00f3w tego programu jest ju\u017c wcielona w \u017cycie? <\/b>Jak mo\u017cna m\u00f3wi\u0107, \u017ce socjalizm jest nadziej\u0105 ludzi pracy maj\u0105c na uwadze wielki g\u0142\u00f3d na Ukrainie, kolektywizacj\u0119 czy przymusow\u0105 prac\u0119 przy sowieckich kana\u0142ach w <span style=\"color: #ff0000;\"><b>ZSRS<\/b><\/span>. Ciekawe czy dla kambod\u017ca\u0144skiego ,,cz\u0142owieka pracy\u2019\u2019 socjalizm te\u017c by\u0142 nadziej\u0105? I czy dla wsp\u00f3\u0142czesnego polskiego pracownika w dalszym ci\u0105gu jest on nadziej\u0105 w czasach, gdy<span style=\"color: #ff0000;\"> eurosocjalizm<\/span> zabiera mu w sumie oko\u0142o 60-70 procent jego dochod\u00f3w? Ten Pan nie chce ugasi\u0107 po\u017caru. Jego komunistyczne pomys\u0142y to dolanie oliwy do ognia.<\/span><\/p>\n<p style=\"text-align: justify;\"><span style=\"color: #0000ff;\">Ca\u0142o\u015b\u0107 tzw. ,,uroczysto\u015bci\u2019\u2019 okrasi\u0142 hymn <b>Polski <\/b>oraz uwaga \u2013 hymn <a href=\"http:\/\/grzegorzjaszczura.pl\/?p=27774#more-27774\"><span style=\"color: #ff0000;\"><b>Zwi\u0105zku Socjalistycznych Republik Europejskich<\/b><\/span><\/a>. Okazja na jego odegranie by\u0142a ku temu doskona\u0142a. Akurat <strong>1 maja<\/strong> min\u0119\u0142o r\u00f3wno 10 lat od wst\u0105pienia Polski do <span style=\"color: #ff0000;\">Unii Europejskiej<\/span> (<span style=\"color: #000000;\">licz\u0105c od wst\u0105pienia do Wsp\u00f3lnot Europejskich &#8211; przyp. m\u00f3j<\/span>). <a href=\"http:\/\/grzegorzjaszczura.pl\/?p=756#more-756\"><strong>By\u0142o co \u015bwi\u0119towa\u0107<\/strong><\/a>, wszak z pewno\u015bci\u0105 niejednemu co\u015b si\u0119 dosta\u0142o przez te wszystkie lata z brukselskiego torta.<\/span><\/p>\n<p style=\"text-align: justify;\"><span style=\"color: #0000ff;\"><b><a href=\"http:\/\/grzegorzjaszczura.pl\/http:\/\/grzegorzjaszczura.pl\/wp-content\/uploads\/2014\/05\/IMG_20140501_121500.jpg\"><img loading=\"lazy\" decoding=\"async\" class=\"alignleft size-thumbnail wp-image-27869\" alt=\"IMG_20140501_121500\" src=\"http:\/\/grzegorzjaszczura.pl\/http:\/\/grzegorzjaszczura.pl\/wp-content\/uploads\/2014\/05\/IMG_20140501_121500-150x150.jpg\" width=\"150\" height=\"150\" \/><\/a>Zastanawiaj\u0105ce w tym wszystkim tego dnia jest zachowanie funkcjonariuszy policji, kt\u00f3rzy w cywilnych ubraniach filmowali i robili zdj\u0119cia uczestnikom antykomunistycznej pikiety, zorganizowanej przez d\u0105browsk\u0105 sekcj\u0119 m\u0142odzie\u017cy wszechpolskiej i ONR, kt\u00f3ra odby\u0142a si\u0119 po wiecu komunist\u00f3w <\/b>(<span style=\"color: #000000;\">dziwne, bo dla mnie kto\u015b protestuj\u0105cy przeciwko komunizmowi to bohater &#8211; przyp. m\u00f3j<\/span>)<b>. <\/b>W czasie swojego wyst\u0105pienia szef tutejszej <b>MW<\/b> przedstawi\u0142 wiele zbrodni sowieckiego pa\u0144stwa zadanych narodowi polskiemu na przestrzeni ostatniego wieku. <b>Ca\u0142o\u015b\u0107 pikiety zamkn\u0119\u0142o uroczyste spalenie sowieckiej flagi \u2013 symbolu zniewolenia narodu polskiego.<\/b><\/span><\/p>\n<p style=\"text-align: justify;\"><span style=\"color: #0000ff;\"><a href=\"http:\/\/grzegorzjaszczura.pl\/http:\/\/grzegorzjaszczura.pl\/wp-content\/uploads\/2014\/05\/IMG_20140501_155750.jpg\"><img loading=\"lazy\" decoding=\"async\" class=\"alignleft size-thumbnail wp-image-27875\" alt=\"IMG_20140501_155750\" src=\"http:\/\/grzegorzjaszczura.pl\/http:\/\/grzegorzjaszczura.pl\/wp-content\/uploads\/2014\/05\/IMG_20140501_155750-150x150.jpg\" width=\"150\" height=\"150\" \/><\/a>D\u0105browskiego oddzia\u0142u <b><span style=\"color: #000000;\">Kongresu<\/span> <span style=\"color: #ff0000;\">Nowej<\/span> Prawicy<\/b>, jako partii jednoznacznie antykomunistycznej, na tej demonstracji zabrakn\u0105\u0107 nie mog\u0142o. Podobnie jak na odbywaj\u0105cym si\u0119 par\u0119 godzin p\u00f3\u017aniej <b>II Marszu Antykomunistycznym<\/b> w Sosnowcu. Dziwi absencja cz\u0142onk\u00f3w oddzia\u0142u sosnowieckiego <b><span style=\"color: #000000;\">K<\/span><span style=\"color: #ff0000;\">N<\/span>P<\/b>, kt\u00f3ra mo\u017ce tylko potwierdza\u0107 lewicowe odchylenie tego oddzia\u0142u. <b>II Marsz Antykomunistyczny<\/b> przeszed\u0142 ulicami centrum miasta pokazuj\u0105c, \u017ce <span style=\"color: #008000;\"><b>Zag\u0142\u0119bie D\u0105browskie<\/b><\/span> nie musi by\u0107 b\u0142\u0119kitne (ze z\u0142otymi gwiazdkami), ani tym bardziej czerwone. <\/span><b><span style=\"color: #0000ff;\">\u017be <span style=\"color: #008000;\">Zag\u0142\u0119bie D\u0105browskie<\/span> mo\u017ce by\u0107 tak po prostu, po polsku \u2013 bia\u0142o czerwone.<\/span> <\/b><\/p>\n<p style=\"text-align: right;\"><span style=\"color: #0000ff;\"><em><strong>Tomasz Forto\u0144ski<\/strong><\/em><\/span><\/p>\n","protected":false},"excerpt":{"rendered":"<p>Min\u0105\u0142 kolejny rok, a \u0142amanie Konstytucji RP (w kontek\u015bcie propagowania symboli totalitarnych), w D\u0105browie G\u00f3rniczej kwitnie, bez \u017cadnych reakcji organ\u00f3w \u015bcigania, nota bene op\u0142acanych przecie\u017c nie tylko przez komunist\u00f3w. Czy to nie dow\u00f3d na istniej\u0105cy uk\u0142ad postokr\u0105g\u0142osto\u0142owy? W\u0142a\u015bnie taki twardy dow\u00f3d dostali\u015bmy w trakcie prokomunistycznej manifestacji komunist\u00f3w i neokomunist\u00f3w (jak mniemam) w dniu 1 maja [&hellip;]<\/p>\n","protected":false},"author":2,"featured_media":0,"comment_status":"open","ping_status":"open","sticky":false,"template":"","format":"standard","meta":{"_monsterinsights_skip_tracking":false,"_monsterinsights_sitenote_active":false,"_monsterinsights_sitenote_note":"","_monsterinsights_sitenote_category":0,"footnotes":""},"categories":[3],"tags":[],"class_list":["post-27844","post","type-post","status-publish","format-standard","hentry","category-polityczne"],"_links":{"self":[{"href":"https:\/\/grzegorzjaszczura.pl\/index.php?rest_route=\/wp\/v2\/posts\/27844","targetHints":{"allow":["GET"]}}],"collection":[{"href":"https:\/\/grzegorzjaszczura.pl\/index.php?rest_route=\/wp\/v2\/posts"}],"about":[{"href":"https:\/\/grzegorzjaszczura.pl\/index.php?rest_route=\/wp\/v2\/types\/post"}],"author":[{"embeddable":true,"href":"https:\/\/grzegorzjaszczura.pl\/index.php?rest_route=\/wp\/v2\/users\/2"}],"replies":[{"embeddable":true,"href":"https:\/\/grzegorzjaszczura.pl\/index.php?rest_route=%2Fwp%2Fv2%2Fcomments&post=27844"}],"version-history":[{"count":41,"href":"https:\/\/grzegorzjaszczura.pl\/index.php?rest_route=\/wp\/v2\/posts\/27844\/revisions"}],"predecessor-version":[{"id":27909,"href":"https:\/\/grzegorzjaszczura.pl\/index.php?rest_route=\/wp\/v2\/posts\/27844\/revisions\/27909"}],"wp:attachment":[{"href":"https:\/\/grzegorzjaszczura.pl\/index.php?rest_route=%2Fwp%2Fv2%2Fmedia&parent=27844"}],"wp:term":[{"taxonomy":"category","embeddable":true,"href":"https:\/\/grzegorzjaszczura.pl\/index.php?rest_route=%2Fwp%2Fv2%2Fcategories&post=27844"},{"taxonomy":"post_tag","embeddable":true,"href":"https:\/\/grzegorzjaszczura.pl\/index.php?rest_route=%2Fwp%2Fv2%2Ftags&post=27844"}],"curies":[{"name":"wp","href":"https:\/\/api.w.org\/{rel}","templated":true}]}}