{"id":27937,"date":"2014-05-12T08:30:36","date_gmt":"2014-05-12T06:30:36","guid":{"rendered":"http:\/\/grzegorzjaszczura.pl\/?p=27937"},"modified":"2014-05-12T14:39:03","modified_gmt":"2014-05-12T12:39:03","slug":"apel-do-prezydenta-zb-podrazy","status":"publish","type":"post","link":"https:\/\/grzegorzjaszczura.pl\/?p=27937","title":{"rendered":"Apel do prezydenta Zb. Podrazy"},"content":{"rendered":"<p style=\"text-align: justify;\"><a href=\"http:\/\/grzegorzjaszczura.pl\/http:\/\/grzegorzjaszczura.pl\/wp-content\/uploads\/2014\/05\/201210191368.jpg\"><img loading=\"lazy\" decoding=\"async\" class=\"alignleft size-thumbnail wp-image-27961\" alt=\"201210191368\" src=\"http:\/\/grzegorzjaszczura.pl\/http:\/\/grzegorzjaszczura.pl\/wp-content\/uploads\/2014\/05\/201210191368-150x150.jpg\" width=\"150\" height=\"150\" \/><\/a>Dzisiaj nawi\u0105\u017c\u0119 do uchwa\u0142y Rady Miasta w D\u0105browie G\u00f3rniczej z marca tego roku, m\u00f3wi\u0105cej o nadaniu skrzy\u017cowaniu w Centrum naszego miasta im. <span style=\"color: #0000ff;\"><strong>&#8222;Ronda \u017bo\u0142nierzy Wykl\u0119tych&#8221;<\/strong><\/span>. Opisa\u0142em to, jakby nie patrze\u0107, wa\u017cne i niecodzienne wydarzenie w &#8222;czerwonej&#8221; D\u0105browie G\u00f3rniczej we <a href=\"http:\/\/grzegorzjaszczura.pl\/?p=27490#more-27490\"><strong>wpisie z 29 marca<\/strong><\/a>.<\/p>\n<p style=\"text-align: justify;\">W tzw. mi\u0119dzyczasie zacz\u0119\u0142y dochodzi\u0107 do mnie dziwne sygna\u0142y o bardzo s\u0142abym zaanga\u017cowaniu si\u0119 w\u0142adz<!--more--> miasta w realizacj\u0119 tej uchwa\u0142y. A przecie\u017c zawiera ona tak\u017ce nast\u0119puj\u0105ce tre\u015bci:<\/p>\n<p style=\"text-align: justify;\"><span style=\"color: #ff0000;\">&#8222;\u00a7 2. Wykonanie uchwa\u0142y powierza si\u0119 Prezydentowi Miasta D\u0105browa G\u00f3rnicza.<\/span><\/p>\n<p style=\"text-align: justify;\"><span style=\"color: #ff0000;\">\u00a7 3. Uchwa\u0142a wchodzi w \u017cycie po up\u0142ywie 14 dni od dnia og\u0142oszenia w Dzienniku Urz\u0119dowym Wojew\u00f3dztwa \u015al\u0105skiego.&#8221;<\/span><\/p>\n<p style=\"text-align: justify;\">Pan Prezydent chyba zapomina, \u017ce nie tylko komuni\u015bci p\u0142ac\u0105 podatki do bud\u017cetu miasta.<\/p>\n<p style=\"text-align: justify;\">Powstaje nawet pytanie czy pan prezydent stanie na wysoko\u015bci zadania. Naprawd\u0119 jest to w kontek\u015bcie popierania przez w\u0142adze miasta manifestacji z udzia\u0142em komunist\u00f3w z <span style=\"color: #ff0000;\"><strong>KPP<\/strong> <\/span>pytanie zasadne, przynajmniej moim zdaniem.\u00a0 Zobacz: <a href=\"http:\/\/grzegorzjaszczura.pl\/?p=27844#more-27844\">http:\/\/grzegorzjaszczura.pl\/?p=27844#more-2784<\/a>4 oraz <a href=\"http:\/\/grzegorzjaszczura.pl\/?p=23753#more-23753\">http:\/\/grzegorzjaszczura.pl\/?p=23753#more-23753<\/a>.<\/p>\n<p style=\"text-align: justify;\"><a href=\"http:\/\/grzegorzjaszczura.pl\/http:\/\/grzegorzjaszczura.pl\/wp-content\/uploads\/2014\/05\/CAM00992.jpg\"><img loading=\"lazy\" decoding=\"async\" class=\"alignleft size-thumbnail wp-image-27963\" alt=\"CAM00992\" src=\"http:\/\/grzegorzjaszczura.pl\/http:\/\/grzegorzjaszczura.pl\/wp-content\/uploads\/2014\/05\/CAM00992-150x150.jpg\" width=\"150\" height=\"150\" \/><\/a>Na zebraniu <strong>Oddzia\u0142u D\u0105browskiego<\/strong> Regionu \u015al\u0105sko-D\u0105browskiego <strong>Kongresu <span style=\"color: #ff0000;\">Nowej<\/span> <span style=\"color: #0000ff;\">Prawicy<\/span><\/strong> postanowili\u015bmy przy\u0142\u0105czy\u0107 si\u0119 do <b>Apelu Stowarzyszenia <span style=\"color: #0000ff;\">\u201eKonfederacja D\u0105browska\u201d<\/span> do Prezydenta D\u0105browy G\u00f3rniczej o godny przebieg tej uroczysto\u015bci <\/b>(tzn. nadania nazwy <span style=\"color: #0000ff;\"><strong>\u017bo\u0142nierzy Wykl\u0119tych<\/strong><\/span>). Zawsze zreszt\u0105 starali\u015bmy si\u0119 wspomaga\u0107 dzia\u0142ania zmierzaj\u0105ce do upami\u0119tniania Polak\u00f3w walcz\u0105cych z komunistycznymi oprawcami <strong>Narodu Polskiego<\/strong>! Przypomn\u0119 odczytane przeze mnie na sesji Rady Miasta <strong>o\u015bwiadczenie o<\/strong> konieczno\u015bci <strong>dezubekizacji naszego miasta<\/strong> i zerwania z\u00a0 propagowaniem ideologii totalitarnej. <a href=\"http:\/\/grzegorzjaszczura.pl\/?p=3680#more-3680\"><strong>Zobacz.<\/strong><\/a> By\u0142o to <strong>30.05.2007<\/strong> roku. A tak\u017ce ods\u0142oni\u0119cie pomnika Papie\u017ca <strong>Jana Paw\u0142a II<\/strong> i Prymasa Tysi\u0105clecia <strong>Stefana Wyszy\u0144skiego<\/strong> w <strong>Bazylice Naj\u015bwi\u0119tszej Maryi Panny Anielskiej Pani D\u0105browy G\u00f3rniczej i Matki Zag\u0142\u0119bia<\/strong>. <a href=\"http:\/\/grzegorzjaszczura.pl\/?p=8150#more-8150\"><strong>Zobacz.<\/strong> <\/a>By\u0142o to<strong> 03.05.2008<\/strong> roku.<b><br \/>\n<\/b><\/p>\n<p style=\"text-align: justify;\">Wracaj\u0105c do meritum.<\/p>\n<p style=\"text-align: justify;\" align=\"center\"><b>Apel Stowarzyszenia &#8222;Konfederacja D\u0105browska&#8221; do Prezydenta D\u0105browy G\u00f3rniczej o w\u0142\u0105czenie uroczysto\u015bci nadania nazwy<span style=\"color: #0000ff;\"> \u201eRondo \u017bo\u0142nierzy Wykl\u0119tych\u201d<\/span> do obchod\u00f3w \u015awi\u0119ta Wolno\u015bci<\/b><\/p>\n<p style=\"text-align: justify;\"><span style=\"color: #0000ff;\">&#8222;W swoim apelu Pan Prezydent RP <b>Bronis\u0142aw Komorowski<\/b> napisa\u0142:<\/span><\/p>\n<p style=\"text-align: justify;\"><span style=\"color: #0000ff;\"><i><a href=\"http:\/\/grzegorzjaszczura.pl\/http:\/\/grzegorzjaszczura.pl\/wp-content\/uploads\/2014\/05\/20100629322.jpg\"><img loading=\"lazy\" decoding=\"async\" class=\"alignleft size-thumbnail wp-image-27974\" alt=\"20100629322\" src=\"http:\/\/grzegorzjaszczura.pl\/http:\/\/grzegorzjaszczura.pl\/wp-content\/uploads\/2014\/05\/20100629322-150x150.jpg\" width=\"150\" height=\"150\" \/><\/a>\u201e4 czerwca 1989 roku pokonali\u015bmy komunizm. 4 czerwca 2014 roku minie \u0107wier\u0107 wieku od tamtego niezwyk\u0142ego dnia. Ju\u017c dzi\u015b zacznijmy przygotowania do uroczystego, jubileuszowego, obywatelskiego \u015awi\u0119ta Wolno\u015bci. Do organizowania wsp\u00f3lnych przedsi\u0119wzi\u0119\u0107 zapraszam wszystkich. Zapraszam osoby prywatne i instytucje, urz\u0119dy pa\u0144stwowe i organizacje pozarz\u0105dowe, \u015brodowiska przedsi\u0119biorc\u00f3w, instytucje publiczne i samorz\u0105dy. Zapraszam mieszka\u0144c\u00f3w wsi, ma\u0142ych miast i wielkich metropolii \u2013 r\u00f3wnie\u017c za oceanem \u2013 w kt\u00f3rych \u017cyj\u0105 Polacy. Chcia\u0142bym, by \u015bwiat mia\u0142 szans\u0119 pozna\u0107 nas tego dnia jako nar\u00f3d ludzi wolnych, ceni\u0105cych wolno\u015b\u0107 w\u0142asn\u0105 i wspieraj\u0105cych innych b\u0119d\u0105cych na nie\u0142atwej drodze ku wolno\u015bci\u2026\u00a0<\/i><\/span><\/p>\n<p style=\"text-align: justify;\"><span style=\"color: #0000ff;\"><i>Wsp\u00f3lnym wysi\u0142kiem zbudujmy jak najambitniejszy program obchod\u00f3w. Wsp\u00f3lnie wype\u0142nijmy ten projekt jak najatrakcyjniejszymi pomys\u0142ami. Potwierd\u017amy raz jeszcze, \u017ce nie ma wolno\u015bci bez solidarno\u015bci. \u017be wolno\u015b\u0107 i dzisiaj wymaga solidarno\u015bci pomi\u0119dzy nami.<\/i><\/span><\/p>\n<p style=\"text-align: justify;\"><span style=\"color: #0000ff;\"><b><i>Bronis\u0142aw Komorowski<\/i><\/b><\/span><\/p>\n<p style=\"text-align: justify;\"><span style=\"color: #0000ff;\"><i>Prezydent Rzeczypospolitej Polskiej\u201d<\/i><\/span><\/p>\n<p style=\"text-align: justify;\"><span style=\"color: #0000ff;\">(<a href=\"http:\/\/www.prezydent.pl\/swieto-wolnosci\/apel-prezydenta-rp\/\"><span style=\"color: #0000ff;\">http:\/\/www.prezydent.pl\/swieto-wolnosci\/apel-prezydenta-rp\/<\/span><\/a> )<\/span><\/p>\n<p style=\"text-align: justify;\"><span style=\"color: #0000ff;\">Stowarzyszenie <b>Konfederacja D\u0105browska<\/b> apeluje o w\u0142\u0105czenie do obchod\u00f3w <b>\u015awi\u0119ta Wolno\u015bci<\/b> w dniu 4 czerwca 2014 roku, uroczysto\u015bci nadania rondu przy skrzy\u017cowaniu ulicy Jana III Sobieskiego z ulic\u0105 Tadeusza Ko\u015bciuszki nazwy <b>\u201eRondo \u017bo\u0142nierzy Wykl\u0119tych\u201d<\/b>.<\/span><\/p>\n<p style=\"text-align: justify;\"><span style=\"color: #0000ff;\">B\u0119dzie to jednocze\u015bnie wype\u0142nienie w ten spos\u00f3b Uchwa\u0142y Nr XXXV\/726\/14 Rady Miejskiej z dnia 26.03.2014 roku.<\/span><\/p>\n<p style=\"text-align: justify;\"><span style=\"color: #0000ff;\">Jednocze\u015bnie ofiarujemy pomoc Panu Prezydentowi przy organizacji uroczysto\u015bci.<\/span><\/p>\n<p style=\"text-align: justify;\" align=\"right\"><span style=\"color: #0000ff;\">\u017bo\u0142nierze \u201ewykl\u0119ci\u201d to \u017co\u0142nierze niez\u0142omni, kt\u00f3rzy po II wojnie \u015bwiatowej jako pierwsi rozpocz\u0119li walk\u0119 o niepodleg\u0142o\u015b\u0107. Ponie\u015bli te\u017c najwi\u0119ksze koszty swojej dzia\u0142alno\u015bci \u2013 utrat\u0119 \u017cycia. Pami\u0119\u0107 o nich wpisuje si\u0119 w histori\u0119 Solidarno\u015bci, kt\u00f3ra kontynuowa\u0142a walk\u0119 o odzyskanie niepodleg\u0142o\u015bci naszej Ojczyzny, jednak\u017ce pierwszymi byli Oni &#8211; <b>\u017bo\u0142nierze Wykl\u0119ci<\/b>. Bezsprzecznie uroczysto\u015b\u0107 ich upami\u0119tnienia by\u0142aby wspania\u0142ym akordem <b>\u015awi\u0119ta Wolno\u015bci<\/b>. <\/span><\/p>\n<p style=\"text-align: right;\" align=\"right\"><span style=\"color: #0000ff;\"><i>Kapitu\u0142a Stowarzyszenia <b>\u201eKonfederacja dla D\u0105browy G\u00f3rniczej\u201d<\/b><\/i><\/span><\/p>\n<p style=\"text-align: justify;\" align=\"right\"><strong>Oczywi\u015bcie mo\u017cna mie\u0107, po 25 latach od pseudoobalenia przez lewicow\u0105 ekip\u0119 okr\u0105g\u0142osto\u0142owc\u00f3w <span style=\"color: #ff0000;\">komunizmu sowieckiego<\/span>, w\u0105tpliwo\u015bci czy obecnie budowany <span style=\"color: #ff0000;\">socjalizm unioeuropejski<\/span> jest lepszy, ale to zdecydowanie szerszy temat. Wydaje si\u0119 wa\u017cnym, wywarcie takiego nacisku na lewicowe, postkomunistyczne w\u0142adze w D\u0105browie G\u00f3rniczej, aby nadanie imienia <span style=\"color: #0000ff;\">\u017bo\u0142nierzy Wykl\u0119tych<\/span> najwa\u017cniejszemu rondu (skrzy\u017cowaniu) w D\u0105browie G\u00f3rniczej mia\u0142o godny (dla ka\u017cdego Polaka, w tym D\u0105browianina) tej nazwy przebieg i wymiar!<\/strong><\/p>\n","protected":false},"excerpt":{"rendered":"<p>Dzisiaj nawi\u0105\u017c\u0119 do uchwa\u0142y Rady Miasta w D\u0105browie G\u00f3rniczej z marca tego roku, m\u00f3wi\u0105cej o nadaniu skrzy\u017cowaniu w Centrum naszego miasta im. &#8222;Ronda \u017bo\u0142nierzy Wykl\u0119tych&#8221;. Opisa\u0142em to, jakby nie patrze\u0107, wa\u017cne i niecodzienne wydarzenie w &#8222;czerwonej&#8221; D\u0105browie G\u00f3rniczej we wpisie z 29 marca. W tzw. mi\u0119dzyczasie zacz\u0119\u0142y dochodzi\u0107 do mnie dziwne sygna\u0142y o bardzo s\u0142abym [&hellip;]<\/p>\n","protected":false},"author":2,"featured_media":0,"comment_status":"open","ping_status":"open","sticky":false,"template":"","format":"standard","meta":{"_monsterinsights_skip_tracking":false,"_monsterinsights_sitenote_active":false,"_monsterinsights_sitenote_note":"","_monsterinsights_sitenote_category":0,"footnotes":""},"categories":[3],"tags":[],"class_list":["post-27937","post","type-post","status-publish","format-standard","hentry","category-polityczne"],"_links":{"self":[{"href":"https:\/\/grzegorzjaszczura.pl\/index.php?rest_route=\/wp\/v2\/posts\/27937","targetHints":{"allow":["GET"]}}],"collection":[{"href":"https:\/\/grzegorzjaszczura.pl\/index.php?rest_route=\/wp\/v2\/posts"}],"about":[{"href":"https:\/\/grzegorzjaszczura.pl\/index.php?rest_route=\/wp\/v2\/types\/post"}],"author":[{"embeddable":true,"href":"https:\/\/grzegorzjaszczura.pl\/index.php?rest_route=\/wp\/v2\/users\/2"}],"replies":[{"embeddable":true,"href":"https:\/\/grzegorzjaszczura.pl\/index.php?rest_route=%2Fwp%2Fv2%2Fcomments&post=27937"}],"version-history":[{"count":47,"href":"https:\/\/grzegorzjaszczura.pl\/index.php?rest_route=\/wp\/v2\/posts\/27937\/revisions"}],"predecessor-version":[{"id":27988,"href":"https:\/\/grzegorzjaszczura.pl\/index.php?rest_route=\/wp\/v2\/posts\/27937\/revisions\/27988"}],"wp:attachment":[{"href":"https:\/\/grzegorzjaszczura.pl\/index.php?rest_route=%2Fwp%2Fv2%2Fmedia&parent=27937"}],"wp:term":[{"taxonomy":"category","embeddable":true,"href":"https:\/\/grzegorzjaszczura.pl\/index.php?rest_route=%2Fwp%2Fv2%2Fcategories&post=27937"},{"taxonomy":"post_tag","embeddable":true,"href":"https:\/\/grzegorzjaszczura.pl\/index.php?rest_route=%2Fwp%2Fv2%2Ftags&post=27937"}],"curies":[{"name":"wp","href":"https:\/\/api.w.org\/{rel}","templated":true}]}}