{"id":28152,"date":"2014-05-30T08:27:08","date_gmt":"2014-05-30T06:27:08","guid":{"rendered":"http:\/\/grzegorzjaszczura.pl\/?p=28152"},"modified":"2014-06-01T08:11:52","modified_gmt":"2014-06-01T06:11:52","slug":"marian-zacharski","status":"publish","type":"post","link":"https:\/\/grzegorzjaszczura.pl\/?p=28152","title":{"rendered":"Marian Zacharski ???"},"content":{"rendered":"<p style=\"text-align: justify;\"><a href=\"http:\/\/grzegorzjaszczura.pl\/http:\/\/grzegorzjaszczura.pl\/wp-content\/uploads\/2014\/05\/CAM01080.jpg\"><img loading=\"lazy\" decoding=\"async\" class=\"alignleft size-thumbnail wp-image-28168\" alt=\"CAM01080\" src=\"http:\/\/grzegorzjaszczura.pl\/http:\/\/grzegorzjaszczura.pl\/wp-content\/uploads\/2014\/05\/CAM01080-150x150.jpg\" width=\"150\" height=\"150\" \/><\/a>Trzy dni przed wyborami do lewackiego (wci\u0105\u017c) <span style=\"color: #ff0000;\">Unioparlamentu<\/span> (22.05.2014 r.), <strong>Opcja na prawo<\/strong> wraz z <strong>Klubem Gazety Polskiej <\/strong>zorganizowa\u0142y w <strong>D\u0105browie G\u00f3rniczej<\/strong> spotkanie z asem (?) polskiego (?) wywiadu p. <strong>Marianem Zacharskim<\/strong>. Spotkanie odby\u0142o si\u0119 w <strong>Wy\u017cszej Szkole Biznesu<\/strong> w sali Audytorium Maximum (gdzie ostatnio w marcu tr. go\u015bcili\u015bmy prezesa <strong>K<span style=\"color: #ff0000;\">N<\/span><span style=\"color: #0000ff;\">P<\/span><\/strong> p.<a href=\"http:\/\/grzegorzjaszczura.pl\/?p=27269#more-27269\"><strong> Janusza Korwin-Mikke<\/strong><\/a>). Przy okazji, jest ju\u017c od pewnego czasu film<!--more--> na <a href=\"https:\/\/www.youtube.com\/watch?v=ar-w4B8ES5c&amp;list=UU72Q46oTfSS7LSLi3hz5Hgw\"><strong>You Tube<\/strong><span style=\"color: #000000;\">,<\/span><\/a> z wyk\u0142adu pana prezesa <strong>J. Korwin-Mikkego<\/strong>, obecnie tzw. europos\u0142a (w\u0142a\u015bciwie uniopos\u0142a).<\/p>\n<p style=\"text-align: justify;\"><a href=\"http:\/\/grzegorzjaszczura.pl\/http:\/\/grzegorzjaszczura.pl\/wp-content\/uploads\/2014\/05\/CAM01081.jpg\"><img loading=\"lazy\" decoding=\"async\" class=\"alignleft size-thumbnail wp-image-28171\" alt=\"CAM01081\" src=\"http:\/\/grzegorzjaszczura.pl\/http:\/\/grzegorzjaszczura.pl\/wp-content\/uploads\/2014\/05\/CAM01081-150x150.jpg\" width=\"150\" height=\"150\" \/><\/a>Pan <strong>Marian Zacharski<\/strong>, kt\u00f3remu szar\u017c\u0119 generalsk\u0105 nada\u0142 prezydent <strong>L. Wa\u0142\u0119sa<\/strong> (!), szpieguj\u0105c w <strong>USA<\/strong> (od 1975 roku), zdoby\u0142 tajne informacje dotycz\u0105ce najwi\u0119kszych tajemnic z zakresu obronno\u015bci <strong>Stan\u00f3w Zjednoczonych<\/strong>. W wyniku jego dzia\u0142alno\u015bci s\u0142u\u017cby wywiadowcze komunistycznej przybud\u00f3wki <strong><span style=\"color: #ff0000;\">ZSRS<\/span><\/strong>, czyli <span style=\"color: #ff0000;\"><strong>PRL<\/strong><\/span> uzyska\u0142y m.in. dokumentacj\u0119 techniczn\u0105 system\u00f3w radarowych my\u015bliwc\u00f3w F-14, F-15, F-16, F-18, bombowca strategicznego B-1, systemu sonarowego dla okr\u0119t\u00f3w podwodnych, ulepszonej rakiety ziemia-powietrze Hawk oraz plany pocisk\u00f3w rakietowych Phoenix i Patriot. Oczywi\u015bcie trzeba sobie zdawa\u0107 spraw\u0119, \u017ce wszystko to zosta\u0142o przekazane do komunistycznej Moskwy. Dlatego b\u0119d\u0119 sceptyczny co do promowania zas\u0142ug p. <strong>M. Zacharskiego<\/strong>. Szcz\u0119\u015bliwie te\u017c nie jestem historykiem.<\/p>\n<p style=\"text-align: justify;\">Po akcji, kt\u00f3ra doprowadzi\u0142a do ujawnienia &#8222;pracy&#8221; <strong>J. Oleksego<\/strong> (interesy Olina z Afganowem) <strong>M. Zacharski<\/strong> zosta\u0142 zmuszony, jak stwierdzi\u0142, do opuszczenia Polski. By\u0142o to w drugiej po\u0142owie 1996 r. W wieku 45 lat zosta\u0142 emerytem i mieszka prawdopodobnie w <strong>Szwajcarii<\/strong>.<\/p>\n<p style=\"text-align: justify;\"><a href=\"http:\/\/grzegorzjaszczura.pl\/http:\/\/grzegorzjaszczura.pl\/wp-content\/uploads\/2014\/05\/krwawiaca-granica_800.jpg\"><img loading=\"lazy\" decoding=\"async\" class=\"alignleft size-thumbnail wp-image-28170\" alt=\"krwawiaca-granica_800\" src=\"http:\/\/grzegorzjaszczura.pl\/http:\/\/grzegorzjaszczura.pl\/wp-content\/uploads\/2014\/05\/krwawiaca-granica_800-150x150.jpg\" width=\"150\" height=\"150\" \/><\/a>Pan <strong>M. Zacharski<\/strong> rozpocz\u0105\u0142 &#8222;wyst\u0119p&#8221; od om\u00f3wienia swojej najnowszej ksi\u0105\u017cki <strong>&#8222;Krwawi\u0105ca granica&#8221;<\/strong>. Najkr\u00f3cej ujmuj\u0105c dotyczy ona wojny wywiad\u00f3w Polski (II RP) i Niemiec. Niestety Polski wywiad z okresu przedwojennego (tzn. sprzed II wojny \u015bwiatowej, nie myli\u0107 z wojn\u0105 wytoczon\u0105 Polakom przez <a href=\"http:\/\/grzegorzjaszczura.pl\/?p=26092#more-26092\"><strong>W. Jaruzelskiego<\/strong><\/a>) by\u0142 w z\u0142ej kondycji, co po wkroczeniu Niemc\u00f3w sko\u0144czy\u0142o si\u0119 \u015bmierci\u0105 wielu Polak\u00f3w, widniej\u0105cych w aktach zaj\u0119tych przez <span style=\"color: #ff0000;\">socjalist\u00f3w niemieckich<\/span> polskich archiwach s\u0142u\u017cb. Co do agresji <span style=\"color: #ff0000;\">Sowieckiej Rosji<\/span> z drugiej strony Polski nie by\u0142o tego tematu na spotkaniu.<\/p>\n<p style=\"text-align: justify;\">Jako autor ksi\u0105\u017cki &#8222;Krwawi\u0105ca granica&#8221; <strong>M. Zacharski<\/strong> mia\u0142 b. du\u017ce problemy z jej wydaniem. Dopiero wydawnictwo <strong>Zysk<\/strong> <strong>i s-ka<\/strong> z Poznania podj\u0119\u0142o si\u0119 tego ryzykownego przedsi\u0119wzi\u0119cia. Prawdopodobnie w\u0142a\u015bnie promocja ksi\u0105\u017cki spowodowa\u0142a otwarcie si\u0119 <strong>M. Zacharskiego<\/strong> na spotkania z publiczno\u015bci\u0105. W Polsce pojawi\u0142 si\u0119 po 17 latach nieobecno\u015bci. Przyzna\u0142, \u017ce ma mieszane odczucia co do poziomu jaki Polska osi\u0105gn\u0119\u0142a przez ostatnie lata, w szczeg\u00f3lno\u015bci do dziwnego i smutnego zachowywania si\u0119 polskich obywateli. Zdziwi\u0142a go przyk\u0142adowo informacja jak\u0105 otrzyma\u0142 w jednym z hoteli w Poznaniu, \u017ce siatk\u00f3wka jest narodowym sportem w Polsce. Rzeczywi\u015bcie po 17 czy 18 latach nieobecno\u015bci taka informacja mo\u017ce zadziwi\u0107.<\/p>\n<p style=\"text-align: justify;\"><a href=\"http:\/\/grzegorzjaszczura.pl\/http:\/\/grzegorzjaszczura.pl\/wp-content\/uploads\/2014\/05\/CAM01101.jpg\"><img loading=\"lazy\" decoding=\"async\" class=\"alignleft size-thumbnail wp-image-28177\" alt=\"CAM01101\" src=\"http:\/\/grzegorzjaszczura.pl\/http:\/\/grzegorzjaszczura.pl\/wp-content\/uploads\/2014\/05\/CAM01101-150x150.jpg\" width=\"150\" height=\"150\" \/><\/a>W trakcie pyta\u0144 do jakich dosz\u0142o p\u00f3\u017aniej p. <strong>M. Zacharski<\/strong> przedstawia\u0142 si\u0119 jako patriota i cz\u0142owiek, kt\u00f3ry wykonywa\u0142 powierzone mu zadania. Oczywi\u015bcie pozw\u00f3lmy mu si\u0119 wybiela\u0107, bo ka\u017cdy pewnie tak by robi\u0142. Jest, jak twierdzi, zwolennikiem marsza\u0142ka <strong>J. Pi\u0142sudskiego<\/strong>, przeciwnikiem ministra <strong>J.<\/strong> <strong>Becka<\/strong>, itd.<\/p>\n<p style=\"text-align: justify;\">Podkre\u015bli\u0142, \u017ce nigdy nie nale\u017ca\u0142 do \u017cadnej partii politycznej i \u017cadnego zwi\u0105zku zawodowego, co pr\u00f3bowa\u0142 podwa\u017cy\u0107 jeden z widz\u00f3w. Niech\u0119\u0107 do zwi\u0105zk\u00f3w zawodowych szefa <strong>Pewexu<\/strong> z 9 tysi\u0105cami pracownik\u00f3w nie dziwi. Co do partii komunistycznej <span style=\"color: #ff0000;\">PZPR<\/span>, to wyjecha\u0142 on do <strong>USA<\/strong> po sko\u0144czeniu studi\u00f3w prawniczych (w wieku 24,5 lat) nie zapisuj\u0105c si\u0119 do niej. Jest to wg mnie mo\u017cliwe, co nie zmienia faktu, \u017ce pracowa\u0142 dla komunist\u00f3w.<\/p>\n<p style=\"text-align: justify;\">Pr\u00f3buj\u0105c dociec, co nam chce przekaza\u0107 p. <strong>M. Zacharski<\/strong> (na te 3 dni przed wyborami do<span style=\"color: #ff0000;\"> PE<\/span>), zapyta\u0142em go o to, gdzie wola\u0142by mieszka\u0107 (abstrahuj\u0105c od tego, \u017ce w <strong>Szwajcarii<\/strong> przebywa prawdopodobnie ze wzgl\u0119du na swoj\u0105 wcze\u015bniejsz\u0105 dzia\u0142alno\u015b\u0107), w <span style=\"color: #ff0000;\">UE<\/span>, czyli <span style=\"color: #ff0000;\">Polsce<\/span> w <span style=\"color: #ff0000;\">UE<\/span> czy w wolnym pa\u0144stwie jakim jest <strong>Szwajcaria<\/strong>? I tu odpowied\u017a umocni\u0142a mnie w moim ambiwalentnym stosunku do osi\u0105gni\u0119\u0107 szpiegowskich <strong>M. Zacharskiego<\/strong>. Mianowicie widzi on raczej tylko pozytywy z bycia Polski w <span style=\"color: #ff0000;\">Unii Europejskiej<\/span>, jaki\u015b rozw\u00f3j, jakie\u015b du\u017ce pieni\u0105dze, kt\u00f3re &#8222;niby&#8221; dostali\u015bmy z <span style=\"color: #ff0000;\">UE<\/span>, natomiast nic nie wie o kosztach (!). <strong>A koszty przewy\u017cszaj\u0105 przecie\u017c zyski!<\/strong> Uwa\u017cam, \u017ce jest z uk\u0142adu i tyle. Zreszt\u0105 jak pisz\u0105 w powie\u015bciach sensacyjnych szpiegiem pozostaje si\u0119 do \u015bmierci. Oczywi\u015bcie jak zrozumia\u0142em i tak wola\u0142by mieszka\u0107 w <strong>Szwajcarii<\/strong> ni\u017c w <span style=\"color: #ff0000;\">Unii Europejskiej<\/span>.<\/p>\n<p style=\"text-align: justify;\">Reasumuj\u0105c niestety rozliczanie si\u0119 z przesz\u0142o\u015bci\u0105, a brak ataku na obecne z\u0142odziejskie elity polskie bardzo mnie zniech\u0119ci\u0142o i nie jestem zadowolony ze spotkania z <strong>M. Zacharskim<\/strong>. Jak kto\u015b ma inne zdanie to mi przykro i tyle.<\/p>\n<p style=\"text-align: justify;\">Na spotkaniu by\u0142 obecny p. <strong>Marian Handzlik<\/strong>, kt\u00f3ry przyjecha\u0142 z <strong>Florydy<\/strong>, tak\u017ce m.in. promowa\u0107 swoj\u0105 ksi\u0105\u017ck\u0119 <strong>&#8222;Judasze Narodu Polskiego&#8221;<\/strong>. Jej opisy ju\u017c zamie\u015bci\u0142em na moim blogu:<\/p>\n<p style=\"text-align: justify;\"><a href=\"http:\/\/grzegorzjaszczura.pl\/?p=25097#more-25097\">http:\/\/grzegorzjaszczura.pl\/?p=25097#more-25097<\/a>,<\/p>\n<p style=\"text-align: justify;\"><a href=\"http:\/\/grzegorzjaszczura.pl\/?p=25123#more-25123\">http:\/\/grzegorzjaszczura.pl\/?p=25123#more-25123<\/a>,<\/p>\n<p style=\"text-align: justify;\"><a href=\"http:\/\/grzegorzjaszczura.pl\/?p=25371#more-25371\">http:\/\/grzegorzjaszczura.pl\/?p=25371#more-25371<\/a>.<\/p>\n<p style=\"text-align: justify;\"><a href=\"http:\/\/grzegorzjaszczura.pl\/http:\/\/grzegorzjaszczura.pl\/wp-content\/uploads\/2014\/05\/CAM01091.jpg\"><img loading=\"lazy\" decoding=\"async\" class=\"alignleft size-thumbnail wp-image-28181\" alt=\"CAM01091\" src=\"http:\/\/grzegorzjaszczura.pl\/http:\/\/grzegorzjaszczura.pl\/wp-content\/uploads\/2014\/05\/CAM01091-150x150.jpg\" width=\"150\" height=\"150\" \/><\/a><a href=\"http:\/\/grzegorzjaszczura.pl\/http:\/\/grzegorzjaszczura.pl\/wp-content\/uploads\/2014\/05\/CAM01097.jpg\"><img loading=\"lazy\" decoding=\"async\" class=\"alignleft size-thumbnail wp-image-28182\" alt=\"CAM01097\" src=\"http:\/\/grzegorzjaszczura.pl\/http:\/\/grzegorzjaszczura.pl\/wp-content\/uploads\/2014\/05\/CAM01097-150x150.jpg\" width=\"150\" height=\"150\" \/><\/a><\/p>\n","protected":false},"excerpt":{"rendered":"<p>Trzy dni przed wyborami do lewackiego (wci\u0105\u017c) Unioparlamentu (22.05.2014 r.), Opcja na prawo wraz z Klubem Gazety Polskiej zorganizowa\u0142y w D\u0105browie G\u00f3rniczej spotkanie z asem (?) polskiego (?) wywiadu p. Marianem Zacharskim. Spotkanie odby\u0142o si\u0119 w Wy\u017cszej Szkole Biznesu w sali Audytorium Maximum (gdzie ostatnio w marcu tr. go\u015bcili\u015bmy prezesa KNP p. Janusza Korwin-Mikke). Przy [&hellip;]<\/p>\n","protected":false},"author":2,"featured_media":0,"comment_status":"open","ping_status":"open","sticky":false,"template":"","format":"standard","meta":{"_monsterinsights_skip_tracking":false,"_monsterinsights_sitenote_active":false,"_monsterinsights_sitenote_note":"","_monsterinsights_sitenote_category":0,"footnotes":""},"categories":[3],"tags":[],"class_list":["post-28152","post","type-post","status-publish","format-standard","hentry","category-polityczne"],"_links":{"self":[{"href":"https:\/\/grzegorzjaszczura.pl\/index.php?rest_route=\/wp\/v2\/posts\/28152","targetHints":{"allow":["GET"]}}],"collection":[{"href":"https:\/\/grzegorzjaszczura.pl\/index.php?rest_route=\/wp\/v2\/posts"}],"about":[{"href":"https:\/\/grzegorzjaszczura.pl\/index.php?rest_route=\/wp\/v2\/types\/post"}],"author":[{"embeddable":true,"href":"https:\/\/grzegorzjaszczura.pl\/index.php?rest_route=\/wp\/v2\/users\/2"}],"replies":[{"embeddable":true,"href":"https:\/\/grzegorzjaszczura.pl\/index.php?rest_route=%2Fwp%2Fv2%2Fcomments&post=28152"}],"version-history":[{"count":57,"href":"https:\/\/grzegorzjaszczura.pl\/index.php?rest_route=\/wp\/v2\/posts\/28152\/revisions"}],"predecessor-version":[{"id":28255,"href":"https:\/\/grzegorzjaszczura.pl\/index.php?rest_route=\/wp\/v2\/posts\/28152\/revisions\/28255"}],"wp:attachment":[{"href":"https:\/\/grzegorzjaszczura.pl\/index.php?rest_route=%2Fwp%2Fv2%2Fmedia&parent=28152"}],"wp:term":[{"taxonomy":"category","embeddable":true,"href":"https:\/\/grzegorzjaszczura.pl\/index.php?rest_route=%2Fwp%2Fv2%2Fcategories&post=28152"},{"taxonomy":"post_tag","embeddable":true,"href":"https:\/\/grzegorzjaszczura.pl\/index.php?rest_route=%2Fwp%2Fv2%2Ftags&post=28152"}],"curies":[{"name":"wp","href":"https:\/\/api.w.org\/{rel}","templated":true}]}}