{"id":28184,"date":"2014-05-27T09:24:02","date_gmt":"2014-05-27T07:24:02","guid":{"rendered":"http:\/\/grzegorzjaszczura.pl\/?p=28184"},"modified":"2014-05-27T15:19:44","modified_gmt":"2014-05-27T13:19:44","slug":"kongres-nowej-prawicy-podziekowanie","status":"publish","type":"post","link":"https:\/\/grzegorzjaszczura.pl\/?p=28184","title":{"rendered":"Kongres Nowej Prawicy &#8211; podzi\u0119kowanie"},"content":{"rendered":"<p style=\"text-align: justify;\"><a href=\"http:\/\/grzegorzjaszczura.pl\/http:\/\/grzegorzjaszczura.pl\/wp-content\/uploads\/2014\/05\/CAM01140.jpg\"><img loading=\"lazy\" decoding=\"async\" class=\"alignleft size-thumbnail wp-image-28197\" alt=\"CAM01140\" src=\"http:\/\/grzegorzjaszczura.pl\/http:\/\/grzegorzjaszczura.pl\/wp-content\/uploads\/2014\/05\/CAM01140-150x150.jpg\" width=\"150\" height=\"150\" \/><\/a>W imieniu <strong>zarz\u0105du oddzia\u0142u d\u0105browskiego Regionu \u015al\u0105sko-D\u0105browskiego<\/strong> <strong>K<span style=\"color: #ff0000;\">N<\/span><span style=\"color: #0000ff;\">P<\/span><\/strong> dzi\u0119kuj\u0119 wszystkim, kt\u00f3rzy zag\u0142osowali na kandydat\u00f3w <strong>Kongresu <span style=\"color: #ff0000;\">Nowej<\/span> <span style=\"color: #0000ff;\">Prawicy<\/span><\/strong> w niedzielnych wyborach do <span style=\"color: #ff0000;\">Parlamentu Unioeuropejskiego<\/span>. Jak pisa\u0142em w poprzednim wpisie, zwolennicy wolnej, niezale\u017cnej od socjalist\u00f3w i biurokrat\u00f3w <strong>Polski<\/strong>, w okr\u0119gu nr 11 <strong>Katowice<\/strong> nie mieli problemu z g\u0142osowaniem. <strong>Janusz Korwin-Mikke<\/strong> zdoby\u0142 <em>gros<\/em> g\u0142os\u00f3w<!--more--> na li\u015bcie <strong>K<span style=\"color: #ff0000;\">N<\/span><span style=\"color: #0000ff;\">P<\/span><\/strong> (67 928 g\u0142os\u00f3w). R\u00f3wnie\u017c drug\u0105 ilo\u015b\u0107 g\u0142os\u00f3w z &#8222;naszej&#8221; listy otrzyma\u0142 kol. <strong>Dobromir So\u015bnierz<\/strong>, o kt\u00f3rym wspomina\u0142em tak\u017ce <a href=\"http:\/\/grzegorzjaszczura.pl\/?p=28102#more-28102\">w przypomnianym wpisie<\/a>. Z obu wynik\u00f3w wyra\u017cam du\u017ce zadowolenie, tak\u017ce w imieniu zarz\u0105du oddzia\u0142u d\u0105browskiego <strong>K<span style=\"color: #ff0000;\">N<\/span><span style=\"color: #0000ff;\">P<\/span><\/strong>.<\/p>\n<p style=\"text-align: justify;\"><a href=\"http:\/\/grzegorzjaszczura.pl\/http:\/\/grzegorzjaszczura.pl\/wp-content\/uploads\/2014\/05\/CAM01134.jpg\"><img loading=\"lazy\" decoding=\"async\" class=\"alignleft size-thumbnail wp-image-28209\" alt=\"CAM01134\" src=\"http:\/\/grzegorzjaszczura.pl\/http:\/\/grzegorzjaszczura.pl\/wp-content\/uploads\/2014\/05\/CAM01134-150x150.jpg\" width=\"150\" height=\"150\" \/><\/a>W Polsce <strong>Kongres<span style=\"color: #ff0000;\"> Nowej<\/span> <span style=\"color: #0000ff;\">Prawicy<\/span><\/strong> wywalczy\u0142 i to jest s\u0142owo adekwatne do sytuacji, <strong>4 mandaty<\/strong> tzw. eurodeputowanych, staj\u0105c si\u0119 czwart\u0105 tzw. si\u0142\u0105 polityczn\u0105, jedyn\u0105 prawicow\u0105, kt\u00f3ra przesz\u0142a tzw. pr\u00f3g wyborczy. Walka by\u0142a(!), g\u0142\u00f3wnie z lewackimi dziennikarzami, wyci\u0105gaj\u0105cymi z kontekstu s\u0142owa prezesa<strong> J. Korwin-Mikkego<\/strong>, k\u0142ami\u0105cymi politykami z innych partii i partyjek, obecnie w cz\u0119\u015bci ju\u017c w\u0105skokanapowych, z pseudodemokracj\u0105 nazywan\u0105 przez wy\u017cej wymienionych demokracj\u0105, z nienawi\u015bci\u0105 ziej\u0105c\u0105 z tych pseudodemokrat\u00f3w do ludzi my\u015bl\u0105cych inaczej, <em>etc.<\/em> W tej nienawi\u015bci prezentowanej przez tzw. lewackie elity widz\u0119 du\u017ce ich podobie\u0144stwo i zbli\u017cenie do <span style=\"color: #ff0000;\">idei faszystowskiej<span style=\"color: #000000;\"> (<\/span>socjalistycznej<span style=\"color: #000000;\">)<\/span> <span style=\"color: #000000;\">i<\/span><\/span> idei <span style=\"color: #ff0000;\">komunizmu sowieckiego<\/span>.<\/p>\n<p style=\"text-align: justify;\">Opr\u00f3cz prezesa <strong>K<span style=\"color: #ff0000;\">N<\/span><span style=\"color: #0000ff;\">P <\/span><\/strong>pana <strong>Janusza Korwin-Mikkego<\/strong> eurouniopos\u0142ami zostali panowie: <strong>Micha\u0142 Marusik<\/strong> (przewodnicz\u0105cy Rady Sygnatariuszy <strong>K<span style=\"color: #ff0000;\">N<\/span><span style=\"color: #0000ff;\">P<\/span><\/strong>), <strong>Stanis\u0142aw \u017b\u00f3\u0142tek<\/strong> (wiceprezes <strong>K<span style=\"color: #ff0000;\">N<\/span><span style=\"color: #0000ff;\">P<\/span><\/strong><span style=\"color: #000000;\">,<\/span> z Krakowa) i <strong>Jaros\u0142aw Iwaszkiewicz<\/strong> (s\u0119dzia s\u0105du naczelnego <strong>K<span style=\"color: #ff0000;\">N<\/span><span style=\"color: #0000ff;\">P<\/span><\/strong> (kt\u00f3rego <em>nota bene<\/em> tak\u017ce jestem cz\u0142onkiem) z Wroc\u0142awia). <strong>Gratuluj\u0119 w imieniu ca\u0142ego oddzia\u0142u d\u0105browskiego K<span style=\"color: #ff0000;\">N<\/span><span style=\"color: #0000ff;\">P<\/span><\/strong>.<\/p>\n<p style=\"text-align: justify;\"><a href=\"http:\/\/grzegorzjaszczura.pl\/http:\/\/grzegorzjaszczura.pl\/wp-content\/uploads\/2014\/05\/CAM01143.jpg\"><img loading=\"lazy\" decoding=\"async\" class=\"alignleft size-thumbnail wp-image-28210\" alt=\"CAM01143\" src=\"http:\/\/grzegorzjaszczura.pl\/http:\/\/grzegorzjaszczura.pl\/wp-content\/uploads\/2014\/05\/CAM01143-150x150.jpg\" width=\"150\" height=\"150\" \/><\/a>Z naszego punktu widzenia ten sukces, to wynik dwudziestoletniej pracy dzia\u0142aczy z <span style=\"color: #008000;\"><strong>Zag\u0142\u0119bia D\u0105browskieg<\/strong><\/span>o, niejednokrotnie pracy u podstaw w zakresie konserwatyzmu i wolno\u015bci czy liberalizmu, przecie\u017c w tak zlewicowanym (tzw. <span style=\"color: #ff0000;\">czerwonym<\/span>) regionie naszego kraju. Aczkolwiek akurat w <strong>D\u0105browie G\u00f3rniczej<\/strong> mieli\u015bmy przeb\u0142yski sukcesu, cho\u0107by dw\u00f3ch radnych z <strong>UPR<\/strong> w poprzedniej kadencji samorz\u0105du (od razu wyja\u015bniam wrogom, \u017ce w koalicji <strong>UPR<\/strong> z <span style=\"color: #800080;\">PIS<\/span> z listy komitetu wyborczego <span style=\"color: #800080;\">PIS<\/span>).<\/p>\n<p style=\"text-align: justify;\"><a href=\"http:\/\/grzegorzjaszczura.pl\/http:\/\/grzegorzjaszczura.pl\/wp-content\/uploads\/2014\/05\/CAM01145.jpg\"><img loading=\"lazy\" decoding=\"async\" class=\"alignleft size-thumbnail wp-image-28217\" alt=\"CAM01145\" src=\"http:\/\/grzegorzjaszczura.pl\/http:\/\/grzegorzjaszczura.pl\/wp-content\/uploads\/2014\/05\/CAM01145-150x150.jpg\" width=\"150\" height=\"150\" \/><\/a>Jestem przekonany, \u017ce zbli\u017caj\u0105ce si\u0119 kolejne wybory potwierdz\u0105 dobre wyniki naszej konserwatywno-wolno\u015bciowej formacji. Bez zmian nasze dzieci i wnuki opuszcz\u0105 nasze pa\u0144stwo, jak ju\u017c wielokrotnie w naszej historii bywa\u0142o, a kto tym razem przyjedzie? To oczywi\u015bcie oddzielny problem.<\/p>\n<p style=\"text-align: justify;\"><span style=\"color: #0000ff;\"><strong>Jeszcze raz dzi\u0119kuj\u0119 Wyborcom i prosz\u0119 o wspieranie naszej idei w kolejnych starciach o woln\u0105 Polsk\u0119.<\/strong><\/span><\/p>\n<p style=\"text-align: justify;\"><strong>Z ciekawostek wyborczych:<\/strong><\/p>\n<p style=\"text-align: justify;\"><a href=\"http:\/\/grzegorzjaszczura.pl\/http:\/\/grzegorzjaszczura.pl\/wp-content\/uploads\/2014\/05\/CAM01074.jpg\"><img loading=\"lazy\" decoding=\"async\" class=\"alignleft size-thumbnail wp-image-28199\" alt=\"CAM01074\" src=\"http:\/\/grzegorzjaszczura.pl\/http:\/\/grzegorzjaszczura.pl\/wp-content\/uploads\/2014\/05\/CAM01074-150x150.jpg\" width=\"150\" height=\"150\" \/><\/a>1. Najwi\u0119cej g\u0142os\u00f3w <strong><span style=\"color: #ff0000;\">Nowa<\/span> <span style=\"color: #0000ff;\">Prawica<\/span> Janusza Korwin-Mikke<\/strong> otrzyma\u0142a w <strong>D\u0105browie G\u00f3rniczej<\/strong> w komisji obwodowej <strong>nr 21<\/strong>, obejmuj\u0105cej teren gdzie mieszkam. Wynik <strong>19,76%<\/strong> niech b\u0119dzie prognoz\u0105 na przysz\u0142o\u015b\u0107!<\/p>\n<p style=\"text-align: justify;\"><a href=\"http:\/\/grzegorzjaszczura.pl\/http:\/\/grzegorzjaszczura.pl\/wp-content\/uploads\/2014\/05\/CAM01142.jpg\"><img loading=\"lazy\" decoding=\"async\" class=\"alignleft size-thumbnail wp-image-28200\" alt=\"CAM01142\" src=\"http:\/\/grzegorzjaszczura.pl\/http:\/\/grzegorzjaszczura.pl\/wp-content\/uploads\/2014\/05\/CAM01142-150x150.jpg\" width=\"150\" height=\"150\" \/><\/a>2. Nie uda\u0142o mi si\u0119 usun\u0105\u0107 flagi naszego okupanta, czyli <span style=\"color: #ff0000;\">Unii Europejskiej<\/span> w innej komisji. Wiceprzewodnicz\u0105ca komisji wyborczej argumentowa\u0142a, \u017ce <em>design<\/em> lokalu organizowa\u0142 Urz\u0105d Miejski (tak przynajmniej zrozumia\u0142em). Co popiera pan prezydent miasta mo\u017cesz <a href=\"http:\/\/grzegorzjaszczura.pl\/?p=27844#more-27844\">zobaczy\u0107 tutaj<\/a>. Niestety dla nich, nawet <strong>PKW<\/strong> g\u0142osi\u0142, \u017ce ta flaga <span style=\"color: #ff0000;\"><strong>UE<\/strong><\/span> nie musi wisie\u0107 w lokalu wyborczym. <span style=\"color: #0000ff;\"><strong>Niech Polska b\u0119dzie Polsk\u0105!<\/strong><\/span><\/p>\n<p style=\"text-align: justify;\">\n","protected":false},"excerpt":{"rendered":"<p>W imieniu zarz\u0105du oddzia\u0142u d\u0105browskiego Regionu \u015al\u0105sko-D\u0105browskiego KNP dzi\u0119kuj\u0119 wszystkim, kt\u00f3rzy zag\u0142osowali na kandydat\u00f3w Kongresu Nowej Prawicy w niedzielnych wyborach do Parlamentu Unioeuropejskiego. Jak pisa\u0142em w poprzednim wpisie, zwolennicy wolnej, niezale\u017cnej od socjalist\u00f3w i biurokrat\u00f3w Polski, w okr\u0119gu nr 11 Katowice nie mieli problemu z g\u0142osowaniem. Janusz Korwin-Mikke zdoby\u0142 gros g\u0142os\u00f3w<\/p>\n","protected":false},"author":2,"featured_media":0,"comment_status":"open","ping_status":"open","sticky":false,"template":"","format":"standard","meta":{"_monsterinsights_skip_tracking":false,"_monsterinsights_sitenote_active":false,"_monsterinsights_sitenote_note":"","_monsterinsights_sitenote_category":0,"footnotes":""},"categories":[3],"tags":[],"class_list":["post-28184","post","type-post","status-publish","format-standard","hentry","category-polityczne"],"_links":{"self":[{"href":"https:\/\/grzegorzjaszczura.pl\/index.php?rest_route=\/wp\/v2\/posts\/28184","targetHints":{"allow":["GET"]}}],"collection":[{"href":"https:\/\/grzegorzjaszczura.pl\/index.php?rest_route=\/wp\/v2\/posts"}],"about":[{"href":"https:\/\/grzegorzjaszczura.pl\/index.php?rest_route=\/wp\/v2\/types\/post"}],"author":[{"embeddable":true,"href":"https:\/\/grzegorzjaszczura.pl\/index.php?rest_route=\/wp\/v2\/users\/2"}],"replies":[{"embeddable":true,"href":"https:\/\/grzegorzjaszczura.pl\/index.php?rest_route=%2Fwp%2Fv2%2Fcomments&post=28184"}],"version-history":[{"count":30,"href":"https:\/\/grzegorzjaszczura.pl\/index.php?rest_route=\/wp\/v2\/posts\/28184\/revisions"}],"predecessor-version":[{"id":28221,"href":"https:\/\/grzegorzjaszczura.pl\/index.php?rest_route=\/wp\/v2\/posts\/28184\/revisions\/28221"}],"wp:attachment":[{"href":"https:\/\/grzegorzjaszczura.pl\/index.php?rest_route=%2Fwp%2Fv2%2Fmedia&parent=28184"}],"wp:term":[{"taxonomy":"category","embeddable":true,"href":"https:\/\/grzegorzjaszczura.pl\/index.php?rest_route=%2Fwp%2Fv2%2Fcategories&post=28184"},{"taxonomy":"post_tag","embeddable":true,"href":"https:\/\/grzegorzjaszczura.pl\/index.php?rest_route=%2Fwp%2Fv2%2Ftags&post=28184"}],"curies":[{"name":"wp","href":"https:\/\/api.w.org\/{rel}","templated":true}]}}