{"id":28346,"date":"2014-06-12T07:59:43","date_gmt":"2014-06-12T05:59:43","guid":{"rendered":"http:\/\/grzegorzjaszczura.pl\/?p=28346"},"modified":"2014-06-24T15:03:56","modified_gmt":"2014-06-24T13:03:56","slug":"protest-wyborczy","status":"publish","type":"post","link":"https:\/\/grzegorzjaszczura.pl\/?p=28346","title":{"rendered":"Protest wyborczy"},"content":{"rendered":"<p style=\"text-align: justify;\"><a href=\"http:\/\/grzegorzjaszczura.pl\/http:\/\/grzegorzjaszczura.pl\/wp-content\/uploads\/2014\/06\/SKMBT_C20314060908030.jpg\"><img loading=\"lazy\" decoding=\"async\" class=\"alignleft size-thumbnail wp-image-28366\" alt=\"SKMBT_C20314060908030\" src=\"http:\/\/grzegorzjaszczura.pl\/http:\/\/grzegorzjaszczura.pl\/wp-content\/uploads\/2014\/06\/SKMBT_C20314060908030-150x150.jpg\" width=\"150\" height=\"150\" \/><\/a>Dzisiaj zamieszcz\u0119 protest wyborczy podwa\u017caj\u0105cy cz\u0119\u015bciowo wyniki ostatnich wybor\u00f3w do <span style=\"color: #ff0000;\">Unioparlamentu<\/span>. Robi\u0119 to troch\u0119 <em>pro forma<\/em>, bo kiedy\u015b sam wykry\u0142em niechlujstwo w komisji wyborczej i <em>nota bene<\/em> wygra\u0142em spraw\u0119 po stosownym prote\u015bcie w trakcie zamiejscowego (w <strong>D\u0105browie G\u00f3rniczej<\/strong>) posiedzenia <strong>S\u0105du Najwy\u017cszego<\/strong>, co oczywi\u015bcie nie spowodowa\u0142o uniewa\u017cnienia wybor\u00f3w w okr\u0119gu wyborczym nr 32 (Sosnowiec), czego \u017c\u0105da\u0142em. Ale zawsze<!--more--> mo\u017cna im powiedzie\u0107, \u017ce oszukali.<\/p>\n<p style=\"text-align: justify;\">Protest, kt\u00f3ry dzisiaj przedstawi\u0119 jest oparty na fakcie zbyt du\u017cej ilo\u015bci g\u0142os\u00f3w niewa\u017cnych. Podobny protest sk\u0142adali\u015bmy jako <strong>K<span style=\"color: #ff0000;\">N<\/span><span style=\"color: #0000ff;\">P<\/span><\/strong><strong><\/strong>, robi\u0142 to <strong>J. Korwin-Mikke<\/strong>, gdy zauwa\u017cono zatrwa\u017caj\u0105co du\u017co niewa\u017cnych g\u0142os\u00f3w w wyborach samorz\u0105dowych w <strong>2010 r.<\/strong>, w wojew\u00f3dztwie mazowieckim.<strong><a href=\"http:\/\/wpolityce.pl\/polityka\/119632-alarmujaca-analiza-w-sprawie-wyborow-samorzadowych-dlaczego-w-woj-mazowieckiem-wyborcy-stawiali-masowo-dwa-krzyzyki\"> Zobacz.<\/a><\/strong> <a href=\"http:\/\/www.wykop.pl\/ramka\/902361\/korwin-mikke-oskarza-psl-o-falszowanie-wyborow\/\"><strong>Zobacz.<\/strong> <\/a>oraz <strong><a href=\"http:\/\/polska.newsweek.pl\/psl-falszowalo-wybory--korwin-mikke-donosi,83009,1,1.html\">Tutaj.<\/a><\/strong><\/p>\n<p style=\"text-align: justify;\">M\u00f3j protest, o kt\u00f3rym wspomnia\u0142em, by\u0142 z\u0142o\u017cony <strong>12.10.2005 r.<\/strong> i dotyczy\u0142 wybor\u00f3w do Polskiego <strong>Sejmu<\/strong>. Jest opisany tutaj: <a href=\"http:\/\/grzegorzjaszczura.pl\/?p=4106#more-4106\">http:\/\/grzegorzjaszczura.pl\/?p=4106#more-4106<\/a>. W trakcie przegl\u0105dania kart do g\u0142osowania, ju\u017c w trakcie rozprawy, rzeczywi\u015bcie wtedy stwierdzi\u0142em jedno: ilo\u015b\u0107 g\u0142os\u00f3w niewa\u017cnych by\u0142a stosunkowo du\u017ca i dotyczy\u0142a w\u00f3wczas dw\u00f3ch komitet\u00f3w wyborczych, mianowicie <strong>Platformy Janusza Korwin-Mikke<\/strong> i <strong>PIS<\/strong>-u. Dlatego uwa\u017cam, \u017ce zawsze co\u015b jest na rzeczy.<\/p>\n<p style=\"text-align: justify;\"><strong><em>Ad meritum.<\/em><\/strong> Przedstawiam <strong>zawiadomienie<\/strong> p. <strong>Tadeusza Strzeleckiego<\/strong> (mieszka\u0144ca i wyborc\u0119 z D\u0105browy G\u00f3rniczej) <strong>do<\/strong> Prokuratora Generalnego p. <strong>Andrzeja Seremeta<\/strong>:<\/p>\n<p style=\"text-align: justify;\"><span style=\"color: #0000ff;\"><span style=\"text-decoration: underline;\">&#8222;Dzia\u0142aj\u0105c w oparciu o obowi\u0105zek jaki wynika z Art. 304<\/span> [Zawiadomienie o przest\u0119pstwie] \u00a7 l k.k. w okoliczno\u015bciach, kiedy to po wys\u0142uchaniu konferencji prasowej w programie \u201eTYP Info&#8221; w dniu 26.05.2014 ok. godz. 21:15 na temat oficjalnych wynik\u00f3w wybor\u00f3w do Parlamentu Europejskiego przeprowadzonych na terenie R.P. w dniu 25 maja br. <b><i><span style=\"text-decoration: underline;\">dowiedzia\u0142em si\u0119 po dokonaniu stosownej<\/span> <\/i><\/b>analizy przekazanych informacji, <b><i><span style=\"text-decoration: underline;\">\u017ce zachodzi wysokie prawdopodobie\u0144stwo <\/span><\/i><\/b>realizacji czynno\u015bci \u201eprodukowania g\u0142os\u00f3w&#8221; \u201eex lege&#8221; niewa\u017cnych w ilo\u015bci pozwalaj\u0105cych stwierdzi\u0107 <b><i><span style=\"text-decoration: underline;\">i\u017c mieli\u015bmy do czynienia z kwalifikowanym typem fa\u0142szowania wynik\u00f3w wybor\u00f3w <\/span><\/i><\/b>(patrz Art. 248 pkt 2 w zw. z pkt 3) <b><i><span style=\"text-decoration: underline;\">poprzez, \u201ewyprodukowanie&#8221; g\u0142os\u00f3w niewa\u017cnych<\/span> <\/i><\/b>w my\u015bl ustawy z 23 stycznia 2004 r &#8211; Ordynacja Wyborcza do Parlamentu Europejskiego (Dz. <i>U. <\/i>Nr 25 p\u00f3z 219) w ilo\u015bci, kt\u00f3ra zaburzy\u0142a relacje arytmetyczne jakie wynika\u0142y z podanej na konferencji r\u00f3\u017cnicy pomi\u0119dzy wynikami wyborczymi ugrupowa\u0144 politycznych Platformy Obywatelskiej (PO) i Prawa i Sprawiedliwo\u015bci (PiS).<\/span><\/p>\n<p style=\"text-align: justify;\"><span style=\"color: #0000ff;\">Przechodz\u0105c do meritum nale\u017cy zauwa\u017cy\u0107, \u017ce r\u00f3\u017cnica (PO) &#8211; (PiS) = 0,35% sprowadza si\u0119 do ok. 24 tys. g\u0142os\u00f3w, tymczasem liczba g\u0142os\u00f3w \u201eex lege&#8221; niewa\u017cnych to ok. 240 tys. g\u0142os\u00f3w.<\/span><\/p>\n<p style=\"text-align: justify;\"><span style=\"color: #0000ff;\"><b><i>Je\u015bli liczba niewa\u017cnych g\u0142os\u00f3w przypadaj\u0105cych na PiS (co nale\u017cy zbada\u0107 w trakcie post\u0119powania przygotowawczego) b\u0119dzie ostro wi\u0119ksza od 0,35% <\/i><\/b><b>~ <i>24 tys. g\u0142os\u00f3w to oczywistym musi by\u0107 wniosek, \u017ce PO nie jest zwyci\u0119zc\u0105 w tych wyborach.<\/i><\/b><\/span><\/p>\n<p style=\"text-align: justify;\"><span style=\"color: #0000ff;\">W sytuacji jak wy\u017cej sporz\u0105dzenie i przekazanie niniejszego zawiadomienia staje si\u0119 nie tylko obowi\u0105zkiem, lecz prawn\u0105 konieczno\u015bci\u0105, kt\u00f3ra implikuje poni\u017csze postulaty, o kt\u00f3re wnosi zawiadamiaj\u0105cy:<\/span><\/p>\n<p style=\"text-align: justify;\"><span style=\"color: #0000ff;\">1. Zabezpieczenie materia\u0142u dowodowego b\u0119d\u0105cego w dyspozycji Pa\u0144stwowej Komisji Wyborczej w Warszawie.<\/span><\/p>\n<p style=\"text-align: justify;\"><span style=\"color: #0000ff;\">2.\u00a0\u00a0 Dopuszczenie dowodu z opinii bieg\u0142ego z zakresu matematyki na okoliczno\u015b\u0107 poprawno\u015bci rozumowania jakie przedstawi\u0142 Zawiadamiaj\u0105cy na str. (l -=- 2) &#8211; rozumowanie oparte na rachunku zda\u0144.<\/span><\/p>\n<p style=\"text-align: justify;\"><span style=\"color: #0000ff;\">3.\u00a0\u00a0 Anulowanie wynik\u00f3w wyborczych i powt\u00f3rzenie procedury wyborczej w tych komisjach w kt\u00f3rych wielko\u015b\u0107 g\u0142os\u00f3w niewa\u017cnych ostro przekroczy\u0142a ~ 2,4 tys. g\u0142os\u00f3w (tworz\u0105cych r\u00f3\u017cnice 0,35% pomi\u0119dzy PO i PiS)<\/span><\/p>\n<p style=\"text-align: justify;\"><span style=\"color: #0000ff;\">4.\u00a0\u00a0 Skierowa\u0107 post\u0119powanie w kierunku wyja\u015bnienia jak to si\u0119 sta\u0142o i\u017c PKW w dobie wysoko zaawansowanej komputeryzacji potrzebowa\u0142a a\u017c 24 godzin na policzenie g\u0142os\u00f3w na skale kraju.<\/span><\/p>\n<p style=\"text-align: justify;\"><span style=\"color: #0000ff;\">5.\u00a0\u00a0 Skierowa\u0107 post\u0119powania w kierunku wyja\u015bnienia jak dosz\u0142o do \u201eprzeoczenia&#8221; przez PKW (gremium fachowc\u00f3w) zaburzenia takiej relacji jak\u0105 \u201ewy\u0142apa\u0142&#8221; zawiadamiaj\u0105cy.<\/span><\/p>\n<p style=\"text-align: justify;\"><span style=\"color: #0000ff;\">Je\u015bli badania w kierunku pkt 4 i 5 oka\u017c\u0105 si\u0119 skuteczne to mo\u017ce doprowadzi\u0107 do konieczno\u015bci rozpoznania w kierunku:<\/span><\/p>\n<p style=\"text-align: justify;\"><span style=\"color: #0000ff;\">a)\u00a0 korupcji wyborczej<\/span><\/p>\n<p style=\"text-align: justify;\"><span style=\"color: #0000ff;\">b)\u00a0 fa\u0142szerstwa intelektualnego<\/span><\/p>\n<p style=\"text-align: justify;\"><span style=\"color: #0000ff;\">c)\u00a0 przest\u0119pstwa urz\u0119dniczego.&#8221;<\/span><\/p>\n<p style=\"text-align: justify;\">oraz <strong>uzasadnienie<\/strong>:<\/p>\n<p style=\"text-align: justify;\"><span style=\"color: #0000ff;\">&#8222;W ramach uzasadnienia podnosi si\u0119, i\u017c rodzajowy przedmiot ochrony to prawid\u0142owy i zgodny z przepisami prawa spos\u00f3b przeprowadzenia wybor\u00f3w.<\/span><\/p>\n<p style=\"text-align: justify;\"><span style=\"color: #0000ff;\">Zdaniem zawiadamiaj\u0105cego ma to bardzo istotne znaczenie z punktu widzenia przestrzegania zasad demokratycznego pa\u0144stwa prawnego jakim jest Rzeczypospolita Polska [vide: art. 2 Konstytucji R.P.]<\/span><\/p>\n<p style=\"text-align: justify;\"><span style=\"color: #0000ff;\">W zwi\u0105zku z tym istnieje ugruntowana potrzeba zapewnienia prawnokarnej ochrony prawid\u0142owego przebiegu wybor\u00f3w.<\/span><\/p>\n<p style=\"text-align: justify;\"><span style=\"color: #0000ff;\">Ponadto podkre\u015bla si\u0119 w uzasadnieniu, \u017ce odno\u015bnie rodzajowej tej grupy przepis\u00f3w (dotycz\u0105cych m. in. zawiadomienia) podlegaj\u0105 prawa wyborcze i zwi\u0105zane z nimi interes spo\u0142eczny wyra\u017caj\u0105cy si\u0119 w legalno\u015bci i zgodnymi z zasadami demokracji w przeprowadzeniu wybor\u00f3w.<\/span><\/p>\n<p style=\"text-align: justify;\"><span style=\"color: #0000ff;\">Niniejsze zawiadomienie jest zgodne z przedmiotem ochrony okre\u015blonym w wart. 248 \u00a7 2 i 3 kk.<\/span><\/p>\n<p style=\"text-align: justify;\"><span style=\"color: #0000ff;\">W szczeg\u00f3lno\u015bci zawiadomienie ujawnia zar\u00f3wno mechanizm jak i skutki \u0142amania czynno\u015bci zwi\u0105zanych z realizacj\u0105 praw wyborczych okre\u015blonych zar\u00f3wno w Konstytucji jak i poszczeg\u00f3lnych ordynacjach wyborczych.<\/span><\/p>\n<p style=\"text-align: justify;\"><span style=\"color: #0000ff;\">Niniejsze zawiadomienie jest tym bardziej zasadne, poniewa\u017c art. 248 k.k. w szczeg\u00f3lno\u015bci chroni w uj\u0119ciu prawnokarnym wszystkie dzia\u0142ania wymienione w dyspozycji przepisu, kt\u00f3re dotycz\u0105 przygotowania i przeprowadzenia wybor\u00f3w, a tak\u017ce &#8222;produkcji&#8221; g\u0142os\u00f3w niewa\u017cnych.<\/span><\/p>\n<p style=\"text-align: justify;\"><span style=\"color: #0000ff;\">W uzasadnieniu podnosi si\u0119 ca\u0142o\u015b\u0107 strony przedmiotowej przest\u0119pstwa przeanalizowanego w art. 248 k.k. a b\u0119d\u0105cego obj\u0119tego niniejszym zawiadomieniem w tym u\u017cyciu podst\u0119pu, niszczenia, uszkadzaniu, ukrywaniu, <span style=\"text-decoration: underline;\">przerabianiu<\/span> lub podrabianiu protoko\u0142\u00f3w [produkcja g\u0142os\u00f3w niewa\u017cnych] w stanowi formy sprawcze fa\u0142szowaniu wynik\u00f3w wybor\u00f3w.<\/span><\/p>\n<p style=\"text-align: justify;\"><span style=\"color: #0000ff;\">W ramach argumentacji uzasadnienia nale\u017cy podnie\u015b\u0107 z zamiarem bezpo\u015brednim i\u017c sprawcy dzia\u0142aj\u0105 w spos\u00f3b \u015bwiadomy zmierzaj\u0105c kierunkowo do fa\u0142szowania wynik\u00f3w wybor\u00f3w.<\/span><\/p>\n<p style=\"text-align: justify;\"><span style=\"color: #0000ff;\">W ramach \u201econclusus finis&#8221; pozwalam sobie zauwa\u017cy\u0107, \u017ce Zawiadomienie jest zasadne i zas\u0142uguje na rozpatrzenie i zbadanie w kierunkach wskazanych na wst\u0119pie.<\/span><\/p>\n<p style=\"text-align: justify;\"><span style=\"color: #0000ff;\">Szczeg\u00f3\u0142owa analiza materia\u0142\u00f3w PKW zostanie uzupe\u0142niona po ich zamieszczeniu przez PKW w ca\u0142o\u015bci.&#8221;<\/span><\/p>\n<p style=\"text-align: right;\"><em><strong>Tadeusz Strzelecki<\/strong><\/em><\/p>\n<p style=\"text-align: justify;\"><a href=\"http:\/\/grzegorzjaszczura.pl\/http:\/\/grzegorzjaszczura.pl\/wp-content\/uploads\/2014\/06\/SKMBT_C20314060908020.jpg\"><img loading=\"lazy\" decoding=\"async\" class=\"alignleft size-thumbnail wp-image-28367\" alt=\"SKMBT_C20314060908020\" src=\"http:\/\/grzegorzjaszczura.pl\/http:\/\/grzegorzjaszczura.pl\/wp-content\/uploads\/2014\/06\/SKMBT_C20314060908020-150x150.jpg\" width=\"150\" height=\"150\" \/><\/a><a href=\"http:\/\/grzegorzjaszczura.pl\/http:\/\/grzegorzjaszczura.pl\/wp-content\/uploads\/2014\/06\/SKMBT_C20314060908021.jpg\"><img loading=\"lazy\" decoding=\"async\" class=\"alignleft size-thumbnail wp-image-28368\" alt=\"SKMBT_C20314060908021\" src=\"http:\/\/grzegorzjaszczura.pl\/http:\/\/grzegorzjaszczura.pl\/wp-content\/uploads\/2014\/06\/SKMBT_C20314060908021-150x150.jpg\" width=\"150\" height=\"150\" \/><\/a><span style=\"color: #0000ff;\"><strong>Ps<\/strong><\/span> Zawiadomienie zosta\u0142o na dzie\u0144 dzisiejszy przyj\u0119te i skierowane do badania przez <strong>Prokuratur\u0119 Okr\u0119gow\u0105<\/strong> w Warszawie.<\/p>\n<p style=\"text-align: justify;\"><span style=\"color: #0000ff;\"><strong>Ps Ps<\/strong> <\/span>Polecam tak\u017ce artyku\u0142 <strong>Tomasza Cukiernika<\/strong> z <span style=\"color: #0000ff;\"><strong>&#8222;Najwy\u017cszego Czasu&#8221;<\/strong><\/span> (nr 1255 z dn. 07.06.2014 r.), zatytu\u0142owany <strong><em>&#8222;Fa\u0142szowanie wynik\u00f3w wybor\u00f3w&#8221;<\/em><\/strong>. Wszystkie te &#8222;przypadki&#8221; wsp\u00f3\u0142graj\u0105 z moim starym <em>przypadkiem<\/em> ze Strzemieszyc (z obwodowej komisji wyborczej nr 64, ul. Obro\u0144c\u00f3w Pokoju 7, z 2005 roku). W tym \u015bwietle i kontek\u015bcie uwa\u017cam, podobnie jak prezes <strong>J. Korwin-Mikke<\/strong>, \u017ce <strong>Kongres <span style=\"color: #ff0000;\">Nowej<\/span> <span style=\"color: #0000ff;\">Prawicy<\/span><\/strong> m\u00f3g\u0142 osi\u0105gn\u0105\u0107 lepszy wynik wyborczy. Wszyscy przecie\u017c pami\u0119taj\u0105, wydobywaj\u0105cy si\u0119 z lewackich medi\u00f3w, jad nienawi\u015bci do <strong>K<span style=\"color: #ff0000;\">N<\/span><span style=\"color: #0000ff;\">P<\/span><\/strong>, kt\u00f3ry prosz\u0119 zauwa\u017cy\u0107 po\u0142\u0105czy\u0142 wszystkich okr\u0105g\u0142osto\u0142owc\u00f3w! Ich festiwal nienawi\u015bci trwa zreszt\u0105 nadal. <span style=\"color: #0000ff;\"><strong>Ale prawda, szczeg\u00f3lnie w\u015br\u00f3d nieuzale\u017cnionej od lewactwa m\u0142odzie\u017cy si\u0119 przebija i zwyci\u0119\u017cy!<\/strong><\/span><\/p>\n<p style=\"text-align: justify;\"><a href=\"http:\/\/grzegorzjaszczura.pl\/http:\/\/grzegorzjaszczura.pl\/wp-content\/uploads\/2014\/06\/nr-1255-2.jpg\"><img loading=\"lazy\" decoding=\"async\" class=\"alignleft size-thumbnail wp-image-28373\" alt=\"nr-1255 (2)\" src=\"http:\/\/grzegorzjaszczura.pl\/http:\/\/grzegorzjaszczura.pl\/wp-content\/uploads\/2014\/06\/nr-1255-2-150x150.jpg\" width=\"150\" height=\"150\" \/><\/a><a href=\"http:\/\/grzegorzjaszczura.pl\/http:\/\/grzegorzjaszczura.pl\/wp-content\/uploads\/2014\/06\/nr-1255-3.jpg\"><img loading=\"lazy\" decoding=\"async\" class=\"alignleft size-thumbnail wp-image-28374\" alt=\"nr-1255 (3)\" src=\"http:\/\/grzegorzjaszczura.pl\/http:\/\/grzegorzjaszczura.pl\/wp-content\/uploads\/2014\/06\/nr-1255-3-150x150.jpg\" width=\"150\" height=\"150\" \/><\/a><\/p>\n<p style=\"text-align: justify;\">\n","protected":false},"excerpt":{"rendered":"<p>Dzisiaj zamieszcz\u0119 protest wyborczy podwa\u017caj\u0105cy cz\u0119\u015bciowo wyniki ostatnich wybor\u00f3w do Unioparlamentu. Robi\u0119 to troch\u0119 pro forma, bo kiedy\u015b sam wykry\u0142em niechlujstwo w komisji wyborczej i nota bene wygra\u0142em spraw\u0119 po stosownym prote\u015bcie w trakcie zamiejscowego (w D\u0105browie G\u00f3rniczej) posiedzenia S\u0105du Najwy\u017cszego, co oczywi\u015bcie nie spowodowa\u0142o uniewa\u017cnienia wybor\u00f3w w okr\u0119gu wyborczym nr 32 (Sosnowiec), czego \u017c\u0105da\u0142em. [&hellip;]<\/p>\n","protected":false},"author":2,"featured_media":0,"comment_status":"open","ping_status":"open","sticky":false,"template":"","format":"standard","meta":{"_monsterinsights_skip_tracking":false,"_monsterinsights_sitenote_active":false,"_monsterinsights_sitenote_note":"","_monsterinsights_sitenote_category":0,"footnotes":""},"categories":[3],"tags":[],"class_list":["post-28346","post","type-post","status-publish","format-standard","hentry","category-polityczne"],"_links":{"self":[{"href":"https:\/\/grzegorzjaszczura.pl\/index.php?rest_route=\/wp\/v2\/posts\/28346","targetHints":{"allow":["GET"]}}],"collection":[{"href":"https:\/\/grzegorzjaszczura.pl\/index.php?rest_route=\/wp\/v2\/posts"}],"about":[{"href":"https:\/\/grzegorzjaszczura.pl\/index.php?rest_route=\/wp\/v2\/types\/post"}],"author":[{"embeddable":true,"href":"https:\/\/grzegorzjaszczura.pl\/index.php?rest_route=\/wp\/v2\/users\/2"}],"replies":[{"embeddable":true,"href":"https:\/\/grzegorzjaszczura.pl\/index.php?rest_route=%2Fwp%2Fv2%2Fcomments&post=28346"}],"version-history":[{"count":42,"href":"https:\/\/grzegorzjaszczura.pl\/index.php?rest_route=\/wp\/v2\/posts\/28346\/revisions"}],"predecessor-version":[{"id":28498,"href":"https:\/\/grzegorzjaszczura.pl\/index.php?rest_route=\/wp\/v2\/posts\/28346\/revisions\/28498"}],"wp:attachment":[{"href":"https:\/\/grzegorzjaszczura.pl\/index.php?rest_route=%2Fwp%2Fv2%2Fmedia&parent=28346"}],"wp:term":[{"taxonomy":"category","embeddable":true,"href":"https:\/\/grzegorzjaszczura.pl\/index.php?rest_route=%2Fwp%2Fv2%2Fcategories&post=28346"},{"taxonomy":"post_tag","embeddable":true,"href":"https:\/\/grzegorzjaszczura.pl\/index.php?rest_route=%2Fwp%2Fv2%2Ftags&post=28346"}],"curies":[{"name":"wp","href":"https:\/\/api.w.org\/{rel}","templated":true}]}}