{"id":29035,"date":"2014-08-23T17:46:52","date_gmt":"2014-08-23T15:46:52","guid":{"rendered":"http:\/\/grzegorzjaszczura.pl\/?p=29035"},"modified":"2014-08-23T18:57:03","modified_gmt":"2014-08-23T16:57:03","slug":"ii-slaski-piknik-knp","status":"publish","type":"post","link":"https:\/\/grzegorzjaszczura.pl\/?p=29035","title":{"rendered":"II \u015al\u0105ski Piknik KNP"},"content":{"rendered":"<p style=\"text-align: justify;\"><a href=\"http:\/\/grzegorzjaszczura.pl\/http:\/\/grzegorzjaszczura.pl\/wp-content\/uploads\/2014\/08\/CAM01817.jpg\"><img loading=\"lazy\" decoding=\"async\" class=\"alignleft size-thumbnail wp-image-29044\" alt=\"CAM01817\" src=\"http:\/\/grzegorzjaszczura.pl\/http:\/\/grzegorzjaszczura.pl\/wp-content\/uploads\/2014\/08\/CAM01817-150x150.jpg\" width=\"150\" height=\"150\" \/><\/a>Oddzia\u0142 katowicki regionu \u015bl\u0105sko-d\u0105browskiego <strong>K<span style=\"color: #ff0000;\">N<\/span><span style=\"color: #0000ff;\">P<\/span><\/strong> zorganizowa\u0142<strong> II<\/strong> ju\u017c <strong>Piknik<\/strong> z <strong>Kongresem <span style=\"color: #ff0000;\">Nowej<\/span> <span style=\"color: #0000ff;\">Prawicy<\/span><\/strong>. Odby\u0142 si\u0119 w on dniach 22-23 sierpnia na <strong>Ska\u0142ce<\/strong> w <strong>\u015awi\u0119toch\u0142owicach<\/strong>. G\u0142\u00f3wnym organizatorem by\u0142a wiceprezes oddzia\u0142u kol. <strong>Beata Banasiewicz<\/strong>. Go\u015bciem najwa\u017cniejszym pikniku by\u0142 prezes partii p. <strong>Janusz Korwin-Mikke<\/strong>. Opr\u00f3cz niego zjawili si\u0119<!--more--> na <strong>G\u00f3rnym \u015al\u0105sku<\/strong> cz\u0142onkowie w\u0142adz partii, m.in. wiceprezes <strong>P. Najzer<\/strong>, Sekretarz Generalny <strong>A. Ozi\u0119b\u0142o<\/strong>, <a href=\"http:\/\/grzegorzjaszczura.pl\/http:\/\/grzegorzjaszczura.pl\/wp-content\/uploads\/2014\/08\/DSCF9298.jpg\"><img loading=\"lazy\" decoding=\"async\" class=\"alignleft size-thumbnail wp-image-29065\" alt=\"DSCF9298\" src=\"http:\/\/grzegorzjaszczura.pl\/http:\/\/grzegorzjaszczura.pl\/wp-content\/uploads\/2014\/08\/DSCF9298-150x150.jpg\" width=\"150\" height=\"150\" \/><\/a>cz\u0142onkowie oddzia\u0142\u00f3w nie tylko z naszego wojew\u00f3dztwa (w tym <span style=\"color: #008000;\"><strong>Zag\u0142\u0119bia D\u0105browskiego<\/strong>)<\/span>, ale i z <strong>Warszawy<\/strong>,<strong> Krakowa<\/strong>,<strong> \u0141odzi <\/strong>czy <strong>Radomia<\/strong>. Przepraszam je\u017celi kogo\u015b pomin\u0105\u0142em. W sumie chyba grubo ponad 100 os\u00f3b.<\/p>\n<p style=\"text-align: justify;\"><a href=\"http:\/\/grzegorzjaszczura.pl\/http:\/\/grzegorzjaszczura.pl\/wp-content\/uploads\/2014\/08\/CAM01826.jpg\"><img loading=\"lazy\" decoding=\"async\" class=\"alignleft size-thumbnail wp-image-29060\" alt=\"CAM01826\" src=\"http:\/\/grzegorzjaszczura.pl\/http:\/\/grzegorzjaszczura.pl\/wp-content\/uploads\/2014\/08\/CAM01826-150x150.jpg\" width=\"150\" height=\"150\" \/><\/a>Nowy unioeuropose\u0142 z <strong>K<span style=\"color: #ff0000;\">N<\/span><span style=\"color: #0000ff;\">P <\/span><\/strong><span style=\"color: #000000;\">p.<strong> Janusz Korwin-Mikke<\/strong><\/span> rozpocz\u0105\u0142 spotkanie ludzi <strong>Prawicy<\/strong> kr\u00f3tkim wyk\u0142adem o zasadach prawicy i przyczynach braku rozwoju i uwstecznienia cywilizacyjnego, jakiego jeste\u015bmy przecie\u017c \u015bwiadkami. <strong>Przyczyn\u0105 jest oczywi\u015bcie demokracja i rz\u0105dy lewicy.<\/strong> Nie mo\u017ce by\u0107 inaczej, poniewa\u017c jeszcze przy okr\u0105g\u0142ym stole ustalono, \u017ce prawica nigdy nie dojdzie w Polsce do w\u0142adzy. Ze wzgl\u0119du na olbrzymie \u015brodki, tak\u017ce finansowe, jakie <em>nota bene<\/em> przej\u0119to od wszystkich Polak\u00f3w, to ustalenie okr\u0105g\u0142osto\u0142owe jest realizowane. Prosz\u0119 zauwa\u017cy\u0107, \u017ce wszystkie <span style=\"color: #ff0000;\">partie postokr\u0105g\u0142osto\u0142owe<\/span> jednocz\u0105 si\u0119 w jednym temacie, tzn. gdy prawica (czyli <strong>Kongres <span style=\"color: #ff0000;\">Nowej<\/span> <span style=\"color: #0000ff;\">Prawicy<\/span><\/strong>) \u017c\u0105da likwidacji koryta, nape\u0142nianego z podatk\u00f3w wszystkich obywateli. Tylko dziwnie, \u017ce \u017cr\u0105 z koryta tylko wybrane lewicowe opcje i polityko-urz\u0119dnicy. Niestety reszta \u017cyje w ustroju niewolniczym, w kt\u00f3rym prawie \u017ce nic nie jest prywatn\u0105 w\u0142asno\u015bci\u0105,\u00a0 jak w daleko zaawansowanej komunie!<\/p>\n<p style=\"text-align: justify;\">Prezes <strong>J. Korwin-Mikke<\/strong> wspomnia\u0142 np. o konieczno\u015bci likwidacji Ministerstwa Edukacji i uwolnienia si\u0119 wszystkich spod okupacji biurw i przepis\u00f3w. <a href=\"https:\/\/www.youtube.com\/watch?v=g9Ie9fwDsGA\"><strong>Wi\u0119cej tutaj.<\/strong><\/a><\/p>\n<p style=\"text-align: justify;\"><a href=\"http:\/\/grzegorzjaszczura.pl\/http:\/\/grzegorzjaszczura.pl\/wp-content\/uploads\/2014\/08\/CAM01832.jpg\"><img loading=\"lazy\" decoding=\"async\" class=\"alignleft size-thumbnail wp-image-29058\" alt=\"CAM01832\" src=\"http:\/\/grzegorzjaszczura.pl\/http:\/\/grzegorzjaszczura.pl\/wp-content\/uploads\/2014\/08\/CAM01832-150x150.jpg\" width=\"150\" height=\"150\" \/><\/a>Z Radomia przyjecha\u0142 pan <strong>Waldemar<\/strong> <strong>Rajca<\/strong>, kiedy\u015b bloger roku w internecie. Polecam zreszt\u0105 gor\u0105co <strong><a href=\"http:\/\/waldemar-rajca.blog.onet.pl\/\">jego bloga<\/a><\/strong>. Tak to jest, \u017ce od konwentu do pikniku czy <strong>Marszu <\/strong><a href=\"http:\/\/korwin-mikke.pl\/polska\/zobacz\/marsz_wolnosci_i_suwerennosci_przeszedl_ulicami_warszawy\/83989\">Wolno\u015bci i<strong> Suwerenno\u015bci<\/strong><\/a> mo\u017cna spotka\u0107 prawdziwych ludzi Prawicy i nie za\u0142ama\u0107 si\u0119. Dobrze jest tak\u017ce nie ogl\u0105da\u0107 telewizji pos\u0142uguj\u0105cych si\u0119 j\u0119zykiem polskim, co ka\u017cdemu Polakowi polecam.<\/p>\n<p style=\"text-align: justify;\">To mo\u017ce tak kr\u00f3tko. Jeszcze kilka zdj\u0119\u0107 z pikniku:<\/p>\n<p style=\"text-align: justify;\"><a href=\"http:\/\/grzegorzjaszczura.pl\/http:\/\/grzegorzjaszczura.pl\/wp-content\/uploads\/2014\/08\/CAM01811.jpg\"><img loading=\"lazy\" decoding=\"async\" class=\"alignleft size-thumbnail wp-image-29062\" alt=\"CAM01811\" src=\"http:\/\/grzegorzjaszczura.pl\/http:\/\/grzegorzjaszczura.pl\/wp-content\/uploads\/2014\/08\/CAM01811-150x150.jpg\" width=\"150\" height=\"150\" \/><\/a><a href=\"http:\/\/grzegorzjaszczura.pl\/http:\/\/grzegorzjaszczura.pl\/wp-content\/uploads\/2014\/08\/CAM01812.jpg\"><img loading=\"lazy\" decoding=\"async\" class=\"alignleft size-thumbnail wp-image-29063\" alt=\"CAM01812\" src=\"http:\/\/grzegorzjaszczura.pl\/http:\/\/grzegorzjaszczura.pl\/wp-content\/uploads\/2014\/08\/CAM01812-150x150.jpg\" width=\"150\" height=\"150\" \/><\/a><\/p>\n","protected":false},"excerpt":{"rendered":"<p>Oddzia\u0142 katowicki regionu \u015bl\u0105sko-d\u0105browskiego KNP zorganizowa\u0142 II ju\u017c Piknik z Kongresem Nowej Prawicy. Odby\u0142 si\u0119 w on dniach 22-23 sierpnia na Ska\u0142ce w \u015awi\u0119toch\u0142owicach. G\u0142\u00f3wnym organizatorem by\u0142a wiceprezes oddzia\u0142u kol. Beata Banasiewicz. Go\u015bciem najwa\u017cniejszym pikniku by\u0142 prezes partii p. Janusz Korwin-Mikke. Opr\u00f3cz niego zjawili si\u0119<\/p>\n","protected":false},"author":2,"featured_media":0,"comment_status":"open","ping_status":"open","sticky":false,"template":"","format":"standard","meta":{"_monsterinsights_skip_tracking":false,"_monsterinsights_sitenote_active":false,"_monsterinsights_sitenote_note":"","_monsterinsights_sitenote_category":0,"footnotes":""},"categories":[3],"tags":[],"class_list":["post-29035","post","type-post","status-publish","format-standard","hentry","category-polityczne"],"_links":{"self":[{"href":"https:\/\/grzegorzjaszczura.pl\/index.php?rest_route=\/wp\/v2\/posts\/29035","targetHints":{"allow":["GET"]}}],"collection":[{"href":"https:\/\/grzegorzjaszczura.pl\/index.php?rest_route=\/wp\/v2\/posts"}],"about":[{"href":"https:\/\/grzegorzjaszczura.pl\/index.php?rest_route=\/wp\/v2\/types\/post"}],"author":[{"embeddable":true,"href":"https:\/\/grzegorzjaszczura.pl\/index.php?rest_route=\/wp\/v2\/users\/2"}],"replies":[{"embeddable":true,"href":"https:\/\/grzegorzjaszczura.pl\/index.php?rest_route=%2Fwp%2Fv2%2Fcomments&post=29035"}],"version-history":[{"count":27,"href":"https:\/\/grzegorzjaszczura.pl\/index.php?rest_route=\/wp\/v2\/posts\/29035\/revisions"}],"predecessor-version":[{"id":29068,"href":"https:\/\/grzegorzjaszczura.pl\/index.php?rest_route=\/wp\/v2\/posts\/29035\/revisions\/29068"}],"wp:attachment":[{"href":"https:\/\/grzegorzjaszczura.pl\/index.php?rest_route=%2Fwp%2Fv2%2Fmedia&parent=29035"}],"wp:term":[{"taxonomy":"category","embeddable":true,"href":"https:\/\/grzegorzjaszczura.pl\/index.php?rest_route=%2Fwp%2Fv2%2Fcategories&post=29035"},{"taxonomy":"post_tag","embeddable":true,"href":"https:\/\/grzegorzjaszczura.pl\/index.php?rest_route=%2Fwp%2Fv2%2Ftags&post=29035"}],"curies":[{"name":"wp","href":"https:\/\/api.w.org\/{rel}","templated":true}]}}