{"id":29069,"date":"2014-09-02T08:41:11","date_gmt":"2014-09-02T06:41:11","guid":{"rendered":"http:\/\/grzegorzjaszczura.pl\/?p=29069"},"modified":"2014-09-04T09:03:14","modified_gmt":"2014-09-04T07:03:14","slug":"rondo-zolnierzy-wykletych","status":"publish","type":"post","link":"https:\/\/grzegorzjaszczura.pl\/?p=29069","title":{"rendered":"Rondo \u017bo\u0142nierzy Wykl\u0119tych"},"content":{"rendered":"<p><a href=\"http:\/\/grzegorzjaszczura.pl\/http:\/\/grzegorzjaszczura.pl\/wp-content\/uploads\/2014\/09\/CAM019351.jpg\"><img loading=\"lazy\" decoding=\"async\" class=\"alignleft size-thumbnail wp-image-29081\" alt=\"CAM01935\" src=\"http:\/\/grzegorzjaszczura.pl\/http:\/\/grzegorzjaszczura.pl\/wp-content\/uploads\/2014\/09\/CAM019351-150x150.jpg\" width=\"150\" height=\"150\" \/><\/a><span style=\"color: #000080;\"><strong>&#8222;Czy si\u0119 kiedy\u015b zagoi ta blizna<\/strong><\/span><\/p>\n<p><span style=\"color: #000080;\"><strong>Czy goreje jak krwawe \u0142uczywo?<\/strong><\/span><\/p>\n<p><span style=\"color: #000080;\"><strong>Czy si\u0119 wreszcie zdob\u0119dzie Ojczyzna<\/strong><\/span><\/p>\n<p><span style=\"color: #000080;\"><strong>By uznaniem zap\u0142aci\u0107 za mi\u0142o\u015b\u0107?&#8221;<\/strong><\/span><\/p>\n<p style=\"text-align: right;\"><em>z wiersza &#8222;Andrzeja&#8221; Gawro\u0144skiego, Melbourne, 06.1981<!--more--><\/em><\/p>\n<p style=\"text-align: justify;\">Sygna\u0142y dochodz\u0105ce od lewicowych w\u0142adz miasta, w tym postkomunistycznego pana prezydenta <strong>Zb. Podrazy<\/strong> (<span style=\"color: #ff0000;\">SLD<\/span>), w temacie realizacji uchwa\u0142y <strong>Rady Miasta<\/strong> nadania skrzy\u017cowaniu ul. <strong>Tadeusza<\/strong> <strong>Ko\u015bciuszki<\/strong> z ul.<strong> Jana III Sobieskiego<\/strong>, w paracentrum D\u0105browy G\u00f3rniczej, imienia <strong><span style=\"color: #0000ff;\">Rondo \u017bo\u0142nierzy Wykl\u0119tych<\/span><\/strong> by\u0142y dosy\u0107 niepokoj\u0105ce. <a href=\"http:\/\/grzegorzjaszczura.pl\/http:\/\/grzegorzjaszczura.pl\/wp-content\/uploads\/2014\/09\/CAM01895.jpg\"><img loading=\"lazy\" decoding=\"async\" class=\"alignleft size-thumbnail wp-image-29095\" alt=\"CAM01895\" src=\"http:\/\/grzegorzjaszczura.pl\/http:\/\/grzegorzjaszczura.pl\/wp-content\/uploads\/2014\/09\/CAM01895-150x150.jpg\" width=\"150\" height=\"150\" \/><\/a>Jednak\u017ce pod naciskiem <strong>\u015brodowisk patriotyczno-wolno\u015bciowych<\/strong> doczekali\u015bmy si\u0119 (<a href=\"https:\/\/www.youtube.com\/watch?v=SmR7p_vNZfA\">zobacz tak\u017ce<\/a>). <strong>W dniu 1 wrze\u015bnia dosz\u0142o w ko\u0144cu do uroczysto\u015bci, w trakcie kt\u00f3rej przypomniano pami\u0119\u0107 tych, co walczyli z <span style=\"color: #ff0000;\">okupantem komunistycznym &#8211; sowieckim<\/span>, a tak\u017ce <span style=\"color: #ff0000;\">okupantem socjalistycznym &#8211; hitlerowskim<\/span> w trakcie II Wojny \u015awiatowej, jak i po jej &#8222;oficjalnym&#8221; zako\u0144czeniu.<\/strong> O uchwale Rady Miasta <a href=\"http:\/\/grzegorzjaszczura.pl\/?p=27490#more-27490\"><strong>pisa\u0142em tutaj<\/strong><\/a> ju\u017c kilka miesi\u0119cy temu. Jeszcze lepszym terminem na nadanie takiej nazwy wg mnie by\u0142by dzie\u0144 <strong>17 wrze\u015bnia<\/strong>, czyli pami\u0119tny dzie\u0144 agresji <span style=\"color: #ff0000;\">sowieckiej<\/span> na nasze ziemie, ale do tego lewicowe w\u0142adze D\u0105browy G. prawdopodobnie ju\u017c by nie dopu\u015bci\u0142y.<\/p>\n<p style=\"text-align: justify;\"><a href=\"http:\/\/grzegorzjaszczura.pl\/http:\/\/grzegorzjaszczura.pl\/wp-content\/uploads\/2014\/09\/CAM01919.jpg\"><img loading=\"lazy\" decoding=\"async\" class=\"alignleft size-thumbnail wp-image-29100\" alt=\"CAM01919\" src=\"http:\/\/grzegorzjaszczura.pl\/http:\/\/grzegorzjaszczura.pl\/wp-content\/uploads\/2014\/09\/CAM01919-150x150.jpg\" width=\"150\" height=\"150\" \/><\/a>Uroczysto\u015bci, oczywi\u015bcie nie na skal\u0119 nadania przez postkomunist\u00f3w, nazwy pseudorondu w Go\u0142onogu im. Ronda Budowniczych Huty Katowice ( \ud83d\ude42 ) i tak mia\u0142y powa\u017cny charakter, i co podkre\u015bli\u0142bym bardzo patriotyczny wyd\u017awi\u0119k. W czasie gdy, po utraceniu ju\u017c suwerenno\u015bci Polski w wyniku podpisania <a href=\"http:\/\/grzegorzjaszczura.pl\/?p=756#more-756\"><span style=\"color: #ff0000;\"><strong>Traktatu Lizbo\u0144skiego<\/strong><\/span><\/a> nast\u0119puje stopniowa utrata niepodleg\u0142o\u015bci w parapa\u0144stwie, jakim jest <span style=\"color: #ff0000;\"><strong>Unia Europejska<\/strong><span style=\"color: #000000;\">,<\/span><\/span> nabiera to symbolicznego znaczenia. <a href=\"http:\/\/grzegorzjaszczura.pl\/http:\/\/grzegorzjaszczura.pl\/wp-content\/uploads\/2014\/09\/CAM01942.jpg\"><img loading=\"lazy\" decoding=\"async\" class=\"alignleft size-thumbnail wp-image-29087\" alt=\"CAM01942\" src=\"http:\/\/grzegorzjaszczura.pl\/http:\/\/grzegorzjaszczura.pl\/wp-content\/uploads\/2014\/09\/CAM01942-150x150.jpg\" width=\"150\" height=\"150\" \/><\/a>Zainteresowanie <span style=\"color: #0000ff;\"><strong>Rondem \u017bo\u0142nierzy Wykl\u0119tych<\/strong><\/span> by\u0142o du\u017ce, a sam przebieg uroczysto\u015bci bardzo podnios\u0142y <strong>i oby za tym sz\u0142y dalsze kroki dezubekizacyjne w naszym mie\u015bcie. Bowiem czekaj\u0105 zar\u00f3wno do usuni\u0119cia <a href=\"http:\/\/grzegorzjaszczura.pl\/?p=3680#more-3680\"><span style=\"color: #ff0000;\">pomniki sowieckie<\/span><\/a>, jak i nale\u017ca\u0142oby zmieni\u0107 <a href=\"http:\/\/grzegorzjaszczura.pl\/?p=23753#more-23753\">nazwy ulic <\/a>propaguj\u0105ce <span style=\"color: #ff0000;\">sowiet\u00f3w<span style=\"color: #000000;\">,<\/span><\/span> w tym zbrodniarzy.<\/strong> Tym bardziej, \u017ce nazw ulic promuj\u0105cych zbrodniarzy faszystowskich, tj. <span style=\"color: #ff0000;\">socjalist\u00f3w narodowych niemieckich<\/span> nie znam w D\u0105browie G\u00f3rniczej.<\/p>\n<p style=\"text-align: justify;\"><a href=\"http:\/\/grzegorzjaszczura.pl\/http:\/\/grzegorzjaszczura.pl\/wp-content\/uploads\/2014\/09\/CAM01910.jpg\"><img loading=\"lazy\" decoding=\"async\" class=\"alignleft size-thumbnail wp-image-29092\" alt=\"CAM01910\" src=\"http:\/\/grzegorzjaszczura.pl\/http:\/\/grzegorzjaszczura.pl\/wp-content\/uploads\/2014\/09\/CAM01910-150x150.jpg\" width=\"150\" height=\"150\" \/><\/a>Jeszcze przed uroczysto\u015bci\u0105 nadania nazwy g\u0142\u00f3wnemu skrzy\u017cowaniu w <strong>D\u0105browie G\u00f3rniczej<\/strong> mo\u017cna by\u0142o zapozna\u0107 si\u0119 z wystaw\u0105 po\u015bwi\u0119con\u0105 <strong>\u017bo\u0142nierzom Wykl\u0119tym &#8211; Niez\u0142omnym<\/strong>, przygotowan\u0105 przez krewn\u0105 jednego z nich, tj. ppor. <strong>Zdzis\u0142awa Badochy<\/strong> pseudonim &#8222;<strong>\u017belazny&#8221;<\/strong>, pani\u0105<strong> Dorot\u0119 Knapik-Tylec<\/strong>. Kiedy\u015b byli\u015bmy jednymi z pierwszych, kt\u00f3rzy opisali jego przepi\u0119kn\u0105 kart\u0119 walki z <span style=\"color: #ff0000;\">okupantem sowieckim<\/span> w naszej gazecie <strong>&#8222;Zag\u0142\u0119bie Wolno\u015bci Pismo Konserwatywne&#8221;<\/strong>. <a href=\"http:\/\/grzegorzjaszczura.pl\/http:\/\/grzegorzjaszczura.pl\/wp-content\/uploads\/2014\/09\/Z.Badocha-cz.1.jpg\"><img loading=\"lazy\" decoding=\"async\" class=\"alignleft size-thumbnail wp-image-29116\" alt=\"Z.Badocha-cz.1\" src=\"http:\/\/grzegorzjaszczura.pl\/http:\/\/grzegorzjaszczura.pl\/wp-content\/uploads\/2014\/09\/Z.Badocha-cz.1-150x150.jpg\" width=\"150\" height=\"150\" \/><\/a>W\u0142a\u015bnie <strong>\u017belazny<\/strong> urodzi\u0142 si\u0119 w <strong>D\u0105browie G\u00f3rniczej<\/strong>. Do tego tematu jeszcze powr\u00f3c\u0119 na blogu. Tu sw\u00f3j du\u017cy udzia\u0142 mia\u0142a tak\u017ce m\u0142odzie\u017c\u00f3wka <strong>Kongresu <span style=\"color: #ff0000;\">Nowej<\/span> <span style=\"color: #0000ff;\">Prawicy<\/span><\/strong> oddzia\u0142u d\u0105browskiego. <em>Nota bene<\/em> zar\u00f3wno stoisko z naszymi materia\u0142ami partyjnymi jak i poczet wystawiony przez oddzia\u0142 d\u0105browski <strong>K<span style=\"color: #ff0000;\">N<\/span><span style=\"color: #0000ff;\">P<\/span><\/strong> wygl\u0105da\u0142 bardzo dobrze i cieszy\u0142 si\u0119 du\u017cym, pozytywnym zainteresowaniem mieszka\u0144c\u00f3w <span style=\"color: #008000;\"><strong>Zag\u0142\u0119bia D\u0105browskiego<\/strong><\/span>. Co podkre\u015blam nie bez rado\u015bci. Zreszt\u0105 <strong>Kongres <span style=\"color: #ff0000;\">Nowej<\/span> <span style=\"color: #0000ff;\">Prawicy<\/span><\/strong> by\u0142 jedyn\u0105 parti\u0105, kt\u00f3ra wystawi\u0142a sw\u00f3j poczet. Stanowili\u015bmy widoczn\u0105 i liczn\u0105 grup\u0119. W\u0142a\u015bciwie to tylko wida\u0107 by\u0142o jeszcze <span style=\"color: #800080;\"><strong>Prawo i Sprawiedliwo\u015b\u0107<\/strong><\/span>. Z formacji socjalisty proniemieckiego pana <strong>D. Tuska<\/strong>, tj. <span style=\"color: #ff0000;\">Platformy Obywatelskiej<\/span> nikt z Parlamentarzyst\u00f3w czy radnych miejskich nie raczy\u0142 si\u0119 pofatygowa\u0107, ale przecie\u017c oni s\u0105 ju\u017c <span style=\"color: #ff0000;\">Unioeuropejczykami<\/span> jak my\u015bl\u0119.<\/p>\n<p style=\"text-align: justify;\"><a href=\"http:\/\/grzegorzjaszczura.pl\/http:\/\/grzegorzjaszczura.pl\/wp-content\/uploads\/2014\/09\/CAM01940.jpg\"><img loading=\"lazy\" decoding=\"async\" class=\"alignleft size-thumbnail wp-image-29103\" alt=\"CAM01940\" src=\"http:\/\/grzegorzjaszczura.pl\/http:\/\/grzegorzjaszczura.pl\/wp-content\/uploads\/2014\/09\/CAM01940-150x150.jpg\" width=\"150\" height=\"150\" \/><\/a><a href=\"http:\/\/grzegorzjaszczura.pl\/http:\/\/grzegorzjaszczura.pl\/wp-content\/uploads\/2014\/09\/CAM01960.jpg\"><img loading=\"lazy\" decoding=\"async\" class=\"alignleft size-thumbnail wp-image-29104\" alt=\"CAM01960\" src=\"http:\/\/grzegorzjaszczura.pl\/http:\/\/grzegorzjaszczura.pl\/wp-content\/uploads\/2014\/09\/CAM01960-150x150.jpg\" width=\"150\" height=\"150\" \/><\/a><\/p>\n","protected":false},"excerpt":{"rendered":"<p>&#8222;Czy si\u0119 kiedy\u015b zagoi ta blizna Czy goreje jak krwawe \u0142uczywo? Czy si\u0119 wreszcie zdob\u0119dzie Ojczyzna By uznaniem zap\u0142aci\u0107 za mi\u0142o\u015b\u0107?&#8221; z wiersza &#8222;Andrzeja&#8221; Gawro\u0144skiego, Melbourne, 06.1981<\/p>\n","protected":false},"author":2,"featured_media":0,"comment_status":"open","ping_status":"open","sticky":false,"template":"","format":"standard","meta":{"_monsterinsights_skip_tracking":false,"_monsterinsights_sitenote_active":false,"_monsterinsights_sitenote_note":"","_monsterinsights_sitenote_category":0,"footnotes":""},"categories":[3],"tags":[],"class_list":["post-29069","post","type-post","status-publish","format-standard","hentry","category-polityczne"],"_links":{"self":[{"href":"https:\/\/grzegorzjaszczura.pl\/index.php?rest_route=\/wp\/v2\/posts\/29069","targetHints":{"allow":["GET"]}}],"collection":[{"href":"https:\/\/grzegorzjaszczura.pl\/index.php?rest_route=\/wp\/v2\/posts"}],"about":[{"href":"https:\/\/grzegorzjaszczura.pl\/index.php?rest_route=\/wp\/v2\/types\/post"}],"author":[{"embeddable":true,"href":"https:\/\/grzegorzjaszczura.pl\/index.php?rest_route=\/wp\/v2\/users\/2"}],"replies":[{"embeddable":true,"href":"https:\/\/grzegorzjaszczura.pl\/index.php?rest_route=%2Fwp%2Fv2%2Fcomments&post=29069"}],"version-history":[{"count":49,"href":"https:\/\/grzegorzjaszczura.pl\/index.php?rest_route=\/wp\/v2\/posts\/29069\/revisions"}],"predecessor-version":[{"id":29128,"href":"https:\/\/grzegorzjaszczura.pl\/index.php?rest_route=\/wp\/v2\/posts\/29069\/revisions\/29128"}],"wp:attachment":[{"href":"https:\/\/grzegorzjaszczura.pl\/index.php?rest_route=%2Fwp%2Fv2%2Fmedia&parent=29069"}],"wp:term":[{"taxonomy":"category","embeddable":true,"href":"https:\/\/grzegorzjaszczura.pl\/index.php?rest_route=%2Fwp%2Fv2%2Fcategories&post=29069"},{"taxonomy":"post_tag","embeddable":true,"href":"https:\/\/grzegorzjaszczura.pl\/index.php?rest_route=%2Fwp%2Fv2%2Ftags&post=29069"}],"curies":[{"name":"wp","href":"https:\/\/api.w.org\/{rel}","templated":true}]}}