{"id":29130,"date":"2014-09-17T20:03:03","date_gmt":"2014-09-17T18:03:03","guid":{"rendered":"http:\/\/grzegorzjaszczura.pl\/?p=29130"},"modified":"2024-09-16T08:18:46","modified_gmt":"2024-09-16T06:18:46","slug":"17-wrzesnia","status":"publish","type":"post","link":"https:\/\/grzegorzjaszczura.pl\/?p=29130","title":{"rendered":"17 wrze\u015bnia"},"content":{"rendered":"<p style=\"text-align: justify;\"><a href=\"http:\/\/grzegorzjaszczura.pl\/http:\/\/grzegorzjaszczura.pl\/wp-content\/uploads\/2012\/09\/KNP-Zaglebie-Dabrowskie.jpg\"><img loading=\"lazy\" decoding=\"async\" class=\"alignnone size-thumbnail wp-image-67130\" src=\"http:\/\/grzegorzjaszczura.pl\/http:\/\/grzegorzjaszczura.pl\/wp-content\/uploads\/2012\/09\/KNP-Zaglebie-Dabrowskie-150x150.jpg\" alt=\"\" width=\"150\" height=\"150\" \/><\/a>W zwi\u0105zku z kolejn\u0105 rocznic\u0105 napa\u015bci <span style=\"color: #ff0000;\"><strong>Zwi\u0105zku Sowieckiego<\/strong><\/span> na <strong>Polsk\u0119<\/strong>, co mia\u0142o miejsce <strong>17 wrze\u015bnia 1939 r.<\/strong>, cz\u0142onkowie i sympatycy <strong>oddzia\u0142u d\u0105browskiego Regionu \u015al\u0105sko-D\u0105browskiego Kongresu <span style=\"color: #ff0000;\">Nowej<\/span> <span style=\"color: #0000ff;\">Prawicy<\/span><\/strong> postanowili z\u0142o\u017cy\u0107 pismo do w\u0142adz miasta z pro\u015bb\u0105 o usuni\u0119cie symboli <span style=\"color: #ff0000;\">Armii Czerwonej<\/span> z D\u0105browy G\u00f3rniczej. Za chwil\u0119 tre\u015b\u0107 pisma z\u0142o\u017conego do radnych <strong>Rady Miasta<\/strong> na r\u0119ce Przewodnicz\u0105cego Rady Miasta<!--more--> pani<strong> A. Pasternak<\/strong> (<span style=\"color: #ff0000;\">SLD<\/span>, <span style=\"color: #ff0000;\">SdPL<\/span>), chcia\u0142bym tylko doda\u0107, \u017ce wtedy (w 1939 r.) agresja<strong> <span style=\"color: #000000;\">Niemc\u00f3w<\/span><\/strong> i <span style=\"color: #ff0000;\"><strong>Sowiet\u00f3w<\/strong><\/span> na Polsk\u0119 sko\u0144czy\u0142a si\u0119 IV rozbiorem Polski. Pami\u0119tajmy o tym, tak jak 1 wrze\u015bnia pami\u0119tali uczestnicy nadania skrzy\u017cowaniu w paracentrum naszego Miasta im. <span style=\"color: #0000ff;\"><strong>Rondo \u017bo\u0142nierzy Wykl\u0119tych<\/strong><\/span>. <a href=\"https:\/\/www.youtube.com\/watch?v=prE2oR0KaWw&amp;list=UU72Q46oTfSS7LSLi3hz5Hgw\"><strong>Zobacz<\/strong><\/a>, <a href=\"http:\/\/grzegorzjaszczura.pl\/?p=29069#more-29069\"><strong>a tak\u017ce<\/strong><\/a>.<\/p>\n<p style=\"text-align: justify;\">Pomniki sowieckie w D\u0105browie G\u00f3rniczej opisywa\u0142em na blogu we wpisie <strong><a href=\"http:\/\/grzegorzjaszczura.pl\/?p=3680#more-3680\">&#8222;d\u0105browskie pomniki ha\u0144by&#8221;<\/a><\/strong>.<\/p>\n<p><strong>A teraz ju\u017c tre\u015b\u0107 pisma:<\/strong><\/p>\n<p style=\"text-align: right;\"><span style=\"color: #0000ff;\"><em>&#8222;D\u0105browa G\u00f3rnicza, dn. 17.09.2014 r. <\/em><\/span><\/p>\n<p style=\"text-align: right;\" align=\"right\"><strong><span style=\"color: #0000ff;\"><em>Radni Rady Miasta D\u0105browa G\u00f3rnicza<\/em><\/span><\/strong><\/p>\n<p style=\"text-align: right;\" align=\"right\"><span style=\"color: #0000ff;\"><em>na r\u0119ce Przewodnicz\u0105cego Rady Miasta w D\u0105browie G\u00f3rniczej<\/em><\/span><\/p>\n<p style=\"text-align: right;\" align=\"right\"><span style=\"color: #0000ff;\"><em>pani Agnieszki Pasternak<\/em><\/span><\/p>\n<p style=\"text-align: justify;\"><span style=\"color: #0000ff;\"><em><a href=\"http:\/\/grzegorzjaszczura.pl\/http:\/\/grzegorzjaszczura.pl\/wp-content\/uploads\/2014\/09\/1-page-001.jpg\"><img loading=\"lazy\" decoding=\"async\" class=\"alignleft size-thumbnail wp-image-29270\" src=\"http:\/\/grzegorzjaszczura.pl\/http:\/\/grzegorzjaszczura.pl\/wp-content\/uploads\/2014\/09\/1-page-001-150x150.jpg\" alt=\"1-page-001\" width=\"150\" height=\"150\" \/><\/a>W zwi\u0105zku z przypadaj\u0105c\u0105 dzisiaj rocznic\u0105 zbrojnej napa\u015bci <strong>ZSRS<\/strong> na Polsk\u0119 17 wrze\u015bnia 1939 r., <b>oddzia\u0142 D\u0105browski<\/b> <b>Kongresu Nowej Prawicy<\/b>, wraz z <b>Sekcj\u0105 M\u0142odzie\u017cow\u0105 Kongresu Nowej Prawicy<\/b> w D\u0105browie G\u00f3rniczej zwraca si\u0119 z wnioskiem do w\u0142adz miasta o podj\u0119cie decyzji o usuni\u0119ciu pomnik\u00f3w &#8211; symboli Armii Czerwonej z D\u0105browy G\u00f3rniczej.<\/em><\/span><\/p>\n<p style=\"text-align: justify;\"><span style=\"color: #0000ff;\"><em><strong>Wrzesie\u0144 1939 roku<\/strong> \u2013 Polacy m\u0119\u017cnie i z honorem stawiaj\u0105 op\u00f3r niemieckiemu agresorowi, odwag\u0105 i zaanga\u017cowaniem staraj\u0105 si\u0119 wyr\u00f3wna\u0107 dysproporcje w uzbrojeniu i liczebno\u015bci wojsk, w\u00f3wczas 17 wrze\u015bnia <strong>Zwi\u0105zek Sowiecki<\/strong> zadaje im druzgoc\u0105cy cios w plecy, przekraczaj\u0105c granic\u0119 bez formalnego wypowiedzenia wojny. Sytuacja jest beznadziejna \u2013 kolejny raz Polacy maj\u0105 do czynienia z atakiem ze wschodu i zachodu.<\/em><\/span><\/p>\n<p style=\"text-align: justify;\"><span style=\"color: #0000ff;\"><em>Powodem napa\u015bci podawanym przez <strong>Zwi\u0105zek Sowiecki<\/strong> by\u0142 niezgodny z prawd\u0105, rozpad Pa\u0144stwa Polskiego i ucieczka polskiego rz\u0105du &#8211; co zaciekle utrwalane by\u0142o w czasach quasirepubliki sowieckiej, tj. PRL &#8211; jak wiemy, kolejno\u015b\u0107 zdarze\u0144 by\u0142a odwrotna.<\/em><\/span><\/p>\n<p style=\"text-align: justify;\"><span style=\"color: #0000ff;\"><em><strong>Sowieci dokonywali licznych zbrodni wojennych, morduj\u0105c je\u0144c\u00f3w wojennych oraz ludno\u015b\u0107 cywiln\u0105.<\/strong> Przemierzali polskie tereny jak szara\u0144cza rabuj\u0105c domy, sklepy, dzie\u0142a sztuki, ko\u015bcio\u0142y, maszyny \u2013 doprowadzaj\u0105c \u00a0tym samym do pauperyzacji spo\u0142ecze\u0144stwa.<\/em><\/span><\/p>\n<p style=\"text-align: justify;\"><span style=\"color: #0000ff;\"><em>Nast\u0119pnie, podczas kontrataku <strong>ZSRS<\/strong> na <strong>III Rzesz\u0119<\/strong>, Armia Czerwona \u201ewyzwala\u0142a\u201d polskie ziemie, przynosz\u0105c Polakom nowy totalitaryzm, tak naprawd\u0119 zmieniaj\u0105c okupanta hitlerowskiego na sowieckiego. Pok\u0142osiem tego by\u0142o powstanie Polskiej Rzeczpospolitej Ludowej, marionetkowego pa\u0144stwa, zale\u017cnego od Moskwy.<\/em><\/span><\/p>\n<p style=\"text-align: justify;\"><span style=\"color: #0000ff;\"><em>W <strong>D\u0105browie G\u00f3rniczej<\/strong> znajduje si\u0119 wiele pomnik\u00f3w upami\u0119tniaj\u0105cych Armi\u0119 Czerwon\u0105, kt\u00f3ra od 1945 roku by\u0142a de facto armi\u0105 okupacyjn\u0105, stacjonuj\u0105c\u0105 w Polsce a\u017c do 1992 roku.<\/em><\/span><\/p>\n<p style=\"text-align: justify;\"><span style=\"color: #0000ff;\"><em>To tej w\u0142a\u015bnie armii, poprzednie w\u0142adze, serwilistycznej wobec Moskwy Republiki Ludowej wystawi\u0142y dzi\u0119kczynne pomniki. Dwuznaczne wydaje si\u0119 utrzymywanie mitu &#8222;wyzwole\u0144czego&#8221; Armii Czerwonej i oddawanie jej ho\u0142du i czci, kiedy konstytucja RP zabrania propagowania faszyzmu, hitleryzmu czy komunizmu. Armia Czerwona by\u0142a organem partii komunistycznej <strong>Zwi\u0105zku Sowieckiego<\/strong> maj\u0105cym za zadanie si\u0142owe, po trupach,\u00a0wprowadzenie rewolucji komunistycznej w Europie i na \u015bwiecie. <strong>Upokarzaj\u0105ce dla mieszka\u0144c\u00f3w tak znanego z postaw patriotycznych\u00a0miasta, jak D\u0105browa G\u00f3rnicza, jest pozostawienie pomnik\u00f3w \u0142amania praw cz\u0142owieka z pod znaku sierpa i m\u0142ota.<\/strong><\/em><\/span><\/p>\n<p style=\"text-align: justify;\"><span style=\"color: #0000ff;\"><em>W obecnej chwili, zw\u0142aszcza po ostatnich zaj\u015bciach w Gruzji i na Ukrainie, dla wszystkich jest jasne jaki charakter ma \u201ewyzwalanie\u201d przez Armi\u0119 Czerwon\u0105. <b>Dlatego wnosimy o podj\u0119cie przez Rad\u0119 Miasta uchwa\u0142y o rozbi\u00f3rce tych symbolicznych budowli.<\/b><\/em><\/span><\/p>\n<p style=\"text-align: justify;\"><span style=\"text-decoration: underline;\"><span style=\"color: #0000ff;\"><em>W SZCZEG\u00d3LNO\u015aCI DOTYCZY TO POMNIK\u00d3W W :<\/em><\/span><\/span><\/p>\n<p style=\"text-align: justify;\"><span style=\"color: #0000ff;\"><em>&#8211; Strzemieszycach Wielkich (pomnik wdzi\u0119czno\u015bci \u201ePoleg\u0142ym Bohaterom Czerwonej Armii\u201d znajduj\u0105cy si\u0119 przy Bazylice Naj\u015bwi\u0119tszego Serca Pana Jezusa),<\/em><\/span><\/p>\n<p style=\"text-align: justify;\"><span style=\"color: #0000ff;\"><em>&#8211; Strzemieszycach Ma\u0142ych (na \u015awierczynie pomnik ku czci Armii Czerwonej), <\/em><\/span><\/p>\n<p style=\"text-align: justify;\"><span style=\"color: #0000ff;\"><em>&#8211; \u0141o\u015bniu (pomnik ku czci Armii Czerwonej),<br \/>\n<\/em><\/span><\/p>\n<p style=\"text-align: justify;\"><span style=\"color: #0000ff;\"><em>&#8211; Go\u0142onogu (pomnik \u201eBohaterom Armii Czerwonej\u201d, przy ul. Pi\u0142sudskiego)<br \/>\n<\/em><\/span><\/p>\n<p style=\"text-align: justify;\"><span style=\"color: #0000ff;\"><em>&#8211; \u0141\u0119ce \u2013 Otaczarni (Bohaterom Armii Czerwonej).<b><br \/>\n<\/b><\/em><\/span><\/p>\n<p style=\"text-align: justify;\"><span style=\"color: #0000ff;\"><em><b>W sytuacji, kiedy wreszcie odk\u0142amujemy histori\u0119 i upami\u0119tniamy \u017co\u0142nierzy Polskiej Armii Krajowej, kt\u00f3rzy oddali \u017cycie w walce z czerwonoarmistami, niegodne jest dalsze czczenie tych drugich.&#8221;<\/b><\/em><\/span><\/p>\n<p style=\"text-align: justify;\"><a href=\"http:\/\/grzegorzjaszczura.pl\/http:\/\/grzegorzjaszczura.pl\/wp-content\/uploads\/2014\/09\/10675724_530528373743813_7348201698187225895_n.jpg\"><img loading=\"lazy\" decoding=\"async\" class=\"alignleft size-thumbnail wp-image-29327\" src=\"http:\/\/grzegorzjaszczura.pl\/http:\/\/grzegorzjaszczura.pl\/wp-content\/uploads\/2014\/09\/10675724_530528373743813_7348201698187225895_n-150x150.jpg\" alt=\"10675724_530528373743813_7348201698187225895_n\" width=\"150\" height=\"150\" \/><\/a><a href=\"http:\/\/grzegorzjaszczura.pl\/http:\/\/grzegorzjaszczura.pl\/wp-content\/uploads\/2014\/09\/10670093_530528220410495_8042471503134332776_n.jpg\"><img loading=\"lazy\" decoding=\"async\" class=\"alignleft size-thumbnail wp-image-29328\" src=\"http:\/\/grzegorzjaszczura.pl\/http:\/\/grzegorzjaszczura.pl\/wp-content\/uploads\/2014\/09\/10670093_530528220410495_8042471503134332776_n-150x150.jpg\" alt=\"10670093_530528220410495_8042471503134332776_n\" width=\"150\" height=\"150\" \/><\/a><\/p>\n<p><b>\u00a0<\/b><\/p>\n","protected":false},"excerpt":{"rendered":"<p>W zwi\u0105zku z kolejn\u0105 rocznic\u0105 napa\u015bci Zwi\u0105zku Sowieckiego na Polsk\u0119, co mia\u0142o miejsce 17 wrze\u015bnia 1939 r., cz\u0142onkowie i sympatycy oddzia\u0142u d\u0105browskiego Regionu \u015al\u0105sko-D\u0105browskiego Kongresu Nowej Prawicy postanowili z\u0142o\u017cy\u0107 pismo do w\u0142adz miasta z pro\u015bb\u0105 o usuni\u0119cie symboli Armii Czerwonej z D\u0105browy G\u00f3rniczej. Za chwil\u0119 tre\u015b\u0107 pisma z\u0142o\u017conego do radnych Rady Miasta na r\u0119ce Przewodnicz\u0105cego [&hellip;]<\/p>\n","protected":false},"author":2,"featured_media":0,"comment_status":"open","ping_status":"open","sticky":false,"template":"","format":"standard","meta":{"_monsterinsights_skip_tracking":false,"_monsterinsights_sitenote_active":false,"_monsterinsights_sitenote_note":"","_monsterinsights_sitenote_category":0,"footnotes":""},"categories":[3],"tags":[],"class_list":["post-29130","post","type-post","status-publish","format-standard","hentry","category-polityczne"],"_links":{"self":[{"href":"https:\/\/grzegorzjaszczura.pl\/index.php?rest_route=\/wp\/v2\/posts\/29130","targetHints":{"allow":["GET"]}}],"collection":[{"href":"https:\/\/grzegorzjaszczura.pl\/index.php?rest_route=\/wp\/v2\/posts"}],"about":[{"href":"https:\/\/grzegorzjaszczura.pl\/index.php?rest_route=\/wp\/v2\/types\/post"}],"author":[{"embeddable":true,"href":"https:\/\/grzegorzjaszczura.pl\/index.php?rest_route=\/wp\/v2\/users\/2"}],"replies":[{"embeddable":true,"href":"https:\/\/grzegorzjaszczura.pl\/index.php?rest_route=%2Fwp%2Fv2%2Fcomments&post=29130"}],"version-history":[{"count":23,"href":"https:\/\/grzegorzjaszczura.pl\/index.php?rest_route=\/wp\/v2\/posts\/29130\/revisions"}],"predecessor-version":[{"id":68654,"href":"https:\/\/grzegorzjaszczura.pl\/index.php?rest_route=\/wp\/v2\/posts\/29130\/revisions\/68654"}],"wp:attachment":[{"href":"https:\/\/grzegorzjaszczura.pl\/index.php?rest_route=%2Fwp%2Fv2%2Fmedia&parent=29130"}],"wp:term":[{"taxonomy":"category","embeddable":true,"href":"https:\/\/grzegorzjaszczura.pl\/index.php?rest_route=%2Fwp%2Fv2%2Fcategories&post=29130"},{"taxonomy":"post_tag","embeddable":true,"href":"https:\/\/grzegorzjaszczura.pl\/index.php?rest_route=%2Fwp%2Fv2%2Ftags&post=29130"}],"curies":[{"name":"wp","href":"https:\/\/api.w.org\/{rel}","templated":true}]}}