{"id":29186,"date":"2014-09-23T13:54:14","date_gmt":"2014-09-23T11:54:14","guid":{"rendered":"http:\/\/grzegorzjaszczura.pl\/?p=29186"},"modified":"2014-09-23T13:54:14","modified_gmt":"2014-09-23T11:54:14","slug":"odezwa-do-mieszkancow-dabrowy-gorniczej","status":"publish","type":"post","link":"https:\/\/grzegorzjaszczura.pl\/?p=29186","title":{"rendered":"Odezwa do mieszka\u0144c\u00f3w D\u0105browy G\u00f3rniczej"},"content":{"rendered":"<p style=\"text-align: justify;\"><strong>Dzisiaj tylko tre\u015b\u0107 odezwy do mieszka\u0144c\u00f3w D\u0105browy G\u00f3rniczej. To takie przygotowanie mieszka\u0144c\u00f3w do wybor\u00f3w samorz\u0105dowych, kt\u00f3re odb\u0119d\u0105 si\u0119 16 listopada tr.<\/strong><\/p>\n<p style=\"text-align: justify;\"><em><span style=\"color: #000080;\">&#8222;<strong>My ni\u017cej podpisani, wyra\u017camy du\u017ce zaniepokojenie dotychczasowymi metodami zarz\u0105dzania naszym Miastem, stosowanymi przez obecnego Prezydenta i jego otoczenie, kt\u00f3re cechuj\u0105 m.in. lekcewa\u017cenie gospodarno\u015bci i jej ekonomicznych podstaw zawartych w bud\u017cecie Miasta.<\/strong> <\/span><\/em><\/p>\n<p style=\"text-align: justify;\"><em><span style=\"color: #000080;\">Przyj\u0119ty przez W\u0142odarzy Miasta model rozwoju<!--more--> to przede wszystkim prezentowanie D\u0105browy G\u00f3rniczej poprzez trawniczki, chodniczki oraz r\u00f3\u017cnego rodzaju \u201eigrzyska\u201d jak festyny, dyskoteki, koncerty. Imprezy te generuj\u0105 koszty, kt\u00f3re musz\u0105 finansowa\u0107 podatnicy, czyli my &#8211; Mieszka\u0144cy.<\/span><\/em><\/p>\n<p style=\"text-align: justify;\"><em><span style=\"color: #000080;\"> <b>Powiedzmy sobie otwarcie:<\/b><\/span><\/em><\/p>\n<p style=\"text-align: justify;\"><em><span style=\"color: #000080;\"><b>miasto wydaje pieni\u0105dze w wielu przypadkach bez rozs\u0105dnego rachunku ekonomicznego i w\u0142a\u015bciwej hierarchii potrzeb.<\/b><\/span><\/em><\/p>\n<p style=\"text-align: justify;\"><em><span style=\"color: #000080;\">W zaistnia\u0142ej sytuacji kierujemy do Pa\u0144stwa apel o zwr\u00f3cenie uwagi na spos\u00f3b, celowo\u015b\u0107 i ekonomiczne uzasadnienie wydawanych przez ekip\u0119 obecnego Prezydenta publicznych pieni\u0119dzy. W tym celu prosimy, by za\u017c\u0105dali Pa\u0144stwo od Prezydenta udzielenia publicznie odpowiedzi na kilka poni\u017cszych pyta\u0144: <\/span><\/em><\/p>\n<p style=\"text-align: justify;\"><em><span style=\"color: #000080;\"><b><a href=\"http:\/\/grzegorzjaszczura.pl\/http:\/\/grzegorzjaszczura.pl\/wp-content\/uploads\/2014\/09\/CAM01358.jpg\"><img loading=\"lazy\" decoding=\"async\" class=\"alignleft size-thumbnail wp-image-29197\" alt=\"CAM01358\" src=\"http:\/\/grzegorzjaszczura.pl\/http:\/\/grzegorzjaszczura.pl\/wp-content\/uploads\/2014\/09\/CAM01358-150x150.jpg\" width=\"150\" height=\"150\" \/><\/a>Dlaczego pan Prezydent<\/b> <strong>nie zweryfikowa\u0142<\/strong> w my\u015bl prawomocnego wyroku (S\u0105du Najwy\u017cszego w Warszawie i S\u0105du Apelacyjnego w Katowicach) <strong>ceny kontraktowej budynku Centrum Administracji<\/strong> (wyrok wskazuje, i\u017c kontrakt na projekt, budow\u0119 i eksploatacj\u0119 tego obiektu w wersji pierwotnej jest obarczony wad\u0105 niewa\u017cno\u015bci, a zatem i cena kontraktowa jest r\u00f3wnie\u017c wadliwa i wymaga stosownej korekty przy udziale stron kontraktu, tj. Gminy i firmy Mitex S.A. (obecnie Eiffage Polska Budownictwo S.A.)?<\/span><\/em><\/p>\n<p style=\"text-align: justify;\"><em><span style=\"color: #000080;\"><b><a href=\"http:\/\/grzegorzjaszczura.pl\/http:\/\/grzegorzjaszczura.pl\/wp-content\/uploads\/2014\/09\/Zdj\u0119cie2198.jpg\"><img loading=\"lazy\" decoding=\"async\" class=\"alignleft size-thumbnail wp-image-29198\" alt=\"Zdj\u0119cie2198\" src=\"http:\/\/grzegorzjaszczura.pl\/http:\/\/grzegorzjaszczura.pl\/wp-content\/uploads\/2014\/09\/Zdj\u0119cie2198-150x150.jpg\" width=\"150\" height=\"150\" \/><\/a>Dlaczego pan Prezydent<\/b> nie rozliczy\u0142 budowy Aqua Parku \u2013 \u201eNemo Wodny \u015awiat\u201d oraz Hali Widowiskowo Sportowej (<b>r\u00f3\u017cnice koszt\u00f3w tych obiekt\u00f3w si\u0119gaj\u0105 ok. 15 mln z\u0142<\/b>)?<\/span><\/em><\/p>\n<p style=\"text-align: justify;\"><em><span style=\"color: #000080;\"><b>Dlaczego pan Prezydent<\/b> nie skorzysta\u0142 z mo\u017cliwo\u015bci wniesienia pozwu do S\u0105du Okr\u0119gowego w Katowicach poprzez Prokuratur\u0119 Okr\u0119gow\u0105 w Katowicach o:<\/span><\/em><\/p>\n<p style=\"text-align: justify;\"><em><span style=\"color: #000080;\"><b>ustalenie niewa\u017cno\u015bci kontraktu z niemieck\u0105 Sp\u00f3\u0142k\u0105 Aqua GmbH, dotycz\u0105cego prywatyzacji cz\u0119\u015bci <a href=\"http:\/\/grzegorzjaszczura.pl\/http:\/\/grzegorzjaszczura.pl\/wp-content\/uploads\/2014\/09\/201305081836.jpg\"><img loading=\"lazy\" decoding=\"async\" class=\"alignleft size-thumbnail wp-image-29200\" alt=\"201305081836\" src=\"http:\/\/grzegorzjaszczura.pl\/http:\/\/grzegorzjaszczura.pl\/wp-content\/uploads\/2014\/09\/201305081836-150x150.jpg\" width=\"150\" height=\"150\" \/><\/a>PWiK Sp. z o. o. w D\u0105browie G\u00f3rniczej <\/b>(ta decyzja pana Prezydenta \u201ezaowocowa\u0142a\u201d konieczno\u015bci\u0105 wydatkowania z bud\u017cetu Gminy w tym roku kwoty oko\u0142o 32 mln z\u0142 celem odkupienia udzia\u0142\u00f3w niemieckiej sp\u00f3\u0142ki Aqua GmbH, podczas kiedy niewykluczone by\u0142o orzeczenie niewa\u017cno\u015bci tego kontraktu)?<\/span><\/em><\/p>\n<p style=\"text-align: justify;\"><em><span style=\"color: #000080;\"><b>Czy Pa\u0144stwo,<\/b> <b>jako podatnicy<\/b> <strong>mog\u0105 tolerowa\u0107 nadal takie przejawy rozdawnictwa Waszych Podatk\u00f3w? \u2013<\/strong> niewykluczona niewa\u017cno\u015b\u0107 kontraktu zaowocowa\u0142aby konieczno\u015bci\u0105 zwrotu udzia\u0142\u00f3w niemieckich stronie polskiej a nie ich odkupywania!<\/span><\/em><\/p>\n<p style=\"text-align: justify;\"><em><span style=\"color: #000080;\"><b>Czy te trzy pytania nie wystawiaj\u0105 w\u0142odarzom Miasta rachunku na niegospodarno\u015b\u0107 rz\u0119du (60+15+32) ~ 107 mln z\u0142?<\/b><\/span><\/em><\/p>\n<p style=\"text-align: justify;\"><em><span style=\"color: #000080;\"> <b>Pozostawienie dotychczasowej ekipy rz\u0105dz\u0105cej miastem spowoduje pogorszenie si\u0119 problem\u00f3w finansowych Naszego Miasta!<\/b><\/span><\/em><\/p>\n<p style=\"text-align: justify;\"><em><span style=\"color: #000080;\">Prosimy Pa\u0144stwa o zainteresowanie, wyci\u0105gni\u0119cie wniosk\u00f3w i kierowanie do nas wszelkich uwag i refleksji. Pami\u0119tajmy, \u017ce decyzje wyborcze b\u0119dziemy podejmowa\u0107 niebawem.<\/span><\/em><\/p>\n<p style=\"text-align: justify;\"><em><span style=\"color: #000080;\">Wszelkie Pa\u0144stwa postulaty b\u0119dziemy stara\u0107 si\u0119 wykorzysta\u0107 do komunikacji z mieszka\u0144cami naszego Miasta i Gminy.&#8221;<\/span><\/em><\/p>\n<p style=\"text-align: right;\"><em><span style=\"color: #000080;\"> <b>Sygnatariusze odezwy:<\/b><\/span><\/em><\/p>\n<p style=\"text-align: right;\"><em><span style=\"color: #000080;\"><strong>Tadeusz Strzelecki<\/strong><br \/>\n<\/span><\/em><\/p>\n<p style=\"text-align: right;\"><em><span style=\"color: #000080;\"><strong>Grzegorz Jaszczura<\/strong><\/span><\/em><\/p>\n<p style=\"text-align: right;\"><em><span style=\"color: #000080;\"><strong>Robert Warwas<\/strong><br \/>\n<\/span><\/em><\/p>\n<p style=\"text-align: right;\"><em><span style=\"color: #000080;\"><strong>\u00a0<\/strong><\/span><\/em><\/p>\n","protected":false},"excerpt":{"rendered":"<p>Dzisiaj tylko tre\u015b\u0107 odezwy do mieszka\u0144c\u00f3w D\u0105browy G\u00f3rniczej. To takie przygotowanie mieszka\u0144c\u00f3w do wybor\u00f3w samorz\u0105dowych, kt\u00f3re odb\u0119d\u0105 si\u0119 16 listopada tr. &#8222;My ni\u017cej podpisani, wyra\u017camy du\u017ce zaniepokojenie dotychczasowymi metodami zarz\u0105dzania naszym Miastem, stosowanymi przez obecnego Prezydenta i jego otoczenie, kt\u00f3re cechuj\u0105 m.in. lekcewa\u017cenie gospodarno\u015bci i jej ekonomicznych podstaw zawartych w bud\u017cecie Miasta. Przyj\u0119ty przez W\u0142odarzy [&hellip;]<\/p>\n","protected":false},"author":2,"featured_media":0,"comment_status":"open","ping_status":"open","sticky":false,"template":"","format":"standard","meta":{"_monsterinsights_skip_tracking":false,"_monsterinsights_sitenote_active":false,"_monsterinsights_sitenote_note":"","_monsterinsights_sitenote_category":0,"footnotes":""},"categories":[3],"tags":[],"class_list":["post-29186","post","type-post","status-publish","format-standard","hentry","category-polityczne"],"_links":{"self":[{"href":"https:\/\/grzegorzjaszczura.pl\/index.php?rest_route=\/wp\/v2\/posts\/29186","targetHints":{"allow":["GET"]}}],"collection":[{"href":"https:\/\/grzegorzjaszczura.pl\/index.php?rest_route=\/wp\/v2\/posts"}],"about":[{"href":"https:\/\/grzegorzjaszczura.pl\/index.php?rest_route=\/wp\/v2\/types\/post"}],"author":[{"embeddable":true,"href":"https:\/\/grzegorzjaszczura.pl\/index.php?rest_route=\/wp\/v2\/users\/2"}],"replies":[{"embeddable":true,"href":"https:\/\/grzegorzjaszczura.pl\/index.php?rest_route=%2Fwp%2Fv2%2Fcomments&post=29186"}],"version-history":[{"count":14,"href":"https:\/\/grzegorzjaszczura.pl\/index.php?rest_route=\/wp\/v2\/posts\/29186\/revisions"}],"predecessor-version":[{"id":29365,"href":"https:\/\/grzegorzjaszczura.pl\/index.php?rest_route=\/wp\/v2\/posts\/29186\/revisions\/29365"}],"wp:attachment":[{"href":"https:\/\/grzegorzjaszczura.pl\/index.php?rest_route=%2Fwp%2Fv2%2Fmedia&parent=29186"}],"wp:term":[{"taxonomy":"category","embeddable":true,"href":"https:\/\/grzegorzjaszczura.pl\/index.php?rest_route=%2Fwp%2Fv2%2Fcategories&post=29186"},{"taxonomy":"post_tag","embeddable":true,"href":"https:\/\/grzegorzjaszczura.pl\/index.php?rest_route=%2Fwp%2Fv2%2Ftags&post=29186"}],"curies":[{"name":"wp","href":"https:\/\/api.w.org\/{rel}","templated":true}]}}