{"id":29526,"date":"2014-10-22T15:25:14","date_gmt":"2014-10-22T13:25:14","guid":{"rendered":"http:\/\/grzegorzjaszczura.pl\/?p=29526"},"modified":"2014-10-24T08:17:27","modified_gmt":"2014-10-24T06:17:27","slug":"wybory-samorzadowe","status":"publish","type":"post","link":"https:\/\/grzegorzjaszczura.pl\/?p=29526","title":{"rendered":"Wybory samorz\u0105dowe"},"content":{"rendered":"<p style=\"text-align: justify;\"><a href=\"http:\/\/grzegorzjaszczura.pl\/http:\/\/grzegorzjaszczura.pl\/wp-content\/uploads\/2014\/10\/zdj-marynarka-2.jpg\"><img loading=\"lazy\" decoding=\"async\" class=\"alignleft size-thumbnail wp-image-29555\" alt=\"zdj-marynarka-2\" src=\"http:\/\/grzegorzjaszczura.pl\/http:\/\/grzegorzjaszczura.pl\/wp-content\/uploads\/2014\/10\/zdj-marynarka-2-150x150.jpg\" width=\"150\" height=\"150\" \/><\/a>Nie spieszy\u0142em si\u0119 z rozpocz\u0119ciem samorz\u0105dowej kampanii wyborczej, ale zauwa\u017cam i odczuwam \ud83d\ude42 nacisk towarzysko-medialny, kt\u00f3ry powoduje, \u017ce wyja\u015bniam jednak ju\u017c dzisiaj, na kogo mieszka\u0144cy <strong>D\u0105browy G\u00f3rniczej<\/strong> powinni g\u0142osowa\u0107 <strong>16 listopada<\/strong>. Oczywi\u015bcie wg mnie.<!--more--><\/p>\n<p style=\"text-align: justify;\">W wyborach do <strong>Rady Miejskiej<\/strong> w D\u0105browie G\u00f3rniczej cz\u0142onkowie i sympatycy <strong>Kongresu <span style=\"color: #0000ff;\">Nowej<\/span> <span style=\"color: #ff0000;\">Prawicy<\/span><\/strong> proszeni s\u0105 o g\u0142osowanie na naszych cz\u0142onk\u00f3w i sympatyk\u00f3w znajduj\u0105cych si\u0119 na li\u015bcie <strong>Komitetu Wyborczego <span style=\"color: #0000ff;\">Prawa i Sprawiedliwo\u015bci<\/span><\/strong>.<\/p>\n<p style=\"text-align: justify;\"><strong>S\u0105 to:<\/strong><\/p>\n<p style=\"text-align: justify;\"><span style=\"color: #ff0000;\"><strong>w okr\u0119gu nr 1<\/strong> (Mydlice):<\/span><\/p>\n<p style=\"text-align: justify;\"><strong>Lucyna MODLIB\u00d3G<\/strong>. pozycja <strong>nr 4 <\/strong>(sympatyk K<span style=\"color: #0000ff;\">N<\/span><span style=\"color: #ff0000;\">P<\/span>)<\/p>\n<p style=\"text-align: justify;\"><strong>Zdzis\u0142aw KLIMEK<\/strong>, pozycja <strong>nr 7 <\/strong>(cz\u0142onek K<span style=\"color: #0000ff;\">N<\/span><span style=\"color: #ff0000;\">P<\/span>)<\/p>\n<p style=\"text-align: justify;\"><span style=\"color: #ff0000;\"><strong>w okr\u0119gu nr 2<\/strong> (Staszic, Reden, \u0141\u0119knice, Korzeniec):<\/span><\/p>\n<p style=\"text-align: justify;\"><strong>Grzegorz JASZCZURA<\/strong>, pozycja <strong>nr 1 <\/strong>(cz\u0142onek K<span style=\"color: #0000ff;\">N<\/span><span style=\"color: #ff0000;\">P<\/span>)<\/p>\n<p style=\"text-align: justify;\"><strong>Katarzyna BARA\u0143SKA<\/strong>, pozycja <strong>nr 5<\/strong> (sympatyk K<span style=\"color: #0000ff;\">N<\/span><span style=\"color: #ff0000;\">P<\/span>)<\/p>\n<p style=\"text-align: justify;\"><strong>Andrzej CHROBOT<\/strong>, pozycja <strong>nr 8<\/strong> (cz\u0142onek K<span style=\"color: #0000ff;\">N<\/span><span style=\"color: #ff0000;\">P<\/span>)<\/p>\n<p style=\"text-align: justify;\"><strong>Aneta WALASEK<\/strong>, pozycja <strong>nr 10<\/strong> (sympatyk K<span style=\"color: #0000ff;\">N<\/span><span style=\"color: #ff0000;\">P<\/span>)<\/p>\n<p style=\"text-align: justify;\"><span style=\"color: #ff0000;\"><strong>w okr\u0119gu nr 4<\/strong> (Kasprzaka, Ujejsce, Trzebies\u0142awice, Sikorka, Bugaj):<\/span><\/p>\n<p style=\"text-align: justify;\"><strong> Janusz BA\u0141DYS,<\/strong> pozycja<strong> nr 4<\/strong> (cz\u0142onek K<span style=\"color: #0000ff;\">N<\/span><span style=\"color: #ff0000;\">P<\/span>)<\/p>\n<p style=\"text-align: justify;\"><strong>W\u0142odzimierz DOBREK, <\/strong>pozycja<strong> nr 7 <\/strong>(cz\u0142onek K<span style=\"color: #0000ff;\">N<\/span><span style=\"color: #ff0000;\">P<\/span>)<\/p>\n<p style=\"text-align: justify;\"><span style=\"color: #ff0000;\"><strong>w okr\u0119gu nr 5<\/strong> (\u0141\u0119ka, \u0141osie\u0144, Okradzion\u00f3w, Strzemieszyce, Strzemieszyce Ma\u0142e, Z\u0105bkowice, B\u0142\u0119d\u00f3w):<\/span><\/p>\n<p style=\"text-align: justify;\"><strong>Joanna IWANOWICZ<\/strong>, pozycja <strong>nr 8<\/strong> (sympatyk K<span style=\"color: #0000ff;\">N<\/span><span style=\"color: #ff0000;\">P<\/span>).<\/p>\n<p style=\"text-align: justify;\">Niestety nie dosz\u0142o lokalnie, tj. w <strong>D\u0105browie G\u00f3rniczej<\/strong>, do koalicji tych dw\u00f3ch partii, tak\u017ce ze wzgl\u0119du na zalecenie prezesa <strong>K<span style=\"color: #0000ff;\">N<\/span><span style=\"color: #ff0000;\">P<\/span><\/strong> pana<strong> Janusza Korwin-Mikke<\/strong> o niestartowaniu cz\u0142onk\u00f3w <strong><span style=\"color: #0000ff;\">Nowej<\/span> <span style=\"color: #ff0000;\">Prawicy<span style=\"color: #000000;\"> JKM<\/span><\/span><\/strong> z list koalicyjnych, jak i z list <strong>K<span style=\"color: #0000ff;\">N<\/span><span style=\"color: #ff0000;\">P<\/span><\/strong>. Pisz\u0119 niestety, poniewa\u017c w<span style=\"color: #008000;\"><strong> Zag\u0142\u0119biu D\u0105browskim<\/strong><\/span> pokonanie lewicowc\u00f3w jest b. trudne i tylko szersza formacja mog\u0142aby tego dokona\u0107. Tym bardziej, \u017ce d\u0105browska <span style=\"color: #ff0000;\">Platforma Obywatelska<span style=\"color: #000000;\">,<\/span><\/span> ju\u017c prawie otwarcie wsp\u00f3\u0142pracuje z postkomunistycznym <span style=\"color: #ff0000;\">SLD<\/span>. <em>Nota bene<\/em> pewnie tak\u017ce dlatego, \u017ce towarzysze sprawuj\u0105 w\u0142adz\u0119 ju\u017c od dw\u00f3ch kadencji. Z\u0142e efekty tej wsp\u00f3\u0142pracy wida\u0107 np. w niedoko\u0144czonym Zag\u0142\u0119biowskim Centrum Onkologii. <a href=\"http:\/\/grzegorzjaszczura.pl\/?p=27211#more-27211\"><strong>Zobacz.<\/strong><\/a><\/p>\n<p style=\"text-align: justify;\">&#8222;Instrukcja&#8221; <strong>JKM<\/strong> nie dotyczy\u0142a oczywi\u015bcie startu do sejmik\u00f3w wojew\u00f3dzkich, o czym za chwil\u0119 (gdzie Statut partii <strong>K<span style=\"color: #0000ff;\">N<\/span><span style=\"color: #ff0000;\">P<\/span><\/strong> w pewnym sensie obliguje oddzia\u0142y do wystawiania list <em>stricte<\/em> partyjnych, acz \u015bci\u015ble jest to w gestii Rady G\u0142\u00f3wnej).<\/p>\n<p style=\"text-align: justify;\">Je\u017celi chodzi o <strong>sejmik wojew\u00f3dzki<\/strong>, to naszymi kandydatami na li\u015bcie <strong>Kongresu <span style=\"color: #0000ff;\">Nowej<\/span> <span style=\"color: #ff0000;\">Prawicy<\/span><\/strong> w <strong>okr\u0119gu nr 7<\/strong> (do sejmiku wojew\u00f3dzkiego) s\u0105:<\/p>\n<p style=\"text-align: justify;\">1. <strong>SK\u00d3RA Tomasz<\/strong><\/p>\n<p style=\"text-align: justify;\">3. <strong>KURCZEK Jan<\/strong><\/p>\n<p style=\"text-align: justify;\">6. <strong>GRZESIAK Romuald<\/strong><\/p>\n<p style=\"text-align: justify;\">7. <strong>\u0106WIKLI\u0143SKA Monika<\/strong><\/p>\n<p style=\"text-align: justify;\">9. <strong>FORTO\u0143SKA Agnieszka<\/strong><\/p>\n<p style=\"text-align: justify;\">12. <strong>KOKOSZKA Jerzy<\/strong><\/p>\n<p style=\"text-align: justify;\">13. <strong>BA\u0141DYS Beata<\/strong><\/p>\n<p style=\"text-align: justify;\">Je\u017celi chodzi o kandydata na prezydenta <strong>D\u0105browy G\u00f3rniczej<\/strong>, to mo\u017ce o tym w oddzielnym wpisie.<\/p>\n","protected":false},"excerpt":{"rendered":"<p>Nie spieszy\u0142em si\u0119 z rozpocz\u0119ciem samorz\u0105dowej kampanii wyborczej, ale zauwa\u017cam i odczuwam \ud83d\ude42 nacisk towarzysko-medialny, kt\u00f3ry powoduje, \u017ce wyja\u015bniam jednak ju\u017c dzisiaj, na kogo mieszka\u0144cy D\u0105browy G\u00f3rniczej powinni g\u0142osowa\u0107 16 listopada. Oczywi\u015bcie wg mnie.<\/p>\n","protected":false},"author":2,"featured_media":0,"comment_status":"open","ping_status":"open","sticky":false,"template":"","format":"standard","meta":{"_monsterinsights_skip_tracking":false,"_monsterinsights_sitenote_active":false,"_monsterinsights_sitenote_note":"","_monsterinsights_sitenote_category":0,"footnotes":""},"categories":[3],"tags":[],"class_list":["post-29526","post","type-post","status-publish","format-standard","hentry","category-polityczne"],"_links":{"self":[{"href":"https:\/\/grzegorzjaszczura.pl\/index.php?rest_route=\/wp\/v2\/posts\/29526","targetHints":{"allow":["GET"]}}],"collection":[{"href":"https:\/\/grzegorzjaszczura.pl\/index.php?rest_route=\/wp\/v2\/posts"}],"about":[{"href":"https:\/\/grzegorzjaszczura.pl\/index.php?rest_route=\/wp\/v2\/types\/post"}],"author":[{"embeddable":true,"href":"https:\/\/grzegorzjaszczura.pl\/index.php?rest_route=\/wp\/v2\/users\/2"}],"replies":[{"embeddable":true,"href":"https:\/\/grzegorzjaszczura.pl\/index.php?rest_route=%2Fwp%2Fv2%2Fcomments&post=29526"}],"version-history":[{"count":39,"href":"https:\/\/grzegorzjaszczura.pl\/index.php?rest_route=\/wp\/v2\/posts\/29526\/revisions"}],"predecessor-version":[{"id":29569,"href":"https:\/\/grzegorzjaszczura.pl\/index.php?rest_route=\/wp\/v2\/posts\/29526\/revisions\/29569"}],"wp:attachment":[{"href":"https:\/\/grzegorzjaszczura.pl\/index.php?rest_route=%2Fwp%2Fv2%2Fmedia&parent=29526"}],"wp:term":[{"taxonomy":"category","embeddable":true,"href":"https:\/\/grzegorzjaszczura.pl\/index.php?rest_route=%2Fwp%2Fv2%2Fcategories&post=29526"},{"taxonomy":"post_tag","embeddable":true,"href":"https:\/\/grzegorzjaszczura.pl\/index.php?rest_route=%2Fwp%2Fv2%2Ftags&post=29526"}],"curies":[{"name":"wp","href":"https:\/\/api.w.org\/{rel}","templated":true}]}}