{"id":29557,"date":"2014-10-27T08:00:35","date_gmt":"2014-10-27T07:00:35","guid":{"rendered":"http:\/\/grzegorzjaszczura.pl\/?p=29557"},"modified":"2014-11-11T20:57:50","modified_gmt":"2014-11-11T19:57:50","slug":"grzegorz-jaszczura-lista-3-pis-pozycja-nr-1","status":"publish","type":"post","link":"https:\/\/grzegorzjaszczura.pl\/?p=29557","title":{"rendered":"Grzegorz Jaszczura, lista 3 (PiS), pozycja nr 1"},"content":{"rendered":"<p style=\"text-align: justify;\"><span style=\"color: #ff6600;\"><strong><a href=\"http:\/\/grzegorzjaszczura.pl\/http:\/\/grzegorzjaszczura.pl\/wp-content\/uploads\/2014\/10\/IMG_6138-kopia.jpg\"><img loading=\"lazy\" decoding=\"async\" class=\"alignleft size-thumbnail wp-image-29577\" alt=\"IMG_6138 kopia\" src=\"http:\/\/grzegorzjaszczura.pl\/http:\/\/grzegorzjaszczura.pl\/wp-content\/uploads\/2014\/10\/IMG_6138-kopia-150x150.jpg\" width=\"150\" height=\"150\" \/><\/a>Szanowni Pa\u0144stwo! By\u0142em kandydatem do Sejmu RP w 2001 r., 2005 r. i 2007 r., do Senatu RP w 2011 r. (wynik w okr\u0119gu jednomandatowym nr 76 to 7004 g\u0142osy) oraz do Parlamentu Europejskiego w 2004 r. Startowa\u0142em tak\u017ce w wyborach samorz\u0105dowych (w 1998 r., 2006 r. i 2010 r.). Mam nadziej\u0119, \u017ce nikogo nie dziwi, \u017ce tak\u017ce w tym roku wystartuj\u0119 do Rady Miejskiej <!--more-->w D\u0105browie G\u00f3rniczej. Wrog\u00f3w od razu informuj\u0119, \u017ce b\u0119d\u0119 stara\u0142 si\u0119 zmniejszy\u0107 nape\u0142nienie <span style=\"color: #ff0000;\">&#8222;koryta&#8221;<\/span>, bo to jest jednym z moich g\u0142\u00f3wnych cel\u00f3w wyborczych. Przypomn\u0119 moj\u0105 inicjatyw\u0119 <a href=\"http:\/\/grzegorzjaszczura.pl\/?p=9614#more-9614\">zmniejszenia diet radnym<\/a> w D\u0105browie G\u00f3rniczej, (z marca 2009 roku). <a href=\"http:\/\/grzegorzjaszczura.pl\/?p=353#more-353\">Zobacz tak\u017ce.<\/a><br \/>\n<\/strong><\/span><\/p>\n<p style=\"text-align: justify;\"><strong>W okr\u0119gu nr 2, obejmuj\u0105cym m.in. Star\u0105 D\u0105brow\u0119, Staszic, Adamieckiego, Korzeniec, Trzydziesty, \u0141\u0119knice, Marianki, Ratanice, Niepiek\u0142o, Zielon\u0105, Piek\u0142o znajdziecie mnie (cz\u0142onka Kongresu <span style=\"color: #0000ff;\">Nowej<\/span> <span style=\"color: #ff0000;\">Prawicy<\/span><span style=\"color: #000000;\">)<\/span> <span style=\"color: #0000ff;\">Szanowni Wyborcy<\/span> na li\u015bcie <span style=\"color: #ff6600;\">Komitetu Wyborczego Prawa i Sprawiedliwo\u015bci<\/span> (lista nr 3), na pozycji 1.<br \/>\n<\/strong><\/p>\n<p style=\"text-align: justify;\">Tradycyjnie, mo\u017cna by napisa\u0107, przedstawi\u0119 tre\u015bci zawarte w mojej ulotce wyborczej:<\/p>\n<p style=\"text-align: justify;\"><span style=\"color: #0000ff;\"><strong><a href=\"http:\/\/grzegorzjaszczura.pl\/http:\/\/grzegorzjaszczura.pl\/wp-content\/uploads\/2014\/10\/CAM02993.jpg\"><img loading=\"lazy\" decoding=\"async\" class=\"alignleft size-thumbnail wp-image-29606\" alt=\"CAM02993\" src=\"http:\/\/grzegorzjaszczura.pl\/http:\/\/grzegorzjaszczura.pl\/wp-content\/uploads\/2014\/10\/CAM02993-150x150.jpg\" width=\"150\" height=\"150\" \/><\/a>Moj\u0105 g\u0142\u00f3wn\u0105 inspiracj\u0105 do kandydowania w wyborach samorz\u0105dowych jest ch\u0119\u0107 zmiany z\u0142ego sposobu zarz\u0105dzania bud\u017cetem przez obecne lewicowe w\u0142adze miasta. Pracuj\u0105c w Radzie Miasta chcia\u0142bym sprawi\u0107, aby urz\u0119dnicy byli kompetentni, \u017cyczliwi i us\u0142u\u017cni, \u017ceby nie marnowali naszych ci\u0119\u017cko zarobionych pieni\u0119dzy. Zale\u017cy mi, aby u\u0142atwi\u0107 przedsi\u0119biorcom prowadzenie dzia\u0142alno\u015bci gospodarczej w D\u0105browie G\u00f3rniczej.<\/strong><\/span><\/p>\n<p style=\"text-align: justify;\"><span style=\"color: #0000ff;\"><strong>Urodzi\u0142em si\u0119 w D\u0105browie G\u00f3rniczej w 1958 roku. Tutaj uko\u0144czy\u0142em I L.O. im. W. \u0141ukasi\u0144skiego, potem w Gliwicach Wydzia\u0142 Budownictwa Politechniki \u015al\u0105skiej oraz studia podyplomowe Rachunkowo\u015b\u0107 i Finanse na Uniwersytecie Ekonomicznym w Krakowie.<\/strong><\/span><\/p>\n<p style=\"text-align: justify;\"><span style=\"color: #0000ff;\"><strong>Jestem \u017conaty, mam dwie c\u00f3rki. Prowadz\u0119 w\u0142asn\u0105 dzia\u0142alno\u015b\u0107 gospodarcz\u0105 oraz jestem wiceprezesem sp\u00f3\u0142ki prawa handlowego.<\/strong><\/span><\/p>\n<p style=\"text-align: justify;\"><span style=\"color: #0000ff;\"><strong>Zajmuj\u0119 si\u0119 tak\u017ce dzia\u0142alno\u015bci\u0105\u00a0 spo\u0142eczn\u0105 i charytatywn\u0105. Publikuj\u0119 artyku\u0142y na tematy gospodarczo-polityczne.<\/strong><\/span><\/p>\n<p style=\"text-align: justify;\"><span style=\"color: #0000ff;\"><strong>Moje hobby to sport (pi\u0142ka no\u017cna i bryd\u017c), falerystyka, turystyka oraz literatura science fiction.<\/strong><\/span><\/p>\n<p style=\"text-align: justify;\"><span style=\"color: #0000ff;\"><strong>Wi\u0119kszo\u015b\u0107 mojego \u017cycia jest zwi\u0105zana z D\u0105brow\u0105 G\u00f3rnicz\u0105. Dlatego chcia\u0142bym w najbli\u017cszej kadencji samorz\u0105dowej zabiega\u0107 o polepszenie warunk\u00f3w \u017cycia mieszka\u0144c\u00f3w naszego miasta.<\/strong><\/span><\/p>\n<p style=\"text-align: justify;\"><span style=\"color: #0000ff;\"><strong>Walka z marnotrawieniem pieni\u0119dzy mieszka\u0144c\u00f3w by\u0142a, jest i b\u0119dzie (je\u017celi otrzymam od Pa\u0144stwa mandat zaufania) moim podstawowym celem dzia\u0142a\u0144 w Radzie Miasta.<\/strong><\/span><\/p>\n<p style=\"text-align: justify;\"><span style=\"color: #0000ff;\"><strong>Zapraszam na moj\u0105 stron\u0119 internetow\u0105: <a href=\"http:\/\/grzegorzjaszczura.pl\/\"><span style=\"color: #33cccc;\">www.grzegorzjaszczura.pl<\/span><\/a>. Tam przeczytaj\u0105 Szanowni Pa\u0144stwo wi\u0119cej o D\u0105browie G\u00f3rniczej z punktu widzenia osoby, kt\u00f3ra nigdy nie uwik\u0142a\u0142a si\u0119 w uzale\u017cnienie od lewicowych w\u0142adz Naszego Miasta!<\/strong><\/span><\/p>\n<p style=\"text-align: justify;\">Wi\u0119cej o mnie mo\u017cna przeczyta\u0107 np. w zak\u0142adce <a href=\"http:\/\/grzegorzjaszczura.pl\/?page_id=5\"><em><strong>Biografia<\/strong><\/em> <\/a>na tym blogu, ewentualnie w encyklopedii <em><strong>Who is who w Polsce <\/strong><\/em>(IV wyd. 2005 r.).<\/p>\n<p style=\"text-align: justify;\">W nast\u0119pnym wpisie m\u00f3j program dla samorz\u0105du d\u0105browskiego. dzisiaj zapoznawczo moje has\u0142o wyborcze:<\/p>\n<p style=\"text-align: justify;\"><span style=\"color: #ff0000;\"><strong>NIE DLA BIUROKRATYCZNEJ OPRESJI !<\/strong><br \/>\n<\/span><\/p>\n<p style=\"text-align: justify;\">Na czerwono, \u017ceby nawet <span style=\"color: #ff0000;\">komuni\u015bci<\/span> zadr\u017celi \ud83d\ude42 . Dzi\u0119kuj\u0119.<\/p>\n","protected":false},"excerpt":{"rendered":"<p>Szanowni Pa\u0144stwo! By\u0142em kandydatem do Sejmu RP w 2001 r., 2005 r. i 2007 r., do Senatu RP w 2011 r. (wynik w okr\u0119gu jednomandatowym nr 76 to 7004 g\u0142osy) oraz do Parlamentu Europejskiego w 2004 r. Startowa\u0142em tak\u017ce w wyborach samorz\u0105dowych (w 1998 r., 2006 r. i 2010 r.). Mam nadziej\u0119, \u017ce nikogo nie [&hellip;]<\/p>\n","protected":false},"author":2,"featured_media":0,"comment_status":"open","ping_status":"open","sticky":false,"template":"","format":"standard","meta":{"_monsterinsights_skip_tracking":false,"_monsterinsights_sitenote_active":false,"_monsterinsights_sitenote_note":"","_monsterinsights_sitenote_category":0,"footnotes":""},"categories":[3],"tags":[],"class_list":["post-29557","post","type-post","status-publish","format-standard","hentry","category-polityczne"],"_links":{"self":[{"href":"https:\/\/grzegorzjaszczura.pl\/index.php?rest_route=\/wp\/v2\/posts\/29557","targetHints":{"allow":["GET"]}}],"collection":[{"href":"https:\/\/grzegorzjaszczura.pl\/index.php?rest_route=\/wp\/v2\/posts"}],"about":[{"href":"https:\/\/grzegorzjaszczura.pl\/index.php?rest_route=\/wp\/v2\/types\/post"}],"author":[{"embeddable":true,"href":"https:\/\/grzegorzjaszczura.pl\/index.php?rest_route=\/wp\/v2\/users\/2"}],"replies":[{"embeddable":true,"href":"https:\/\/grzegorzjaszczura.pl\/index.php?rest_route=%2Fwp%2Fv2%2Fcomments&post=29557"}],"version-history":[{"count":33,"href":"https:\/\/grzegorzjaszczura.pl\/index.php?rest_route=\/wp\/v2\/posts\/29557\/revisions"}],"predecessor-version":[{"id":29768,"href":"https:\/\/grzegorzjaszczura.pl\/index.php?rest_route=\/wp\/v2\/posts\/29557\/revisions\/29768"}],"wp:attachment":[{"href":"https:\/\/grzegorzjaszczura.pl\/index.php?rest_route=%2Fwp%2Fv2%2Fmedia&parent=29557"}],"wp:term":[{"taxonomy":"category","embeddable":true,"href":"https:\/\/grzegorzjaszczura.pl\/index.php?rest_route=%2Fwp%2Fv2%2Fcategories&post=29557"},{"taxonomy":"post_tag","embeddable":true,"href":"https:\/\/grzegorzjaszczura.pl\/index.php?rest_route=%2Fwp%2Fv2%2Ftags&post=29557"}],"curies":[{"name":"wp","href":"https:\/\/api.w.org\/{rel}","templated":true}]}}