{"id":29615,"date":"2014-11-10T09:47:57","date_gmt":"2014-11-10T08:47:57","guid":{"rendered":"http:\/\/grzegorzjaszczura.pl\/?p=29615"},"modified":"2014-11-10T09:47:57","modified_gmt":"2014-11-10T08:47:57","slug":"likwidacja-strazy-miejskiej","status":"publish","type":"post","link":"https:\/\/grzegorzjaszczura.pl\/?p=29615","title":{"rendered":"Likwidacja Stra\u017cy Miejskiej"},"content":{"rendered":"<p style=\"text-align: justify;\"><a href=\"http:\/\/grzegorzjaszczura.pl\/http:\/\/grzegorzjaszczura.pl\/wp-content\/uploads\/2014\/11\/SKMBT_C224e14110715530_0001.jpg\"><img loading=\"lazy\" decoding=\"async\" class=\"alignleft size-thumbnail wp-image-29754\" alt=\"SKMBT_C224e14110715530_0001\" src=\"http:\/\/grzegorzjaszczura.pl\/http:\/\/grzegorzjaszczura.pl\/wp-content\/uploads\/2014\/11\/SKMBT_C224e14110715530_0001-150x150.jpg\" width=\"150\" height=\"150\" \/><\/a>Likwidacja <strong>Stra\u017cy Miejskiej<\/strong> to jeden z wa\u017cnych postulat\u00f3w opozycji w <strong>D\u0105browie G\u00f3rniczej<\/strong>. Osobi\u015bcie staram si\u0119 go artyku\u0142owa\u0107 ju\u017c od dobrych dziesi\u0119ciu lat. Jeszcze nawet nie b\u0119d\u0105c w Radzie Miasta, pochyla\u0142em si\u0119 nad tym problemem, jako cz\u0142onek <strong>UPR<\/strong> <span style=\"color: #008000;\">Zag\u0142\u0119bia D\u0105browskiego<\/span>. <strong>28.09.2007 roku<\/strong> wyst\u0105pi\u0142em na sesji Rady Miejskiej &#8211;<a href=\"http:\/\/grzegorzjaszczura.pl\/?p=16268#more-16268\"><strong> zobacz<\/strong><\/a>, zreszt\u0105 jako radny kilkakrotnie <!--more-->podnosi\u0142em na sesjach ten postulat.<\/p>\n<p style=\"text-align: justify;\">Obecnie przedstawi\u0119 przygotowane ju\u017c (!) (przez <span style=\"color: #008000;\"><strong>Konfederacj\u0119 D\u0105browsk\u0105<\/strong><\/span>), wyst\u0105pienie popieraj\u0105ce uchwa\u0142\u0119 o likwidacji Stra\u017cy Miejskiej. <strong>Mam nadziej\u0119, \u017ce b\u0119dzie to jedna z pierwszych uchwa\u0142 nowej Rady Miejskiej w D\u0105browie G\u00f3rniczej, <span style=\"color: #0000ff;\">projekt uchwa\u0142y oczywi\u015bcie ju\u017c gotowy<\/span>.<\/strong><\/p>\n<p style=\"text-align: justify;\"><b><i>dot. uchwa\u0142y w sprawie likwidacji jednostki organizacyjnej Gminy D\u0105browa G\u00f3rnicza pod nazw\u0105 Stra\u017c Miejska w D\u0105browie G\u00f3rniczej<\/i><\/b><\/p>\n<p style=\"text-align: justify;\"><span style=\"color: #0000ff;\"><em>Projekt przed\u0142o\u017conej uchwa\u0142y ma na celu likwidacj\u0119 jednostki organizacyjnej Gminy D\u0105browa G\u00f3rnicza pod nazw\u0105 Stra\u017c Miejska Miasta D\u0105browa G\u00f3rnicza. <\/em><\/span><\/p>\n<p style=\"text-align: justify;\"><span style=\"color: #0000ff;\"><em><b>Istnienie Stra\u017cy Miejskiej nie przyczynia si\u0119 bowiem do poprawy bezpiecze\u0144stwa mieszka\u0144c\u00f3w i zapewnienia porz\u0105dku publicznego w mie\u015bcie. Wynika to z ma\u0142ych uprawnie\u0144 Stra\u017cy Miejskiej, co ogranicza jej dzia\u0142ania i podwa\u017ca sens funkcjonowania.<\/b><\/em><\/span><\/p>\n<p style=\"text-align: justify;\"><span style=\"color: #0000ff;\"><em>Z bud\u017cetu naszego miasta na utrzymanie stra\u017cy rocznie wydawane jest prawie 4 mln z\u0142. W tej kwocie zawiera si\u0119 oko\u0142o 44 etat\u00f3w, z kt\u00f3rych tylko 16 przeznaczonych jest dla funkcjonariuszy patrolowych. Reszt\u0119 stanowi\u0105 dzielnicowi, stra\u017cnicy pracuj\u0105cy stacjonarnie oraz pracownicy administracyjni.\u00a0Generalnie nak\u0142ady na Stra\u017c Miejsk\u0105 s\u0105 niewsp\u00f3\u0142mierne do wynik\u00f3w ich pracy. Jak pokazuj\u0105 statystyki, ta s\u0142u\u017cba w naszym mie\u015bcie jest dro\u017csza od policji, w przeliczeniu na jednego stra\u017cnika. Nale\u017cy podkre\u015bli\u0107, \u017ce miasto dodatkowo utrzymuje r\u00f3wnie\u017c 20 etat\u00f3w Policji, na co rokrocznie przeznacza kwot\u0119 oko\u0142o 1.000.000 z\u0142, nie licz\u0105c tzw. patroli letnich na Pogorii.<\/em><\/span><\/p>\n<p style=\"text-align: justify;\"><span style=\"color: #0000ff;\"><em><b>Stra\u017c Miejska pe\u0142ni\u0105c funkcj\u0119 restrykcyjn\u0105, niejednokrotnie powiela zadania Policji, dubluj\u0105c tym samym koszt takowych dzia\u0142a\u0144.<\/b> Jako przyk\u0142ad mo\u017cna przedstawi\u0107 kwesti\u0119 monitoringu miejskiego, kt\u00f3ry z powodzeniem mo\u017ce zosta\u0107 przekazany Policji, co w efekcie skr\u00f3ci\u0142oby czas reakcji w przypadku zak\u0142\u00f3ce\u0144 ciszy nocnej lub wandalizmu w godzinach nocnych lub poprzez utworzenie kilku etat\u00f3w w Powiatowym Centrum Zarz\u0105dzania Kryzysowego.<\/em><\/span><\/p>\n<p style=\"text-align: justify;\"><span style=\"color: #0000ff;\"><em>Zamiast utrzymywa\u0107 Stra\u017c Miejsk\u0105 lepiej cz\u0119\u015bci\u0105 tych \u015brodk\u00f3w pieni\u0119\u017cnych jeszcze <b>dodatkowo wesprze\u0107 dzia\u0142ania Policji<\/b>, w tym wspom\u00f3c ponowne\u00a0 utworzenie Komisariatu Policji w dzielnicy Strzemieszyce. Jest to postulat maj\u0105cy ogromne poparcie spo\u0142eczne i wa\u017cny dla zapewnienia bezpiecze\u0144stwa w mie\u015bcie ze wzgl\u0119du na niedostosowanie ilo\u015bci komisariat\u00f3w do obszaru miasta.<\/em><\/span><\/p>\n<p style=\"text-align: justify;\"><span style=\"color: #0000ff;\"><em>Wi\u0119kszo\u015b\u0107 zaoszcz\u0119dzonych \u015brodk\u00f3w mo\u017cna <b>pozostawi\u0107 albo w r\u0119kach mieszka\u0144c\u00f3w D\u0105browy G\u00f3rniczych,<\/b> zmniejszaj\u0105c im obci\u0105\u017cenia podatkowe, albo przeznaczy\u0107 je na <b>zmniejszenie zad\u0142u\u017cenia miasta<\/b> poprzez szybsz\u0105 sp\u0142at\u0119 kredyt\u00f3w i zmniejszenie tym samym ich koszt\u00f3w i zad\u0142u\u017cenia.<\/em><\/span><\/p>\n<p style=\"text-align: justify;\"><span style=\"color: #0000ff;\"><em>Obecna forma si\u0119 nie sprawdza.<b> Coraz wi\u0119ksza rzesza mieszka\u0144c\u00f3w wyra\u017ca negatywn\u0105 opini\u0119 o pracy stra\u017cnik\u00f3w miejskich. <\/b>Stra\u017cnicy miejscy zamiast pe\u0142ni\u0107 rol\u0119 str\u00f3\u017c\u00f3w porz\u0105dku w mie\u015bcie, by\u0107 obecnymi w\u015br\u00f3d jego mieszka\u0144c\u00f3w, zna\u0107 ich problemy, pieszo patrolowa\u0107 zakamarki osiedli mieszkaniowych i dzia\u0142a\u0107 wsp\u00f3lnie z lokaln\u0105 spo\u0142eczno\u015bci\u0105, wol\u0105 wygodnie porusza\u0107 si\u0119 po ulicach nowoczesnymi, kosztownymi radiowozami, z kt\u00f3rych niezauwa\u017calne s\u0105 wykroczenia, kt\u00f3re najbardziej dokuczaj\u0105 mieszka\u0144com D\u0105browy G\u00f3rniczej.<\/em><\/span><\/p>\n<p style=\"text-align: justify;\"><span style=\"color: #0000ff;\"><em>Wynika to tak\u017ce z faktu, i\u017c jest to formacja, kt\u00f3ra zagubi\u0142a pierwotnie postawiony jej cel. Coraz rzadziej w\u0142\u0105cza si\u0119 do pomocy w rozwi\u0105zywanie spraw i problem\u00f3w lokalnych spo\u0142eczno\u015bci, m.in. z zakresu porz\u0105dku publicznego (zak\u0142\u00f3cania ciszy nocnej, niesprawnej infrastruktury miejskiej, ekologii, rozwijaj\u0105cych si\u0119 lokalnych subkultur, chuliganerii, itd.), na rzecz spraw z zakresu bezpiecze\u0144stwa publicznego, czyli tych, kt\u00f3re ustawowo realizuje Policja Pa\u0144stwowa. Spo\u0142ecznie jest odbierana jako instytucja skorumpowana, nastawiona na dzia\u0142ania restrykcyjne maj\u0105ce na celu zwi\u0119kszenie wp\u0142yw\u00f3w do bud\u017cetu miasta a nie dbanie o porz\u0105dek.<\/em><\/span><\/p>\n<p style=\"text-align: justify;\"><span style=\"color: #0000ff;\"><em><a href=\"http:\/\/grzegorzjaszczura.pl\/http:\/\/grzegorzjaszczura.pl\/wp-content\/uploads\/2014\/11\/plakaty-5.jpg\"><img loading=\"lazy\" decoding=\"async\" class=\"alignleft size-thumbnail wp-image-29752\" alt=\"plakaty (5)\" src=\"http:\/\/grzegorzjaszczura.pl\/http:\/\/grzegorzjaszczura.pl\/wp-content\/uploads\/2014\/11\/plakaty-5-150x150.jpg\" width=\"150\" height=\"150\" \/><\/a>Jej funkcjonowanie wi\u0105\u017ce si\u0119 \u00a0z uci\u0105\u017cliwo\u015bciami doznawanymi przez mieszka\u0144c\u00f3w, kt\u00f3rzy nierzadko skar\u017c\u0105 si\u0119 na bezprawne dzia\u0142ania podejmowane przez stra\u017cnik\u00f3w miejskich, np. <a href=\"http:\/\/www.tvs.pl\/informacje\/skandal-w-dabrowie-gorniczej-kobieta-oskarza-straz-miejska-o-napasc-i-pobicie-wideo-2014-06-29\"><span style=\"color: #0000ff;\">http:\/\/www.tvs.pl\/informacje\/skandal-w-dabrowie-gorniczej-kobieta-oskarza-straz-miejska-o-napasc-i-pobicie-wideo-2014-06-29<\/span><\/a><\/em><\/span><\/p>\n<p style=\"text-align: justify;\"><span style=\"color: #0000ff;\"><em>W ostatnich latach do olbrzymich rozmiar\u00f3w wzros\u0142y nieprawid\u0142owo\u015bci funkcjonowania Stra\u017cy Miejskiej w D\u0105browie G\u00f3rniczej \u2013 przypadki korupcji, \u0142ap\u00f3wek czy nawet zarzuty pobi\u0107 \u2013 nale\u017cy przypomnie\u0107, \u017ce w 2012 roku 1\/3 stanu osobowego stra\u017cnik\u00f3w zosta\u0142a zatrzymana w wyniku tzw. afery korupcyjnej w d\u0105browskiej Stra\u017cy Miejskiej<\/em><\/span><\/p>\n<p style=\"text-align: justify;\"><span style=\"color: #0000ff;\"><em>Tak, wi\u0119c Stra\u017c Miejska w D\u0105browie G\u00f3rniczej sama dostarcza argumenty, by j\u0105 zlikwidowa\u0107 &#8211; 20 funkcjonariuszy Stra\u017cy Miejskiej w D\u0105browie G\u00f3rniczej, odpowie czy ju\u017c odpowiedzia\u0142o przed s\u0105dem za przyjmowanie \u0142ap\u00f3wek i inne przest\u0119pstwa.<\/em><\/span><\/p>\n<p style=\"text-align: justify;\"><span style=\"color: #0000ff;\"><em><a href=\"http:\/\/wiadomosci.onet.pl\/slask\/dabrowa-gornicza-29-skazanych-ws-korupcji-w-strazy-miejskiej\/yx81w\"><span style=\"color: #0000ff;\">http:\/\/wiadomosci.onet.pl\/slask\/dabrowa-gornicza-29-skazanych-ws-korupcji-w-strazy-miejskiej\/yx81w<\/span><\/a><\/em><\/span><\/p>\n<p style=\"text-align: justify;\"><span style=\"color: #0000ff;\"><em><a href=\"http:\/\/sosnowiec.gazeta.pl\/gazetasosnowiec\/1,93867,15237094,Korupcja_w_strazy_miejskiej__Zarzuty_takze_dla_mieszkancow.html\"><span style=\"color: #0000ff;\">http:\/\/sosnowiec.gazeta.pl\/gazetasosnowiec\/1,93867,15237094,Korupcja_w_strazy_miejskiej__Zarzuty_takze_dla_mieszkancow.html<\/span><\/a><\/em><\/span><\/p>\n<div>\n<p style=\"text-align: justify;\"><span style=\"color: #0000ff;\"><em><a href=\"http:\/\/grzegorzjaszczura.pl\/http:\/\/grzegorzjaszczura.pl\/wp-content\/uploads\/2014\/11\/stra\u017c-2.jpg\"><img loading=\"lazy\" decoding=\"async\" class=\"alignleft size-thumbnail wp-image-29748\" alt=\"stra\u017c (2)\" src=\"http:\/\/grzegorzjaszczura.pl\/http:\/\/grzegorzjaszczura.pl\/wp-content\/uploads\/2014\/11\/stra\u017c-2-150x150.jpg\" width=\"150\" height=\"150\" \/><\/a><strong>Nale\u017cy r\u00f3wnie\u017c pami\u0119ta\u0107, \u017ce Stra\u017c Miejska w D\u0105browie G\u00f3rniczej jest instrumentalnie u\u017cywana do cel\u00f3w politycznych,<\/strong> np. w trakcie obrad Rady Miejskiej robi\u0142 to Przewodnicz\u0105cy Rady Miasta pani Agnieszka Pasternak: <a href=\"http:\/\/grzegorzjaszczura.pl\/http:\/grzegorzjaszczura.pl\/wp-content\/uploads\/2012\/03\/stra%C5%BC-3.jpg\"><span style=\"color: #0000ff;\">http:\/\/grzegorzjaszczura.pl\/http:\/\/grzegorzjaszczura.pl\/wp-content\/uploads\/2012\/03\/stra%C5%BC-3.jpg<\/span><\/a><\/em><\/span><\/p>\n<p style=\"text-align: justify;\"><span style=\"color: #0000ff;\"><em><b>Tak\u017ce dlatego pomys\u0142 likwidacji stra\u017cy miejskiej spotyka si\u0119 z coraz szerszym poparciem mieszka\u0144c\u00f3w D\u0105browy G\u00f3rniczej.<\/b><\/em><\/span><\/p>\n<p style=\"text-align: justify;\"><span style=\"color: #0000ff;\"><em><strong>Dbaj\u0105c o racjonalne lokowanie \u015brodk\u00f3w publicznych oraz maj\u0105c na uwadze utrzymanie w\u0142a\u015bciwego poziomu bezpiecze\u0144stwa w D\u0105browie G\u00f3rniczej dla dobra mieszka\u0144c\u00f3w, w\u0142adze miasta powinny podj\u0105\u0107 uchwa\u0142\u0119 o likwidacji Stra\u017cy Miejskiej.<\/strong> Potwierdzeniem s\u0142uszno\u015bci tego kroku niech b\u0119d\u0105 decyzje, jakie zosta\u0142y podj\u0119te przez samorz\u0105dy innych miast w sprawie rozwi\u0105zania swoich stra\u017cy. Ju\u017c kilkana\u015bcie polskich miast zdecydowa\u0142o si\u0119 na rozwi\u0105zanie Stra\u017cy Miejskich. Zlikwidowano je m.in. w Chrzanowie, Trzebini, Szczyrku, Zakroczymiu, Pionkach i \u017borach oraz Stalowej Woli.<\/em><\/span><\/p>\n<p style=\"text-align: justify;\"><strong><span style=\"color: #0000ff;\"><em>Proponowana likwidacja to nie tylko oszcz\u0119dno\u015bci w bud\u017cecie miasta, to w perspektywie wzrost bezpiecze\u0144stwa i porz\u0105dku publicznego w mie\u015bcie.<\/em><\/span><\/strong><\/p>\n<\/div>\n","protected":false},"excerpt":{"rendered":"<p>Likwidacja Stra\u017cy Miejskiej to jeden z wa\u017cnych postulat\u00f3w opozycji w D\u0105browie G\u00f3rniczej. Osobi\u015bcie staram si\u0119 go artyku\u0142owa\u0107 ju\u017c od dobrych dziesi\u0119ciu lat. Jeszcze nawet nie b\u0119d\u0105c w Radzie Miasta, pochyla\u0142em si\u0119 nad tym problemem, jako cz\u0142onek UPR Zag\u0142\u0119bia D\u0105browskiego. 28.09.2007 roku wyst\u0105pi\u0142em na sesji Rady Miejskiej &#8211; zobacz, zreszt\u0105 jako radny kilkakrotnie<\/p>\n","protected":false},"author":2,"featured_media":0,"comment_status":"open","ping_status":"open","sticky":false,"template":"","format":"standard","meta":{"_monsterinsights_skip_tracking":false,"_monsterinsights_sitenote_active":false,"_monsterinsights_sitenote_note":"","_monsterinsights_sitenote_category":0,"footnotes":""},"categories":[3],"tags":[],"class_list":["post-29615","post","type-post","status-publish","format-standard","hentry","category-polityczne"],"_links":{"self":[{"href":"https:\/\/grzegorzjaszczura.pl\/index.php?rest_route=\/wp\/v2\/posts\/29615","targetHints":{"allow":["GET"]}}],"collection":[{"href":"https:\/\/grzegorzjaszczura.pl\/index.php?rest_route=\/wp\/v2\/posts"}],"about":[{"href":"https:\/\/grzegorzjaszczura.pl\/index.php?rest_route=\/wp\/v2\/types\/post"}],"author":[{"embeddable":true,"href":"https:\/\/grzegorzjaszczura.pl\/index.php?rest_route=\/wp\/v2\/users\/2"}],"replies":[{"embeddable":true,"href":"https:\/\/grzegorzjaszczura.pl\/index.php?rest_route=%2Fwp%2Fv2%2Fcomments&post=29615"}],"version-history":[{"count":19,"href":"https:\/\/grzegorzjaszczura.pl\/index.php?rest_route=\/wp\/v2\/posts\/29615\/revisions"}],"predecessor-version":[{"id":29763,"href":"https:\/\/grzegorzjaszczura.pl\/index.php?rest_route=\/wp\/v2\/posts\/29615\/revisions\/29763"}],"wp:attachment":[{"href":"https:\/\/grzegorzjaszczura.pl\/index.php?rest_route=%2Fwp%2Fv2%2Fmedia&parent=29615"}],"wp:term":[{"taxonomy":"category","embeddable":true,"href":"https:\/\/grzegorzjaszczura.pl\/index.php?rest_route=%2Fwp%2Fv2%2Fcategories&post=29615"},{"taxonomy":"post_tag","embeddable":true,"href":"https:\/\/grzegorzjaszczura.pl\/index.php?rest_route=%2Fwp%2Fv2%2Ftags&post=29615"}],"curies":[{"name":"wp","href":"https:\/\/api.w.org\/{rel}","templated":true}]}}