{"id":29714,"date":"2014-11-08T07:36:21","date_gmt":"2014-11-08T06:36:21","guid":{"rendered":"http:\/\/grzegorzjaszczura.pl\/?p=29714"},"modified":"2024-04-22T09:58:13","modified_gmt":"2024-04-22T07:58:13","slug":"kandydat-do-sejmiku-tomasz-skora","status":"publish","type":"post","link":"https:\/\/grzegorzjaszczura.pl\/?p=29714","title":{"rendered":"Kandydat do sejmiku &#8211; Tomasz Sk\u00f3ra"},"content":{"rendered":"<p style=\"text-align: justify;\"><a href=\"http:\/\/grzegorzjaszczura.pl\/http:\/\/grzegorzjaszczura.pl\/wp-content\/uploads\/2014\/11\/skora-tomasz-1.jpg\"><img loading=\"lazy\" decoding=\"async\" class=\"alignnone size-thumbnail wp-image-67031\" src=\"http:\/\/grzegorzjaszczura.pl\/http:\/\/grzegorzjaszczura.pl\/wp-content\/uploads\/2014\/11\/skora-tomasz-1-150x150.jpg\" alt=\"\" width=\"150\" height=\"150\" \/><\/a>Wybory do sejmiku wojew\u00f3dzkiego s\u0105 bardziej upolitycznione ni\u017c wybory do rad gminnych. Dlatego te\u017c zgodnie z wytycznymi <strong>Rady G\u0142\u00f3wnej<\/strong>, prezesa <strong>J. Korwin-Mikkego<\/strong> i statutem <strong>Kongresu <span style=\"color: #0000ff;\">Nowej<\/span> <span style=\"color: #ff0000;\">Prawicy<\/span><\/strong><span style=\"color: #000000;\">,<\/span> wystawiamy jako oddzia\u0142 d\u0105browski Regionu \u015al\u0105sko-D\u0105browskiego <strong>K<span style=\"color: #0000ff;\">N<\/span><span style=\"color: #ff0000;\">P<\/span><\/strong> kandydat\u00f3w na ten szczebel samorz\u0105du samodzielnie.<\/p>\n<p style=\"text-align: justify;\">Kilka informacji o <span style=\"color: #0000ff;\">&#8222;jedynce&#8221;<\/span> z okr\u0119gu wyborczego <strong>nr 7<\/strong> w naszym wojew\u00f3dztwie. Mianowicie list\u0119<!--more--> otwiera kol. <strong>Tomasz Sk\u00f3ra<\/strong>.<\/p>\n<p style=\"text-align: justify;\">Jest mieszka\u0144cem D\u0105browy G\u00f3rniczej, szcz\u0119\u015bliwym m\u0119\u017cem i ojcem dw\u00f3ch syn\u00f3w. Z wykszta\u0142cenia in\u017cynier, absolwent Politechniki \u015al\u0105skiej. Od wielu lat jest przedsi\u0119biorc\u0105 jak i managerem w bran\u017cy w\u0119glowej i developerskiej. Swoj\u0105 dzia\u0142alno\u015b\u0107 polityczn\u0105 prowadzi niezmiennie u boku <strong>Janusza Korwin-Mikke<\/strong>, wsp\u00f3\u0142pracuj\u0105c z nim 20 lat na rzecz wolno\u015bci i sprawiedliwo\u015bci. W latach 2006-2010 by\u0142 Radnym Miejskim w <strong>D\u0105browie G\u00f3rniczej<\/strong>. Do\u015bwiadczenie w przedsi\u0119biorstwach, zarz\u0105dzaniu i samorz\u0105dzie zapewnia mu pe\u0142ne i profesjonalne przygotowanie do pracy w <strong>Sejmiku Wojew\u00f3dzkim<\/strong>.<\/p>\n<p style=\"text-align: justify;\">Program, a raczej has\u0142o <strong>K<span style=\"color: #0000ff;\">N<\/span><span style=\"color: #ff0000;\">P<\/span> na wybory samorz\u0105dowe<\/strong>:<\/p>\n<p style=\"text-align: justify;\"><span style=\"color: #0000ff;\"><em><strong>Nowa Prawica \u2013 Nowy Samorz\u0105d<\/strong><\/em><\/span><\/p>\n<p style=\"text-align: justify;\"><strong>Ma ono <\/strong>(to has\u0142o &#8211; przyp. m\u00f3j)<strong> prezentowa\u0107 nowe spojrzenie na:<\/strong><\/p>\n<p style=\"text-align: justify;\"><span style=\"color: #0000ff;\"><strong>Bud\u017cet publiczny:<\/strong><\/span><\/p>\n<p style=\"text-align: justify;\"><span style=\"color: #0000ff;\">&#8211; koniec z marnotrawstwem naszych pieni\u0119dzy,<\/span><\/p>\n<p style=\"text-align: justify;\"><span style=\"color: #0000ff;\">&#8211; koniec z zad\u0142u\u017caniem \u015al\u0105ska \u2013 pod pozorem rozwoju zad\u0142u\u017camy nasze wnuki!<\/span><\/p>\n<p style=\"text-align: justify;\"><span style=\"color: #0000ff;\">&#8211; koniec ze wzrostem wydatk\u00f3w na biurokracj\u0119,<\/span><\/p>\n<p style=\"text-align: justify;\"><span style=\"color: #0000ff;\">&#8211; ograniczenie zatrudnienia w urz\u0119dach i zale\u017cnych sp\u00f3\u0142kach komunalnych<\/span><\/p>\n<p style=\"text-align: justify;\"><span style=\"color: #0000ff;\"><strong>Rol\u0119 urz\u0119dnik\u00f3w:<\/strong><\/span><\/p>\n<p style=\"text-align: justify;\"><span style=\"color: #0000ff;\">&#8211; uproszczenie wszelkich procedur w wydawaniu decyzji urz\u0119dniczych,<\/span><\/p>\n<p style=\"text-align: justify;\"><span style=\"color: #0000ff;\">&#8211; rozlu\u017anienie warunk\u00f3w dla funkcjonowania przedsi\u0119biorstw,<\/span><\/p>\n<p style=\"text-align: justify;\"><span style=\"color: #0000ff;\">&#8211; u\u0142atwienie pozyskiwania zezwole\u0144 \u015brodowiskowych i budowlanych,<\/span><\/p>\n<p style=\"text-align: justify;\"><span style=\"color: #0000ff;\"><strong>Polityk\u0119 podatkow\u0105:<\/strong><\/span><\/p>\n<p style=\"text-align: justify;\"><span style=\"color: #0000ff;\">&#8211; obni\u017cka podatk\u00f3w od nieruchomo\u015bci,<\/span><\/p>\n<p style=\"text-align: justify;\"><span style=\"color: #0000ff;\">&#8211; obni\u017cka op\u0142at za wieczyste u\u017cytkowanie gruntu,<\/span><\/p>\n<p style=\"text-align: justify;\"><span style=\"color: #0000ff;\">&#8211; obni\u017cka wszelkich pozosta\u0142ych op\u0142at uchwalanych przez samorz\u0105dowc\u00f3w, aby chroni\u0107 mieszka\u0144c\u00f3w naszego regionu przed drena\u017cem ich kieszeni,<\/span><\/p>\n<p style=\"text-align: justify;\"><span style=\"color: #0000ff;\"><strong>Prywatyzacj\u0119 mienia komunalnego:<\/strong><\/span><\/p>\n<p style=\"text-align: justify;\"><span style=\"color: #0000ff;\">&#8211; dochody ze sprzeda\u017cy maj\u0105tku komunalnego \u2013 przeznaczy\u0107 na sp\u0142at\u0119 zad\u0142u\u017cenia.<\/span><\/p>\n<p style=\"text-align: justify;\"><a href=\"http:\/\/grzegorzjaszczura.pl\/http:\/\/grzegorzjaszczura.pl\/wp-content\/uploads\/2014\/11\/kurczek-jan-1.jpg\"><img loading=\"lazy\" decoding=\"async\" class=\"alignleft size-thumbnail wp-image-29724\" src=\"http:\/\/grzegorzjaszczura.pl\/http:\/\/grzegorzjaszczura.pl\/wp-content\/uploads\/2014\/11\/kurczek-jan-1-150x150.jpg\" alt=\"kurczek-jan-1\" width=\"150\" height=\"150\" \/><\/a>Jeszcze kilka zda\u0144 o kandydacie <strong>nr 3<\/strong> na li\u015bcie <strong>Komitetu Wyborczego Nowa Prawica &#8211; Janusza Korwin-Mikke<\/strong>, mieszka\u0144cu Sosnowca, cz\u0142onku oddzia\u0142u d\u0105browskiego <strong>K<span style=\"color: #0000ff;\">N<\/span><span style=\"color: #ff0000;\">P<\/span><\/strong>, kol. <strong>Janie Wojciechu Kurczku<\/strong>:<\/p>\n<p style=\"text-align: justify;\">62 lata, urodzony w Sosnowcu. Wykszta\u0142cenie wy\u017csze \u2013 mgr in\u017c. g\u00f3rnik, absolwent Politechniki \u015al\u0105skiej w Gliwicach. Nauczyciel Zespo\u0142u Szk\u00f3\u0142 Zawodowych \u201eSztygarka\u201d im. St. Staszica w D\u0105browie G\u00f3rniczej, posiadaj\u0105cy do\u015bwiadczenie zwi\u0105zane z prac\u0105 w przemy\u015ble g\u00f3rniczym. \u017bonaty \u2013 \u017cona Anna, synowie Tomasz i Jacek. <strong>Od zawsze po stronie wolno\u015bci, w\u0142asno\u015bci i sprawiedliwo\u015bci.<\/strong><\/p>\n<p style=\"text-align: justify;\">W uzupe\u0142nieniu pozostali kandydaci z oddzia\u0142u d\u0105browskiego <strong>K<span style=\"color: #0000ff;\">N<\/span><span style=\"color: #ff0000;\">P<\/span><\/strong> do sejmiku wojew\u00f3dzkiego (okr\u0119g nr 7 w naszym wojew\u00f3dztwie, <span style=\"color: #0000ff;\"><strong>lista nr 7<\/strong><\/span>) wraz z pozycj\u0105 na li\u015bcie:<\/p>\n<p><strong><span style=\"color: #0000ff;\">6.<\/span> GRZESIAK Romuald<\/strong><\/p>\n<p><strong><span style=\"color: #0000ff;\">7.<\/span> \u0106WIKLI\u0143SKA Monika<\/strong><\/p>\n<p><strong><span style=\"color: #0000ff;\">9.<\/span> FORTO\u0143SKA Agnieszka<\/strong><\/p>\n<p><strong><span style=\"color: #0000ff;\">12.<\/span> KOKOSZKA Jerzy<\/strong><\/p>\n<p><strong><span style=\"color: #0000ff;\">13.<\/span> BA\u0141DYS Beata<\/strong><\/p>\n","protected":false},"excerpt":{"rendered":"<p>Wybory do sejmiku wojew\u00f3dzkiego s\u0105 bardziej upolitycznione ni\u017c wybory do rad gminnych. Dlatego te\u017c zgodnie z wytycznymi Rady G\u0142\u00f3wnej, prezesa J. Korwin-Mikkego i statutem Kongresu Nowej Prawicy, wystawiamy jako oddzia\u0142 d\u0105browski Regionu \u015al\u0105sko-D\u0105browskiego KNP kandydat\u00f3w na ten szczebel samorz\u0105du samodzielnie. Kilka informacji o &#8222;jedynce&#8221; z okr\u0119gu wyborczego nr 7 w naszym wojew\u00f3dztwie. Mianowicie list\u0119<\/p>\n","protected":false},"author":2,"featured_media":0,"comment_status":"open","ping_status":"open","sticky":false,"template":"","format":"standard","meta":{"_monsterinsights_skip_tracking":false,"_monsterinsights_sitenote_active":false,"_monsterinsights_sitenote_note":"","_monsterinsights_sitenote_category":0,"footnotes":""},"categories":[3],"tags":[],"class_list":["post-29714","post","type-post","status-publish","format-standard","hentry","category-polityczne"],"_links":{"self":[{"href":"https:\/\/grzegorzjaszczura.pl\/index.php?rest_route=\/wp\/v2\/posts\/29714","targetHints":{"allow":["GET"]}}],"collection":[{"href":"https:\/\/grzegorzjaszczura.pl\/index.php?rest_route=\/wp\/v2\/posts"}],"about":[{"href":"https:\/\/grzegorzjaszczura.pl\/index.php?rest_route=\/wp\/v2\/types\/post"}],"author":[{"embeddable":true,"href":"https:\/\/grzegorzjaszczura.pl\/index.php?rest_route=\/wp\/v2\/users\/2"}],"replies":[{"embeddable":true,"href":"https:\/\/grzegorzjaszczura.pl\/index.php?rest_route=%2Fwp%2Fv2%2Fcomments&post=29714"}],"version-history":[{"count":26,"href":"https:\/\/grzegorzjaszczura.pl\/index.php?rest_route=\/wp\/v2\/posts\/29714\/revisions"}],"predecessor-version":[{"id":67032,"href":"https:\/\/grzegorzjaszczura.pl\/index.php?rest_route=\/wp\/v2\/posts\/29714\/revisions\/67032"}],"wp:attachment":[{"href":"https:\/\/grzegorzjaszczura.pl\/index.php?rest_route=%2Fwp%2Fv2%2Fmedia&parent=29714"}],"wp:term":[{"taxonomy":"category","embeddable":true,"href":"https:\/\/grzegorzjaszczura.pl\/index.php?rest_route=%2Fwp%2Fv2%2Fcategories&post=29714"},{"taxonomy":"post_tag","embeddable":true,"href":"https:\/\/grzegorzjaszczura.pl\/index.php?rest_route=%2Fwp%2Fv2%2Ftags&post=29714"}],"curies":[{"name":"wp","href":"https:\/\/api.w.org\/{rel}","templated":true}]}}