{"id":30074,"date":"2014-12-10T07:54:44","date_gmt":"2014-12-10T06:54:44","guid":{"rendered":"http:\/\/grzegorzjaszczura.pl\/?p=30074"},"modified":"2024-04-22T10:01:52","modified_gmt":"2024-04-22T08:01:52","slug":"walne-zebranie-oddzialu-dabrowskiego-knp","status":"publish","type":"post","link":"https:\/\/grzegorzjaszczura.pl\/?p=30074","title":{"rendered":"Walne zebranie oddzia\u0142u d\u0105browskiego KNP"},"content":{"rendered":"<p style=\"text-align: justify;\"><a href=\"http:\/\/grzegorzjaszczura.pl\/http:\/\/grzegorzjaszczura.pl\/wp-content\/uploads\/2014\/12\/KNP-Zaglebie-Dabrowskie.jpg\"><img loading=\"lazy\" decoding=\"async\" class=\"alignnone size-thumbnail wp-image-67033\" src=\"http:\/\/grzegorzjaszczura.pl\/http:\/\/grzegorzjaszczura.pl\/wp-content\/uploads\/2014\/12\/KNP-Zaglebie-Dabrowskie-150x150.jpg\" alt=\"\" width=\"150\" height=\"150\" \/><\/a>Zgodnie z regulaminem oddzia\u0142u d\u0105browskiego regionu \u015bl\u0105sko-d\u0105browskiego <strong>Kongresu <span style=\"color: #0000ff;\">Nowej<\/span> <span style=\"color: #ff0000;\">Prawicy<\/span><\/strong> w dniu <strong>4 grudnia 2014 r.<\/strong> odby\u0142o si\u0119 coroczne walne zebranie oddzia\u0142u. Jak by\u0142o rok temu mo\u017cna zobaczy\u0107 <a href=\"http:\/\/grzegorzjaszczura.pl\/?p=25167#more-25167\"><strong>tutaj<\/strong><\/a>. To by\u0142 ci\u0119\u017cki rok dla naszego oddzia\u0142u. Spotkali\u015bmy si\u0119 bowiem z destrukcyjnymi i schizofrenicznymi dzia\u0142aniami zarz\u0105du regionu wobec naszego oddzia\u0142u; jednak\u017ce przetrwali\u015bmy, powi\u0119kszyli\u015bmy ilo\u015b\u0107 cz\u0142onk\u00f3w, itd. <!--more-->By\u0142y prezes regionu \u015bl\u0105sko-d\u0105browskiego nie jest ju\u017c tak\u017ce cz\u0142onkiem naszej partii.<\/p>\n<p style=\"text-align: justify;\">Je\u017celi chodzi o absolutorium to ca\u0142y zarz\u0105d oddzia\u0142u je otrzyma\u0142. Jednocze\u015bnie chcia\u0142bym poinformowa\u0107 o tym, ze zosta\u0142em ponownie wybrany na prezesa oddzia\u0142u. <strong>Powo\u0142a\u0142em tak\u017ce nowy zarz\u0105d, kt\u00f3ry przedstawiam:<\/strong><\/p>\n<p style=\"text-align: justify;\"><span style=\"color: #0000ff;\"><b><i>Grzegorz Jaszczura <\/i><\/b><\/span>&#8211; prezes oddzia\u0142u, II s\u0119dzia nadzwyczajny S\u0105du Naczelnego K<span style=\"color: #0000ff;\">N<\/span><span style=\"color: #ff0000;\">P<\/span><b><i><br \/>\n<\/i><\/b><\/p>\n<p style=\"text-align: justify;\"><span style=\"color: #0000ff;\"><b><i>Tomasz Sk\u00f3ra<\/i><\/b><\/span> &#8211; wiceprezes oddzia\u0142u, cz\u0142onek sygnatariusz KNP, cz\u0142onek rady Sygnatariusz\u00f3w, Prezes S\u0105du Naczelnego K<span style=\"color: #0000ff;\">N<\/span><span style=\"color: #ff0000;\">P<\/span><\/p>\n<p style=\"text-align: justify;\"><span style=\"color: #0000ff;\"><b><i>Sebastian Kluszczy\u0144ski<\/i><\/b><\/span> &#8211; sekretarz oddzia\u0142u<\/p>\n<p style=\"text-align: justify;\"><span style=\"color: #0000ff;\"><b><i>Pawe\u0142 Kruk<\/i><\/b><\/span> \u2013 skarbnik oddzia\u0142u, wiceprzewodnicz\u0105cy CKR<\/p>\n<p style=\"text-align: justify;\"><span style=\"color: #0000ff;\"><b><i>Tomasz Bartosik<\/i><\/b> <\/span>&#8211; cz\u0142onek zarz\u0105du, koordynator Stra\u017cy K<span style=\"color: #0000ff;\">N<\/span><span style=\"color: #ff0000;\">P<\/span><\/p>\n<p style=\"text-align: justify;\"><span style=\"color: #0000ff;\"><b><i>Piotr \u015alusarczyk<\/i><\/b><\/span> &#8211; cz\u0142onek zarz\u0105du, prezes sekcji m\u0142odzie\u017cowej oddzia\u0142u d\u0105browskiego.<\/p>\n<p style=\"text-align: justify;\"><a href=\"http:\/\/grzegorzjaszczura.pl\/http:\/\/grzegorzjaszczura.pl\/wp-content\/uploads\/2014\/12\/CAM03277.jpg\"><img loading=\"lazy\" decoding=\"async\" class=\"alignleft size-thumbnail wp-image-30103\" src=\"http:\/\/grzegorzjaszczura.pl\/http:\/\/grzegorzjaszczura.pl\/wp-content\/uploads\/2014\/12\/CAM03277-150x150.jpg\" alt=\"CAM03277\" width=\"150\" height=\"150\" \/><\/a>Zmiany w sk\u0142adzie zarz\u0105du oddzia\u0142u maj\u0105 wg mnie na celu jeszcze wi\u0119ksze uaktywnienie nowych, m\u0142odszych cz\u0142onk\u00f3w naszego oddzia\u0142u oraz mam nadziej\u0119 na przekazywanie m\u0142odzie\u017cy<strong> K<span style=\"color: #0000ff;\">N<\/span><span style=\"color: #ff0000;\">P<\/span><\/strong>-owskiej wi\u0119kszych plenipotencji. Sukces <strong>K<span style=\"color: #0000ff;\">N<\/span><span style=\"color: #ff0000;\">P<\/span><\/strong> w wyborach do <span style=\"color: #ff0000;\">Unioparlamentu<\/span> wynika\u0142 przecie\u017c z poparcia m\u0142odego pokolenia, nie ska\u017conego tak bardzo prac\u0105 i \u017cyciem w lewackiej rzeczywisto\u015bci <span style=\"color: #ff0000;\"><strong>Unii Europoejskiej<\/strong><\/span>, o serwilistycznym pa\u0144stwie <span style=\"color: #ff0000;\">PRL<\/span> nie wspominaj\u0105c.<\/p>\n<p style=\"text-align: justify;\"><strong>M\u00f3j blog nie jest blogiem partyjnym.<\/strong> Jednak\u017ce ze wzgl\u0119du na to, \u017ce w ostatnim roku spotkali\u015bmy si\u0119 z wieloma pr\u00f3bami ze strony r\u00f3\u017cnych struktur naszej partii blokowania naszych dzia\u0142a\u0144 i blokowania informacji czy kontakt\u00f3w do w\u0142adz naszego oddzia\u0142u, np. na stronie g\u0142\u00f3wnej K<span style=\"color: #0000ff;\">N<\/span><span style=\"color: #ff0000;\">P,<\/span> odst\u0119puj\u0119 od praktyki nie publikowania sprawozdania z dzia\u0142a\u0144 oddzia\u0142u i przedstawi\u0119 teraz fragmenty mojego sprawozdania, przedstawionego na walnym zebraniu.<\/p>\n<p style=\"text-align: justify;\"><span style=\"color: #0000ff;\"><em><b><a href=\"http:\/\/grzegorzjaszczura.pl\/http:\/\/grzegorzjaszczura.pl\/wp-content\/uploads\/2014\/12\/CAM03279.jpg\"><img loading=\"lazy\" decoding=\"async\" class=\"alignleft size-thumbnail wp-image-30107\" src=\"http:\/\/grzegorzjaszczura.pl\/http:\/\/grzegorzjaszczura.pl\/wp-content\/uploads\/2014\/12\/CAM03279-150x150.jpg\" alt=\"CAM03279\" width=\"150\" height=\"150\" \/><\/a>&#8222;[&#8230;] Z innych dzia\u0142a\u0144 oddzia\u0142u i jego cz\u0142onk\u00f3w z ostatniego roku sprawozdawczego chcia\u0142bym wspomnie\u0107 o:<\/b><\/em><\/span><\/p>\n<p style=\"text-align: justify;\"><span style=\"color: #0000ff;\"><em>1. udziale cz\u0142onk\u00f3w oddzia\u0142u d\u0105browskiego w Konwencie Zwyczajnym partii w Warszawie w dniu <strong>26.10.2013 r.<\/strong> w liczbie 7 cz\u0142onk\u00f3w. W trakcie konwentu zostali\u015bmy docenieni przez w\u0142adze partii uczestnicz\u0105c w r\u00f3\u017cnych komisjach na konwencie. Moje sprawozdanie z tego konwentu w za\u0142\u0105czniku nr 1.<\/em><\/span><\/p>\n<p style=\"text-align: justify;\"><span style=\"color: #0000ff;\"><em>Zacytuj\u0119 tylko ko\u0144cowy fragment:<\/em><\/span><\/p>\n<p style=\"text-align: justify;\"><span style=\"color: #0000ff;\"><em>\u201eZarz\u0105d oddzia\u0142u d\u0105browskiego nie przewiduje poparcia lewicy i lewactwa w swoich dzia\u0142aniach. Chcia\u0142bym tu powiedzie\u0107, \u017ce docieraj\u0105ce do mnie g\u0142osy cz\u0142onk\u00f3w <strong><span style=\"color: #000000;\">K<\/span>N<span style=\"color: #ff0000;\">P<\/span><\/strong>, \u017ce nie b\u0119d\u0105 funkcjonowa\u0107 i pracowa\u0107 dla tworzenia kolejnej lewackiej przybud\u00f3wki sejmowej czy innej, staram si\u0119 tonowa\u0107 i prosz\u0119 te osoby o pozostanie w partii.\u201d<b><br \/>\n<\/b><\/em><\/span><\/p>\n<p style=\"text-align: justify;\"><span style=\"color: #0000ff;\"><em>2. udziale cz\u0142onk\u00f3w w konwencie regionu \u015bl\u0105sko-d\u0105browskiego w styczniu tr. w Piasku, w kt\u00f3rym wypowiedzieli\u015bmy si\u0119 przeciwko destrukcyjnym dzia\u0142aniom zarz\u0105du regionu (w tym by\u0142ego prezesa regionu, usuni\u0119tego ju\u017c z naszej partii), a w szczeg\u00f3lno\u015bci przeciwko \u0142amaniu art. 6 Statutu <b><span style=\"color: #000000;\">K<\/span>N<span style=\"color: #ff0000;\">P<\/span><\/b>, <\/em><\/span><\/p>\n<p style=\"text-align: justify;\"><span style=\"color: #0000ff;\"><em>3. uchwale zarz\u0105du oddzia\u0142u o nie wystawianiu naszego kandydata w wyborach do unioparlamentu <span style=\"color: #ff0000;\">UE<span style=\"color: #0000ff;\">,<\/span><\/span> w ramach protestu przeciwko pr\u00f3bie wymuszania na ewentualnym naszym kandydacie nie wyst\u0119powania przeciwko antypolskiemu <span style=\"color: #000000;\">RA\u015a<\/span> w trakcie kampanii wyborczej. Nota bene antypolska organizacja <span style=\"color: #000000;\">RA\u015a<\/span> by\u0142a i jest wspierana przez zarz\u0105d regionu \u015bl\u0105sko-d\u0105browskiego <strong><span style=\"color: #000000;\">K<\/span>N<span style=\"color: #ff0000;\">P<\/span><\/strong>, <\/em><\/span><\/p>\n<p style=\"text-align: justify;\"><span style=\"color: #0000ff;\"><em>4. udziale cz\u0142onk\u00f3w w rozmowach z innymi organizacjami prawicowymi w mie\u015bcie, <\/em><\/span><\/p>\n<p style=\"text-align: justify;\"><span style=\"color: #0000ff;\"><em>5. zorganizowanie spotkania z prezesem <b>J. Korwin-Mikke<\/b> w D\u0105browie G\u00f3rniczej, pierwszego po wybraniu go jako unioeuropos\u0142a (w czerwcu tr.), w Wy\u017cszej Szkole Biznesu w D\u0105browie G\u00f3rniczej w ramach konferencji Europa \u2013 Wsch\u00f3d, <\/em><\/span><\/p>\n<p style=\"text-align: justify;\"><span style=\"color: #0000ff;\"><em>6. udziale w spotkaniach klubu &#8222;Gazety Polskiej&#8221; w D\u0105browie G\u00f3rniczej, <\/em><\/span><\/p>\n<p style=\"text-align: justify;\"><span style=\"color: #0000ff;\"><em>7. z\u0142o\u017cenie wniosku 17 wrze\u015bnia 2014 r. do Rady Miejskiej w D\u0105browie G\u00f3rniczej o usuni\u0119cie pomnik\u00f3w <span style=\"color: #ff0000;\">Armii Czerwonej<\/span> z terenu miasta <\/em><\/span><\/p>\n<p style=\"text-align: justify;\"><span style=\"color: #0000ff;\"><em>8. udziale w Konwencie Zwyczajnym <span style=\"color: #ff0000;\"><b><span style=\"color: #0000ff;\"><span style=\"color: #000000;\">K<\/span>N<\/span>P<\/b><\/span> w Warszawie, uniewa\u017cnionym przez S\u0105d Naczelny naszej partii. Nasi cz\u0142onkowie byli cz\u0142onkami Komisji Mandatowej, skrutacyjnej i uczestniczyli tak\u017ce w kontroli oddzia\u0142u sto\u0142ecznego <b><span style=\"color: #000000;\">K<\/span>N<span style=\"color: #ff0000;\">P<\/span><\/b> (w ramach CKR i komisji mandatowej). <\/em><\/span><\/p>\n<p style=\"text-align: justify;\"><span style=\"color: #0000ff;\"><em>9. udziale siedmiu naszych cz\u0142onk\u00f3w i sympatyk\u00f3w w wyborach do sejmiku wojew\u00f3dzkiego, gdzie uzupe\u0142nili\u015bmy do \u201epe\u0142na\u201d list\u0119 kandydat\u00f3w okr\u0119gu nr 7, mimo destrukcyjnego stanowiska w\u0142adz s\u0105siedniego oddzia\u0142u, nasi kandydaci zdobyli 61% g\u0142os\u00f3w przypadaj\u0105cych na list\u0119, <\/em><\/span><\/p>\n<p style=\"text-align: justify;\"><span style=\"color: #0000ff;\"><em>10. udziale cz\u0142onk\u00f3w i sympatyk\u00f3w oddzia\u0142u d\u0105browskiego <b><span style=\"color: #000000;\">K<\/span>N<span style=\"color: #ff0000;\">P<\/span><\/b> w wyborach do Rady Miejskiej w D\u0105browie G\u00f3rniczej z list innych komitet\u00f3w wyborczych, tj. zgodnie z zaleceniami prezesa partii <b>J. Korwin-Mikkego<\/b>. Jeden cz\u0142onek naszego oddzia\u0142u <b>Grzegorz Jaszczura<\/b> zosta\u0142 radnym Rady Miejskiej w D\u0105browie G\u00f3rniczej. <\/em><\/span><\/p>\n<p style=\"text-align: justify;\"><span style=\"color: #0000ff;\"><em>Chcia\u0142bym wspomnie\u0107 tak\u017ce o pracy cz\u0142onk\u00f3w naszego oddzia\u0142u we w\u0142adzach centralnych naszej partii. <\/em><\/span><\/p>\n<p style=\"text-align: justify;\"><span style=\"color: #0000ff;\"><em>Mam na my\u015bli:<\/em><\/span><\/p>\n<p style=\"text-align: justify;\"><span style=\"color: #0000ff;\"><em>w Stra\u017cy <b><span style=\"color: #000000;\">K<\/span>N<span style=\"color: #ff0000;\">P <\/span><\/b>(kol. kol. <b>T. Bartosik<\/b>, <b>Z. Klimek<\/b>), S\u0105dzie Naczelnym (kol. kol. <b>T. Sk\u00f3ra<\/b>, <b>G. Jaszczura<\/b>) i Centralnej Komisji Rewizyjnej (kol. <b>P. Kruk<\/b>). <\/em><\/span><\/p>\n<p style=\"text-align: justify;\"><span style=\"color: #0000ff;\"><em>Cz\u0142onek oddzia\u0142u kol. <b>Pawe\u0142 Kruk<\/b> zosta\u0142 konsultantem unioeuropos\u0142a pana prezesa <b>J. Korwin-Mikke<\/b>. W trakcie jest tworzenie na terenie D\u0105browy G\u00f3rniczej Biura Poselskiego <b>J. Korwin-Mikke<\/b>.&#8221;<\/em><\/span><\/p>\n<p style=\"text-align: justify;\"><strong><a href=\"http:\/\/grzegorzjaszczura.pl\/http:\/\/grzegorzjaszczura.pl\/wp-content\/uploads\/2014\/12\/CAM03283.jpg\"><img loading=\"lazy\" decoding=\"async\" class=\"alignleft size-thumbnail wp-image-30105\" src=\"http:\/\/grzegorzjaszczura.pl\/http:\/\/grzegorzjaszczura.pl\/wp-content\/uploads\/2014\/12\/CAM03283-150x150.jpg\" alt=\"CAM03283\" width=\"150\" height=\"150\" \/><\/a>Dzi\u0119kuj\u0119<\/strong>.<\/p>\n<p style=\"text-align: justify;\">\n","protected":false},"excerpt":{"rendered":"<p>Zgodnie z regulaminem oddzia\u0142u d\u0105browskiego regionu \u015bl\u0105sko-d\u0105browskiego Kongresu Nowej Prawicy w dniu 4 grudnia 2014 r. odby\u0142o si\u0119 coroczne walne zebranie oddzia\u0142u. Jak by\u0142o rok temu mo\u017cna zobaczy\u0107 tutaj. To by\u0142 ci\u0119\u017cki rok dla naszego oddzia\u0142u. Spotkali\u015bmy si\u0119 bowiem z destrukcyjnymi i schizofrenicznymi dzia\u0142aniami zarz\u0105du regionu wobec naszego oddzia\u0142u; jednak\u017ce przetrwali\u015bmy, powi\u0119kszyli\u015bmy ilo\u015b\u0107 cz\u0142onk\u00f3w, itd.<\/p>\n","protected":false},"author":2,"featured_media":0,"comment_status":"open","ping_status":"open","sticky":false,"template":"","format":"standard","meta":{"_monsterinsights_skip_tracking":false,"_monsterinsights_sitenote_active":false,"_monsterinsights_sitenote_note":"","_monsterinsights_sitenote_category":0,"footnotes":""},"categories":[3],"tags":[],"class_list":["post-30074","post","type-post","status-publish","format-standard","hentry","category-polityczne"],"_links":{"self":[{"href":"https:\/\/grzegorzjaszczura.pl\/index.php?rest_route=\/wp\/v2\/posts\/30074","targetHints":{"allow":["GET"]}}],"collection":[{"href":"https:\/\/grzegorzjaszczura.pl\/index.php?rest_route=\/wp\/v2\/posts"}],"about":[{"href":"https:\/\/grzegorzjaszczura.pl\/index.php?rest_route=\/wp\/v2\/types\/post"}],"author":[{"embeddable":true,"href":"https:\/\/grzegorzjaszczura.pl\/index.php?rest_route=\/wp\/v2\/users\/2"}],"replies":[{"embeddable":true,"href":"https:\/\/grzegorzjaszczura.pl\/index.php?rest_route=%2Fwp%2Fv2%2Fcomments&post=30074"}],"version-history":[{"count":37,"href":"https:\/\/grzegorzjaszczura.pl\/index.php?rest_route=\/wp\/v2\/posts\/30074\/revisions"}],"predecessor-version":[{"id":67034,"href":"https:\/\/grzegorzjaszczura.pl\/index.php?rest_route=\/wp\/v2\/posts\/30074\/revisions\/67034"}],"wp:attachment":[{"href":"https:\/\/grzegorzjaszczura.pl\/index.php?rest_route=%2Fwp%2Fv2%2Fmedia&parent=30074"}],"wp:term":[{"taxonomy":"category","embeddable":true,"href":"https:\/\/grzegorzjaszczura.pl\/index.php?rest_route=%2Fwp%2Fv2%2Fcategories&post=30074"},{"taxonomy":"post_tag","embeddable":true,"href":"https:\/\/grzegorzjaszczura.pl\/index.php?rest_route=%2Fwp%2Fv2%2Ftags&post=30074"}],"curies":[{"name":"wp","href":"https:\/\/api.w.org\/{rel}","templated":true}]}}