{"id":30168,"date":"2014-12-19T07:50:23","date_gmt":"2014-12-19T06:50:23","guid":{"rendered":"http:\/\/grzegorzjaszczura.pl\/?p=30168"},"modified":"2014-12-19T15:46:18","modified_gmt":"2014-12-19T14:46:18","slug":"info-z-sadu-naczelnego-knp-2","status":"publish","type":"post","link":"https:\/\/grzegorzjaszczura.pl\/?p=30168","title":{"rendered":"Info z S\u0105du Naczelnego KNP"},"content":{"rendered":"<p style=\"text-align: justify;\"><a href=\"http:\/\/grzegorzjaszczura.pl\/http:\/\/grzegorzjaszczura.pl\/wp-content\/uploads\/2014\/12\/CAM03311.jpg\"><img loading=\"lazy\" decoding=\"async\" class=\"alignleft size-thumbnail wp-image-30179\" alt=\"CAM03311\" src=\"http:\/\/grzegorzjaszczura.pl\/http:\/\/grzegorzjaszczura.pl\/wp-content\/uploads\/2014\/12\/CAM03311-150x150.jpg\" width=\"150\" height=\"150\" \/><\/a>Kolejne posiedzenie S\u0105du Naczelnego <strong>Kongresu<span style=\"color: #0000ff;\"> Nowej<\/span> <span style=\"color: #ff0000;\">Prawicy<\/span><\/strong> mia\u0142o miejsce w dniu <strong>6 grudnia 2014 r.<\/strong> w D\u0105browie G\u00f3rniczej. Ilo\u015b\u0107 wniosk\u00f3w, kt\u00f3re s\u0105 kierowane do tej w\u0142adzy partii jest ostatnio spora. Moim zdaniem jest to pok\u0142osie dzia\u0142a\u0144 typu <span style=\"color: #ff0000;\">&#8222;r\u00f3bta co chceta&#8221;<\/span> i brania przyk\u0142adu z tego lewackiego ruchu, a zapominania o naszym konserwatywno-wolno\u015bciowym programie. Oczywi\u015bcie, jak zawsze<!--more--> nie nale\u017cy zbytnio uog\u00f3lnia\u0107, bowiem mo\u017cna kogo\u015b nies\u0142usznie obrazi\u0107, ale jestem pewien, \u017ce co\u015b w tym jest. Co do programu zatwierdzonego przez najwy\u017csz\u0105 w\u0142adz\u0119 <strong>K<span style=\"color: #0000ff;\">N<\/span><span style=\"color: #ff0000;\">P<\/span><\/strong>, czyli konwent partii to mo\u017cna si\u0119 z nim zapozna\u0107<strong> <a href=\"http:\/\/grzegorzjaszczura.pl\/?p=21403#more-21403\">tutaj<\/a><\/strong>.<\/p>\n<p style=\"text-align: justify;\"><strong>S\u0105d<\/strong> obradowa\u0142 w trzyosobowym sk\u0142adzie:<\/p>\n<p style=\"text-align: justify;\">Prezes S\u0105du kol. <strong>Tomasz Sk\u00f3ra<\/strong>,<\/p>\n<p style=\"text-align: justify;\">S\u0119dzia Zwyczajny kol. <strong>Janusz \u017burek<\/strong><\/p>\n<p style=\"text-align: justify;\">II S\u0119dzia Nadzwyczajny, czyli ja <strong>Grzegorz Jaszczura.<\/strong><\/p>\n<p style=\"text-align: justify;\">Ilo\u015b\u0107 spraw spowodowa\u0142a, \u017ce obrady trwa\u0142y prawie 10 godzin.<\/p>\n<p style=\"text-align: justify;\"><span style=\"text-decoration: underline;\">Obszerne fragmenty protoko\u0142u z tego posiedzenia:<\/span><\/p>\n<p style=\"text-align: justify;\"><span style=\"color: #0000ff;\">&#8222;[&#8230;] Jednog\u0142o\u015bnie przyj\u0119to proponowany porz\u0105dek obrad, z rozszerzeniem o nowe wnioski, kt\u00f3re wp\u0142yn\u0119\u0142y w ostatnich dniach .<\/span><\/p>\n<p style=\"text-align: justify;\"><strong><span style=\"color: #0000ff;\">Porz\u0105dek obrad.<\/span><\/strong><\/p>\n<p style=\"text-align: justify;\"><span style=\"color: #0000ff;\">1. Otwarcie posiedzenia.<\/span><\/p>\n<p style=\"text-align: justify;\"><span style=\"color: #0000ff;\">2. Rozpatrzenie wniosku <strong>Daniela Lewickiego<\/strong> o uchylenie decyzji Stra\u017cy.<\/span><\/p>\n<p style=\"text-align: justify;\"><span style=\"color: #0000ff;\">3. Rozpatrzenie wniosku <strong>Tomasza Daleckiego<\/strong> o uznanie winy i wniosek do Stra\u017cy.<\/span><\/p>\n<p style=\"text-align: justify;\"><span style=\"color: #0000ff;\">4. Rozpatrzenie wniosku <strong>Jaros\u0142awa Sochackiego<\/strong> o zbadanie:<\/span><\/p>\n<p style=\"text-align: justify;\"><span style=\"color: #0000ff;\">a) zgodno\u015bci ze Statutem regulaminu Regionu Lubuskiego<\/span><\/p>\n<p style=\"text-align: justify;\"><span style=\"color: #0000ff;\">b) prawid\u0142owo\u015bci\u00a0 powo\u0142ania Oddzia\u0142\u00f3w w Zielonej G\u00f3rze i Gorzowie Wielkopolskim.<\/span><\/p>\n<p style=\"text-align: justify;\"><span style=\"color: #0000ff;\">c) wa\u017cno\u015bci Konwentu Regionu Lubuskiego z dnia 20.09.2014.<\/span><\/p>\n<p style=\"text-align: justify;\"><span style=\"color: #0000ff;\">5. Rozpatrzenie wniosku <strong>Dominika Kowalskiego<\/strong> w\/s Konwentu Oddzia\u0142u Katowice.<\/span><\/p>\n<p style=\"text-align: justify;\"><span style=\"color: #0000ff;\">6. Rozpoznanie wniosku o uniewa\u017cnienie Konwentu Oddzia\u0142u Szczeci\u0144skiego.<\/span><\/p>\n<p style=\"text-align: justify;\"><span style=\"color: #0000ff;\">7. Wniosek <strong>Marcina Cokota<\/strong> w\/s uznania winy naruszenia art.19 statutu.<\/span><\/p>\n<p style=\"text-align: justify;\"><span style=\"color: #0000ff;\">8. Wniosek <strong>Marcina Cokota<\/strong> o uniewa\u017cnienie Walnego Zebrania Oddzia\u0142u Bielsko \u2013 Bia\u0142a.<\/span><\/p>\n<p style=\"text-align: justify;\"><span style=\"color: #0000ff;\"><strong><a href=\"http:\/\/grzegorzjaszczura.pl\/http:\/\/grzegorzjaszczura.pl\/wp-content\/uploads\/2014\/01\/zakaz-skr\u0119tu1.jpg\"><img loading=\"lazy\" decoding=\"async\" class=\"alignleft size-full wp-image-26502\" alt=\"zakaz-skr\u0119tu\" src=\"http:\/\/grzegorzjaszczura.pl\/http:\/\/grzegorzjaszczura.pl\/wp-content\/uploads\/2014\/01\/zakaz-skr\u0119tu1.jpg\" width=\"120\" height=\"120\" \/><\/a>W punkcie 2<\/strong> S\u0105d po rozpatrzeniu wniosku, postanowi\u0142 oddali\u0107 wniosek jako niezasadny z powodu braku kompetencji S\u0105du Naczelnego do \u00a0uchylania decyzji Stra\u017cy.<\/span><\/p>\n<p style=\"text-align: justify;\"><span style=\"color: #0000ff;\">Punkt 57 Statutu m\u00f3wi wyra\u017anie: <strong>\u201eOd decyzji Stra\u017cy nie przys\u0142uguje odwo\u0142anie a ponowne przyj\u0119cie nie mo\u017ce nast\u0105pi\u0107 przed up\u0142ywem 3 lat\u201d<\/strong>.<\/span><\/p>\n<p style=\"text-align: justify;\"><span style=\"color: #0000ff;\"><strong>W 3 punkcie<\/strong> porz\u0105dku rozpatrzono wniosek kol. <strong>Tomasza Daleckiego<\/strong> i postanowiono go oddali\u0107 jako bezprzedmiotowy, gdy\u017c w dniu 29.11.2014 roku kolega <strong>Robert Gajda<\/strong> zosta\u0142 pozbawiony cz\u0142onkostwa przez Stra\u017c <strong>KNP<\/strong> i obecnie nie jest cz\u0142onkiem partii.<\/span><\/p>\n<p style=\"text-align: justify;\"><span style=\"color: #0000ff;\">W kolejnym punkcie rozpoznano trzy wnioski kol. <strong>Jaros\u0142awa Sochackiego<\/strong>.<\/span><\/p>\n<p style=\"text-align: justify;\"><span style=\"color: #0000ff;\">W zakresie przedstawionego wniosku z dnia 25.09.2014 roku <strong>S\u0105d<\/strong> orzek\u0142 jak poni\u017cej:<\/span><\/p>\n<p style=\"text-align: justify;\"><strong><span style=\"color: #0000ff;\">Orzeczenie 1\/06.12.2014 r.<\/span><\/strong><\/p>\n<p style=\"text-align: justify;\"><span style=\"color: #0000ff;\"><a href=\"http:\/\/grzegorzjaszczura.pl\/http:\/\/grzegorzjaszczura.pl\/wp-content\/uploads\/2014\/12\/CAM03313.jpg\"><img loading=\"lazy\" decoding=\"async\" class=\"alignleft size-thumbnail wp-image-30384\" alt=\"CAM03313\" src=\"http:\/\/grzegorzjaszczura.pl\/http:\/\/grzegorzjaszczura.pl\/wp-content\/uploads\/2014\/12\/CAM03313-150x150.jpg\" width=\"150\" height=\"150\" \/><\/a>Przyj\u0119ty regulamin Regionu Lubuskiego, na Konwencie Regionu w dniu 20.09.2014, jest zgodny ze Statutem <strong>KNP<\/strong> w zakresie brzmienia art. 10 pkt 5 i nie narusza Statutu <strong>KNP<\/strong> (pozosta\u0142ych zapis\u00f3w uchwalonego Regulaminu Regionu S\u0105d nie bada\u0142). Odbiega on w tre\u015bci, od wzorcowego Regulaminu Regionu poprzez wykre\u015blenie s\u0142owa \u201ezwyczajnych\u201d, ale to nie narusza Statutu, cho\u0107 pozostawia go nieprecyzyjnym, co mia\u0142 na uwadze <strong>S\u0105d Naczelny<\/strong> precyzuj\u0105c status cz\u0142onkostwa uprawniaj\u0105cy do zak\u0142adania Oddzia\u0142u, a mianowicie: jedynie cz\u0142onkowie zwyczajni mog\u0105 utworzy\u0107 oddzia\u0142, o ile jest ich pi\u0119ciu. Taka wyk\u0142adnia Statutu obowi\u0105zuje od 06.07.2014, kiedy w uchwale nr 2 \/ 2014 <strong>S\u0105d Naczelny<\/strong> to potwierdzi\u0142.<\/span><\/p>\n<p style=\"text-align: justify;\"><strong><span style=\"color: #0000ff;\"><em>Uzasadnienie:<\/em><\/span><\/strong><\/p>\n<p style=\"text-align: justify;\"><span style=\"color: #0000ff;\">&#8211; Modyfikacje Regulaminu wzorcowego Regionu i r\u00f3wnie\u017c Oddzia\u0142u s\u0105 jak najbardziej dopuszczalne byle by\u0142y w zgodzie z obowi\u0105zuj\u0105cym prawem wewn\u0105trzpartyjnym, tj. Statutem, Regulaminami W\u0142adz i dotychczasowym orzecznictwem<strong> S\u0105du Naczelnego<\/strong>.<\/span><\/p>\n<p style=\"text-align: justify;\"><span style=\"color: #0000ff;\">O ich ewentualne uniewa\u017cnienie z powodu niezgodno\u015bci z wy\u017cej wymienionymi, mog\u0105 wnioskowa\u0107 strony maj\u0105ce\u00a0 interes prawny, np. cz\u0142onkowie danego Regionu.<\/span><\/p>\n<p style=\"text-align: justify;\"><span style=\"color: #0000ff;\">Natomiast usuni\u0119cie poj\u0119cia \u201ezwyczajny\u201d, z Regulaminu\u00a0 Regionu, nie powoduje, \u017ce\u00a0 w Regionie Lubuskim oddzia\u0142 mo\u017ce zak\u0142ada\u0107 np. 5-ciu cz\u0142onk\u00f3w kandydat\u00f3w. Obowi\u0105zuje regu\u0142a uchwalona przez <strong>S\u0105d Naczelny<\/strong> 06.07.2014.<\/span><\/p>\n<p style=\"text-align: justify;\"><span style=\"color: #0000ff;\">Kolejne dwa wnioski <strong>S\u0105d<\/strong> postanowi\u0142 rozstrzygn\u0105\u0107 na nast\u0119pnym posiedzeniu z powodu potrzeby zbadania dodatkowych dokument\u00f3w i informacji.<\/span><\/p>\n<p style=\"text-align: justify;\"><span style=\"color: #0000ff;\">Nadto <strong>SN<\/strong> postanowi\u0142 zwr\u00f3ci\u0107 si\u0119 do W\u0142adz Regionu Lubuskiego o udost\u0119pnienie protoko\u0142u z Konwentu Regionu, listy cz\u0142onk\u00f3w Regionu z zaznaczeniem oddzia\u0142u, z kt\u00f3rego pochodz\u0105 \u00a0na dzie\u0144 20.09.2014 oraz protoko\u0142u z g\u0142osowania nad votum zaufania dla Prezesa Regionu z 20.09.2014 i z Konwentu za\u0142o\u017cycielskiego oddzia\u0142\u00f3w Zielona G\u00f3ra oraz Gorz\u00f3w Wielkopolski, celem rozstrzygni\u0119cia czy powo\u0142anie\u00a0 oddzia\u0142\u00f3w by\u0142o zgodne ze statutem, gdy\u017c w przeciwnym wypadku, oddzia\u0142y te musia\u0142yby by\u0107 ponownie powo\u0142ane, o ile spe\u0142nione b\u0119d\u0105 warunki do tego wymagane.<br \/>\n<\/span><\/p>\n<p style=\"text-align: justify;\"><span style=\"color: #0000ff;\">&#8211; Zwo\u0142anie Konwentu przez Prezesa Regionu zgodnie z trybem okre\u015blonym w pkt. 84 Statutu jest legalne, o ile zostan\u0105 dochowane warunki procedury zwo\u0142ywania czyli zawiadomienie cz\u0142onk\u00f3w z odpowiednim wyprzedzeniem i porz\u0105dkiem obrad.<\/span><\/p>\n<p style=\"text-align: justify;\"><span style=\"color: #0000ff;\">W zwi\u0105zku z powy\u017cszym<strong> SN<\/strong> postanowi\u0142 zbada\u0107 dokumenty, kt\u00f3re\u00a0 zostan\u0105 dostarczone przez W\u0142adze Regionu i orzec w tej sprawie na\u00a0 kolejnym posiedzeniu.<\/span><\/p>\n<p style=\"text-align: justify;\"><span style=\"color: #0000ff;\">W kolejnym punkcie <strong>SN<\/strong> oddali\u0142 wniosek <strong>Dominika Kowalskiego<\/strong> z powodu braku dostarczenia przez wnioskodawc\u0119 \u201ekonkretnych zarzut\u00f3w\u201d do przeprowadzonego zebrania Oddzia\u0142u Katowice, o kt\u00f3rych pisze we wniosku, do dnia posiedzenia <strong>S\u0105du<\/strong>.<\/span><\/p>\n<p style=\"text-align: justify;\"><span style=\"color: #0000ff;\">W kolejnym punkcie porz\u0105dku, <strong>S\u0105d Naczelny<\/strong> rozpozna\u0142 wniosek o uniewa\u017cnienie Konwentu Oddzia\u0142u Szczeci\u0144skiego odbytego w dniu 09.08.2014 i postanowi\u0142 odroczy\u0107 rozstrzygni\u0119cie do czasu otrzymania dodatkowych dokument\u00f3w od w\u0142adz Oddzia\u0142u i Skarbnika <strong>KNP<\/strong>, a mianowicie:<\/span><\/p>\n<p style=\"text-align: justify;\"><span style=\"color: #0000ff;\">protoko\u0142u z Konwentu i listy obecno\u015bci z zaznaczeniem uprawnionych do g\u0142osowania i regulaminu oddzia\u0142u oraz listy nazwisk cz\u0142onk\u00f3w, kt\u00f3rzy nie zostali zawiadomieni o Konwencie.<\/span><\/p>\n<p style=\"text-align: justify;\"><span style=\"color: #0000ff;\">Nast\u0119pnie <strong>S\u0105d<\/strong> rozpatrzy\u0142 wniosek kol. <strong>Marcina Cokota<\/strong> o uznanie winy Wiceprezesa <strong>Stanis\u0142awa \u017b\u00f3\u0142tka<\/strong> naruszenia art. 19 statutu w zwi\u0105zku z brakiem \u201enaklejek rocznych\u201d na legitymacje.<\/span><\/p>\n<p style=\"text-align: justify;\"><span style=\"color: #0000ff;\"><strong>S\u0105d<\/strong> oddali\u0142 wniosek jako bezprzedmiotowy, gdy\u017c to Rada G\u0142\u00f3wna ustala szczeg\u00f3\u0142owe zasady wydawania legitymacji, a za realizacj\u0119 takiej uchwa\u0142y odpowiedzialny winien by\u0107 sekretariat Zarz\u0105du, nad kt\u00f3rym nadz\u00f3r sprawuje Sekretarz Generalny <strong>KNP<\/strong> i Prezes.<\/span><\/p>\n<p style=\"text-align: justify;\"><span style=\"color: #0000ff;\">Z powod\u00f3w powy\u017cszych <strong>S\u0105d<\/strong> wniosek oddali\u0142.<\/span><\/p>\n<p style=\"text-align: justify;\"><span style=\"color: #0000ff;\"><strong>W kolejnym punkcie<\/strong> <strong>SN<\/strong> rozpatrzy\u0142 wniosek kol. <strong>Marcina Cokota<\/strong> o uniewa\u017cnienie IV walnego zebrania Oddzia\u0142u Bielsko Bia\u0142a w dniu 25.10.2014 \u00a0z powodu uczestniczenia w nim i brania udzia\u0142u w g\u0142osowaniach kol. <strong>Paw\u0142a Szatkowskiego<\/strong> jako nieuprawnionego i podj\u0105\u0142 uchwa\u0142\u0119:<\/span><\/p>\n<p style=\"text-align: justify;\"><strong><span style=\"color: #0000ff;\">Uchwa\u0142a nr 1\/33\/ 06.12.2014<\/span><\/strong><\/p>\n<p style=\"text-align: justify;\"><span style=\"color: #0000ff;\"><strong>S\u0105d Naczelny<\/strong> odrzuca wniosek o uniewa\u017cnienie walnego zebrania (IV Konwentu) cz\u0142onk\u00f3w\u00a0 oddzia\u0142u Bielsko Bia\u0142a i\u00a0 potwierdza jego wa\u017cno\u015b\u0107.<\/span><\/p>\n<p style=\"text-align: justify;\"><strong><span style=\"color: #0000ff;\"><em>Uzasadnienie:<\/em><\/span><\/strong><\/p>\n<p style=\"text-align: justify;\"><span style=\"color: #0000ff;\">Zgodnie z informacj\u0105\u00a0 od Skarbnika <strong>KNP<\/strong>, w dniu Konwentu, kol. <strong>Pawe\u0142 Szatkowski<\/strong> by\u0142 i jest nadal cz\u0142onkiem zwyczajnym oddzia\u0142u, mia\u0142 zatem prawo g\u0142osu, a wi\u0119c przyczyna wnioskowania o uniewa\u017cnienie podana przez wnioskodawc\u0119 nie istnieje. Zatem Konwent Oddzia\u0142u Bielsko Bia\u0142a \u00a0odbyty w dniu 25.10.2014\u00a0 jest wa\u017cny.<\/span><\/p>\n<p style=\"text-align: justify;\"><span style=\"color: #0000ff;\">Po tym punkcie <strong>S\u0105d<\/strong> zako\u0144czy\u0142 obrady i Prezes S\u0105du zamkn\u0105\u0142 posiedzenie.&#8221;<\/span><\/p>\n","protected":false},"excerpt":{"rendered":"<p>Kolejne posiedzenie S\u0105du Naczelnego Kongresu Nowej Prawicy mia\u0142o miejsce w dniu 6 grudnia 2014 r. w D\u0105browie G\u00f3rniczej. Ilo\u015b\u0107 wniosk\u00f3w, kt\u00f3re s\u0105 kierowane do tej w\u0142adzy partii jest ostatnio spora. Moim zdaniem jest to pok\u0142osie dzia\u0142a\u0144 typu &#8222;r\u00f3bta co chceta&#8221; i brania przyk\u0142adu z tego lewackiego ruchu, a zapominania o naszym konserwatywno-wolno\u015bciowym programie. Oczywi\u015bcie, jak [&hellip;]<\/p>\n","protected":false},"author":2,"featured_media":0,"comment_status":"open","ping_status":"open","sticky":false,"template":"","format":"standard","meta":{"_monsterinsights_skip_tracking":false,"_monsterinsights_sitenote_active":false,"_monsterinsights_sitenote_note":"","_monsterinsights_sitenote_category":0,"footnotes":""},"categories":[3],"tags":[],"class_list":["post-30168","post","type-post","status-publish","format-standard","hentry","category-polityczne"],"_links":{"self":[{"href":"https:\/\/grzegorzjaszczura.pl\/index.php?rest_route=\/wp\/v2\/posts\/30168","targetHints":{"allow":["GET"]}}],"collection":[{"href":"https:\/\/grzegorzjaszczura.pl\/index.php?rest_route=\/wp\/v2\/posts"}],"about":[{"href":"https:\/\/grzegorzjaszczura.pl\/index.php?rest_route=\/wp\/v2\/types\/post"}],"author":[{"embeddable":true,"href":"https:\/\/grzegorzjaszczura.pl\/index.php?rest_route=\/wp\/v2\/users\/2"}],"replies":[{"embeddable":true,"href":"https:\/\/grzegorzjaszczura.pl\/index.php?rest_route=%2Fwp%2Fv2%2Fcomments&post=30168"}],"version-history":[{"count":21,"href":"https:\/\/grzegorzjaszczura.pl\/index.php?rest_route=\/wp\/v2\/posts\/30168\/revisions"}],"predecessor-version":[{"id":30450,"href":"https:\/\/grzegorzjaszczura.pl\/index.php?rest_route=\/wp\/v2\/posts\/30168\/revisions\/30450"}],"wp:attachment":[{"href":"https:\/\/grzegorzjaszczura.pl\/index.php?rest_route=%2Fwp%2Fv2%2Fmedia&parent=30168"}],"wp:term":[{"taxonomy":"category","embeddable":true,"href":"https:\/\/grzegorzjaszczura.pl\/index.php?rest_route=%2Fwp%2Fv2%2Fcategories&post=30168"},{"taxonomy":"post_tag","embeddable":true,"href":"https:\/\/grzegorzjaszczura.pl\/index.php?rest_route=%2Fwp%2Fv2%2Ftags&post=30168"}],"curies":[{"name":"wp","href":"https:\/\/api.w.org\/{rel}","templated":true}]}}