{"id":30269,"date":"2014-12-31T09:19:02","date_gmt":"2014-12-31T08:19:02","guid":{"rendered":"http:\/\/grzegorzjaszczura.pl\/?p=30269"},"modified":"2014-12-31T09:24:51","modified_gmt":"2014-12-31T08:24:51","slug":"socjalistyczna-sprawiedliwosc","status":"publish","type":"post","link":"https:\/\/grzegorzjaszczura.pl\/?p=30269","title":{"rendered":"Socjalistyczna sprawiedliwo\u015b\u0107"},"content":{"rendered":"<p style=\"text-align: justify;\"><a href=\"http:\/\/grzegorzjaszczura.pl\/http:\/\/grzegorzjaszczura.pl\/wp-content\/uploads\/2014\/12\/nr-1285-1286-2.jpg\"><img loading=\"lazy\" decoding=\"async\" class=\"alignleft size-thumbnail wp-image-30565\" alt=\"nr-1285-1286-2\" src=\"http:\/\/grzegorzjaszczura.pl\/http:\/\/grzegorzjaszczura.pl\/wp-content\/uploads\/2014\/12\/nr-1285-1286-2-150x150.jpg\" width=\"150\" height=\"150\" \/><\/a>O tym, \u017ce <span style=\"color: #ff0000;\">socjalizm<\/span> jest z\u0142y, nie trzeba nikogo my\u015bl\u0105cego przekonywa\u0107. To fakt, przy okazji mo\u017cna wspomnie\u0107 <span style=\"color: #ff0000;\">socjalist\u00f3w<\/span>: niemieckich (<strong>A. Hitler<\/strong>), w\u0142oskich (<strong>B. Mussolini<\/strong>), polskich (<strong>W\u0142. Gomu\u0142ka<\/strong>, <strong>E. Gierek<\/strong><strong><\/strong>), \u017cydowskich (<strong>J. Kuro\u0144<\/strong>, <strong>A. Michnik<\/strong>, <strong>L. Trocki <\/strong>(<strong>Bronsztejn<\/strong>)) sowieckich (<strong>W\u0142. Lenin<\/strong>, <strong>J. Stalin<\/strong> czy <strong>\u0141.<\/strong> <strong>Beria<\/strong>, w ko\u0144cu komunizm to &#8222;rozwini\u0119ty socjalizm&#8221;) i dalej m\u00f3g\u0142bym<!--more--> dawa\u0107 przyk\u0142ady unioeurosocjalist\u00f3w (<strong>C. Ashton<\/strong>, <strong>D. Tusk<\/strong>, <em>etc.<\/em>) i <em>etc.<\/em> Lista powsta\u0142aby niestety d\u0142uga.<\/p>\n<p style=\"text-align: justify;\">Do tematu <span style=\"color: #ff0000;\">socjalistycznej sprawiedliwo\u015bci<\/span> i problem\u00f3w pa\u0144stwa socjalistycznego nawi\u0105za\u0142 kol. <strong>Kacper Muszy\u0144ski<\/strong> w tek\u015bcie <span style=\"color: #0000ff;\"><strong>&#8222;Socjalistyczna sprawiedliwo\u015b\u0107&#8221;<\/strong><\/span>.<\/p>\n<p style=\"text-align: justify;\"><span style=\"color: #0000ff;\"><b><a href=\"http:\/\/grzegorzjaszczura.pl\/http:\/\/grzegorzjaszczura.pl\/wp-content\/uploads\/2014\/02\/muszy\u0144ski-kacper-4.jpg\"><img loading=\"lazy\" decoding=\"async\" class=\"alignleft size-thumbnail wp-image-27084\" alt=\"muszy\u0144ski-kacper-4\" src=\"http:\/\/grzegorzjaszczura.pl\/http:\/\/grzegorzjaszczura.pl\/wp-content\/uploads\/2014\/02\/muszy\u0144ski-kacper-4-150x150.jpg\" width=\"150\" height=\"150\" \/><\/a>Pa\u0144stwo socjalistyczne nie jest w stanie rozwi\u0105za\u0107 \u017cadnego problemu, gdy\u017c samo w sobie takowym jest. <\/b><strong>Ma\u0142o jest sprawiedliwo\u015bci w sytuacji, kiedy jaka\u015b firma otwarcie wspierana jest na rzekomo wolnym rynku pieni\u0119dzmi pa\u0144stwowymi.<\/strong> Za\u0142\u00f3\u017cmy, \u017ce ja jako szary obywatel uwa\u017cam, \u017ce jaka\u015b pa\u0144stwowa sp\u00f3\u0142ka nieuczciwie mi zaszkodzi\u0142a i postanawiam teraz wytoczy\u0107 jej spraw\u0119 w s\u0105dzie o odszkodowanie. Nie wygl\u0105da to zbyt obiecuj\u0105co. S\u0105dzi\u0107 b\u0119dzie rzecz jasna niezale\u017cny od w\u0142adzy s\u0119dzia. Ale\u2026 niech to! Wygra\u0142em! Dostan\u0119 moje upragnione odszkodowanie, ale\u2026 KTO tak naprawd\u0119 je ui\u015bci? A spece od zatrudnie\u0144 ju\u017c szykuj\u0105 w tej\u017ce firmie kolejne etaty maj\u0105ce jakoby zapobiec przysz\u0142ym podobnym wpadkom\u2026<\/span><\/p>\n<p style=\"text-align: justify;\"><span style=\"color: #0000ff;\">\u00a0\u00a0\u00a0\u00a0\u00a0\u00a0\u00a0\u00a0\u00a0\u00a0\u00a0 <strong>Sprawiedliwo\u015b\u0107 wiele ju\u017c mia\u0142a imion w socjalizmie.<\/strong> Trzeba jednak spraw\u0119 postawi\u0107 jasno \u2013 nie mo\u017cna \u201euprzymiotnikowywa\u0107\u201d takiej warto\u015bci, jak w\u0142a\u015bnie omawiana sprawiedliwo\u015b\u0107. Ta bowiem jest z natury pomy\u015blana jako taka sama dla ka\u017cdego cz\u0142owieka. Czy to wi\u0119c z\u0142odziej, piekarz czy te\u017c tancerka \u2013 wszyscy musz\u0105 by\u0107 traktowani zgodnie z jednym prawem. Przedstawi\u0119 teraz r\u00f3\u017cne problemy zwi\u0105zane z pojmowaniem sprawiedliwo\u015bci, a tak\u017ce to, jaki ma ona kszta\u0142t, je\u015bli spojrze\u0107 na ni\u0105 z obiektywnego punktu widzenia.<\/span><\/p>\n<p style=\"text-align: justify;\"><span style=\"color: #0000ff;\">\u00a0\u00a0\u00a0\u00a0\u00a0\u00a0\u00a0\u00a0\u00a0\u00a0\u00a0 <b>Pokrzywdzony przez los cz\u0142owiek cz\u0119sto \u017cali si\u0119 na to, \u017ce \u015bwiat jest niesprawiedliwy.<\/b> Nierzadko odczuwamy g\u0142\u0119bokie wsp\u00f3\u0142czucie, gdy widzimy kogo\u015b, kto nikomu nigdy nie zaszkodzi\u0142, a w zamian przeznaczenie odp\u0142aci\u0142o mu si\u0119 na przyk\u0142ad utrat\u0105 ko\u0144czyny. Jednak\u017ce nie ma to nic wsp\u00f3lnego ze sprawiedliwo\u015bci\u0105 lub jej brakiem.<\/span><\/p>\n<p style=\"text-align: justify;\"><span style=\"color: #0000ff;\"><strong>Sprawiedliwo\u015b\u0107 okre\u015blana jest na podstawie, czy co\u015b jest czynione w zgodzie z jaki\u015b prawem.<\/strong> W naszym \u201eziemskim\u201d przypadku bierzemy zatem pod uwag\u0119 m.in. prawa fizyki czy og\u00f3lnie prawa natury. Je\u017celi wi\u0119c kto\u015b urodzi\u0142 si\u0119 zdeformowany\u2026 c\u00f3\u017c, nie mo\u017cna za to wini\u0107 \u015bwiata \u2013 widocznie ci\u0105g przesz\u0142ych wydarze\u0144 po prostu do tego doprowadzi\u0142. <b>Mo\u017cna by odnie\u015b\u0107 wra\u017cenie, \u017ce to w\u0142a\u015bnie cuda (czyli wielkie odst\u0119pstwa od normy) s\u0105 niesprawiedliwe, gdy\u017c zak\u0142\u00f3caj\u0105 w\u0142a\u015bciw\u0105 \u201einterpretacj\u0119\u201d naszego prawa. Niemniej jednak my\u015bl\u0119, \u017ce cuda \u2013 jako szczeg\u00f3lnie dotkni\u0119te niewidzialn\u0105 R\u0119k\u0105 Bosk\u0105 \u2013 zawieraj\u0105 w sobie doz\u0119 sprawiedliwo\u015bci.<\/b><\/span><\/p>\n<p style=\"text-align: justify;\"><span style=\"color: #0000ff;\">\u00a0\u00a0\u00a0\u00a0\u00a0\u00a0\u00a0\u00a0\u00a0\u00a0\u00a0 Ubolewam nad tym, \u017ce ludzie z coraz wi\u0119kszym obrzydzeniem patrz\u0105 m.in. na ide\u0119 <b><i>\u201eoko za oko \u2013 z\u0105b za z\u0105b\u201d<\/i><\/b>. Nie twierdz\u0119, \u017ce to najwspanialszy spos\u00f3b wymierzania sprawiedliwo\u015bci, lecz zasadniczo jest on niezb\u0119dnym minimum, by poszkodowany otrzyma\u0142 zadowalaj\u0105ce zado\u015b\u0107uczynienie. \u201ePrzyk\u0142ad\u201d z okiem nie oddaje rzecz jasna pe\u0142ni mojej my\u015bli, spr\u00f3bujmy zatem z pieni\u0119dzmi. Przypu\u015b\u0107my, \u017ce z\u0142odziej ukrad\u0142 komu\u015b 1000 z\u0142 (to nasze wcze\u015bniejsze \u201eoko\u201d). Policja go \u0142apie, prokurator stawia przed s\u0105dem, ten za\u015b skazuje go na oddanie tego\u017c \u201eoka\u201d (1000 z\u0142). Wida\u0107 wi\u0119c, \u017ce minimum sprawiedliwo\u015bci wyst\u0119puje dopiero wtedy, gdy wyr\u00f3wnamy porachunki. <b>Trzeba jednak wi\u0119cej \u2013 ukara\u0107 winnego.<\/b> W przeciwnym wypadku wielu ludzi po prostu by sobie ryzykowa\u0142o takie \u201enumery\u201d, wiedz\u0105c, \u017ce w najgorszym wypadku b\u0119d\u0105 tylko zmuszeni odda\u0107 to, co zabrali. \u015awietn\u0105 ilustracj\u0105 takiej niesprawiedliwo\u015bci jest stosunkowo niedawna (kto wie, czy wci\u0105\u017c nie aktualna) afera korupcyjna w polskiej lidze pi\u0142ki no\u017cnej. Mianowicie par\u0119 klub\u00f3w, kt\u00f3re awansowa\u0142y np. z drugiej ligi do pierwszej przy pomocy \u201e\u017cyczliwo\u015bci\u201d s\u0119dzi\u00f3w, zosta\u0142o jedynie \u201eukaranych\u201d degradacj\u0105 do ligi drugiej, czyli <i>de facto <\/i>nic nie straci\u0142y, wr\u00f3ci\u0142y do punktu wyj\u015bcia. Mo\u017cna zauwa\u017cy\u0107, \u017ce zachowanie idei \u201eoko za oko\u2026\u201d jest zgodne z prawem natury (r\u00f3wnowaga), lecz nie jestem pewny, czy r\u00f3wnie zgodne, tzn. wystarczaj\u0105ce dla zachowania regu\u0142 moralnych.<\/span><\/p>\n<p style=\"text-align: justify;\"><span style=\"color: #0000ff;\">\u00a0\u00a0\u00a0\u00a0\u00a0\u00a0\u00a0\u00a0\u00a0 W gazetach czytamy wiele polemik \u2013 cz\u0119sto typowo naukowych \u2013 dotycz\u0105cych na przyk\u0142ad szkodliwo\u015bci\/zalet palenia marihuany. Ci, kt\u00f3rzy s\u0105 \u201eza\u201d, oczywi\u015bcie rozpisuj\u0105 si\u0119 na kilkana\u015bcie stron, usi\u0142uj\u0105c przekona\u0107 lud, \u017ce popularne \u201ezi\u00f3\u0142ko\u201d to nic z\u0142ego, dlaczego wi\u0119c go nie zalegalizowa\u0107? Ot\u00f3\u017c ch\u0119tnie napisa\u0142bym wypracowanie szkaluj\u0105ce ludzi, kt\u00f3rzy za\u017cywaj\u0105 takich \u015brodk\u00f3w, jak heroina, udowadnia\u0107, \u017ce ten, kto si\u0119 w ni\u0105 wci\u0105gnie, ju\u017c nigdy z tego nie wyjdzie. Ale po co? Jakim prawem ktokolwiek mo\u017ce w\u0142azi\u0107 na krzywy ryj do mojego cia\u0142a, dyryguj\u0105c nim?!<\/span><\/p>\n<p style=\"text-align: justify;\"><span style=\"color: #0000ff;\">Tak samo sprawa wygl\u0105da z wieloma zagadnieniami. Dlaczego, je\u015bli kto\u015b uwa\u017ca nauk\u0119 za rzecz bezsensown\u0105, musi p\u0142aci\u0107 za tych, kt\u00f3rzy maj\u0105 zdanie wprost przeciwne?<\/span><\/p>\n<p style=\"text-align: justify;\"><span style=\"color: #0000ff;\"> <b>Gdyby socjalizm, podatki redystrybucyjne <em>etc.<\/em>, dawa\u0142y wi\u0119kszo\u015bci ludzi w kraju poka\u017ane korzy\u015bci, to tak czy siak by\u0142bym temu przeciwny. Dlaczego? Bo jest to \u00a0najzwyczajniej w \u015bwiecie NIESPRAWIEDLIWE. <\/b><\/span><\/p>\n<p style=\"text-align: right;\" align=\"right\"><span style=\"color: #0000ff;\">\u00a0<b><i>Kacper Muszy\u0144ski<\/i><\/b><\/span><\/p>\n<p style=\"text-align: justify;\">\n","protected":false},"excerpt":{"rendered":"<p>O tym, \u017ce socjalizm jest z\u0142y, nie trzeba nikogo my\u015bl\u0105cego przekonywa\u0107. To fakt, przy okazji mo\u017cna wspomnie\u0107 socjalist\u00f3w: niemieckich (A. Hitler), w\u0142oskich (B. Mussolini), polskich (W\u0142. Gomu\u0142ka, E. Gierek), \u017cydowskich (J. Kuro\u0144, A. Michnik, L. Trocki (Bronsztejn)) sowieckich (W\u0142. Lenin, J. Stalin czy \u0141. Beria, w ko\u0144cu komunizm to &#8222;rozwini\u0119ty socjalizm&#8221;) i dalej m\u00f3g\u0142bym<\/p>\n","protected":false},"author":2,"featured_media":0,"comment_status":"open","ping_status":"open","sticky":false,"template":"","format":"standard","meta":{"_monsterinsights_skip_tracking":false,"_monsterinsights_sitenote_active":false,"_monsterinsights_sitenote_note":"","_monsterinsights_sitenote_category":0,"footnotes":""},"categories":[3],"tags":[],"class_list":["post-30269","post","type-post","status-publish","format-standard","hentry","category-polityczne"],"_links":{"self":[{"href":"https:\/\/grzegorzjaszczura.pl\/index.php?rest_route=\/wp\/v2\/posts\/30269","targetHints":{"allow":["GET"]}}],"collection":[{"href":"https:\/\/grzegorzjaszczura.pl\/index.php?rest_route=\/wp\/v2\/posts"}],"about":[{"href":"https:\/\/grzegorzjaszczura.pl\/index.php?rest_route=\/wp\/v2\/types\/post"}],"author":[{"embeddable":true,"href":"https:\/\/grzegorzjaszczura.pl\/index.php?rest_route=\/wp\/v2\/users\/2"}],"replies":[{"embeddable":true,"href":"https:\/\/grzegorzjaszczura.pl\/index.php?rest_route=%2Fwp%2Fv2%2Fcomments&post=30269"}],"version-history":[{"count":35,"href":"https:\/\/grzegorzjaszczura.pl\/index.php?rest_route=\/wp\/v2\/posts\/30269\/revisions"}],"predecessor-version":[{"id":30574,"href":"https:\/\/grzegorzjaszczura.pl\/index.php?rest_route=\/wp\/v2\/posts\/30269\/revisions\/30574"}],"wp:attachment":[{"href":"https:\/\/grzegorzjaszczura.pl\/index.php?rest_route=%2Fwp%2Fv2%2Fmedia&parent=30269"}],"wp:term":[{"taxonomy":"category","embeddable":true,"href":"https:\/\/grzegorzjaszczura.pl\/index.php?rest_route=%2Fwp%2Fv2%2Fcategories&post=30269"},{"taxonomy":"post_tag","embeddable":true,"href":"https:\/\/grzegorzjaszczura.pl\/index.php?rest_route=%2Fwp%2Fv2%2Ftags&post=30269"}],"curies":[{"name":"wp","href":"https:\/\/api.w.org\/{rel}","templated":true}]}}