{"id":30275,"date":"2015-01-10T08:25:35","date_gmt":"2015-01-10T07:25:35","guid":{"rendered":"http:\/\/grzegorzjaszczura.pl\/?p=30275"},"modified":"2015-01-10T08:47:44","modified_gmt":"2015-01-10T07:47:44","slug":"swiat-z-otchlani","status":"publish","type":"post","link":"https:\/\/grzegorzjaszczura.pl\/?p=30275","title":{"rendered":"\u015awiat z otch\u0142ani"},"content":{"rendered":"<p style=\"text-align: justify;\"><a href=\"http:\/\/grzegorzjaszczura.pl\/http:\/\/grzegorzjaszczura.pl\/wp-content\/uploads\/2014\/01\/zakaz-skr\u0119tu2.jpg\"><img loading=\"lazy\" decoding=\"async\" class=\"alignleft size-full wp-image-26505\" alt=\"zakaz-skr\u0119tu\" src=\"http:\/\/grzegorzjaszczura.pl\/http:\/\/grzegorzjaszczura.pl\/wp-content\/uploads\/2014\/01\/zakaz-skr\u0119tu2.jpg\" width=\"120\" height=\"120\" \/><\/a>W jeszcze jednym tek\u015bcie kol. <strong>Kacpra Muszy\u0144skiego<\/strong>, kt\u00f3ry dzisiaj przedstawi\u0119, najbardziej mi si\u0119 podoba jego ubli\u017cenie socjalizmowi: <span style=\"color: #0000ff;\"><strong>&#8222;<\/strong><\/span><em><b><span style=\"color: #0000ff;\">Socjalizm sam w sobie jest bezcelowy, jest syzyfow\u0105 prac\u0105. Ale s\u0142u\u017cy w\u0142a\u015bnie jako narz\u0119dzie do dotarcia do komunizmu&#8221;<\/span>. <\/b><\/em>Prawie jak \u015bp.<strong> St. Kisielewski<\/strong> z jego: <em><span style=\"color: #0000ff;\"><strong>\u201eSocjalizm jest to ustr\u00f3j, w kt\u00f3rym bohatersko rozwi\u0105zuje si\u0119 problemy nie znane w \u017cadnym innym ustroju\u201d<\/strong><\/span><\/em><span style=\"color: #000000;\">. Zreszt\u0105 czy powiedzenie<!--more--> prawdy jest ubli\u017ceniem? Po zastanowieniu mam w\u0105tpliwo\u015bci. To tak jakby powiedzie\u0107 <strong>Eskimosowi<\/strong>: <em>Ty <strong>Eskimosie<\/strong><\/em>, a on by si\u0119 obrazi\u0142. \ud83d\ude42<br \/>\n<\/span><\/p>\n<p style=\"text-align: justify;\"><strong>Zapraszam do lektury. Uwa\u017cam, \u017ce bardzo dobry tekst!<br \/>\n<\/strong><\/p>\n<p style=\"text-align: justify;\"><span style=\"color: #0000ff;\"><strong><a href=\"http:\/\/grzegorzjaszczura.pl\/http:\/\/grzegorzjaszczura.pl\/wp-content\/uploads\/2015\/01\/CAM03489.jpg\"><img loading=\"lazy\" decoding=\"async\" class=\"alignleft size-thumbnail wp-image-30696\" alt=\"CAM03489\" src=\"http:\/\/grzegorzjaszczura.pl\/http:\/\/grzegorzjaszczura.pl\/wp-content\/uploads\/2015\/01\/CAM03489-150x150.jpg\" width=\"150\" height=\"150\" \/><\/a>Resztki dawnego \u015bwiata da si\u0119 jeszcze jak przez mg\u0142\u0119 ujrze\u0107 chyba jedynie w grach komputerowych i na \u015bredniowiecznych obrazach.<\/strong> Lecz i one jakie\u015b zakurzone. Klimat warto\u015bci i obyczaj\u00f3w panuj\u0105cych \u201edawno, dawno temu\u201d wpad\u0142 jakby do czarnej dziury w kosmosie my\u015bli i idei. Mo\u017cna tylko wysnuwa\u0107 przypuszczenia, czy si\u0142a ta zabra\u0142a go i wrzuci\u0142a do niszczarki dziejowej, czy te\u017c pozwoli mu wr\u00f3ci\u0107 pewnego razu na nale\u017cne mu miejsce. <strong>Osobi\u015bcie dochodz\u0119 do wniosku, \u017ce skoro B\u00f3g jest Wszechmog\u0105cy, to przecie\u017c wszystko si\u0119 mo\u017ce wydarzy\u0107. A jak \u201emy\u015bl\u0105\u201d bezbo\u017cni i poga\u0144scy knuciciele,\u00a0 lewakami zwani?<\/strong><\/span><\/p>\n<p style=\"text-align: justify;\"><span style=\"color: #0000ff;\">\u00a0\u00a0\u00a0\u00a0\u00a0\u00a0\u00a0\u00a0\u00a0\u00a0\u00a0 Dowodem na to, \u017ce historia zatacza ko\u0142o, \u017ce tworzy si\u0119 cyklicznie, jest obserwacja, gdzie widzimy ma\u0142p\u0119 \u2013 istot\u0119, mo\u017cna powiedzie\u0107, do\u015b\u0107 cz\u0142ekokszta\u0142tn\u0105, kt\u00f3ra jednak nie interesowa\u0142a si\u0119 szczeg\u00f3lnie niczym ciekawym. \u017by\u0142a sama dla siebie, bez idea\u0142\u00f3w. Potem przyszed\u0142 cz\u0142owiek. O \u2013 ten to ju\u017c stworzy\u0142 kultur\u0119 oraz w nast\u0119pstwie cywilizacj\u0119 i przy tym (a najpewniej dzi\u0119ki temu) mia\u0142 swoje idea\u0142y. Jeden marzy\u0142 o tym, by zosta\u0107 rycerzem, drugi kap\u0142anem, a wszyscy \u2013 kr\u00f3lem. Samo wymawianie tych tytu\u0142\u00f3w wywo\u0142ywa\u0142o przyjemne skurcze duchowe. Ale z czasem wszystko posz\u0142o w niepami\u0119\u0107. Sko\u0144czy\u0142o si\u0119. Lecz \u00f3w koniec by\u0142 jedynie pocz\u0105tkiem tamtego \u201ePocz\u0105tku\u201d. Znowu pojawi\u0142y si\u0119 istoty tylko-cz\u0142eko-podobne! Odrzuci\u0142y idea\u0142y, poniewieraj\u0105c je i zostawiaj\u0105c za sob\u0105. I ju\u017c nie idea\u0142 wymagaj\u0105cy po\u015bwi\u0119cenia \u2013 jak w naszym prawdziwym \u015bwiecie \u2013 tylko zwyczajny, przeci\u0119tny, szary zjadacz chleba sta\u0142 si\u0119 wzorem do na\u015bladowania.<\/span><\/p>\n<p style=\"text-align: justify;\"><span style=\"color: #0000ff;\">\u00a0\u00a0\u00a0\u00a0\u00a0\u00a0\u00a0\u00a0\u00a0\u00a0\u00a0 <strong>A czy powinni\u015bmy stara\u0107 si\u0119 by\u0107 tak ca\u0142kowicie normalni?<\/strong> C\u00f3\u017c, w pewnym sensie absolutna normalno\u015b\u0107 prowadzi do zastoju w post\u0119pie (tym zwyczajnym), gdy\u017c nie ma \u017cadnych oryginalnych czynnik\u00f3w, kt\u00f3re by go ruszy\u0142y. Ka\u017cdy geniusz ma zreszt\u0105 w sobie co\u015b niezwyk\u0142ego. I to na tyle niezwyk\u0142ego, \u017ce \u2013 jak wida\u0107 \u2013 <strong><i>homo pospolitus <\/i><\/strong>wprost nie potrafi tego strawi\u0107. Ja sam nie chc\u0119 by\u0107 kompletnie normalny. Oczywi\u015bcie nienormalnym mo\u017cna by\u0107 na r\u00f3\u017cne strony. <strong>Normalna nienormalno\u015b\u0107 to ta na prawo, jak wiadomo.<\/strong><\/span><\/p>\n<p style=\"text-align: justify;\"><span style=\"color: #0000ff;\">\u00a0\u00a0\u00a0\u00a0\u00a0\u00a0\u00a0\u00a0\u00a0\u00a0\u00a0 Ludzie stali si\u0119 nieludzko wra\u017cliwi. Jak wspomnia\u0142em, m\u00f3wi\u0105c o idea\u0142ach i o ich tera\u017aniejszym braku, staraj\u0105 si\u0119 oni za wszelk\u0105 cen\u0119 znale\u017a\u0107 <i>warto\u015b\u0107 \u015bredni\u0105<\/i>, koniecznie bez jakichkolwiek \u015blad\u00f3w \u201eradykalizmu\u201d. Ot\u00f3\u017c, je\u015bli powiem, \u017ce 2 + 2 jest 4, i dla nich to jest radykalne, to tak \u2013 jestem najskrajniejszym radyka\u0142em na \u015bwiecie. Z jednej strony w szkole ucz\u0105, \u017ce kr\u00f3l by\u0142 czym\u015b dobrym, chwal\u0105 go, a na nast\u0119pnej lekcji, godzin\u0119 p\u00f3\u017aniej, \u017ce to co\u015b brutalnego.<\/span><\/p>\n<p style=\"text-align: justify;\"><span style=\"color: #0000ff;\">\u00a0\u00a0\u00a0\u00a0\u00a0\u00a0\u00a0\u00a0\u00a0\u00a0\u00a0 Bia\u0142y z Czarnym nigdy nie mog\u0105 \u2013 nawet je\u015bli s\u0105 ch\u0119tni i nie stanie im si\u0119 krzywda \u2013 ze sob\u0105 rywalizowa\u0107, albowiem g\u0142\u00f3wn\u0105 nagrod\u0105 dla zwyci\u0119zcy b\u0119dzie pos\u0105dzenie go o rasizm. Rasizm, ku niezrozumieniu tych stworze\u0144, to nie jest jedynie sytuacja, gdy Bia\u0142y leje Czarnego. Rasizm to wyodr\u0119bnienie jednej grupy ludzi od drugiej w celu rozr\u00f3\u017cnienia i przypuszczalnie specjalnego traktowania. <b>Gdy przy wyrabianiu dowodu osobistego urz\u0119dniczka prosi o podanie koloru oczu (jako\u015b przecie\u017c pana musimy rozpozna\u0107, jakby co), to \u015bwiadczy o tym, \u017ce jest ona \u201erasistk\u0105\u201d, kt\u00f3ra wprost segreguje ludzi ze wzgl\u0119du na ich kolor oczu. C\u00f3\u017c za dyskryminacja!<\/b><\/span><\/p>\n<p style=\"text-align: justify;\"><span style=\"color: #0000ff;\">\u00a0\u00a0\u00a0\u00a0\u00a0\u00a0\u00a0\u00a0\u00a0\u00a0\u00a0<strong> R\u00f3wno\u015b\u0107 \u2013 i wraz z ni\u0105 b\u0142\u0119dy w logice.<\/strong> Niby mamy by\u0107 r\u00f3wno traktowani, a jednak \u201ebogackim krwiopijcom\u201d chc\u0105 zabiera\u0107 wi\u0119cej. <b>Czyli, po to, \u017ceby by\u0142o r\u00f3wno, trzeba traktowa\u0107 nier\u00f3wno.<\/b> Jedynym wyj\u015bciem dla socjalist\u00f3w jest wi\u0119c chyba zniesienie wszelkiej pracy i zarobk\u00f3w, a potem przydzielanie karteczek, tak, \u017ceby ka\u017cdy wiedzia\u0142, ile to on mo\u017ce. <b>I tak wracamy pro\u015bciutko do domu \u2013 komunizmu.<\/b> Jest to zreszt\u0105 kolejny dow\u00f3d na to, \u017ce droga do niego wiedzie szlakiem socjalistycznym. <b>Socjalizm sam w sobie jest bezcelowy, jest syzyfow\u0105 prac\u0105. Ale s\u0142u\u017cy w\u0142a\u015bnie jako narz\u0119dzie do dotarcia do komunizmu.<\/b><\/span><\/p>\n<p style=\"text-align: justify;\"><span style=\"color: #0000ff;\">\u00a0\u00a0\u00a0\u00a0\u00a0\u00a0\u00a0\u00a0\u00a0\u00a0\u00a0 Wrogo\u015b\u0107 do w\u0142asno\u015bci prywatnej. A przecie\u017c ka\u017cda mo\u017cliwa w\u0142asno\u015b\u0107, z wyj\u0105tkiem prywatnej w\u0142a\u015bnie, to w\u0142asno\u015b\u0107 <i>de facto <\/i>zawsze nale\u017c\u0105ca do Nich. Na przek\u00f3r jednak ubieraj\u0105 Z\u0142o w Dobro. Ale je\u015bli co\u015b jest \u201enasze\u201d (nale\u017cy przynajmniej do dw\u00f3ch os\u00f3b), to w przypadku konfliktu interes\u00f3w zawsze jedna strona b\u0119dzie pokrzywdzona. A gdy jeszcze, nie daj Bo\u017ce, dojdzie do zawarcia wyidealizowanego przez Ja\u015bnie O\u015bwieconych kompromisu, to ju\u017c w og\u00f3le tragedia \u2013 \u017cadna ze stron nie b\u0119dzie w pe\u0142ni zadowolona. A przecie\u017c mia\u0142y takie samo prawo do swojej w\u0142asno\u015bci\u2026<\/span><\/p>\n<p style=\"text-align: justify;\"><span style=\"color: #0000ff;\">\u00a0\u00a0\u00a0\u00a0\u00a0\u00a0\u00a0\u00a0\u00a0\u00a0\u00a0 A podej\u015bcie do wiary? Wszyscy doskonale wiemy, a przynajmniej doro\u015bli, \u017ce \u015bw. Miko\u0142aj sun\u0105cy po niebie na saniach nie istnieje. Lekkie jednak wmawianie swoim pociechom, \u017ce istnieje i \u017ce w zim\u0119 odwiedzi nas, je\u015bli \u2013 uwaga! \u2013 b\u0119d\u0105 grzeczne, pozwala zachowa\u0107 \u0142ad i spok\u00f3j na ca\u0142y rok. Wiar\u0119 trzeba czu\u0107, a nie si\u0119 zmusza\u0107, ale to prawda, \u017ce cho\u0107by powierzchowna wiara w Boga utrzymuje harmoni\u0119 w pa\u0144stwie. Oczywi\u015bcie wspomniane istoty doskonale pojmuj\u0105, \u017ce religia (jakakolwiek) jest niezb\u0119dna do przetrwania i do rozwoju cywilizacji. Ich cel jest jednak wprost przeciwny.<\/span><\/p>\n<p style=\"text-align: justify;\"><span style=\"color: #0000ff;\">\u00a0\u00a0\u00a0\u00a0\u00a0\u00a0\u00a0\u00a0\u00a0\u00a0\u00a0 Pewnych ludzi spotyka czasem smutny, a cz\u0119sto niezas\u0142u\u017cony los. \u015awiat wszak\u017ce nie jest idealny \u2013 to dopiero w Raju. \u017beby ludzkimi r\u0119koma pr\u00f3bowa\u0107 \u2013 cho\u0107 zapewniam, \u017ce bez skutku \u2013 stworzy\u0107 idealny \u015bwiat, bez nieszcz\u0119\u015b\u0107 i wypadk\u00f3w, musieliby\u015bmy si\u0119 w og\u00f3le nie porusza\u0107. A i tak przecie\u017c w ko\u0144cu przysz\u0142aby znudzona takim obrotem spraw \u015amier\u0107.<\/span><\/p>\n<p style=\"text-align: justify;\"><span style=\"color: #0000ff;\"><b>Ci sami lewicowcy krytykuj\u0105 wyprawy krzy\u017cowe, kt\u00f3re przynajmniej jako jeden z cel\u00f3w wzi\u0119\u0142y na siebie zadanie si\u0142owego nawr\u00f3cenia ludu na dobr\u0105 drog\u0119, i ci sami lewicowcy chc\u0105 pod przymusem nak\u0142oni\u0107 nas na czynienie dobra w formie p\u0142acenia podatk\u00f3w na biednych.<\/b> W zatrwa\u017caj\u0105cym stopniu podatki te trafiaj\u0105 owszem do biednych, ale umys\u0142owo. <b>Niestety, jak by to krzywdz\u0105co nie zabrzmia\u0142o, pieni\u0105dze otrzymuje si\u0119 za prac\u0119, a nie za kalectwo.<\/b> Pomaganie rzecz jasna nie jest z\u0142e samo w sobie. Ba, to zas\u0142uguj\u0105cy na podziw uczynek. S\u0119k jednak w tym, \u017ce je\u017celi pomaganie ma by\u0107 naprawd\u0119 dobroduszne i ch\u0119tnie czynione (zreszt\u0105 zawsze jest, ale te stwory popsu\u0142y ludziom olbrzymi\u0105 frajd\u0119 z czynienia dobra, zamieniaj\u0105c to w biurokratyczny obowi\u0105zek), musi by\u0107 dobrowolne. <b>Dlaczego \u2013 cho\u0107 rzadko marnuj\u0119 pr\u0105d na telewizj\u0119, przyznaj\u0119 \u2013 nigdy nie by\u0142o mi dane ujrze\u0107 prezenterki z jak\u0105\u015b widoczn\u0105 wad\u0105 fizyczn\u0105 w programach informacyjnych, tam, gdzie najg\u0142o\u015bniej o tym szumi\u0105?<\/b><\/span><\/p>\n<p style=\"text-align: justify;\" align=\"right\"><span style=\"color: #0000ff;\">\u00a0\u00a0\u00a0\u00a0\u00a0\u00a0\u00a0\u00a0\u00a0\u00a0\u00a0 <b>Oni pochodz\u0105 z innego \u015bwiata. M\u00f3wi\u0105 inne rzeczy ni\u017c my. S\u0105 inni ni\u017c wszystko, co widzia\u0142o ludzkie oko przez wieki i tysi\u0105clecia. S\u0105 inni ni\u017c Tradycja. Nie ma si\u0119 wi\u0119c co przejmowa\u0107 ani unika\u0107 pewnych sformu\u0142owa\u0144, gdy takie \u015brodowisko jak <i>\u201eGW\u201d<\/i> szkaluje nas i obrzuca czerwonym b\u0142otem w prasie. To jest oznaka, \u017ce robimy dobrze i kroczymy w\u0142a\u015bciw\u0105 \u015bcie\u017ck\u0105. Gdyby nas zacz\u0119li chwali\u0107 \u2013 o! wtedy ju\u017c trzeba by si\u0119 powa\u017cnie zastanowi\u0107, co robimy nie tak. Ci ludzie \u017cyj\u0105 w swoim wyimaginowanym, cho\u0107 niestety wprowadzanym materialnie, \u015bwiecie, w kt\u00f3rym nie ma tego, co by\u0107 powinno. S\u0105 nieprawdziwi. Podstaw\u0105 \u015bwiata naszego natomiast jest Prawda, kt\u00f3ra jako jedyna jest ciekawa. Tamci wi\u0119c grzebi\u0105 w naszych \u017cyciach, dlatego \u017ce ich s\u0105 takie nieciekawe. Musz\u0105 wmawia\u0107 masom, \u017ce obiektywizm nie istnieje, gdy\u017c w przeciwnym razie wyszliby nawet w oczach t\u0119pego ludu na kompletnych oszo\u0142om\u00f3w.<\/b><\/span><\/p>\n<p align=\"right\"><span style=\"color: #0000ff;\"><strong><em> K<\/em><\/strong><b><i>acper Muszy\u0144ski<\/i><\/b><\/span><\/p>\n<p style=\"text-align: justify;\" align=\"right\"><span style=\"color: #0000ff;\"><strong>Ps<\/strong><\/span> Odpowiadam na zapytania dotycz\u0105ce m.in. tekst\u00f3w <strong>Kacpra<\/strong>. Aby znale\u017a\u0107 na blogu np. tekst kol. Kacpra wystarczy w kolumnie po prawej stronie bloga wpisa\u0107 w <em><strong>Szukaj<\/strong> <\/em>s\u0142owo np. Muszy\u0144ski i zostan\u0105 wyszukane te wpisy, kt\u00f3re to s\u0142owo (wyra\u017cenie) zawieraj\u0105. Podobnie mo\u017cna wyszuka\u0107 wpisy zawieraj\u0105ce inne tematy, np. <span style=\"color: #ff0000;\">Owsiak<\/span> czy <span style=\"color: #008000;\">Zag\u0142\u0119bie D\u0105browskie<\/span>. Pisz\u0119 o tym tak\u017ce dlatego, \u017ce na blogu przez <strong>siedem<\/strong> lat zamie\u015bci\u0142em ju\u017c <strong>625<\/strong> wpis\u00f3w. Mo\u017cna tak\u017ce klikn\u0105\u0107 w: <em><strong>Lubi\u0119 to<\/strong><\/em>, co uczyni\u0142o ju\u017c ponad <strong>300<\/strong> os\u00f3b. <span style=\"color: #0000ff;\"><strong>Dzi\u0119kuj\u0119.<\/strong><\/span><\/p>\n","protected":false},"excerpt":{"rendered":"<p>W jeszcze jednym tek\u015bcie kol. Kacpra Muszy\u0144skiego, kt\u00f3ry dzisiaj przedstawi\u0119, najbardziej mi si\u0119 podoba jego ubli\u017cenie socjalizmowi: &#8222;Socjalizm sam w sobie jest bezcelowy, jest syzyfow\u0105 prac\u0105. Ale s\u0142u\u017cy w\u0142a\u015bnie jako narz\u0119dzie do dotarcia do komunizmu&#8221;. Prawie jak \u015bp. St. Kisielewski z jego: \u201eSocjalizm jest to ustr\u00f3j, w kt\u00f3rym bohatersko rozwi\u0105zuje si\u0119 problemy nie znane w [&hellip;]<\/p>\n","protected":false},"author":2,"featured_media":0,"comment_status":"open","ping_status":"open","sticky":false,"template":"","format":"standard","meta":{"_monsterinsights_skip_tracking":false,"_monsterinsights_sitenote_active":false,"_monsterinsights_sitenote_note":"","_monsterinsights_sitenote_category":0,"footnotes":""},"categories":[3],"tags":[],"class_list":["post-30275","post","type-post","status-publish","format-standard","hentry","category-polityczne"],"_links":{"self":[{"href":"https:\/\/grzegorzjaszczura.pl\/index.php?rest_route=\/wp\/v2\/posts\/30275","targetHints":{"allow":["GET"]}}],"collection":[{"href":"https:\/\/grzegorzjaszczura.pl\/index.php?rest_route=\/wp\/v2\/posts"}],"about":[{"href":"https:\/\/grzegorzjaszczura.pl\/index.php?rest_route=\/wp\/v2\/types\/post"}],"author":[{"embeddable":true,"href":"https:\/\/grzegorzjaszczura.pl\/index.php?rest_route=\/wp\/v2\/users\/2"}],"replies":[{"embeddable":true,"href":"https:\/\/grzegorzjaszczura.pl\/index.php?rest_route=%2Fwp%2Fv2%2Fcomments&post=30275"}],"version-history":[{"count":30,"href":"https:\/\/grzegorzjaszczura.pl\/index.php?rest_route=\/wp\/v2\/posts\/30275\/revisions"}],"predecessor-version":[{"id":30714,"href":"https:\/\/grzegorzjaszczura.pl\/index.php?rest_route=\/wp\/v2\/posts\/30275\/revisions\/30714"}],"wp:attachment":[{"href":"https:\/\/grzegorzjaszczura.pl\/index.php?rest_route=%2Fwp%2Fv2%2Fmedia&parent=30275"}],"wp:term":[{"taxonomy":"category","embeddable":true,"href":"https:\/\/grzegorzjaszczura.pl\/index.php?rest_route=%2Fwp%2Fv2%2Fcategories&post=30275"},{"taxonomy":"post_tag","embeddable":true,"href":"https:\/\/grzegorzjaszczura.pl\/index.php?rest_route=%2Fwp%2Fv2%2Ftags&post=30275"}],"curies":[{"name":"wp","href":"https:\/\/api.w.org\/{rel}","templated":true}]}}