{"id":30806,"date":"2015-01-22T10:08:54","date_gmt":"2015-01-22T09:08:54","guid":{"rendered":"http:\/\/grzegorzjaszczura.pl\/?p=30806"},"modified":"2015-01-24T16:16:19","modified_gmt":"2015-01-24T15:16:19","slug":"info-z-sadu-naczelnego-knp-cz-1","status":"publish","type":"post","link":"https:\/\/grzegorzjaszczura.pl\/?p=30806","title":{"rendered":"Info z S\u0105du Naczelnego KNP &#8211; cz. 1"},"content":{"rendered":"<p style=\"text-align: justify;\"><a href=\"http:\/\/grzegorzjaszczura.pl\/http:\/\/grzegorzjaszczura.pl\/wp-content\/uploads\/2013\/11\/logo-NP.jpg\"><img loading=\"lazy\" decoding=\"async\" class=\"alignleft size-thumbnail wp-image-25919\" alt=\"logo-NP\" src=\"http:\/\/grzegorzjaszczura.pl\/http:\/\/grzegorzjaszczura.pl\/wp-content\/uploads\/2013\/11\/logo-NP-150x150.jpg\" width=\"150\" height=\"150\" \/><\/a>Kolejne posiedzenie S\u0105du Naczelnego <strong>Kongresu <span style=\"color: #0000ff;\">Nowej<\/span> <span style=\"color: #ff0000;\">Prawicy<\/span><\/strong> i niezwykle wa\u017cne decyzje podj\u0119te przez ten organ partii, zawsze stoj\u0105cy na stra\u017cy prawa, konserwatyzmu i przestrzegania programu. Akurat tutaj nie uda\u0142o si\u0119 lewakom &#8222;nap\u0142ywaj\u0105cym&#8221; do <strong>K<span style=\"color: #ff0000;\">N<\/span><span style=\"color: #0000ff;\">P<\/span><\/strong> wprowadzi\u0107 swojego &#8222;r\u00f3bta co chceta&#8221; i z wra\u017cenia, \u017ce chyba wyjdzie ich niekompetencja i lewactwo postanowili za\u0142o\u017cy\u0107 inn\u0105 parti\u0119. Posiedzenie odby\u0142o si\u0119 <strong>17.01.2015 r.<\/strong> w Krakowie.<!--more--><\/p>\n<p style=\"text-align: justify;\"><strong>S\u0105d<\/strong> <strong>Naczelny<\/strong> obradowa\u0142 w trzyosobowym sk\u0142adzie:<\/p>\n<p style=\"text-align: justify;\">Prezes S\u0105du kol. <strong>Tomasz Sk\u00f3ra<\/strong>,<\/p>\n<p style=\"text-align: justify;\">S\u0119dzia Zwyczajny kol. <strong>Andrzej Paciej<br \/>\n<\/strong><\/p>\n<p style=\"text-align: justify;\">II S\u0119dzia Nadzwyczajny, czyli ja <strong>Grzegorz Jaszczura.<\/strong><\/p>\n<p style=\"text-align: justify;\">Du\u017ca ilo\u015b\u0107 spraw spowodowa\u0142a, \u017ce obrady trwa\u0142y prawie 8 godzin. Dlatego dzisiaj tylko trzy punkty, jak wydaje si\u0119 najwa\u017cniejsze w obecnej sytuacji &#8222;geopolitycznej&#8221; partii, aczkolwiek w zatwierdzonym porz\u0105dku obrad posiedzenia ko\u0144cowe.<\/p>\n<p style=\"text-align: justify;\"><span style=\"color: #0000ff;\"><b>&#8222;<\/b><\/span><span style=\"color: #0000ff;\"><b>Uchwa\u0142a nr 3\/2015<\/b><\/span><\/p>\n<p style=\"text-align: justify;\"><span style=\"color: #0000ff;\">S\u0105d Naczelny zgodnie z pkt. 70 Statutu <strong>KNP<\/strong> orzeka, \u017ce w zwi\u0105zku z pkt. 16.b oraz z punktami 4 i 6 Statutu <strong>KNP<\/strong> podpisywanie przez cz\u0142onk\u00f3w <strong>KNP<\/strong> wniosk\u00f3w o utworzenie innej partii politycznej jest jednoznacznym z\u0142amaniem Statutu partii <strong>Kongres Nowej Prawicy<\/strong> i jest r\u00f3wnoznaczne z utrat\u0105 cz\u0142onkostwa zgodnie z liter\u0105 pkt. 16.b Statutu <strong>KNP<\/strong>.<\/span><\/p>\n<p style=\"text-align: justify;\"><span style=\"color: #0000ff;\"><b>Uzasadnienie:<\/b><\/span><\/p>\n<p style=\"text-align: justify;\"><span style=\"color: #0000ff;\">Punkt 16.b Statutu, m\u00f3wi o wst\u0105pieniu do innej partii. Nale\u017cy jednak uzna\u0107, \u017ce w przypadku kiedy taka organizacja nie jest jeszcze zarejestrowana, to wszelkie o\u015bwiadczenia woli sk\u0142adane jej organizatorom\u00a0 maj\u0105, z punktu widzenia interesu partii <strong>Kongres Nowej Prawicy<\/strong>, takie same skutki i oznaczaj\u0105 <em>de facto<\/em> przyst\u0105pienie do innej organizacji politycznej, a tym samym wype\u0142niaj\u0105 w ocenie S\u0105du dyspozycj\u0119 wskazan\u0105 w punkcie 16. Lit b Statutu <strong>KNP<\/strong>.<\/span><b><br \/>\n<\/b><\/p>\n<p style=\"text-align: justify;\"><span style=\"color: #0000ff;\"><b>Uchwa\u0142a nr 4\/2015<\/b><\/span><\/p>\n<p style=\"text-align: justify;\"><span style=\"color: #0000ff;\">W razie publicznego i udokumentowanego nawo\u0142ywania cz\u0142onk\u00f3w <strong>KNP<\/strong> do wyst\u0105pienia z partii i przyst\u0119powania do nowej partii, przez cz\u0142onka partii, jego cz\u0142onkostwo zawiesza si\u0119 do czasu z\u0142o\u017cenia Zarz\u0105dowi <strong>KNP<\/strong>, pisemnego o\u015bwiadczenia o rezygnacji z cz\u0142onkostwa lub o\u015bwiadczenia o nieprawdziwo\u015bci takiego faktu i potwierdzenia ch\u0119ci dalszego uczestniczenia w partii.<\/span><\/p>\n<p style=\"text-align: justify;\"><span style=\"color: #0000ff;\">Zawieszenie polega na czasowym pozbawieniu mo\u017cliwo\u015bci sprawowania funkcji w partii oraz uczestniczenia w g\u0142osowaniach w\u0142adz wszystkich szczebli oraz na wszelkich Konwentach.<\/span><\/p>\n<p style=\"text-align: justify;\"><strong><span style=\"color: #0000ff;\">W zwi\u0105zku z wnioskiem do S\u0105du Naczelnego od W\u0142adz KNP o wyja\u015bnienie stanu formalno \u2013 prawnego W\u0142adz Partii, S\u0105d Naczelny orzeka:<\/span><\/strong><\/p>\n<p style=\"text-align: justify;\"><span style=\"color: #0000ff;\"><b>Orzeczenie nr 7\/2015<\/b><\/span><\/p>\n<p style=\"text-align: justify;\"><span style=\"color: #0000ff;\">S\u0105d Naczelny orzeka, i\u017c w zwi\u0105zku z uniewa\u017cnieniem Konwentu <strong>KNP<\/strong> z dnia 11- 12.10.2014 r. oraz uniewa\u017cnieniem uchwa\u0142 Konwentyklu z dnia 28.09.2014 r. dotycz\u0105cych wyboru w\u0142adz przed Konwentem, oraz z nieprawomocno\u015bci\u0105 postanowienia S\u0105du Okr\u0119gowego w Warszawie VII\u00a0 Wydzia\u0142 Rejestrowy, o wpisie do rejestru, wszystkie W\u0142adze partii <strong>Kongres Nowej Prawicy<\/strong> s\u0105 nadal w sk\u0142adzie na dzie\u0144 10.10.2014 r., tj. z uwzgl\u0119dnieniem legalnych zmian wprowadzonych od tego dnia we w\u0142adzach przez uprawnione \u00a0organy, tj. Konwentykl na podstawie uchwa\u0142 \u00a0podj\u0119tych w dniu 08.11.2014 r. o uzupe\u0142nieniu wakat\u00f3w w Radzie G\u0142\u00f3wnej o <strong>Krzysztofa Pawlaka<\/strong> oraz <strong>Tomasza Daleckiego<\/strong> i zmiany cz\u0142onka Stra\u017cy na kol. <strong>Zdzis\u0142awa Klimka<\/strong> oraz uchwa\u0142y o zmianie Prezesa <strong>KNP<\/strong> z dnia 05.01.2015 r. i powo\u0142aniu na to stanowisko <strong>Micha\u0142a Marusika<\/strong>.<\/span><\/p>\n<p style=\"text-align: justify;\"><span style=\"color: #0000ff;\">Zatem <strong>aktualny sk\u0142ad w\u0142adz<\/strong> wybieranych i powo\u0142ywanych\u00a0 zgodnie ze Statutem jest nast\u0119puj\u0105cy:<\/span><\/p>\n<p style=\"text-align: justify;\"><span style=\"color: #0000ff;\">Prezes \u00a0\u00a0\u00a0\u00a0\u00a0\u00a0\u00a0\u00a0\u00a0\u00a0\u00a0 &#8211; <strong>Micha\u0142 Marusik<\/strong><\/span><\/p>\n<p style=\"text-align: justify;\"><span style=\"color: #0000ff;\">I Wiceprezes\u00a0\u00a0 &#8211; <strong>Artur\u00a0 Dziambor<\/strong><\/span><\/p>\n<p style=\"text-align: justify;\"><span style=\"color: #0000ff;\">II Wiceprezes\u00a0 &#8211; <strong>Stanis\u0142aw \u017b\u00f3\u0142tek<\/strong><\/span><\/p>\n<p style=\"text-align: justify;\"><span style=\"color: #0000ff;\">III Wiceprezes &#8211; <strong>Jacek Wilk<\/strong><\/span><\/p>\n<p style=\"text-align: justify;\"><span style=\"color: #0000ff;\">IV Wiceprezes &#8211; <strong>Piotr Najzer<\/strong><\/span><\/p>\n<p style=\"text-align: justify;\"><span style=\"color: #0000ff;\">Sekretarz\u00a0 \u00a0\u00a0\u00a0\u00a0\u00a0\u00a0 \u00a0&#8211; <strong>Mieczys\u0142aw Burchert<\/strong><\/span><\/p>\n<p style=\"text-align: justify;\"><span style=\"color: #0000ff;\">Skarbnik\u00a0\u00a0\u00a0\u00a0\u00a0\u00a0\u00a0\u00a0\u00a0\u00a0 &#8211; <strong>Adam Woch<\/strong><b><br \/>\n<\/b><\/span><\/p>\n<p style=\"text-align: justify;\"><span style=\"color: #0000ff;\"><b><span style=\"text-decoration: underline;\">Cz\u0142onkowie Rady G\u0142\u00f3wnej:<\/span><br \/>\n<\/b><\/span><\/p>\n<p style=\"text-align: justify;\"><strong><span style=\"color: #0000ff;\">Krzysztof Pawlak<\/span><\/strong><\/p>\n<p style=\"text-align: justify;\"><strong><span style=\"color: #0000ff;\">Tomasz Dalecki<\/span><\/strong><\/p>\n<p style=\"text-align: justify;\"><strong><span style=\"color: #0000ff;\">Jacek Boro\u0144<\/span><\/strong><\/p>\n<p style=\"text-align: justify;\"><strong><span style=\"color: #0000ff;\">Jaros\u0142aw Szatan<\/span><\/strong><\/p>\n<p style=\"text-align: justify;\"><strong><span style=\"color: #0000ff;\">Zbigniew Wysocki<\/span><\/strong><\/p>\n<p style=\"text-align: justify;\"><strong><span style=\"color: #0000ff;\">Konrad Berkowicz<\/span><\/strong><\/p>\n<p style=\"text-align: justify;\"><strong><span style=\"color: #0000ff;\">Agata Banasik<\/span><\/strong><\/p>\n<p style=\"text-align: justify;\"><span style=\"color: #0000ff;\"><strong>Piotr Gie\u0142do\u0144<\/strong><b><br \/>\n<\/b><\/span><\/p>\n<p style=\"text-align: justify;\"><span style=\"color: #0000ff;\"><b><span style=\"text-decoration: underline;\">Cz\u0142onkowie Stra\u017cy:<\/span><br \/>\n<\/b><\/span><\/p>\n<p style=\"text-align: justify;\"><strong><span style=\"color: #0000ff;\">Tomasz Bartosik<\/span><\/strong><\/p>\n<p style=\"text-align: justify;\"><strong><span style=\"color: #0000ff;\">Micha\u0142 Marusik<\/span><\/strong><\/p>\n<p style=\"text-align: justify;\"><strong><span style=\"color: #0000ff;\">Krzysztof Pawlak<\/span><\/strong><\/p>\n<p style=\"text-align: justify;\"><strong><span style=\"color: #0000ff;\">Zdzis\u0142aw Klimek<\/span><\/strong><\/p>\n<p style=\"text-align: justify;\"><span style=\"color: #0000ff;\"><strong>Jaros\u0142aw Szatan<\/strong>.&#8221;<\/span><\/p>\n<p style=\"text-align: justify;\"><strong>Uzupe\u0142nienie z protoko\u0142u S\u0105du Naczelnego z dnia 17.01.2015 r. w postaci pozosta\u0142ych uchwa\u0142 i orzecze\u0144 zamieszcz\u0119 w oddzielnym wpisie.<\/strong><\/p>\n","protected":false},"excerpt":{"rendered":"<p>Kolejne posiedzenie S\u0105du Naczelnego Kongresu Nowej Prawicy i niezwykle wa\u017cne decyzje podj\u0119te przez ten organ partii, zawsze stoj\u0105cy na stra\u017cy prawa, konserwatyzmu i przestrzegania programu. Akurat tutaj nie uda\u0142o si\u0119 lewakom &#8222;nap\u0142ywaj\u0105cym&#8221; do KNP wprowadzi\u0107 swojego &#8222;r\u00f3bta co chceta&#8221; i z wra\u017cenia, \u017ce chyba wyjdzie ich niekompetencja i lewactwo postanowili za\u0142o\u017cy\u0107 inn\u0105 parti\u0119. Posiedzenie odby\u0142o [&hellip;]<\/p>\n","protected":false},"author":2,"featured_media":0,"comment_status":"open","ping_status":"open","sticky":false,"template":"","format":"standard","meta":{"_monsterinsights_skip_tracking":false,"_monsterinsights_sitenote_active":false,"_monsterinsights_sitenote_note":"","_monsterinsights_sitenote_category":0,"footnotes":""},"categories":[3],"tags":[],"class_list":["post-30806","post","type-post","status-publish","format-standard","hentry","category-polityczne"],"_links":{"self":[{"href":"https:\/\/grzegorzjaszczura.pl\/index.php?rest_route=\/wp\/v2\/posts\/30806","targetHints":{"allow":["GET"]}}],"collection":[{"href":"https:\/\/grzegorzjaszczura.pl\/index.php?rest_route=\/wp\/v2\/posts"}],"about":[{"href":"https:\/\/grzegorzjaszczura.pl\/index.php?rest_route=\/wp\/v2\/types\/post"}],"author":[{"embeddable":true,"href":"https:\/\/grzegorzjaszczura.pl\/index.php?rest_route=\/wp\/v2\/users\/2"}],"replies":[{"embeddable":true,"href":"https:\/\/grzegorzjaszczura.pl\/index.php?rest_route=%2Fwp%2Fv2%2Fcomments&post=30806"}],"version-history":[{"count":27,"href":"https:\/\/grzegorzjaszczura.pl\/index.php?rest_route=\/wp\/v2\/posts\/30806\/revisions"}],"predecessor-version":[{"id":30904,"href":"https:\/\/grzegorzjaszczura.pl\/index.php?rest_route=\/wp\/v2\/posts\/30806\/revisions\/30904"}],"wp:attachment":[{"href":"https:\/\/grzegorzjaszczura.pl\/index.php?rest_route=%2Fwp%2Fv2%2Fmedia&parent=30806"}],"wp:term":[{"taxonomy":"category","embeddable":true,"href":"https:\/\/grzegorzjaszczura.pl\/index.php?rest_route=%2Fwp%2Fv2%2Fcategories&post=30806"},{"taxonomy":"post_tag","embeddable":true,"href":"https:\/\/grzegorzjaszczura.pl\/index.php?rest_route=%2Fwp%2Fv2%2Ftags&post=30806"}],"curies":[{"name":"wp","href":"https:\/\/api.w.org\/{rel}","templated":true}]}}