{"id":30872,"date":"2015-01-24T12:02:59","date_gmt":"2015-01-24T11:02:59","guid":{"rendered":"http:\/\/grzegorzjaszczura.pl\/?p=30872"},"modified":"2015-01-24T12:02:59","modified_gmt":"2015-01-24T11:02:59","slug":"info-z-sadu-naczelnego-knp-cz-2","status":"publish","type":"post","link":"https:\/\/grzegorzjaszczura.pl\/?p=30872","title":{"rendered":"Info z S\u0105du Naczelnego KNP &#8211; cz. 2"},"content":{"rendered":"<p style=\"text-align: justify;\"><a href=\"http:\/\/grzegorzjaszczura.pl\/http:\/\/grzegorzjaszczura.pl\/wp-content\/uploads\/2013\/05\/logo-NP.jpg\"><img loading=\"lazy\" decoding=\"async\" class=\"alignleft size-thumbnail wp-image-23712\" alt=\"logo-NP\" src=\"http:\/\/grzegorzjaszczura.pl\/http:\/\/grzegorzjaszczura.pl\/wp-content\/uploads\/2013\/05\/logo-NP-150x150.jpg\" width=\"150\" height=\"150\" \/><\/a>Zgodnie z <a href=\"http:\/\/grzegorzjaszczura.pl\/?p=30806#more-30806\"><strong>poprzednim wpisem<\/strong><\/a> przedstawi\u0119 dla formalno\u015bci pozosta\u0142e orzeczenia i uchwa\u0142y, kt\u00f3re podj\u0105\u0142 <strong>S\u0105d Naczelny<\/strong> <strong>K<span style=\"color: #0000ff;\">N<\/span><span style=\"color: #ff0000;\">P<\/span><\/strong> w Krakowie w dniu <strong>17.01.2015 r.<\/strong> Sytuacja na prawicy jest dynamiczna, dochodzi do kolejnego rozbicia wydawa\u0142oby si\u0119, \u017ce zjednoczonego dla konkretnego celu \u015brodowiska, dlatego nie b\u0119d\u0119 wchodzi\u0142 dzisiaj w szczeg\u00f3\u0142owsze oceny sytuacji.<!--more--> Niestety wiadomym s\u0142u\u017cbom prawdopodobnie przesta\u0142 si\u0119 podoba\u0107 zbyt dobry wynik <strong>Kongresu<span style=\"color: #0000ff;\"> Nowej<\/span> <span style=\"color: #ff0000;\">Prawicy<\/span><\/strong> w ostatnich wyborach do <span style=\"color: #ff0000;\">unioeuroparlamentu<\/span>.<\/p>\n<p style=\"text-align: justify;\">Ostatnie punkty przedstawi\u0142em poprzednio, teraz pocz\u0105tek i \u015brodek.<\/p>\n<p style=\"text-align: justify;\">Po stwierdzeniu wa\u017cno\u015bci posiedzenia <strong>Prezes S\u0105du Naczelnego<\/strong> kol. <strong>T. Sk\u00f3ra<\/strong> przedstawi\u0142 porz\u0105dek obrad. S\u0119dzia kol. <strong>A. Paciej<\/strong> wni\u00f3s\u0142 o rozszerzenie porz\u0105dku obrad o\u00a0 trzy kolejne punkty. W rezultacie zosta\u0142 on rozszerzony.<\/p>\n<p style=\"text-align: justify;\"><strong>Tre\u015b\u0107 protoko\u0142u posiedzenia (z dnia 17.01.2015 r.):<\/strong><\/p>\n<p style=\"text-align: justify;\"><span style=\"color: #0000ff;\">&#8222;[&#8230;] Pan <strong>Andrzej Paciej<\/strong> wni\u00f3s\u0142 o rozszerzenie porz\u0105dku o punkty:<\/span><\/p>\n<p style=\"text-align: justify;\"><span style=\"color: #0000ff;\">&#8211; podj\u0119cie orzeczenia w sprawie sk\u0142adu statutowych w\u0142adz partii<\/span><\/p>\n<p style=\"text-align: justify;\"><span style=\"color: #0000ff;\">&#8211; rozpatrzenie wniosku Wiceprezesa <strong>St. \u017b\u00f3\u0142tka<\/strong><\/span><\/p>\n<p style=\"text-align: justify;\"><span style=\"color: #0000ff;\">&#8211; rozpatrzenie wniosku o usuni\u0119cie kol. <strong>P. W\u0105c\u0142awskiego<\/strong> ze sk\u0142adu <strong>SN<\/strong>.<\/span><\/p>\n<p style=\"text-align: justify;\"><strong><span style=\"color: #0000ff;\">Jednocze\u015bnie przyj\u0119to nowy porz\u0105dek obrad :<\/span><\/strong><\/p>\n<p style=\"text-align: justify;\"><span style=\"color: #0000ff;\">1. Rozpatrzenie wniosku o uniewa\u017cnienie konwentu oddz. Szczeci\u0144skiego<\/span><br \/>\n<span style=\"color: #0000ff;\"> 2. Rozpatrzenie wniosku o uniewa\u017cnienie konwent\u00f3w oddz. Zielona G\u00f3ra i oddz. Gorz\u00f3w Wielkopolski<\/span><br \/>\n<span style=\"color: #0000ff;\"> 3. Zbadanie zgodno\u015bci regulamin\u00f3w Oddzia\u0142u Sto\u0142ecznego ze statutem<\/span><br \/>\n<span style=\"color: #0000ff;\"> 4. Wniosek RKR regionu mazowieckiego o ustalenie cz\u0142onkostwa w oddziale sto\u0142ecznym<\/span><br \/>\n<span style=\"color: #0000ff;\"> 5. Interpretacje statutu &#8211; wniosek kol. <strong>M. Bajdora<\/strong><\/span><br \/>\n<span style=\"color: #0000ff;\"> 6. Wniosek o zbadanie legalno\u015bci konwentu regionu \u0142\u00f3dzkiego<\/span><br \/>\n<span style=\"color: #0000ff;\"> 7. Wniosek o uniewa\u017cnienie konwentu oddzia\u0142u \u0142\u00f3dzkiego<\/span><br \/>\n<span style=\"color: #0000ff;\"> 8. Wniosek o uniewa\u017cnienie konwentu oddzia\u0142u piotrkowskiego<\/span><br \/>\n<span style=\"color: #0000ff;\"> 9. Dyskusja o wniosku do Prezesa <strong>KNP<\/strong> ws powo\u0142ania Prezes\u00f3w Region\u00f3w, kt\u00f3rzy nie zwo\u0142ali konwent\u00f3w o votum zaufania<\/span><br \/>\n<span style=\"color: #0000ff;\"> 10. Podj\u0119cie orzeczenia w sprawie sk\u0142adu statutowych w\u0142adz partii<\/span><\/p>\n<p style=\"text-align: justify;\"><span style=\"color: #0000ff;\">11. Rozpatrzenie wniosku Wiceprezesa <strong>St. \u017b\u00f3\u0142tka<\/strong><\/span><\/p>\n<p style=\"text-align: justify;\"><span style=\"color: #0000ff;\">12. Rozpatrzenie wniosku o usuni\u0119cie kol. <strong>P. W\u0105c\u0142awskiego<\/strong> ze sk\u0142adu <strong>SN<\/strong>.<\/span><\/p>\n<p style=\"text-align: justify;\"><span style=\"color: #0000ff;\">13. Wolne wnioski.<\/span><\/p>\n<p style=\"text-align: justify;\"><span style=\"color: #0000ff;\">14. Zamkni\u0119cie obrad.<\/span><\/p>\n<p style=\"text-align: justify;\"><span style=\"color: #0000ff;\"><strong>W punkcie 1<\/strong> rozpatrzono wniosek o uniewa\u017cnienie Konwentu Oddzia\u0142u Szczeci\u0144skiego z dnia 09.08.2014 roku.<\/span><\/p>\n<p style=\"text-align: justify;\"><span style=\"color: #0000ff;\"><b>Orzeczenie 1\/2015<\/b><\/span><\/p>\n<p style=\"text-align: justify;\"><span style=\"color: #0000ff;\"><strong>S\u0105d Naczelny<\/strong> uniewa\u017cnia Konwent oddzia\u0142u szczeci\u0144skiego. Zawiesza jednocze\u015bnie w\u0142adze oddzia\u0142u zgodnie z pkt. 69 Statutu <strong>KNP<\/strong> i zobowi\u0105zuje w\u0142adze Regionu Zachodniopomorskiego do niezw\u0142ocznego zwo\u0142ania Konwentu oddzia\u0142u zgodnie z punktem 89 Statutu <strong>KNP<\/strong>.<\/span><\/p>\n<p style=\"text-align: justify;\"><span style=\"color: #0000ff;\"><b>Uzasadnienie:<br \/>\n<\/b><\/span><\/p>\n<p style=\"text-align: justify;\"><span style=\"color: #0000ff;\">W\u0142adze Oddzia\u0142u szczeci\u0144skiego pomimo dwukrotnego wezwania nie dostarczy\u0142y stosownej dokumentacji, zatem zgodnie z pkt.69 Statutu nale\u017ca\u0142o je zawiesi\u0107.<\/span><\/p>\n<p style=\"text-align: justify;\"><span style=\"color: #0000ff;\">Nast\u0119pnie <strong>w punkcie 2<\/strong> porz\u0105dku rozpatrzono wnioski o uniewa\u017cnienie konwent\u00f3w oddzia\u0142u Zielona G\u00f3ra i Gorz\u00f3w Wielkopolski oraz konwentu Regionu Lubuskiego.<\/span><\/p>\n<p style=\"text-align: justify;\"><span style=\"color: #0000ff;\"><b>Orzeczenie nr 2\/2015<\/b><\/span><\/p>\n<p style=\"text-align: justify;\"><span style=\"color: #0000ff;\"><strong>S\u0105d Naczelny<\/strong> postanawia uniewa\u017cni\u0107 Konwenty za\u0142o\u017cycielskie oddzia\u0142u Zielona G\u00f3ra i Gorz\u00f3w Wielkopolski.<\/span><\/p>\n<p style=\"text-align: justify;\"><span style=\"color: #0000ff;\"><b>Uzasadnienie:<\/b><\/span><\/p>\n<p style=\"text-align: justify;\"><span style=\"color: #0000ff;\">Zgodnie z orzeczeniem <strong>S\u0105du Naczelnego<\/strong>, uchwa\u0142a 2\/2014 z dnia 06.07.2014 r., oddzia\u0142 mo\u017ce zosta\u0107 utworzony jedynie przez co najmniej 5-ciu cz\u0142onk\u00f3w zwyczajnych, tymczasem w obu\u00a0 oddzia\u0142ach by\u0142o tylko po dw\u00f3ch cz\u0142onk\u00f3w o tym statusie. Dlatego <strong>S\u0105d<\/strong> orzek\u0142 jak w sentencji.<\/span><\/p>\n<p style=\"text-align: justify;\"><span style=\"color: #0000ff;\"><b>Orzeczenie nr 3\/2015<br \/>\n<\/b><\/span><\/p>\n<p style=\"text-align: justify;\"><span style=\"color: #0000ff;\"><strong>S\u0105d Naczelny<\/strong> uznaje za wa\u017cny Konwent Regionu lubuskiego odbyty 20.09.2014 r. zwo\u0142any na podstawie pkt. 84 statutu <strong>KNP<\/strong>.<\/span><\/p>\n<p style=\"text-align: justify;\"><span style=\"color: #0000ff;\"><b>Uzasadnienie:<\/b><\/span><\/p>\n<p style=\"text-align: justify;\"><span style=\"color: #0000ff;\">S\u0105d\u00a0 nie dopatrzy\u0142 si\u0119 uchybie\u0144\u00a0 w przeprowadzonym Konwencie.<\/span><\/p>\n<p style=\"text-align: justify;\"><span style=\"color: #0000ff;\"><strong>W kolejnym punkcie<\/strong> porz\u0105dku S\u0105d rozpocz\u0105\u0142 wniosek Regionalnej Komisji Rewizyjnej Regionu Mazowieckiego i po analizie wniosku orzek\u0142:<b><br \/>\n<\/b><\/span><\/p>\n<p style=\"text-align: justify;\"><span style=\"color: #0000ff;\"><b>Orzeczenie nr 4\/2015<\/b><\/span><\/p>\n<p style=\"text-align: justify;\"><span style=\"color: #0000ff;\">1. <strong>S\u0105d Naczelny KNP<\/strong> uznaje art.13 Regulamin\u00f3w K\u00f3\u0142 Dzielnicowych OS <strong>KNP<\/strong> za zgodny ze statutem, gdy\u017c mowa jest w nim o \u201euprawnionych do g\u0142osowania\u201d czyli zgodnie z orzecznictwem <strong>SN<\/strong> tylko cz\u0142onk\u00f3w zwyczajnych a zatem nie jest naruszony p.14 statutu <strong>KNP<\/strong>.<\/span><\/p>\n<ol style=\"text-align: justify;\">\n<li><span style=\"color: #0000ff;\">Art. 21 pkt. 2 Regulamin\u00f3w k\u00f3\u0142\u00a0 nale\u017cy doprecyzowa\u0107 i uzgodni\u0107 z par. 9 pkt. 1, gdy\u017c obecnie odwo\u0142a\u0107 mo\u017ce Prezes Zarz\u0105du jedynie \u201ePrzewodnicz\u0105cego\u201d ko\u0142a, kt\u00f3rego sam powo\u0142a\u0142 z powodu nie wybrania go przez konwent ko\u0142a.<\/span><\/li>\n<\/ol>\n<p style=\"text-align: justify;\"><span style=\"color: #0000ff;\">W pozosta\u0142ych przypadkach nie mo\u017ce tego robi\u0107 co wykazuje sprzeczno\u015b\u0107.<\/span><\/p>\n<p style=\"text-align: justify;\"><span style=\"color: #0000ff;\">Zarz\u0105d Oddzia\u0142u zatwierdza Regulamin ko\u0142a, powinien zatem wezwa\u0107 konwent ko\u0142a do usuni\u0119cia i doprecyzowania zapis\u00f3w ewentualnie poprzez zmian\u0119 Regulaminu Oddzia\u0142u.<\/span><\/p>\n<ol style=\"text-align: justify;\">\n<li><span style=\"color: #0000ff;\">Art. 21 p.3 jest niejasny. Prezes Oddzia\u0142u nie ma \u017cadnego prawa do veta w tym zakresie, jedynie Zarz\u0105d Oddzia\u0142u. Nale\u017cy to zmieni\u0107. <\/span><\/li>\n<\/ol>\n<p style=\"text-align: justify;\"><span style=\"color: #0000ff;\"><strong>W punkcie 4<\/strong> porz\u0105dku <strong>S\u0105d Naczelny<\/strong>, w sprawie o ustalenie cz\u0142onkostwa w oddziale sto\u0142ecznym, orzek\u0142 jak poni\u017cej:<b><br \/>\n<\/b><\/span><\/p>\n<p style=\"text-align: justify;\"><span style=\"color: #0000ff;\"><b>Orzeczenie nr 5\/ 2015<\/b><\/span><\/p>\n<p style=\"text-align: justify;\"><span style=\"color: #0000ff;\"><strong>SN<\/strong> uznaje cz\u0142onkostwo <strong>76 os\u00f3b<\/strong> wskazanych we wniosku Regionalnej Komisji Rewizyjnej Regionu Mazowieckiego figuruj\u0105cych w KNP System zapisanych w Oddziale Sto\u0142ecznym <strong>KNP<\/strong> za nieby\u0142e.<b><br \/>\n<\/b><\/span><\/p>\n<p style=\"text-align: justify;\"><span style=\"color: #0000ff;\"><b>Uzasadnienie:<br \/>\n<\/b><\/span><\/p>\n<p style=\"text-align: justify;\"><span style=\"color: #0000ff;\">Brak jest dowod\u00f3w wp\u0142at sk\u0142adek tych os\u00f3b oraz nawet kopii ich deklaracji cz\u0142onkowskich. Zatem brak dostatecznych dowod\u00f3w uznania cz\u0142onkostwa w partii.<\/span><\/p>\n<p style=\"text-align: justify;\"><span style=\"color: #0000ff;\"><strong>W kolejnym punkcie<\/strong> porz\u0105dku obrad rozpatrzono wniosek kol. <strong>Micha\u0142a Bajdora<\/strong>.<b><br \/>\n<\/b><\/span><\/p>\n<p style=\"text-align: justify;\"><span style=\"color: #0000ff;\"><b>Orzeczenie nr 6\/2015<\/b><\/span><\/p>\n<p style=\"text-align: justify;\"><span style=\"color: #0000ff;\"><strong>S\u0105d Naczelny<\/strong> orzeka, \u017ce zgodnie z wzorcowymi regulaminami oddzia\u0142u i regionu, cz\u0142onkowie Zarz\u0105d\u00f3w Region\u00f3w mog\u0105 by\u0107 cz\u0142onkami w\u0142adz oddzia\u0142u (w tym oddzia\u0142owych komisji rewizyjnych) natomiast cz\u0142onkowie regionalnej komisji rewizyjnej nie mog\u0105 by\u0107 cz\u0142onkami Zarz\u0105du Regionu i w\u0142adz oddzia\u0142u (w tym oddzia\u0142owych komisji rewizyjnych).<\/span><\/p>\n<p style=\"text-align: justify;\"><span style=\"color: #0000ff;\"><b>Uzasadnienie:<\/b><\/span><\/p>\n<p style=\"text-align: justify;\"><span style=\"color: #0000ff;\">Nale\u017cy odr\u00f3\u017cni\u0107 funkcje kontroli od funkcji nadzoru. Prezes Regionu nadzoruje prac\u0119 Zarz\u0105du oddzia\u0142u, a od kontroli jest Regionalna Komisja Rewizyjna lub odpowiednio oddzia\u0142owa, kt\u00f3rej cz\u0142onkowie nie mog\u0105 by\u0107 cz\u0142onkami Zarz\u0105d\u00f3w oddzia\u0142u i regionu.<\/span><\/p>\n<p style=\"text-align: justify;\"><span style=\"color: #0000ff;\"><strong>W\u00a0 punkcie 6<\/strong> porz\u0105dku rozpatrzono wniosek kol. <strong>Igi Paw\u0142owskiej<\/strong> o stwierdzenie legalno\u015bci zwo\u0142ania Konwentu regionu \u0141\u00f3dzkiego.<\/span><\/p>\n<p style=\"text-align: justify;\"><span style=\"color: #0000ff;\">Po analizie dostarczonych dokument\u00f3w S\u0105d postanowi\u0142 przesun\u0105\u0107 rozstrzygni\u0119cie na kolejne posiedzenie z powodu potrzeby uzupe\u0142nienia dokumentacji przez w\u0142adze Regionu o kopie zawiadomie\u0144.<\/span><\/p>\n<p style=\"text-align: justify;\"><span style=\"color: #0000ff;\"><strong>W punkcie 7 i 8<\/strong> <strong>S\u0105d<\/strong> postanowi\u0142 jak powy\u017cej i wezwie do dostarczenia dodatkowych dokument\u00f3w niezb\u0119dnych do podj\u0119cia rozstrzygni\u0119cia.<\/span><\/p>\n<p style=\"text-align: justify;\"><span style=\"color: #0000ff;\"><strong>W kolejnym punkcie<\/strong> obrad, <strong>S\u0105d Naczelny<\/strong> podj\u0105\u0142 dyskusj\u0119 nad tematem skierowania wniosku do Prezesa Partii o\u00a0 sprawdzenie czy mianowani Prezesi Region\u00f3w dope\u0142nili obowi\u0105zku zwo\u0142ania Konwent\u00f3w\u00a0 Region\u00f3w w trybie pkt. 84 Statutu.<\/span><\/p>\n<p style=\"text-align: justify;\"><span style=\"color: #0000ff;\">Wg wiedzy S\u0105du w regionie podkarpackim nie mia\u0142o to miejsca i zachodzi potrzeba powo\u0142ania nowego Prezesa.<b><br \/>\n<\/b><\/span><\/p>\n<p style=\"text-align: justify;\"><span style=\"color: #0000ff;\"><b>Uchwa\u0142a nr 1\/2015<\/b><\/span><\/p>\n<p style=\"text-align: justify;\"><span style=\"color: #0000ff;\"><strong>S\u0105d Naczelny<\/strong> wnosi do Prezesa <strong>KNP<\/strong> o zbadanie czy powo\u0142ani Prezesi Region\u00f3w dope\u0142nili Statutowego obowi\u0105zku zgodnie z pktem 84 Statutu i w przypadku jego naruszenia orzeka konieczno\u015b\u0107 powo\u0142ania nowych Prezes\u00f3w.<\/span><\/p>\n<p style=\"text-align: justify;\"><span style=\"color: #0000ff;\">W ramach poszerzonego porz\u0105dku obrad <strong>S\u0105d<\/strong> podj\u0105\u0142 uchwa\u0142\u0119.<b><br \/>\n<\/b><\/span><\/p>\n<p style=\"text-align: justify;\"><span style=\"color: #0000ff;\"><b>Uchwa\u0142a nr 2\/2015<\/b><\/span><\/p>\n<p style=\"text-align: justify;\"><span style=\"color: #0000ff;\"><strong>S\u0105d Naczelny<\/strong> zobowi\u0105zuje Prezesa S\u0105du do z\u0142o\u017cenia wniosku do Konwentyklu o odwo\u0142anie z funkcji s\u0119dziego S\u0105du Naczelnego <strong>KNP<\/strong> kol. <strong>Patryka W\u0105c\u0142awskiego<\/strong>\u00a0 w zwi\u0105zku z jego nie licuj\u0105cymi z powag\u0105 S\u0119dziego publicznymi wypowiedziami n\/t w\u0142adz partii.<\/span><\/p>\n<p style=\"text-align: justify;\"><span style=\"color: #0000ff;\">[&#8230;]&#8221;<\/span><\/p>\n<p style=\"text-align: justify;\">Dwie kolejne uchwa\u0142y i jedno orzeczenie s\u0105du przedstawi\u0142em<a href=\"http:\/\/grzegorzjaszczura.pl\/?p=30806#more-30806\"><strong> w poprzednim wpisie<\/strong><\/a> na blogu.<\/p>\n<p style=\"text-align: justify;\">Reasumuj\u0105c. Zamie\u015bci\u0142em ponownie tre\u015b\u0107 protoko\u0142u z kolejnego posiedzenia S\u0105du Naczelnego <strong>Kongresu <span style=\"color: #0000ff;\">Nowej<\/span> <span style=\"color: #ff0000;\">Prawicy<\/span><\/strong> na moim prywatnym blogu (<em>nota bene<\/em> kt\u00f3ry nie jest blogiem partyjnym, a nawet chcia\u0142bym, \u017ceby nie do ko\u0144ca by\u0142 on blogiem <em>stricte<\/em> politycznym), poniewa\u017c opcja &#8222;r\u00f3bta co chceta&#8221;<strong> K<span style=\"color: #0000ff;\">N<\/span><span style=\"color: #ff0000;\">P<\/span><\/strong> maj\u0105ca do niedawna &#8222;piecz\u0119&#8221; nad <strong><a href=\"http:\/\/www.nowaprawicajkm.pl\/\">stron\u0105 g\u0142\u00f3wn\u0105 partii<\/a><\/strong> dziwnie ja cenzurowa\u0142a. Mam nadziej\u0119, \u017ce opuszczenie <strong>K<span style=\"color: #0000ff;\">N<\/span><span style=\"color: #ff0000;\">P<\/span><\/strong> przez elementy lewicuj\u0105ce poprawi sytuacj\u0119. Oczyszczenie, jest z regu\u0142y dobre dla ka\u017cdego organizmu.<\/p>\n","protected":false},"excerpt":{"rendered":"<p>Zgodnie z poprzednim wpisem przedstawi\u0119 dla formalno\u015bci pozosta\u0142e orzeczenia i uchwa\u0142y, kt\u00f3re podj\u0105\u0142 S\u0105d Naczelny KNP w Krakowie w dniu 17.01.2015 r. Sytuacja na prawicy jest dynamiczna, dochodzi do kolejnego rozbicia wydawa\u0142oby si\u0119, \u017ce zjednoczonego dla konkretnego celu \u015brodowiska, dlatego nie b\u0119d\u0119 wchodzi\u0142 dzisiaj w szczeg\u00f3\u0142owsze oceny sytuacji.<\/p>\n","protected":false},"author":2,"featured_media":0,"comment_status":"open","ping_status":"open","sticky":false,"template":"","format":"standard","meta":{"_monsterinsights_skip_tracking":false,"_monsterinsights_sitenote_active":false,"_monsterinsights_sitenote_note":"","_monsterinsights_sitenote_category":0,"footnotes":""},"categories":[3],"tags":[],"class_list":["post-30872","post","type-post","status-publish","format-standard","hentry","category-polityczne"],"_links":{"self":[{"href":"https:\/\/grzegorzjaszczura.pl\/index.php?rest_route=\/wp\/v2\/posts\/30872","targetHints":{"allow":["GET"]}}],"collection":[{"href":"https:\/\/grzegorzjaszczura.pl\/index.php?rest_route=\/wp\/v2\/posts"}],"about":[{"href":"https:\/\/grzegorzjaszczura.pl\/index.php?rest_route=\/wp\/v2\/types\/post"}],"author":[{"embeddable":true,"href":"https:\/\/grzegorzjaszczura.pl\/index.php?rest_route=\/wp\/v2\/users\/2"}],"replies":[{"embeddable":true,"href":"https:\/\/grzegorzjaszczura.pl\/index.php?rest_route=%2Fwp%2Fv2%2Fcomments&post=30872"}],"version-history":[{"count":27,"href":"https:\/\/grzegorzjaszczura.pl\/index.php?rest_route=\/wp\/v2\/posts\/30872\/revisions"}],"predecessor-version":[{"id":30902,"href":"https:\/\/grzegorzjaszczura.pl\/index.php?rest_route=\/wp\/v2\/posts\/30872\/revisions\/30902"}],"wp:attachment":[{"href":"https:\/\/grzegorzjaszczura.pl\/index.php?rest_route=%2Fwp%2Fv2%2Fmedia&parent=30872"}],"wp:term":[{"taxonomy":"category","embeddable":true,"href":"https:\/\/grzegorzjaszczura.pl\/index.php?rest_route=%2Fwp%2Fv2%2Fcategories&post=30872"},{"taxonomy":"post_tag","embeddable":true,"href":"https:\/\/grzegorzjaszczura.pl\/index.php?rest_route=%2Fwp%2Fv2%2Ftags&post=30872"}],"curies":[{"name":"wp","href":"https:\/\/api.w.org\/{rel}","templated":true}]}}