{"id":31216,"date":"2015-02-24T08:49:06","date_gmt":"2015-02-24T07:49:06","guid":{"rendered":"http:\/\/grzegorzjaszczura.pl\/?p=31216"},"modified":"2015-02-24T08:49:06","modified_gmt":"2015-02-24T07:49:06","slug":"stanislaw-michalkiewicz","status":"publish","type":"post","link":"https:\/\/grzegorzjaszczura.pl\/?p=31216","title":{"rendered":"Stanis\u0142aw Michalkiewicz"},"content":{"rendered":"<p style=\"text-align: justify;\"><a href=\"http:\/\/grzegorzjaszczura.pl\/http:\/\/grzegorzjaszczura.pl\/wp-content\/uploads\/2015\/02\/CAM03754.jpg\"><img loading=\"lazy\" decoding=\"async\" class=\"alignleft size-thumbnail wp-image-31369\" alt=\"CAM03754\" src=\"http:\/\/grzegorzjaszczura.pl\/http:\/\/grzegorzjaszczura.pl\/wp-content\/uploads\/2015\/02\/CAM03754-150x150.jpg\" width=\"150\" height=\"150\" \/><\/a>Tym razem dzi\u0119ki mojej inicjatywie jako prezesa <strong>Oddzia\u0142u D\u0105browskiego Kongresu <span style=\"color: #0000ff;\">Nowej<\/span> <span style=\"color: #ff0000;\">Prawicy<\/span><\/strong> i przy wsp\u00f3\u0142pracy <strong>Klubu Gazety Polskiej<\/strong> i <strong>Klubu Opcji na Prawo<\/strong> w D\u0105browie G\u00f3rniczej spotkanie ze <b>Stanis\u0142awem Michalkiewiczem <\/b>odby\u0142o si\u0119 w sali Audytorium Maximum<b> Wy\u017cszej Szko\u0142y Biznesu <\/b>(D\u0105browa G\u00f3rnicza, ul. Cieplaka 1 c). Tematem wyk\u0142adu Pana Stanis\u0142awa by\u0142a <b>\u201ePolska wobec strategicznego partnerstwa\u201d<\/b>.<!--more--><\/p>\n<p style=\"text-align: justify;\"><a href=\"http:\/\/grzegorzjaszczura.pl\/http:\/\/grzegorzjaszczura.pl\/wp-content\/uploads\/2015\/02\/CAM03811.jpg\"><img loading=\"lazy\" decoding=\"async\" class=\"alignleft size-thumbnail wp-image-31404\" alt=\"CAM03811\" src=\"http:\/\/grzegorzjaszczura.pl\/http:\/\/grzegorzjaszczura.pl\/wp-content\/uploads\/2015\/02\/CAM03811-150x150.jpg\" width=\"150\" height=\"150\" \/><\/a>Dosy\u0107 systematycznie go\u015bcimy Pana <strong>Stanis\u0142awa Michalkiewicza<\/strong> w D\u0105browie G\u00f3rniczej, a za ka\u017cdym razem gromadzi t\u0142umy s\u0142uchaczy. Zobacz moje poprzednie opisy na blogu:<\/p>\n<p style=\"text-align: justify;\"><a href=\"http:\/\/grzegorzjaszczura.pl\/?p=13790#more-13790\"><strong>Antypolonizm<\/strong><\/a> (12.2011 r.)<\/p>\n<p style=\"text-align: justify;\"><a href=\"http:\/\/grzegorzjaszczura.pl\/?p=25392#more-25392\"><strong>Teoria spiskowa<\/strong><\/a> (10.2013 r.)<\/p>\n<p style=\"text-align: justify;\"><b>Stanis\u0142aw Michalkiewicz<\/b>, ur. 8 listopada 1947 r. w Lublinie, prawnik, nauczyciel akademicki, publicysta, polityk, autor ksi\u0105\u017cek o tematyce spo\u0142eczno-politycznej, wolnorynkowiec, dzia\u0142acz opozycji, wsp\u00f3\u0142za\u0142o\u017cyciel <strong>Unii Polityki Realnej<\/strong>. <em>Publikuje na \u0142amach \u201eOpcji na prawo\u201d, \u201eNaszej Polski\u201d, \u201eNaszego Dziennika\u201d, \u201eGazety Polskiej\u201d, \u201eDziennika Polskiego\u201d, \u201eNiezale\u017cnej Gazety Polskiej\u201d i innych pism. Jego felietony emituj\u0105: Radio Maryja i Telewizja Trwam. Artyku\u0142y Stanis\u0142awa Michalkiewicza znale\u017a\u0107 mo\u017cna r\u00f3wnie\u017c na jego stronie autorskiej <a href=\"http:\/\/www.michalkiewicz.pl\/\">http:\/\/www.michalkiewicz.pl\/<\/a><\/em><\/p>\n<p style=\"text-align: justify;\"><a href=\"http:\/\/grzegorzjaszczura.pl\/http:\/\/grzegorzjaszczura.pl\/wp-content\/uploads\/2015\/02\/CAM03763.jpg\"><img loading=\"lazy\" decoding=\"async\" class=\"alignleft size-thumbnail wp-image-31379\" alt=\"CAM03763\" src=\"http:\/\/grzegorzjaszczura.pl\/http:\/\/grzegorzjaszczura.pl\/wp-content\/uploads\/2015\/02\/CAM03763-150x150.jpg\" width=\"150\" height=\"150\" \/><\/a>Sam wyk\u0142ad spotka\u0142 si\u0119 z bardzo ciep\u0142ym przyj\u0119ciem (na sali zgromadzi\u0142o si\u0119 oko\u0142o 150 os\u00f3b). Niestety puenta wyk\u0142adu, kt\u00f3ra zosta\u0142a podkre\u015blona tak\u017ce w drugiej cz\u0119\u015bci spotkania, czyli pytaniach do prelegenta, nie jest optymistyczna. Co gorsza, jak najbardziej si\u0119 z ni\u0105 zgadzam. <strong>Polsk\u0105<\/strong> rz\u0105dz\u0105, poprzez czy to socjalistyczn\u0105 <span style=\"color: #ff0000;\">Uni\u0119 Europejsk\u0105<\/span> czy to r\u00f3\u017cnorakie s\u0142u\u017cby: Niemcy, \u017bydzi i Rosjanie &#8211; natomiast niestety nie <strong>Polacy<\/strong>! Smutne to, ale je\u017celi zgodnie z za\u0142o\u017ceniem Pana <strong>St. Michalkiewicza<\/strong>, <strong>II wojna \u015bwiatowa<\/strong> wci\u0105\u017c jest rozgrywana i trwa, tylko ju\u017c za pomoc\u0105 gospodarek, to szansa na zmiany jest ma\u0142a. Niestety w ostatnich <strong>26 latach<\/strong> zdo\u0142ali\u015bmy dosy\u0107 dok\u0142adnie roz\u0142o\u017cy\u0107 i sprzeda\u0107 w niepolskie r\u0119ce prawie ca\u0142y przemys\u0142 i zostali\u015bmy sprowadzeni do peryferyjnej gospodarki niemieckiej (unioeuropejskiej). Czyli plan z <strong>1915<\/strong> realizacji projektu <em><strong>Mitteleuropa<\/strong><\/em>, kt\u00f3ry przewidywa\u0142 po ostatecznym zwyci\u0119stwie <strong>Niemiec<\/strong> utworzenie w\u0142a\u015bnie takich protektorat\u00f3w o niekonkurencyjnych gospodarkach jest na uko\u0144czeniu. B\u0105d\u017a co b\u0105d\u017a<strong> I wielka wojna<\/strong> (p\u00f3\u017aniej nazwana <strong>\u015bwiatow\u0105<\/strong>) zako\u0144czy\u0142a si\u0119 w <strong>2010 roku<\/strong>, gdy Niemcy zap\u0142acili ostatnie odszkodowania wojenne <strong>Anglii<\/strong> i<strong> Francji<\/strong> (<em>circa<\/em> 65 milion\u00f3w euro). Z kolei <strong>II<\/strong>-ga, jak wspomnia\u0142em wci\u0105\u017c trwa, ewentualnie ewoluuje w kierunku <strong>III<\/strong>-iej.<\/p>\n<p style=\"text-align: justify;\">Mnie najbardziej ucieszy\u0142a du\u017ca ilo\u015b\u0107 m\u0142odzie\u017cy na spotkaniu, w tym z d\u0105browskiej m\u0142odzie\u017c\u00f3wki <strong>Kongresu<span style=\"color: #0000ff;\"> Nowej<\/span> <span style=\"color: #ff0000;\">Prawicy<\/span><\/strong>. <strong>W m\u0142odzie\u017cy nadzieja na pozytywne zmiany.<\/strong> W trakcie i po spotkaniu by\u0142y zbierane podpisy poparcia dla tzw. antysystemowych kandydat\u00f3w na prezydenta <strong>RP<\/strong>, w tym kandydata <strong>K<span style=\"color: #0000ff;\">N<\/span><span style=\"color: #ff0000;\">P<\/span><\/strong> mecenasa <a href=\"https:\/\/www.youtube.com\/watch?v=jGb7WXcOk00\"><strong>Jacka Wilka<\/strong><\/a>.<\/p>\n<p style=\"text-align: justify;\"><a href=\"http:\/\/grzegorzjaszczura.pl\/http:\/\/grzegorzjaszczura.pl\/wp-content\/uploads\/2015\/02\/CAM03772.jpg\"><img loading=\"lazy\" decoding=\"async\" class=\"alignleft size-thumbnail wp-image-31382\" alt=\"CAM03772\" src=\"http:\/\/grzegorzjaszczura.pl\/http:\/\/grzegorzjaszczura.pl\/wp-content\/uploads\/2015\/02\/CAM03772-150x150.jpg\" width=\"150\" height=\"150\" \/><\/a><a href=\"http:\/\/grzegorzjaszczura.pl\/http:\/\/grzegorzjaszczura.pl\/wp-content\/uploads\/2015\/02\/CAM03776.jpg\"><img loading=\"lazy\" decoding=\"async\" class=\"alignleft size-thumbnail wp-image-31383\" alt=\"CAM03776\" src=\"http:\/\/grzegorzjaszczura.pl\/http:\/\/grzegorzjaszczura.pl\/wp-content\/uploads\/2015\/02\/CAM03776-150x150.jpg\" width=\"150\" height=\"150\" \/><\/a><a href=\"http:\/\/grzegorzjaszczura.pl\/http:\/\/grzegorzjaszczura.pl\/wp-content\/uploads\/2015\/02\/20150220_183129.jpg\"><img loading=\"lazy\" decoding=\"async\" class=\"alignleft size-thumbnail wp-image-31393\" alt=\"20150220_183129\" src=\"http:\/\/grzegorzjaszczura.pl\/http:\/\/grzegorzjaszczura.pl\/wp-content\/uploads\/2015\/02\/20150220_183129-150x150.jpg\" width=\"150\" height=\"150\" \/><\/a><a href=\"http:\/\/grzegorzjaszczura.pl\/http:\/\/grzegorzjaszczura.pl\/wp-content\/uploads\/2015\/02\/CAM03759.jpg\"><img loading=\"lazy\" decoding=\"async\" class=\"alignleft size-thumbnail wp-image-31394\" alt=\"CAM03759\" src=\"http:\/\/grzegorzjaszczura.pl\/http:\/\/grzegorzjaszczura.pl\/wp-content\/uploads\/2015\/02\/CAM03759-150x150.jpg\" width=\"150\" height=\"150\" \/><\/a><\/p>\n","protected":false},"excerpt":{"rendered":"<p>Tym razem dzi\u0119ki mojej inicjatywie jako prezesa Oddzia\u0142u D\u0105browskiego Kongresu Nowej Prawicy i przy wsp\u00f3\u0142pracy Klubu Gazety Polskiej i Klubu Opcji na Prawo w D\u0105browie G\u00f3rniczej spotkanie ze Stanis\u0142awem Michalkiewiczem odby\u0142o si\u0119 w sali Audytorium Maximum Wy\u017cszej Szko\u0142y Biznesu (D\u0105browa G\u00f3rnicza, ul. Cieplaka 1 c). Tematem wyk\u0142adu Pana Stanis\u0142awa by\u0142a \u201ePolska wobec strategicznego partnerstwa\u201d.<\/p>\n","protected":false},"author":2,"featured_media":0,"comment_status":"open","ping_status":"open","sticky":false,"template":"","format":"standard","meta":{"_monsterinsights_skip_tracking":false,"_monsterinsights_sitenote_active":false,"_monsterinsights_sitenote_note":"","_monsterinsights_sitenote_category":0,"footnotes":""},"categories":[3],"tags":[],"class_list":["post-31216","post","type-post","status-publish","format-standard","hentry","category-polityczne"],"_links":{"self":[{"href":"https:\/\/grzegorzjaszczura.pl\/index.php?rest_route=\/wp\/v2\/posts\/31216","targetHints":{"allow":["GET"]}}],"collection":[{"href":"https:\/\/grzegorzjaszczura.pl\/index.php?rest_route=\/wp\/v2\/posts"}],"about":[{"href":"https:\/\/grzegorzjaszczura.pl\/index.php?rest_route=\/wp\/v2\/types\/post"}],"author":[{"embeddable":true,"href":"https:\/\/grzegorzjaszczura.pl\/index.php?rest_route=\/wp\/v2\/users\/2"}],"replies":[{"embeddable":true,"href":"https:\/\/grzegorzjaszczura.pl\/index.php?rest_route=%2Fwp%2Fv2%2Fcomments&post=31216"}],"version-history":[{"count":32,"href":"https:\/\/grzegorzjaszczura.pl\/index.php?rest_route=\/wp\/v2\/posts\/31216\/revisions"}],"predecessor-version":[{"id":31408,"href":"https:\/\/grzegorzjaszczura.pl\/index.php?rest_route=\/wp\/v2\/posts\/31216\/revisions\/31408"}],"wp:attachment":[{"href":"https:\/\/grzegorzjaszczura.pl\/index.php?rest_route=%2Fwp%2Fv2%2Fmedia&parent=31216"}],"wp:term":[{"taxonomy":"category","embeddable":true,"href":"https:\/\/grzegorzjaszczura.pl\/index.php?rest_route=%2Fwp%2Fv2%2Fcategories&post=31216"},{"taxonomy":"post_tag","embeddable":true,"href":"https:\/\/grzegorzjaszczura.pl\/index.php?rest_route=%2Fwp%2Fv2%2Ftags&post=31216"}],"curies":[{"name":"wp","href":"https:\/\/api.w.org\/{rel}","templated":true}]}}