{"id":31226,"date":"2015-02-15T09:34:26","date_gmt":"2015-02-15T08:34:26","guid":{"rendered":"http:\/\/grzegorzjaszczura.pl\/?p=31226"},"modified":"2015-02-15T09:34:26","modified_gmt":"2015-02-15T08:34:26","slug":"knp-jacek-wilk","status":"publish","type":"post","link":"https:\/\/grzegorzjaszczura.pl\/?p=31226","title":{"rendered":"KNP &#8211; Jacek Wilk"},"content":{"rendered":"<p style=\"text-align: justify;\"><a href=\"http:\/\/grzegorzjaszczura.pl\/http:\/\/grzegorzjaszczura.pl\/wp-content\/uploads\/2015\/02\/Katowice-2015.02.11.jpg\"><img loading=\"lazy\" decoding=\"async\" class=\"alignleft size-thumbnail wp-image-31251\" alt=\"Katowice-2015.02.11\" src=\"http:\/\/grzegorzjaszczura.pl\/http:\/\/grzegorzjaszczura.pl\/wp-content\/uploads\/2015\/02\/Katowice-2015.02.11-150x150.jpg\" width=\"150\" height=\"150\" \/><\/a>Du\u017ce zmiany w szeregach <strong>Kongresu <span style=\"color: #0000ff;\">Nowej<\/span> <span style=\"color: #ff0000;\">Prawicy<\/span><\/strong>! <strong>Szcz\u0119\u015bliwie nie programowe!<\/strong> Po zmianie prezesa partii przez <strong>konwentykl<\/strong> (kt\u00f3ry moim prywatnym zdaniem zareagowa\u0142 o kilka miesi\u0119cy za p\u00f3\u017ano), nowym prezesem partii zosta\u0142 unioeuropose\u0142 <strong>Micha\u0142 Marusik<\/strong>.<\/p>\n<p style=\"text-align: justify;\">Ale dzisiaj o spotkaniu cz\u0142onk\u00f3w i sympatyk\u00f3w <strong>K<span style=\"color: #0000ff;\">N<\/span><span style=\"color: #ff0000;\">P<\/span><\/strong>, kt\u00f3re mia\u0142o miejsce<!--more--> <strong>11.02.2015 r.<\/strong> w <strong>Katowicach <\/strong>z innymi przedstawicielami w\u0142adz<strong> <span style=\"color: #0000ff;\"><span style=\"color: #000000;\">K<\/span>N<span style=\"color: #ff0000;\">P<\/span><\/span><\/strong><span style=\"color: #000000;\">, konkretnie<\/span> z mecenasem <strong>Jackiem Wilkiem<\/strong>, kandydatem <strong>K<span style=\"color: #0000ff;\">N<\/span><span style=\"color: #ff0000;\">P<\/span><\/strong> na <strong>Prezydenta RP<\/strong> (III wiceprezesem partii) oraz <strong>Arturem Dziamborem<\/strong> (I wiceprezesem <strong>K<span style=\"color: #0000ff;\">N<\/span><span style=\"color: #ff0000;\">P<\/span><\/strong>).<\/p>\n<p style=\"text-align: justify;\">To <strong>Artur Dziambor<\/strong> jest autorem powiedzenia:<\/p>\n<p style=\"text-align: justify;\"><a href=\"https:\/\/www.youtube.com\/watch?v=54oDOZF2iyM\"><span style=\"color: #0000ff;\"><em><strong>&#8222;Tej si\u0142y ju\u017c nie powstrzymacie!&#8221;<\/strong><\/em><\/span><\/a>.<\/p>\n<p style=\"text-align: justify;\">Spotkanie odby\u0142o si\u0119 <strong>11.02.2015 r.<\/strong> o godzinie 18:00 w Oku Miasta (Rondo Zi\u0119tka 1) w <strong>Katowicach<\/strong>.<\/p>\n<p style=\"text-align: justify;\">Spotkanie rozpocz\u0119\u0142a szefowa Regionu \u015al\u0105sko-D\u0105browskiego <strong>K<span style=\"color: #0000ff;\">N<\/span><span style=\"color: #ff0000;\">P<\/span><\/strong> kol. <strong>Beata Banasiewic<\/strong>z. Z<span style=\"color: #008000;\"><strong> Zag\u0142\u0119bia D\u0105browskiego<\/strong><\/span> uczestniczy\u0142o w nim kilkadziesi\u0105t os\u00f3b, cz\u0142onk\u00f3w i sympatyk\u00f3w <strong>K<span style=\"color: #0000ff;\">N<\/span><span style=\"color: #ff0000;\">P<\/span><\/strong> zar\u00f3wno z<strong> oddzia\u0142u d\u0105browskiego<\/strong> jak i <strong>sosnowieckiego<\/strong>. Po wprowadzeniu g\u0142os zabra\u0142 wiceprezes partii kol. <strong>A. Dziambor<\/strong>. <a href=\"https:\/\/www.youtube.com\/watch?v=91_AV3cMmbU&amp;list=UU72Q46oTfSS7LSLi3hz5Hgw\"><strong>Tutaj<\/strong> <\/a>szeroki wywiad z nim.<\/p>\n<p style=\"text-align: justify;\"><a href=\"http:\/\/grzegorzjaszczura.pl\/http:\/\/grzegorzjaszczura.pl\/wp-content\/uploads\/2015\/02\/CAM03726.jpg\"><img loading=\"lazy\" decoding=\"async\" class=\"alignleft size-thumbnail wp-image-31284\" alt=\"CAM03726\" src=\"http:\/\/grzegorzjaszczura.pl\/http:\/\/grzegorzjaszczura.pl\/wp-content\/uploads\/2015\/02\/CAM03726-150x150.jpg\" width=\"150\" height=\"150\" \/><\/a>P\u00f3\u017aniej wyst\u0105pi\u0142 <a href=\"https:\/\/www.youtube.com\/watch?v=VEXhiUDac10\"><strong>kandydat na prezydenta RP<\/strong> <\/a>w wyborach w <strong>2015 roku<\/strong>, z ramienia <strong>Kongresu <span style=\"color: #0000ff;\">Nowej<\/span> <span style=\"color: #ff0000;\">Prawicy<\/span><\/strong>, kol. <strong>Jacek Wilk<\/strong>. <a href=\"https:\/\/www.youtube.com\/watch?v=NlOFul5tKK0\"><strong>Tutaj<\/strong><\/a> wywiad z nim.<\/p>\n<p style=\"text-align: justify;\">Nasz kandydat artyku\u0142uje konieczno\u015b\u0107 rozwi\u0105zania problem\u00f3w, do kt\u00f3rych doprowadzi\u0142 rozw\u00f3j socjalistycznego pa\u0144stwa, szczeg\u00f3lnie w ramach lewackiej <span style=\"color: #ff0000;\">Unii Europejskiej<\/span>. Has\u0142o <span style=\"color: #0000ff;\"><em><strong>od Wilczka do Wilka<\/strong><\/em><\/span> mo\u017ce by\u0107 (oczywi\u015bcie po wprowadzeniu swobody dzia\u0142alno\u015bci gospodarczej w rzeczywisto\u015bci a nie w nazwie ustawy), krokiem do naprawd\u0119 przyspieszonego rozwoju naszego kraju. Ustawa <strong>Wilczka<\/strong>, obowi\u0105zuj\u0105ca <strong>od 01.01.1989 r. do 31.12.2000 r.<\/strong>, szczeg\u00f3lnie w wersji do 1991 roku (czyli pierwszych zmian likwiduj\u0105cych (ograniczaj\u0105cych) t\u0105 swobod\u0119 dzia\u0142alno\u015bci), by\u0142a chyba najlepsz\u0105 ustaw\u0105 stworzon\u0105 po upadku <span style=\"color: #ff0000;\">komunizmu PRL-owskiego<\/span> w Polsce (\u017ceby si\u0119 nikt nie czepia\u0142 nazewnictwa, to napiszmy <span style=\"color: #ff0000;\">realnego socjalizmu<\/span>, kt\u00f3ry doprowadzi\u0142 do upadku gospodarki, a za co przeprasza\u0142 nawet idol lewak\u00f3w (komunist\u00f3w) tow. <strong>A. Kwa\u015bniewski<\/strong>).<\/p>\n<p style=\"text-align: justify;\"><span style=\"font-family: arial;\"><a href=\"http:\/\/grzegorzjaszczura.pl\/http:\/\/grzegorzjaszczura.pl\/wp-content\/uploads\/2015\/02\/CAM03735.jpg\"><img loading=\"lazy\" decoding=\"async\" class=\"alignleft size-thumbnail wp-image-31286\" alt=\"CAM03735\" src=\"http:\/\/grzegorzjaszczura.pl\/http:\/\/grzegorzjaszczura.pl\/wp-content\/uploads\/2015\/02\/CAM03735-150x150.jpg\" width=\"150\" height=\"150\" \/><\/a>Przedstawi\u0119 jeszcze kr\u00f3tki \u017cyciorys <strong>Jacka Wilka<\/strong>. Konwencja wyborcza kandydata <strong>Kongresu <span style=\"color: #0000ff;\">Nowej<\/span> <span style=\"color: #ff0000;\">Prawicy<\/span><\/strong> przewidziana jest na <strong>22.02.2015 roku<\/strong> w <strong>Warszawie<\/strong>.<br \/>\n<\/span><\/p>\n<p style=\"text-align: justify;\"><span style=\"font-family: arial; color: #0000ff;\">Uko\u0144czy\u0142 <strong>I Liceum Og\u00f3lnokszta\u0142c\u0105ce<\/strong> im. Bart\u0142omieja Nowodworskiego w Krakowie (klasa o profilu matematyczno-fizycznym); w klasie maturalnej stypendysta <strong>Telford College<\/strong> w Edynburgu. Nast\u0119pnie kszta\u0142ci\u0142 si\u0119 w <strong>Szkole G\u0142\u00f3wnej Handlowej<\/strong> na kierunkach Mi\u0119dzynarodowe Stosunki Gospodarcze i Polityczne oraz Finanse i Bankowo\u015b\u0107, <strong>Uniwersytecie Warszawskim<\/strong> na Wydziale Prawa i Administracji oraz na <strong>Uniwersytecie Jagiello\u0144skim<\/strong> na Wydziale Kulturoznawstwa i Komunikacji Spo\u0142ecznej (specjalizacja: Filmoznawstwo).\u00a0<\/span><\/p>\n<p style=\"text-align: justify;\"><span style=\"font-family: arial; color: #0000ff;\">W latach 1998-1999 uko\u0144czy\u0142 <strong>Szko\u0142\u0119 Mi\u0119dzynarodowego Prawa Podatkowego<\/strong> w Veldhoven. W latach 1999-2001 w ramach stypendium <strong>Uniwersytetu Erazma<\/strong> w Rotterdamie uko\u0144czy\u0142 na tej\u017ce uczelni podyplomowe studia prawnicze z zakresu prawa mi\u0119dzynarodowego oraz prawa Unii Europejskiej. W latach 2001-2005 odbywa\u0142 <strong>aplikacj\u0119 adwokack\u0105<\/strong> przy Okr\u0119gowej Radzie Adwokackiej w Warszawie, za\u015b w latach 2005-2009 <strong>studia doktoranckie<\/strong> w Kolegium Gospodarki \u015awiatowej <strong>Szko\u0142y G\u0142\u00f3wnej Handlowej<\/strong> (rozprawa doktorska z zakresu ekonomicznej analizy prawa). Od roku 2009 do dnia dzisiejszego studia na Wydziale Elektrycznym <strong>Politechniki Warszawskiej<\/strong> (Specjalizacja: Informatyka Stosowana, praca in\u017cynierska z zakresu informatyki \u015bledczej).<\/span><\/p>\n<p style=\"text-align: justify;\"><a href=\"http:\/\/grzegorzjaszczura.pl\/http:\/\/grzegorzjaszczura.pl\/wp-content\/uploads\/2015\/02\/CAM03717.jpg\"><img loading=\"lazy\" decoding=\"async\" class=\"alignleft size-thumbnail wp-image-31288\" alt=\"CAM03717\" src=\"http:\/\/grzegorzjaszczura.pl\/http:\/\/grzegorzjaszczura.pl\/wp-content\/uploads\/2015\/02\/CAM03717-150x150.jpg\" width=\"150\" height=\"150\" \/><\/a><a href=\"http:\/\/grzegorzjaszczura.pl\/http:\/\/grzegorzjaszczura.pl\/wp-content\/uploads\/2015\/02\/CAM03724.jpg\"><img loading=\"lazy\" decoding=\"async\" class=\"alignleft size-thumbnail wp-image-31289\" alt=\"CAM03724\" src=\"http:\/\/grzegorzjaszczura.pl\/http:\/\/grzegorzjaszczura.pl\/wp-content\/uploads\/2015\/02\/CAM03724-150x150.jpg\" width=\"150\" height=\"150\" \/><\/a><\/p>\n","protected":false},"excerpt":{"rendered":"<p>Du\u017ce zmiany w szeregach Kongresu Nowej Prawicy! Szcz\u0119\u015bliwie nie programowe! Po zmianie prezesa partii przez konwentykl (kt\u00f3ry moim prywatnym zdaniem zareagowa\u0142 o kilka miesi\u0119cy za p\u00f3\u017ano), nowym prezesem partii zosta\u0142 unioeuropose\u0142 Micha\u0142 Marusik. Ale dzisiaj o spotkaniu cz\u0142onk\u00f3w i sympatyk\u00f3w KNP, kt\u00f3re mia\u0142o miejsce<\/p>\n","protected":false},"author":2,"featured_media":0,"comment_status":"open","ping_status":"open","sticky":false,"template":"","format":"standard","meta":{"_monsterinsights_skip_tracking":false,"_monsterinsights_sitenote_active":false,"_monsterinsights_sitenote_note":"","_monsterinsights_sitenote_category":0,"footnotes":""},"categories":[3],"tags":[],"class_list":["post-31226","post","type-post","status-publish","format-standard","hentry","category-polityczne"],"_links":{"self":[{"href":"https:\/\/grzegorzjaszczura.pl\/index.php?rest_route=\/wp\/v2\/posts\/31226","targetHints":{"allow":["GET"]}}],"collection":[{"href":"https:\/\/grzegorzjaszczura.pl\/index.php?rest_route=\/wp\/v2\/posts"}],"about":[{"href":"https:\/\/grzegorzjaszczura.pl\/index.php?rest_route=\/wp\/v2\/types\/post"}],"author":[{"embeddable":true,"href":"https:\/\/grzegorzjaszczura.pl\/index.php?rest_route=\/wp\/v2\/users\/2"}],"replies":[{"embeddable":true,"href":"https:\/\/grzegorzjaszczura.pl\/index.php?rest_route=%2Fwp%2Fv2%2Fcomments&post=31226"}],"version-history":[{"count":56,"href":"https:\/\/grzegorzjaszczura.pl\/index.php?rest_route=\/wp\/v2\/posts\/31226\/revisions"}],"predecessor-version":[{"id":31301,"href":"https:\/\/grzegorzjaszczura.pl\/index.php?rest_route=\/wp\/v2\/posts\/31226\/revisions\/31301"}],"wp:attachment":[{"href":"https:\/\/grzegorzjaszczura.pl\/index.php?rest_route=%2Fwp%2Fv2%2Fmedia&parent=31226"}],"wp:term":[{"taxonomy":"category","embeddable":true,"href":"https:\/\/grzegorzjaszczura.pl\/index.php?rest_route=%2Fwp%2Fv2%2Fcategories&post=31226"},{"taxonomy":"post_tag","embeddable":true,"href":"https:\/\/grzegorzjaszczura.pl\/index.php?rest_route=%2Fwp%2Fv2%2Ftags&post=31226"}],"curies":[{"name":"wp","href":"https:\/\/api.w.org\/{rel}","templated":true}]}}