{"id":31540,"date":"2016-01-08T08:36:39","date_gmt":"2016-01-08T07:36:39","guid":{"rendered":"http:\/\/grzegorzjaszczura.pl\/?p=31540"},"modified":"2016-01-08T08:38:19","modified_gmt":"2016-01-08T07:38:19","slug":"koszty-wosp-w-dabrowie-gorniczej","status":"publish","type":"post","link":"https:\/\/grzegorzjaszczura.pl\/?p=31540","title":{"rendered":"Koszty WO\u015aP w D\u0105browie G\u00f3rniczej"},"content":{"rendered":"<p style=\"text-align: justify;\"><a href=\"http:\/\/grzegorzjaszczura.pl\/http:\/\/grzegorzjaszczura.pl\/wp-content\/uploads\/2015\/11\/herb-DG.jpg\"><img loading=\"lazy\" decoding=\"async\" class=\"alignleft size-thumbnail wp-image-36036\" alt=\"herb DG\" src=\"http:\/\/grzegorzjaszczura.pl\/http:\/\/grzegorzjaszczura.pl\/wp-content\/uploads\/2015\/11\/herb-DG-150x150.jpg\" width=\"150\" height=\"150\" \/><\/a><strong>Niestety znowu zbli\u017ca si\u0119 weekend, z kolejnym lewicowym totalitarnym &#8222;kataklizmem&#8221;, jakim dla mnie jest tzw.<\/strong> <span style=\"color: #ff0000;\"><strong>WO\u015aP<\/strong><\/span><strong>.<\/strong><\/p>\n<p style=\"text-align: justify;\">W ubieg\u0142ym roku te\u017c prze\u017cy\u0142em, ale <strong>postanowi\u0142em dowiedzie\u0107 si\u0119, ile ta lewicowa zabawa kosztuje podatnika w D\u0105browie G\u00f3rniczej? <\/strong>Jako radny <strong>Rady Miejskiej D\u0105browy G\u00f3rniczej <\/strong>mog\u0142em to znowu<!--more--> po kilku latach zrobi\u0107.<strong><br \/>\n<\/strong><\/p>\n<p style=\"text-align: justify;\">Przedstawiam tre\u015b\u0107 interpelacji (z dnia <strong>28.01.2015 r.<\/strong>) do Pana Prezydenta <strong>Zb. Podrazy<\/strong> (skrajna lewica <span style=\"color: #ff0000;\"><strong>SLD<\/strong><\/span>) konkretnie w tej sprawie:<\/p>\n<p style=\"text-align: justify;\"><span style=\"color: #0000ff;\"><b><a href=\"http:\/\/grzegorzjaszczura.pl\/http:\/\/grzegorzjaszczura.pl\/wp-content\/uploads\/2015\/12\/CAM03619.jpg\"><img loading=\"lazy\" decoding=\"async\" class=\"alignleft size-thumbnail wp-image-36588\" alt=\"CAM03619\" src=\"http:\/\/grzegorzjaszczura.pl\/http:\/\/grzegorzjaszczura.pl\/wp-content\/uploads\/2015\/12\/CAM03619-150x150.jpg\" width=\"150\" height=\"150\" \/><\/a>&#8222;Szanowny Panie Prezydencie! <\/b>Na mocy art. 61 i 63 Konstytucji RP w trybie dyspozycji Ustawy o dost\u0119pie do Informacji Publicznej oraz w ramach przys\u0142uguj\u0105cych mi uprawnie\u0144 w ramach sprawowania mandatu radnego wnosz\u0119<\/span><\/p>\n<p style=\"text-align: justify;\"><span style=\"color: #0000ff;\"><b>o udzielenie mi informacji o wysoko\u015bci kwot wydatkowanych na zorganizowanie w D\u0105browie G\u00f3rniczej<\/b> akcji Wielkiej Orkiestry \u015awi\u0105tecznej Pomocy, tj. fundacji m.in. pa\u0144stwa <strong>J. Owsiaka<\/strong> i <strong>L. Nied\u017awiedzkiej-Owsiak<\/strong>.<\/span><\/p>\n<p style=\"text-align: justify;\"><span style=\"color: #0000ff;\">Prosz\u0119 o podanie kto i kiedy podj\u0105\u0142 decyzj\u0119 o wydatkowaniu tych\u017ce pieni\u0119dzy?<\/span><\/p>\n<p style=\"text-align: justify;\"><span style=\"color: #0000ff;\">Prosz\u0119 o szczeg\u00f3\u0142owe przedstawienie <strong>ile kosztowa\u0142o mieszka\u0144c\u00f3w D\u0105browy G\u00f3rniczej<\/strong> przeprowadzenie tej imprezy, czyli ile zap\u0142acono z bud\u017cetu miasta?<\/span><\/p>\n<p style=\"text-align: justify;\"><span style=\"color: #0000ff;\"><strong>Czy pracownicy Urz\u0119du Miasta, a tak\u017ce jednostek miejskich, np. Stra\u017cy Miejskiej, Pa\u0142acu Kultury Zag\u0142\u0119bia, itd. pobrali (pobior\u0105) wynagrodzenie za prac\u0119 zwi\u0105zan\u0105 z przygotowaniem, prowadzeniem oraz uporz\u0105dkowaniem imprez odbywaj\u0105cych si\u0119 pod szyldem tej\u017ce zbi\u00f3rki publicznej?<\/strong> Je\u017celi tak, to prosz\u0119 o podanie wysoko\u015bci tak\u017ce tych koszt\u00f3w.<\/span><\/p>\n<p style=\"text-align: justify;\"><span style=\"color: #0000ff;\"><strong>Kto zap\u0142aci\u0142 za zu\u017cyt\u0105 wod\u0119 i odprowadzenie \u015bciek\u00f3w, energi\u0119 elektryczn\u0105, gaz, u\u017cyczenie gruntu, aparatury i urz\u0105dze\u0144 b\u0119d\u0105cych na stanie jednostek bud\u017cetowych, telefony, itp. udogodnienia dla przeprowadzanej akcji fundacji WO\u015aP?<\/strong>&#8222;<\/span><\/p>\n<p style=\"text-align: justify;\">I odpowied\u017a Pana Prezydenta, kt\u00f3ry jeszcze na tej samej sesji zacz\u0105\u0142 mnie u\u015bwiadamia\u0107, \u017ce <strong>ich zbi\u00f3rka to sama dobro\u0107, ale nie zaj\u0105kn\u0105\u0142 si\u0119 o kosztach.<\/strong> Tutaj, tzn. w odpowiedzi na interpelacj\u0119 one s\u0105:<\/p>\n<p style=\"text-align: justify;\"><span style=\"color: #ff0000;\"><a href=\"http:\/\/grzegorzjaszczura.pl\/http:\/\/grzegorzjaszczura.pl\/wp-content\/uploads\/2015\/03\/Owsiak-2015.01.28-odp.jpg\"><img loading=\"lazy\" decoding=\"async\" class=\"alignleft size-thumbnail wp-image-31828\" alt=\"Owsiak-2015.01.28-odp\" src=\"http:\/\/grzegorzjaszczura.pl\/http:\/\/grzegorzjaszczura.pl\/wp-content\/uploads\/2015\/03\/Owsiak-2015.01.28-odp-150x150.jpg\" width=\"150\" height=\"150\" \/><\/a>&#8222;W zwi\u0105zku z otrzyman\u0105 interpelacj\u0105 o znaku BRM.0003.95.2015r.<sub>,<\/sub> z dnia 28.01.2015r., informuj\u0119, i\u017c [&#8230;] Liczba wolontariuszy z roku na rok ro\u015bnie w tym roku by\u0142o ich, a\u017c 550 (zlokalizowanych w sze\u015bciu sztabach). Patrz\u0105c rok rocznie na zapa\u0142 tylu m\u0142odych ludzi i niesienie bezinteresownej pomocy innym <strong>miasto docenia i wspiera dzia\u0142ania wolontariuszy i sztab\u00f3w poprzez:<\/strong><\/span><\/p>\n<div style=\"text-align: justify;\">\n<p><span style=\"color: #ff0000;\">&#8211; zakup pami\u0105tkowych koszulek dla wolontariuszy &#8211; <strong>7.103,25 z\u0142<\/strong><\/span><\/p>\n<p><span style=\"color: #ff0000;\">&#8211; zapewnienie gor\u0105cego posi\u0142ku i napoj\u00f3w dla wolontariuszy &#8211; <strong>3.250,00 z\u0142<\/strong><\/span><\/p>\n<p><span style=\"color: #ff0000;\">&#8211; transport wolontariuszy w odleg\u0142e dzielnice miasta &#8211; <strong>540 z\u0142<\/strong><\/span><\/p>\n<p><span style=\"color: #ff0000;\">Bior\u0105c pod uwag\u0119 potrzeb\u0119 lokalizacji sceny podczas XXIII Fina\u0142u <strong>WO\u015aP<\/strong> i wydarze\u0144 zwi\u0105zanych z sam\u0105 ide\u0105 zg\u0142aszan\u0105 przez spo\u0142ecznik\u00f3w dzielnicy Strzemieszyc zosta\u0142y poniesione koszty w wysoko\u015bci <strong>6.000,00 z\u0142<\/strong> &#8211; wynajmu sceny wraz z kompleksow\u0105 jej obs\u0142ug, nag\u0142o\u015bnieniem i o\u015bwietleniem.<\/span><\/p>\n<p><span style=\"color: #ff0000;\">W zwi\u0105zku z lokalizacj\u0105 g\u0142\u00f3wnego sztabu w <strong>Pa\u0142acu Kultury Zag\u0142\u0119bia<\/strong> miasto ponios\u0142o koszty:<\/span><\/p>\n<p><span style=\"color: #ff0000;\">&#8211; ochrony obiektu <strong>922,50 z\u0142<\/strong><\/span><\/p>\n<p><span style=\"color: #ff0000;\">&#8211; transportu artyst\u00f3w &#8211; <strong>1.700,00 z\u0142<\/strong><\/span><\/p>\n<p><span style=\"color: #ff0000;\">&#8211; wykonanie pokazu pirotechnicznego \u201e\u015awiate\u0142ko do nieba&#8221; dla mieszka\u0144c\u00f3w miasta &#8211; <strong>3.690,00 z\u0142<\/strong><\/span><\/p>\n<p><span style=\"color: #ff0000;\"><strong>Koszty medi\u00f3w w Pa\u0142acu Kultury Zag\u0142\u0119bia s\u0105 zrycza\u0142towane miesi\u0119cznie<\/strong>, a sama akcja Wielkiej Orkiestry \u015awi\u0105tecznej Pomocy nie wysz\u0142a poza normy funkcjonowania jednostki. <span style=\"color: #000000;\">(pyta\u0142em globalnie, a nie tylko o <strong>PKZ<\/strong>, drugiej cz\u0119\u015bci zdania przyznam si\u0119, \u017ce nie rozumiem \ud83d\ude42 &#8211; przyp. m\u00f3j).<\/span><br \/>\n<\/span><\/p>\n<p><span style=\"color: #ff0000;\">Je\u017celi chodzi o <strong>zaanga\u017cowanie Urz\u0119du Miejskiego<\/strong> to by\u0142a to <strong>jedna osoba<\/strong> i nie pobiera\u0142a dodatkowego wynagrodzenia z tytu\u0142u pracy w godzinach nadliczbowych w tym dniu (<strong>do odbioru by\u0142 l dzie\u0144 roboczy<\/strong>), a wykonywane po\u0142\u0105czenia telefoniczne na potrzeby koordynacji fina\u0142u w D\u0105browie G\u00f3rniczej r\u00f3wnie\u017c by\u0142y prowadzone z prywatnego telefonu.<\/span><\/p>\n<p><span style=\"color: #ff0000;\">Ze wzgl\u0119du na konieczno\u015b\u0107 zachowania zasad bezpiecze\u0144stwa <strong>liczba pracownik\u00f3w Pa\u0142acu Kultury Zag\u0142\u0119bia obs\u0142uguj\u0105cych t\u0105 imprez\u0119 <span style=\"text-decoration: underline;\">wynios\u0142a 19 os\u00f3b<\/span><\/strong>. <span style=\"color: #000000;\">(!!! &#8211; przyp. m\u00f3j).<\/span> <strong>Pracownicy instytucji odebrali sobie wypracowane nadgodziny w innym dniu wolnym od realizacji innych imprez w instytucji. <\/strong><span style=\"color: #000000;\">(jak dobrze rozumiem, <strong>19 pracownik\u00f3w<\/strong> odebra\u0142o sobie p\u0142atny dzie\u0144 wolny w innym terminie!!!, ale przecie\u017c p\u0142atny z bud\u017cetu <strong>Gminy<\/strong>, a nie Pana <strong>J. Owsiaka<\/strong> czy jego jakiej\u015b fundacji\u00a0 &#8211; przyp. m\u00f3j).<\/span><strong><br \/>\n<\/strong><\/span><\/p>\n<p><span style=\"color: #ff0000;\">S\u0142u\u017cby mundurowe, kt\u00f3re wspiera\u0142y bezpieczny przebieg zbi\u00f3rki przez wolontariuszy r\u00f3wnie\u017c nie dosta\u0142y dodatkowego wynagrodzenia za prac\u0119. <span style=\"color: #000000;\">(a odebra\u0142y wolny p\u0142atny dzie\u0144 czy nie Panie Prezydencie?, bo jak odebra\u0142y to by\u0142o to p\u0142acone z bud\u017cetu Gminy (Stra\u017c Miejska) lub bud\u017cetu Pa\u0144stwa, np. Policja &#8211; przyp. m\u00f3j).<\/span>&#8222;<\/span><\/p>\n<p>Samo podsumowanie podanych koszt\u00f3w daje <span style=\"color: #ff0000;\"><strong>23.205,75 z\u0142<\/strong><\/span>, zap\u0142aconych przez podatnik\u00f3w z bud\u017cetu <strong>D\u0105browy G\u00f3rniczej<\/strong>, tak\u017ce z moich podatk\u00f3w! A ja nie \u017cycz\u0119 sobie, \u017ceby moje podatki sz\u0142y na lewackie zbi\u00f3rki pieni\u0119dzy. <a href=\"http:\/\/grzegorzjaszczura.pl\/http:\/\/grzegorzjaszczura.pl\/wp-content\/uploads\/2016\/01\/SKMBT_C203120220085311.jpg\"><img loading=\"lazy\" decoding=\"async\" class=\"alignleft size-thumbnail wp-image-36713\" alt=\"SKMBT_C20312022008531\" src=\"http:\/\/grzegorzjaszczura.pl\/http:\/\/grzegorzjaszczura.pl\/wp-content\/uploads\/2016\/01\/SKMBT_C203120220085311-150x150.jpg\" width=\"150\" height=\"150\" \/><\/a>Wol\u0119 <span style=\"color: #0000ff;\"><strong>Caritas<\/strong><\/span> i jego rozdysponowanie datk\u00f3w lub renowacj\u0119 klasztoru na<strong> Jasnej G\u00f3rze<\/strong>. Pan Prezydent<strong> Zb. Podraza<\/strong> (<span style=\"color: #ff0000;\"><strong>SLD<\/strong><\/span>) nie jest moim prezydentem w tej sytuacji! Zreszt\u0105 nigdy nie by\u0142. <a href=\"http:\/\/grzegorzjaszczura.pl\/?p=36317#more-36317\"><strong>Zobacz<\/strong><\/a> czy <a href=\"http:\/\/grzegorzjaszczura.pl\/?p=19900#more-19900\"><strong>zobacz<\/strong><\/a>.<\/p>\n<p>Poniewa\u017c cz\u0119\u015bci koszt\u00f3w Pan Prezydent <strong>Zb. Podraza (<span style=\"color: #ff0000;\">SLD<\/span>)<\/strong> nie poda\u0142 nawet szacunkowo, zr\u00f3bmy to lekko licz\u0105c:<\/p>\n<p>&#8211; zrycza\u0142towane koszty medi\u00f3w PKZ <span style=\"color: #ff0000;\"><strong>2.000,00<\/strong> <strong>z\u0142<\/strong><\/span><\/p>\n<p>&#8211; <strong>20<\/strong> (19+1) roboczodni (w przybli\u017ceniu), przyjmijmy <strong>250,00 z\u0142<\/strong> \u015brednio za sztuk\u0119, to daje <span style=\"color: #ff0000;\"><strong>5.000,00 z\u0142<\/strong><\/span><\/p>\n<p>&#8211; przy s\u0142u\u017cbach mundurowych brak podanej liczby funkcjonariuszy, ale przyjmuj\u0105c nawet <strong>20<\/strong> sztuk po <strong>250,00 z\u0142<\/strong> daje <span style=\"color: #ff0000;\"><strong>5.000,00 z\u0142<\/strong><\/span>.<\/p>\n<p><em>Au total<\/em>\u00a0 daje to: <strong><span style=\"color: #ff0000;\">35.205,75 z\u0142<\/span> koszt\u00f3w zbi\u00f3rki pochodz\u0105cych z bud\u017cetu wszystkich mieszka\u0144c\u00f3w D\u0105browy G\u00f3rniczej!<br \/>\n<\/strong><\/p>\n<p><a href=\"http:\/\/grzegorzjaszczura.pl\/http:\/\/grzegorzjaszczura.pl\/wp-content\/uploads\/2015\/12\/nieruchomo\u015bci.jpg\"><img loading=\"lazy\" decoding=\"async\" class=\"alignleft size-thumbnail wp-image-36590\" alt=\"nieruchomo\u015bci\" src=\"http:\/\/grzegorzjaszczura.pl\/http:\/\/grzegorzjaszczura.pl\/wp-content\/uploads\/2015\/12\/nieruchomo\u015bci-150x150.jpg\" width=\"150\" height=\"150\" \/><\/a>Je\u017celi tak jest w ca\u0142ej Polsce, to kto tak naprawd\u0119 zyskuje? (zdj\u0119cie obok z portalu kontrowersje.net). Bo wychodzi, \u017ce ta zbi\u00f3rka, to jest takim dodatkowym opodatkowaniem podatnik\u00f3w, kt\u00f3rzy ju\u017c raz, cho\u0107by na s\u0142u\u017cb\u0119 zdrowia zap\u0142acili podatki, tak\u017ce <span style=\"color: #ff0000;\"><strong>ZUS<\/strong><\/span>.<\/p>\n<p>M\u00f3j szerszy wpis o <span style=\"color: #ff0000;\"><strong>WO\u015aP<\/strong><\/span> na blogu zobacz <span style=\"color: #0000ff;\"><strong>Szanowny Czytelniku<\/strong> <\/span>tutaj: <a href=\"http:\/\/grzegorzjaszczura.pl\/?p=26387#more-26387\"><strong>http:\/\/grzegorzjaszczura.pl\/?p=26387#more-26387<\/strong><\/a>.<\/p>\n<p>Polecam tak\u017ce: <a href=\"http:\/\/kontrowersje.net\/mamy_rekord_przez_6_lat_blisko_50_milion_w_do_podzia_u_dla_rodziny_owsiak_w\">http:\/\/kontrowersje.net\/mamy_rekord_przez_6_lat_blisko_50_milion_w_do_podzia_u_dla_rodziny_owsiak_w<\/a>.<\/p>\n<p>Tak\u017ce ten artyku\u0142 jeszcze wnikliwej opisuj\u0105cy t\u0119 <span style=\"color: #ff0000;\">lewicow\u0105 \u015bwi\u0119to\u015b\u0107<\/span>:\u00a0<a href=\"http:\/\/kontrowersje.net\/do_puszki_owsiaka_12_groszy_tylko_nie_p_acz_prosz\"><strong>http:\/\/kontrowersje.net\/do_puszki_owsiaka_12_groszy_tylko_nie_p_acz_prosz<\/strong><\/a>.<\/p>\n<p>&nbsp;<\/p>\n<\/div>\n","protected":false},"excerpt":{"rendered":"<p>Niestety znowu zbli\u017ca si\u0119 weekend, z kolejnym lewicowym totalitarnym &#8222;kataklizmem&#8221;, jakim dla mnie jest tzw. WO\u015aP. W ubieg\u0142ym roku te\u017c prze\u017cy\u0142em, ale postanowi\u0142em dowiedzie\u0107 si\u0119, ile ta lewicowa zabawa kosztuje podatnika w D\u0105browie G\u00f3rniczej? Jako radny Rady Miejskiej D\u0105browy G\u00f3rniczej mog\u0142em to znowu<\/p>\n","protected":false},"author":2,"featured_media":0,"comment_status":"open","ping_status":"open","sticky":false,"template":"","format":"standard","meta":{"_monsterinsights_skip_tracking":false,"_monsterinsights_sitenote_active":false,"_monsterinsights_sitenote_note":"","_monsterinsights_sitenote_category":0,"footnotes":""},"categories":[6],"tags":[],"class_list":["post-31540","post","type-post","status-publish","format-standard","hentry","category-bez-cenzury"],"_links":{"self":[{"href":"https:\/\/grzegorzjaszczura.pl\/index.php?rest_route=\/wp\/v2\/posts\/31540","targetHints":{"allow":["GET"]}}],"collection":[{"href":"https:\/\/grzegorzjaszczura.pl\/index.php?rest_route=\/wp\/v2\/posts"}],"about":[{"href":"https:\/\/grzegorzjaszczura.pl\/index.php?rest_route=\/wp\/v2\/types\/post"}],"author":[{"embeddable":true,"href":"https:\/\/grzegorzjaszczura.pl\/index.php?rest_route=\/wp\/v2\/users\/2"}],"replies":[{"embeddable":true,"href":"https:\/\/grzegorzjaszczura.pl\/index.php?rest_route=%2Fwp%2Fv2%2Fcomments&post=31540"}],"version-history":[{"count":57,"href":"https:\/\/grzegorzjaszczura.pl\/index.php?rest_route=\/wp\/v2\/posts\/31540\/revisions"}],"predecessor-version":[{"id":36744,"href":"https:\/\/grzegorzjaszczura.pl\/index.php?rest_route=\/wp\/v2\/posts\/31540\/revisions\/36744"}],"wp:attachment":[{"href":"https:\/\/grzegorzjaszczura.pl\/index.php?rest_route=%2Fwp%2Fv2%2Fmedia&parent=31540"}],"wp:term":[{"taxonomy":"category","embeddable":true,"href":"https:\/\/grzegorzjaszczura.pl\/index.php?rest_route=%2Fwp%2Fv2%2Fcategories&post=31540"},{"taxonomy":"post_tag","embeddable":true,"href":"https:\/\/grzegorzjaszczura.pl\/index.php?rest_route=%2Fwp%2Fv2%2Ftags&post=31540"}],"curies":[{"name":"wp","href":"https:\/\/api.w.org\/{rel}","templated":true}]}}