{"id":31703,"date":"2015-03-10T08:26:16","date_gmt":"2015-03-10T07:26:16","guid":{"rendered":"http:\/\/grzegorzjaszczura.pl\/?p=31703"},"modified":"2015-03-10T08:30:41","modified_gmt":"2015-03-10T07:30:41","slug":"knp-michal-marusik","status":"publish","type":"post","link":"https:\/\/grzegorzjaszczura.pl\/?p=31703","title":{"rendered":"KNP &#8211; Micha\u0142 Marusik"},"content":{"rendered":"<p style=\"text-align: justify;\"><a href=\"http:\/\/grzegorzjaszczura.pl\/http:\/\/grzegorzjaszczura.pl\/wp-content\/uploads\/2015\/03\/11029932_855309297858962_5880613365820563725_o.jpg\"><img loading=\"lazy\" decoding=\"async\" class=\"alignleft size-thumbnail wp-image-31706\" alt=\"11029932_855309297858962_5880613365820563725_o\" src=\"http:\/\/grzegorzjaszczura.pl\/http:\/\/grzegorzjaszczura.pl\/wp-content\/uploads\/2015\/03\/11029932_855309297858962_5880613365820563725_o-150x150.jpg\" width=\"150\" height=\"150\" \/><\/a>Niezwykle interesuj\u0105ce spotkanie z Prezesem <b>Kongresu<span style=\"color: #0000ff;\"> Nowej<\/span> <span style=\"color: #ff0000;\">Prawicy<\/span><\/b>, Unioeuropos\u0142em <b>Micha\u0142em Marusikiem<\/b> oraz wiceprezesem <b>Piotrem Najzerem<\/b> odby\u0142o si\u0119 w dniu <strong>06.03.2015 r.<\/strong> w klubie &#8222;Oko Miasta&#8221; w Katowicach. Spotkanie przygotowa\u0142 zarz\u0105d Regionu \u015al\u0105sko-D\u0105browskiego <b>Kongresu <span style=\"color: #0000ff;\">Nowej<\/span> <span style=\"color: #ff0000;\">Prawicy<\/span><\/b>. Licznie uczestniczyli w nim cz\u0142onkowie i sympatycy<!--more--> oddzia\u0142u d\u0105browskiego <strong>K<span style=\"color: #0000ff;\">N<\/span><span style=\"color: #ff0000;\">P<\/span><\/strong>.<\/p>\n<p style=\"text-align: justify;\"><a href=\"http:\/\/grzegorzjaszczura.pl\/http:\/\/grzegorzjaszczura.pl\/wp-content\/uploads\/2015\/03\/CAM03894.jpg\"><img loading=\"lazy\" decoding=\"async\" class=\"alignleft size-thumbnail wp-image-31713\" alt=\"CAM03894\" src=\"http:\/\/grzegorzjaszczura.pl\/http:\/\/grzegorzjaszczura.pl\/wp-content\/uploads\/2015\/03\/CAM03894-150x150.jpg\" width=\"150\" height=\"150\" \/><\/a>By\u0142o to spotkanie z cyklu <span style=\"color: #0000ff;\"><em><b>&#8222;Tej si\u0142y ju\u017c nie powstrzymacie!&#8221;<\/b><\/em><\/span>. Niestety poprzedniego prezesa <b>Kongresu <span style=\"color: #0000ff;\">Nowej<\/span> <span style=\"color: #ff0000;\">Prawicy<\/span><\/b> pana <b>J. Korwin-Mikkego<\/b> ju\u017c tyle razy powstrzymano, acz by\u0107 mo\u017ce sam si\u0119 powstrzymywa\u0142, przed zwyci\u0119stwem nad lewactwem \ud83d\ude42 , \u017ce dalsze jego przewodniczenie (prezesowanie) jakiejkolwiek organizacji nie ma wi\u0119kszego sensu. Jest to dla wielu \u2013 wi\u0119kszo\u015bci cz\u0142onk\u00f3w i sympatyk\u00f3w <b>Kongresu <span style=\"color: #0000ff;\">Nowej<\/span> <span style=\"color: #ff0000;\">Prawicy<\/span><\/b><span style=\"color: #000000;\">,<\/span> tak samo oczywiste, jak to, \u017ce to nasz program jest najlepszy.<\/p>\n<p style=\"text-align: justify;\">Te powy\u017csze tezy potwierdzili i rozwin\u0119li w swoich wyst\u0105pieniach, zar\u00f3wno Prezes <b>M. Marusik<\/b> jak i Wiceprezes <b>P. Najzer<\/b>. <a href=\"http:\/\/grzegorzjaszczura.pl\/http:\/\/grzegorzjaszczura.pl\/wp-content\/uploads\/2015\/03\/karczma-obiad.jpg\"><img loading=\"lazy\" decoding=\"async\" class=\"alignleft size-thumbnail wp-image-31716\" alt=\"karczma-obiad\" src=\"http:\/\/grzegorzjaszczura.pl\/http:\/\/grzegorzjaszczura.pl\/wp-content\/uploads\/2015\/03\/karczma-obiad-150x150.jpg\" width=\"150\" height=\"150\" \/><\/a>Pseudowolno\u015bciowe has\u0142a, jak i quasikonserwatyzm by\u0142ego Prezesa <b>J. Korwin-Mikkego<\/b> pasuje do tego czego\u015b co tworzy z panem <strong>P. Wiplerem<\/strong> i by\u0142\u0105 lewicow\u0105 cz\u0119\u015bci\u0105 <b>K<span style=\"color: #0000ff;\">N<\/span><span style=\"color: #ff0000;\">P<\/span><\/b>. Ale to problemy naiwnych, nie posiadaj\u0105cych szerszych informacji o faktach.<\/p>\n<p style=\"text-align: justify;\"><a href=\"http:\/\/grzegorzjaszczura.pl\/http:\/\/grzegorzjaszczura.pl\/wp-content\/uploads\/2015\/03\/Katowice-2015-03-06-49.jpg\"><img loading=\"lazy\" decoding=\"async\" class=\"alignleft size-thumbnail wp-image-31727\" alt=\"Katowice 2015-03-06 (49)\" src=\"http:\/\/grzegorzjaszczura.pl\/http:\/\/grzegorzjaszczura.pl\/wp-content\/uploads\/2015\/03\/Katowice-2015-03-06-49-150x150.jpg\" width=\"150\" height=\"150\" \/><\/a>Szczeg\u00f3lnie wyst\u0105pienia prezesa <b>M. Marusika<\/b> znakomicie wpisuj\u0105 si\u0119 w konserwatywno-wolno\u015bciowy program <b>Kongresu <span style=\"color: #0000ff;\">Nowej <\/span><span style=\"color: #ff0000;\">Prawicy<\/span><\/b>:<\/p>\n<p style=\"text-align: justify;\"><a href=\"https:\/\/www.youtube.com\/watch?v=sIvs0nwblks\">https:\/\/www.youtube.com\/watch?v=sIvs0nwblks<\/a>.<\/p>\n<p style=\"text-align: justify;\">Jeszcze kilka foto ze spotkania:<\/p>\n<p style=\"text-align: justify;\"><a href=\"http:\/\/grzegorzjaszczura.pl\/http:\/\/grzegorzjaszczura.pl\/wp-content\/uploads\/2015\/03\/CAM03897.jpg\"><img loading=\"lazy\" decoding=\"async\" class=\"alignleft size-thumbnail wp-image-31718\" alt=\"CAM03897\" src=\"http:\/\/grzegorzjaszczura.pl\/http:\/\/grzegorzjaszczura.pl\/wp-content\/uploads\/2015\/03\/CAM03897-150x150.jpg\" width=\"150\" height=\"150\" \/><\/a><a href=\"http:\/\/grzegorzjaszczura.pl\/http:\/\/grzegorzjaszczura.pl\/wp-content\/uploads\/2015\/03\/CAM03900.jpg\"><img loading=\"lazy\" decoding=\"async\" class=\"alignleft size-thumbnail wp-image-31719\" alt=\"CAM03900\" src=\"http:\/\/grzegorzjaszczura.pl\/http:\/\/grzegorzjaszczura.pl\/wp-content\/uploads\/2015\/03\/CAM03900-150x150.jpg\" width=\"150\" height=\"150\" \/><\/a><a href=\"http:\/\/grzegorzjaszczura.pl\/http:\/\/grzegorzjaszczura.pl\/wp-content\/uploads\/2015\/03\/CAM03907.jpg\"><img loading=\"lazy\" decoding=\"async\" class=\"alignleft size-thumbnail wp-image-31720\" alt=\"CAM03907\" src=\"http:\/\/grzegorzjaszczura.pl\/http:\/\/grzegorzjaszczura.pl\/wp-content\/uploads\/2015\/03\/CAM03907-150x150.jpg\" width=\"150\" height=\"150\" \/><\/a><a href=\"http:\/\/grzegorzjaszczura.pl\/http:\/\/grzegorzjaszczura.pl\/wp-content\/uploads\/2015\/03\/CAM03893.jpg\"><img loading=\"lazy\" decoding=\"async\" class=\"alignleft size-thumbnail wp-image-31721\" alt=\"CAM03893\" src=\"http:\/\/grzegorzjaszczura.pl\/http:\/\/grzegorzjaszczura.pl\/wp-content\/uploads\/2015\/03\/CAM03893-150x150.jpg\" width=\"150\" height=\"150\" \/><\/a><\/p>\n<p style=\"text-align: justify;\">\n","protected":false},"excerpt":{"rendered":"<p>Niezwykle interesuj\u0105ce spotkanie z Prezesem Kongresu Nowej Prawicy, Unioeuropos\u0142em Micha\u0142em Marusikiem oraz wiceprezesem Piotrem Najzerem odby\u0142o si\u0119 w dniu 06.03.2015 r. w klubie &#8222;Oko Miasta&#8221; w Katowicach. Spotkanie przygotowa\u0142 zarz\u0105d Regionu \u015al\u0105sko-D\u0105browskiego Kongresu Nowej Prawicy. Licznie uczestniczyli w nim cz\u0142onkowie i sympatycy<\/p>\n","protected":false},"author":2,"featured_media":0,"comment_status":"open","ping_status":"open","sticky":false,"template":"","format":"standard","meta":{"_monsterinsights_skip_tracking":false,"_monsterinsights_sitenote_active":false,"_monsterinsights_sitenote_note":"","_monsterinsights_sitenote_category":0,"footnotes":""},"categories":[3],"tags":[],"class_list":["post-31703","post","type-post","status-publish","format-standard","hentry","category-polityczne"],"_links":{"self":[{"href":"https:\/\/grzegorzjaszczura.pl\/index.php?rest_route=\/wp\/v2\/posts\/31703","targetHints":{"allow":["GET"]}}],"collection":[{"href":"https:\/\/grzegorzjaszczura.pl\/index.php?rest_route=\/wp\/v2\/posts"}],"about":[{"href":"https:\/\/grzegorzjaszczura.pl\/index.php?rest_route=\/wp\/v2\/types\/post"}],"author":[{"embeddable":true,"href":"https:\/\/grzegorzjaszczura.pl\/index.php?rest_route=\/wp\/v2\/users\/2"}],"replies":[{"embeddable":true,"href":"https:\/\/grzegorzjaszczura.pl\/index.php?rest_route=%2Fwp%2Fv2%2Fcomments&post=31703"}],"version-history":[{"count":24,"href":"https:\/\/grzegorzjaszczura.pl\/index.php?rest_route=\/wp\/v2\/posts\/31703\/revisions"}],"predecessor-version":[{"id":31735,"href":"https:\/\/grzegorzjaszczura.pl\/index.php?rest_route=\/wp\/v2\/posts\/31703\/revisions\/31735"}],"wp:attachment":[{"href":"https:\/\/grzegorzjaszczura.pl\/index.php?rest_route=%2Fwp%2Fv2%2Fmedia&parent=31703"}],"wp:term":[{"taxonomy":"category","embeddable":true,"href":"https:\/\/grzegorzjaszczura.pl\/index.php?rest_route=%2Fwp%2Fv2%2Fcategories&post=31703"},{"taxonomy":"post_tag","embeddable":true,"href":"https:\/\/grzegorzjaszczura.pl\/index.php?rest_route=%2Fwp%2Fv2%2Ftags&post=31703"}],"curies":[{"name":"wp","href":"https:\/\/api.w.org\/{rel}","templated":true}]}}