{"id":31753,"date":"2015-03-29T14:55:22","date_gmt":"2015-03-29T12:55:22","guid":{"rendered":"http:\/\/grzegorzjaszczura.pl\/?p=31753"},"modified":"2015-03-29T15:05:07","modified_gmt":"2015-03-29T13:05:07","slug":"odrodzenie-feniksa","status":"publish","type":"post","link":"https:\/\/grzegorzjaszczura.pl\/?p=31753","title":{"rendered":"Odrodzenie Feniksa"},"content":{"rendered":"<p style=\"text-align: justify;\"><span style=\"color: #000000;\"><a href=\"http:\/\/grzegorzjaszczura.pl\/http:\/\/grzegorzjaszczura.pl\/wp-content\/uploads\/2015\/03\/karczma-obiad1.jpg\"><img loading=\"lazy\" decoding=\"async\" class=\"alignleft size-thumbnail wp-image-32164\" alt=\"karczma-obiad\" src=\"http:\/\/grzegorzjaszczura.pl\/http:\/\/grzegorzjaszczura.pl\/wp-content\/uploads\/2015\/03\/karczma-obiad1-150x150.jpg\" width=\"150\" height=\"150\" \/><\/a>Zastanawiam si\u0119 czy zrobi\u0107 jakie\u015b wprowadzenie, zwi\u0105zane np. z odej\u015bciem by\u0142ego prezesa <strong>K<span style=\"color: #ff0000;\"><span style=\"color: #0000ff;\">N<\/span>P<\/span><\/strong> pana <strong>J. Korwin-Mikke<\/strong> z partii i odej\u015bciem przez niego od idea\u0142\u00f3w konserwatywno-wolno\u015bciowo-liberalnych (przynajmniej ja tak uwa\u017cam), jak mniemam dla dalszej kariery celebryty \ud83d\ude42 . Dochodz\u0119 jednak do wniosku, \u017ce tekst mo\u017ce by\u0107 og\u00f3lniejszy, a<strong> J. Korwin-Mikke<\/strong> niech sobie robi <em>show<\/em> z m\u0142odzie\u017c\u0105 i niech goni <em>kr\u00f3liczka<\/em>. Z\u0142apa\u0107 to on go<!--more--> nie z\u0142apie, ale udawa\u0107, \u017ce pr\u00f3buje przecie\u017c mu wolno. Na dodatek niby odszed\u0142 (po usuni\u0119ciu go z funkcji prezesa partii przez Konwentykl), do podobno jakiego\u015b nowego tworu partyjnego, a nie potrafi\u0142 nawet z\u0142o\u017cy\u0107 honorowo o\u015bwiadczenia na pi\u015bmie i w wyborach prezydenckich musi startowa\u0107 jako kandydat <strong>K<span style=\"color: #0000ff;\">N<\/span><span style=\"color: #ff0000;\">P<\/span><\/strong>, przynajmniej poda\u0142 tak\u0105 przynale\u017cno\u015b\u0107 partyjn\u0105. NIEPOWA\u017bNE.<br \/>\n<\/span><\/p>\n<p style=\"text-align: justify;\">Kolejny tekst cz\u0142onka <strong>Kongresu <span style=\"color: #0000ff;\">Nowej<\/span> <span style=\"color: #ff0000;\">Prawicy<\/span><\/strong> kol. <strong>Kacpra Muszy\u0144skiego.<\/strong><\/p>\n<p style=\"text-align: justify;\"><span style=\"color: #0000ff;\"><b><a href=\"http:\/\/grzegorzjaszczura.pl\/http:\/\/grzegorzjaszczura.pl\/wp-content\/uploads\/2015\/02\/CAM03491.jpg\"><img loading=\"lazy\" decoding=\"async\" class=\"alignleft size-thumbnail wp-image-31409\" alt=\"CAM03491\" src=\"http:\/\/grzegorzjaszczura.pl\/http:\/\/grzegorzjaszczura.pl\/wp-content\/uploads\/2015\/02\/CAM03491-150x150.jpg\" width=\"150\" height=\"150\" \/><\/a>\u201e<i>Konserwatysta winien by\u0107 tym, kt\u00f3ry potrafi przetrwa\u0107 wieki w oczekiwaniu nag\u0142ych narodu zmartwychwsta\u0144 i lata t\u0119skni\u0107 do g\u00f3rnej pobudki zwyci\u0119stwa, sta\u0107 przy na p\u00f3\u0142 zdeptanych ju\u017c sztandarach i pr\u0119\u017cy\u0107 drzewce ich w niebo, z ostatecznego, zdawa\u0142oby si\u0119, upadku umie\u0107 jednodniowym zwyci\u0119zcom rzuci\u0107 w twarz pot\u0119pienie i przekle\u0144stwa, a sk\u0142ania\u0107 czo\u0142a przed ide\u0105, co w b\u00f3lach rodzi si\u0119 dla \u015bwiata.\u201d<\/i><\/b><i> <\/i>(dr Kazimierz Morawski).<\/span><\/p>\n<p style=\"text-align: justify;\"><span style=\"color: #0000ff;\">Mam nadziej\u0119, \u017ce nie nara\u017c\u0119 si\u0119 na oskar\u017cenia o herezje, gdy o\u015bwiadcz\u0119, \u017ce s\u0142owa te winny sta\u0107 si\u0119 czym\u015b na wz\u00f3r modlitwy <strong>\u201eOjcze Nasz\u201d<\/strong> dla \u201eodnowionego\u201d <b><span style=\"color: #000000;\">Kongresu<\/span> Nowej <span style=\"color: #ff0000;\">Prawicy<\/span><\/b>. Wci\u0105\u017c jeszcze moja nadzieja nie ga\u015bnie na my\u015bl, \u017ce tak naprawd\u0119 w \u201eodnowionym\u201d <b><span style=\"color: #000000;\">Kongresie<\/span> Nowej <span style=\"color: #ff0000;\">Prawicy<\/span><\/b> tak naprawd\u0119 nic si\u0119 nie zmieni\u0142o \u2013 a ju\u017c na pewno nie na gorsze! By\u0107 mo\u017ce na horyzoncie pojawi\u0142y si\u0119 pewne trudno\u015bci, jak cz\u0119sto bywa w takich okresach, nie s\u0105 to jednak trudno\u015bci, kt\u00f3re mog\u0105 nas zabi\u0107 (to pewne \u2013 bo takie dla nas nie istniej\u0105!), a przecie\u017c od zarania dziej\u00f3w wiadomo, \u017ce co nie zabije, to wzmocni. <b>Jestem pewien, \u017ce czar goryczy przeleje si\u0119 na korzy\u015b\u0107 nasz\u0105 i naszej idei. Dlaczego? Bo jest s\u0142uszna.<\/b> Nawet je\u015bli \u201ezap\u0142ata\u201d (co wi\u0119cej, trzeba si\u0119 przygotowa\u0107, \u017ce to my b\u0119dziemy s\u0142ono p\u0142aci\u0107!) nie przyjdzie dzi\u015b, jutro czy nawet w tym \u017cyciu \u2013 to my b\u0119dziemy siedzie\u0107 po prawej stronie \u201eSejmu\u201d Bo\u017cego. <b>B\u00f3g z ca\u0142\u0105 pewno\u015bci\u0105 nie ulegnie podszeptom Szatana\u2026<\/b> <\/span><\/p>\n<p style=\"text-align: justify;\"><span style=\"color: #0000ff;\">Zapewniam \u2013 nie ma najmniejszego powodu ku temu, aby martwi\u0107 si\u0119 tym, jak dzisiaj postrzegaj\u0105 nas spo\u0142ecze\u0144stwo czy media (<i>de facto <\/i>dzi\u0119ki nachalnej \u201e\u017cyczliwo\u015bci\u201d tych drugich obie opinie si\u0119 pokrywaj\u0105). Przecie\u017c dwadzie\u015bcia lat temu ma\u0142o kt\u00f3ry szary mieszkaniec naszego kraju w og\u00f3le wiedzia\u0142, czym jest i na czym polega nasza idea. Te dwadzie\u015bcia lat min\u0119\u0142o (\u201e<i>jak jeden dzie\u0144\u201d <\/i>&#8211; to naprawd\u0119 nie jest du\u017co, nale\u017cy sobie to u\u015bwiadomi\u0107!) i w rozmowach z lud\u017ami, kt\u00f3rzy absolutnie nie s\u0105 zwi\u0105zani z nasz\u0105 parti\u0105, mo\u017cna cieszy\u0107 si\u0119 miodem, kt\u00f3ry na nasze uszy wylewaj\u0105 osoby wcze\u015bniej po prostu kompletnie zdezorientowane co do sytuacji w naszym kraju. <b>Jeste\u015bmy niew\u0105tpliwie w lepszym punkcie wyj\u015bcia ni\u017c by\u0142a Unia Polityki Realnej w swoich pocz\u0105tkach.<\/b>\u00a0 <\/span><\/p>\n<p style=\"text-align: justify;\"><span style=\"color: #0000ff;\"><b><i>\u201eWielu marzy nawet o tym, \u017ceby za jednym zamachem nie tylko ojczyzn\u0119 oswobodzi\u0107, ale i uregulowa\u0107 wszelkie niedomagania spo\u0142eczne, tak \u017ceby po tym jednym wielkim wysi\u0142ku nast\u0105pi\u0142 stan powszechnej szcz\u0119\u015bliwo\u015bci, w kt\u00f3rym ludzie nie b\u0119d\u0105 potrzebowali niczego sobie \u017cyczy\u0107, o nic si\u0119 stara\u0107, w kt\u00f3rym wszelkie wysi\u0142ki i walki b\u0119d\u0105 niepotrzebne, a wra\u017cliwo\u015b\u0107 spo\u0142eczna szlachetnej jednostki na \u017caden szwank nie b\u0119dzie wystawiona.<\/i><\/b><\/span><\/p>\n<p style=\"text-align: justify;\"><span style=\"color: #0000ff;\"><b><i>Tymczasem post\u0119p spo\u0142ecze\u0144stwa polega na ci\u0105g\u0142ych wysi\u0142kach i osi\u0105ganych przez nie zmianach (\u2026)\u201d<\/i><\/b><i> <\/i>(Roman Dmowski).<\/span><\/p>\n<p style=\"text-align: justify;\"><span style=\"color: #0000ff;\">Po co walczy\u0107 o co\u015b, czego si\u0119 nie chce? Kto by chcia\u0142 za walk\u0119 o nieswoj\u0105, obc\u0105, przymuszon\u0105 wr\u0119cz ide\u0119 po\u015bwi\u0119ca\u0107 sw\u00f3j cenny czas, oddawa\u0107 cz\u0105stk\u0119 siebie \u2013 o \u017cyciu ju\u017c nie wspominaj\u0105c? Naszym celem nie jest przecie\u017c samo dostanie si\u0119 do Sejmu. Gdyby tak by\u0142o, sam zapisa\u0142bym si\u0119 do Platformy Obywatelskiej (czy innych partii odbiegaj\u0105cych od normy, \u015brodka \u2013 czyli Prawicy) i zwolniony by\u0142bym w og\u00f3le z jakiejkolwiek bitwy. Nale\u017cy wejrze\u0107 w umys\u0142y ludzkie i stara\u0107 si\u0119 je przemodelowa\u0107. <b>Nale\u017cy czeka\u0107 \u2013 cierpliwie, lecz nie bez wysi\u0142ku!<\/b> \u2013 na okazj\u0119 do zamanifestowania swojej si\u0142y. <b>Nie mo\u017cna wzorem nieopierzonego m\u0142okosa \u201enapala\u0107\u201d si\u0119 na ka\u017cd\u0105 mo\u017cliw\u0105 podpowiedzian\u0105 perspektyw\u0119, aby w \u015blepym biegu gubi\u0107 to, co najcenniejsze \u2013 Ide\u0119.<\/b> By\u0107 mo\u017ce trzeba b\u0119dzie \u201ewzi\u0105\u0107 za mord\u0119\u201d, jak wskazywa\u0142 \u015bp. <b>Stefan Kisielewski<\/b>. Wa\u017cne, \u017ce bez zgni\u0142ego kompromisu. To <strong>MY<\/strong> zostali\u015bmy dzisiaj naznaczeni jako wybra\u0144cy. I to <strong>MY<\/strong> musimy pokaza\u0107 i udowodni\u0107, \u017ce s\u0142owa wielkiego polityka <strong>Romana Dmowskiego<\/strong> o ludziach niewytrwa\u0142ych, chc\u0105cych czego\u015b tu i teraz, nie s\u0105 ju\u017c aktualne.<\/span><\/p>\n<p style=\"text-align: justify;\"><span style=\"color: #0000ff;\"><b>\u201e<i>Rzeczy si\u0119 staj\u0105, idee istniej\u0105\u201d<\/i><\/b><i> <\/i>(Platon).<\/span><\/p>\n<p style=\"text-align: justify;\"><span style=\"color: #0000ff;\"><i><b><a href=\"http:\/\/grzegorzjaszczura.pl\/http:\/\/grzegorzjaszczura.pl\/wp-content\/uploads\/2015\/03\/CAM03827.jpg\"><img loading=\"lazy\" decoding=\"async\" class=\"alignleft size-thumbnail wp-image-32216\" alt=\"CAM03827\" src=\"http:\/\/grzegorzjaszczura.pl\/http:\/\/grzegorzjaszczura.pl\/wp-content\/uploads\/2015\/03\/CAM03827-150x150.jpg\" width=\"150\" height=\"150\" \/><\/a>Last but not least \u2013 <\/b><\/i><b>KOMPLETNIE nie rozumiem postawy, kt\u00f3ra zak\u0142ada, \u017ce winno pod\u0105\u017ca\u0107 si\u0119 za cz\u0142owiekiem, a nie za ide\u0105. Wy\u0142\u0105cznie ta druga jest nieomylna!<\/b> To kolejny dow\u00f3d na to, \u017ce to my stoimy na najtwardszych fundamentach (zapewniam jednocze\u015bnie z czystym sumieniem &#8211; to co\u015b znacznie, znacznie twardszego ni\u017c zwyk\u0142y beton!). I \u017ce trudno \u2013 o ile to w og\u00f3le mo\u017cliwe \u2013 aby kto\u015b lub co\u015b sprawi\u0142o, \u017ce si\u0119 potkniemy.<\/span><\/p>\n<p style=\"text-align: justify;\"><span style=\"color: #0000ff;\">Co je\u015bli wodza zabraknie? Wszak \u017cadne cia\u0142o materialne nie jest nie\u015bmiertelne. Czy wtedy nale\u017cy si\u0119 podda\u0107 i porzuci\u0107 jego dziecko \u2013 Ide\u0119? Ot\u00f3\u017c nie<b>! Bo zaprawd\u0119 to on jest dzieckiem Idei, a nie odwrotnie!<\/b> Co by by\u0142o, gdyby ludzie po \u015bmierci, a p\u00f3\u017aniej wniebowst\u0105pieniu Jezusa zaprzestali swoich wieloletnich, wielowiekowych wysi\u0142k\u00f3w? Muzu\u0142manie dopiero po \u015bmierci swojego wodza pokazali na co ich naprawd\u0119 sta\u0107!<\/span><\/p>\n<p style=\"text-align: justify;\"><span style=\"color: #0000ff;\"><b><a href=\"http:\/\/grzegorzjaszczura.pl\/http:\/\/grzegorzjaszczura.pl\/wp-content\/uploads\/2015\/03\/CAM038231.jpg\"><img loading=\"lazy\" decoding=\"async\" class=\"alignleft size-thumbnail wp-image-32228\" alt=\"CAM03823\" src=\"http:\/\/grzegorzjaszczura.pl\/http:\/\/grzegorzjaszczura.pl\/wp-content\/uploads\/2015\/03\/CAM038231-150x150.jpg\" width=\"150\" height=\"150\" \/><\/a>To samo wymagane jest \u201ez g\u00f3ry\u201d od nas.<\/b> Oczywi\u015bcie nie mo\u017cemy nazywa\u0107 siebie politycznymi Mesjaszami, bo to skazuje nas na pora\u017ck\u0119. <b>Od nas wymagana jest walka, walka i jeszcze raz walka do upad\u0142ego. Mog\u0119 jedynie pocieszy\u0107, \u017ce je\u015bli b\u0119dziemy pod\u0105\u017ca\u0107 dobr\u0105 drog\u0105, jak na konserwatyst\u00f3w przysta\u0142o, to czeka nas tylko walka, walka i walka. Upadn\u0105 oni!<\/b><\/span><\/p>\n<p style=\"text-align: justify;\"><span style=\"color: #0000ff;\"><b>Umar\u0142 kr\u00f3l, niech \u017cyje Idea!<\/b><\/span><\/p>\n<p style=\"text-align: right;\" align=\"right\"><span style=\"color: #0000ff;\"><b>\u00a0<i>Kacper Muszy\u0144ski<\/i><\/b><\/span><\/p>\n<p style=\"text-align: justify;\" align=\"right\"><a href=\"http:\/\/grzegorzjaszczura.pl\/http:\/\/grzegorzjaszczura.pl\/wp-content\/uploads\/2015\/03\/Katowice-2015.02.11.jpg\"><img loading=\"lazy\" decoding=\"async\" class=\"alignleft size-thumbnail wp-image-32230\" alt=\"Katowice-2015.02.11\" src=\"http:\/\/grzegorzjaszczura.pl\/http:\/\/grzegorzjaszczura.pl\/wp-content\/uploads\/2015\/03\/Katowice-2015.02.11-150x150.jpg\" width=\"150\" height=\"150\" \/><\/a><span style=\"color: #0000ff;\"><strong>Ps<\/strong><\/span> Oficjalnym kandydatem na Prezydenta RP <strong>Kongresu <span style=\"color: #0000ff;\">Nowej<\/span> <span style=\"color: #ff0000;\">Prawicy<\/span><\/strong> jest <a href=\"http:\/\/grzegorzjaszczura.pl\/?p=31226#more-31226\">mec.<strong> Jacek Wilk<\/strong><\/a>.<\/p>\n<p style=\"text-align: justify;\"><span style=\"color: #0000ff;\">\u00a0<\/span><\/p>\n","protected":false},"excerpt":{"rendered":"<p>Zastanawiam si\u0119 czy zrobi\u0107 jakie\u015b wprowadzenie, zwi\u0105zane np. z odej\u015bciem by\u0142ego prezesa KNP pana J. Korwin-Mikke z partii i odej\u015bciem przez niego od idea\u0142\u00f3w konserwatywno-wolno\u015bciowo-liberalnych (przynajmniej ja tak uwa\u017cam), jak mniemam dla dalszej kariery celebryty \ud83d\ude42 . Dochodz\u0119 jednak do wniosku, \u017ce tekst mo\u017ce by\u0107 og\u00f3lniejszy, a J. Korwin-Mikke niech sobie robi show z m\u0142odzie\u017c\u0105 [&hellip;]<\/p>\n","protected":false},"author":2,"featured_media":0,"comment_status":"open","ping_status":"open","sticky":false,"template":"","format":"standard","meta":{"_monsterinsights_skip_tracking":false,"_monsterinsights_sitenote_active":false,"_monsterinsights_sitenote_note":"","_monsterinsights_sitenote_category":0,"footnotes":""},"categories":[3],"tags":[],"class_list":["post-31753","post","type-post","status-publish","format-standard","hentry","category-polityczne"],"_links":{"self":[{"href":"https:\/\/grzegorzjaszczura.pl\/index.php?rest_route=\/wp\/v2\/posts\/31753","targetHints":{"allow":["GET"]}}],"collection":[{"href":"https:\/\/grzegorzjaszczura.pl\/index.php?rest_route=\/wp\/v2\/posts"}],"about":[{"href":"https:\/\/grzegorzjaszczura.pl\/index.php?rest_route=\/wp\/v2\/types\/post"}],"author":[{"embeddable":true,"href":"https:\/\/grzegorzjaszczura.pl\/index.php?rest_route=\/wp\/v2\/users\/2"}],"replies":[{"embeddable":true,"href":"https:\/\/grzegorzjaszczura.pl\/index.php?rest_route=%2Fwp%2Fv2%2Fcomments&post=31753"}],"version-history":[{"count":30,"href":"https:\/\/grzegorzjaszczura.pl\/index.php?rest_route=\/wp\/v2\/posts\/31753\/revisions"}],"predecessor-version":[{"id":32231,"href":"https:\/\/grzegorzjaszczura.pl\/index.php?rest_route=\/wp\/v2\/posts\/31753\/revisions\/32231"}],"wp:attachment":[{"href":"https:\/\/grzegorzjaszczura.pl\/index.php?rest_route=%2Fwp%2Fv2%2Fmedia&parent=31753"}],"wp:term":[{"taxonomy":"category","embeddable":true,"href":"https:\/\/grzegorzjaszczura.pl\/index.php?rest_route=%2Fwp%2Fv2%2Fcategories&post=31753"},{"taxonomy":"post_tag","embeddable":true,"href":"https:\/\/grzegorzjaszczura.pl\/index.php?rest_route=%2Fwp%2Fv2%2Ftags&post=31753"}],"curies":[{"name":"wp","href":"https:\/\/api.w.org\/{rel}","templated":true}]}}