{"id":32250,"date":"2015-04-09T08:17:21","date_gmt":"2015-04-09T06:17:21","guid":{"rendered":"http:\/\/grzegorzjaszczura.pl\/?p=32250"},"modified":"2015-04-18T01:15:55","modified_gmt":"2015-04-17T23:15:55","slug":"wywiad-dla-gazetostrona-pl","status":"publish","type":"post","link":"https:\/\/grzegorzjaszczura.pl\/?p=32250","title":{"rendered":"wywiad dla gazetostrona.pl"},"content":{"rendered":"<p style=\"text-align: justify;\"><a href=\"http:\/\/grzegorzjaszczura.pl\/http:\/\/grzegorzjaszczura.pl\/wp-content\/uploads\/2015\/04\/CAM04131.jpg\"><img loading=\"lazy\" decoding=\"async\" class=\"alignleft size-thumbnail wp-image-32259\" alt=\"CAM04131\" src=\"http:\/\/grzegorzjaszczura.pl\/http:\/\/grzegorzjaszczura.pl\/wp-content\/uploads\/2015\/04\/CAM04131-150x150.jpg\" width=\"150\" height=\"150\" \/><\/a>Dw\u00f3ch kandydat\u00f3w na urz\u0105d prezydenta <strong>RP<\/strong> z jednej partii w wyborach, to pierwszy taki przypadek w historii. Dlatego w\u015br\u00f3d niezale\u017cnych medi\u00f3w ten temat wzbudza spore zainteresowanie. Prawdopodobnie w zwi\u0105zku z tym zwr\u00f3cono si\u0119 do mnie, jako cz\u0142onka <strong>Kongresu <span style=\"color: #0000ff;\">Nowej<\/span> <span style=\"color: #ff0000;\">Prawicy<\/span><\/strong> o wywiad. Tymi zarejestrowanymi kandydatami <strong>K<span style=\"color: #0000ff;\">N<\/span><span style=\"color: #ff0000;\">P<\/span><\/strong> s\u0105 bowiem p. mecenas <strong>Jacek Wilk<!--more--><\/strong> i p.<strong> Janusz Korwin-Mikke<\/strong>.<\/p>\n<p style=\"text-align: justify;\">W imieniu <a href=\"http:\/\/www.gazetostrona.pl\/\"><em><strong>gazetostrona.pl<\/strong><\/em><\/a> wywiad przeprowadzi\u0142 ze mn\u0105 (<strong>01.04.2015 r.<\/strong>) kol. <strong>Szymon Rusnarczyk<\/strong>. Pozwoli\u0142em sobie napisa\u0107 kol., poniewa\u017c Panowie z <em><a href=\"http:\/\/www.gazetostrona.pl\/\"><strong>gazetostrona.pl<\/strong><\/a> <strong>Szymon Rusnarczyk<\/strong> i <strong>Krzysztof Kulik<\/strong>, <\/em>to tegoroczni maturzy\u015bci, a wspomniany portal jest w trakcie budowy i rozbudowy. Oby uda\u0142o im si\u0119 w przysz\u0142o\u015bci skasowa\u0107 dziwnie jednostronne portale dominuj\u0105ce w polskim internecie. Nagranie ju\u017c jest na wspomnianym portalu.<\/p>\n<p style=\"text-align: justify;\">Przedstawi\u0119 odpowiedzi na pytania. Pomin\u0119 przedstawienie siebie, poniewa\u017c o tym du\u017co jest w zak\u0142adce <a href=\"http:\/\/grzegorzjaszczura.pl\/?page_id=5\"><strong>Biografia<\/strong><\/a> na moim blogu.<\/p>\n<p style=\"text-align: justify;\"><b>&#8211; dlaczego Korwin odszed\u0142?<\/b><\/p>\n<p style=\"text-align: justify;\"><span style=\"color: #0000ff;\"><a href=\"http:\/\/grzegorzjaszczura.pl\/http:\/\/grzegorzjaszczura.pl\/wp-content\/uploads\/2015\/04\/zdj-marynarka-2.jpg\"><img loading=\"lazy\" decoding=\"async\" class=\"alignleft size-thumbnail wp-image-32270\" alt=\"zdj-marynarka-2\" src=\"http:\/\/grzegorzjaszczura.pl\/http:\/\/grzegorzjaszczura.pl\/wp-content\/uploads\/2015\/04\/zdj-marynarka-2-150x150.jpg\" width=\"150\" height=\"150\" \/><\/a>Jak rozumiem chodzi o odej\u015bcie <b>Korwina<\/b> z <b><span style=\"color: #000000;\">Kongresu<\/span> <span style=\"color: #0000ff;\">Nowej<\/span> <span style=\"color: #ff0000;\">Prawicy<\/span><\/b>. Po pierwsze to nie do ko\u0144ca odszed\u0142, poniewa\u017c nawet jako kandydat w wyborach na prezydenta <b>RP<\/b> jest zapisany w PKW jako cz\u0142onek partii <b><span style=\"color: #000000;\">K<\/span><span style=\"color: #0000ff;\">N<\/span><span style=\"color: #ff0000;\">P<\/span><\/b>. Zgodnie ze statutem <b><span style=\"color: #000000;\">K<\/span><span style=\"color: #0000ff;\">N<\/span><span style=\"color: #ff0000;\">P<\/span><\/b> nawet gdyby z\u0142o\u017cy\u0142 (co jak wydaje mi si\u0119 powinien zrobi\u0107 w zaistnia\u0142ej sytuacji jako m\u0119\u017cczyzna) pisemne wyst\u0105pienie z partii, to pozosta\u0142by cz\u0142onkiem honorowym, przynajmniej do czasu negatywnych dla niego decyzji S\u0105du Naczelnego i Stra\u017cy <b><span style=\"color: #000000;\">K<\/span><span style=\"color: #0000ff;\">N<\/span><span style=\"color: #ff0000;\">P<\/span><\/b>. Cz\u0142onkostwo honorowe nada\u0142 mu Konwent <b><span style=\"color: #000000;\">K<\/span><span style=\"color: #0000ff;\">N<\/span><span style=\"color: #ff0000;\">P<\/span><\/b> licz\u0105c, \u017ce p. <b>Korwin-Mikke<\/b> na powa\u017cnie chce budowa\u0107 opozycj\u0119 do re\u017cimowego uk\u0142adu postokr\u0105g\u0142osto\u0142owego, przynajmniej ja tak my\u015bl\u0119.<\/span><\/p>\n<p style=\"text-align: justify;\"><span style=\"color: #0000ff;\">Obserwuj\u0105c p. <b>Korwin-Mikkego<\/b> w ostatnich miesi\u0105cach, w znacznym stopniu straci\u0142em do jego post\u0119powania zaufanie. Prosz\u0119 zauwa\u017cy\u0107, jak re\u017cymowe media promuj\u0105 go w nowej partii, kt\u00f3ra <i>nota bene<\/i> nie istnieje a jaki maj\u0105 stosunek do <b><span style=\"color: #000000;\">K<\/span><span style=\"color: #0000ff;\">N<\/span><span style=\"color: #ff0000;\">P<\/span><\/b> i naszego kandydata mecenasa <b>Jacka Wilka<\/b>.<\/span><\/p>\n<p style=\"text-align: justify;\"><span style=\"color: #0000ff;\">Ale przyjmuj\u0105c, \u017ce odszed\u0142, to jednak trudno mi za niego odpowiada\u0107. By\u0107 mo\u017ce odszed\u0142 dlatego, \u017ce Konwentykl pozbawi\u0142 go (wg mnie s\u0142usznie, ale za p\u00f3\u017ano) funkcji prezesa partii, by\u0107 mo\u017ce dlatego, \u017ce \u015bwietlana przysz\u0142o\u015b\u0107 przedstawiona mu przez p. <b>A. Ozi\u0119b\u0142o<\/b> czy p. <b>P. Wiplera<\/b> by\u0142a a\u017c tak interesuj\u0105ca i \u015bwietlana &#8211; tu s\u0105 moim zdaniem argumenty za i przeciw. Aczkolwiek p. <b>Korwin-Mikkemu<\/b> zawsze s\u0142abo wychodzi\u0142o kierowanie partiami do kt\u00f3rych nale\u017ca\u0142 (mam na my\u015bli zdolno\u015bci organizacyjno-kontrolne itpodobne).<\/span><\/p>\n<p style=\"text-align: justify;\"><span style=\"color: #0000ff;\">Takim wyt\u0142umaczeniem nie obra\u017caj\u0105cym nikogo jest to, \u017ce ma mo\u017cliwo\u015b\u0107 obecnie dalej celebrowa\u0107 swoje dosy\u0107 czasami sprzeczne wizje i istnie\u0107 w mediach. Ze wzgl\u0119du na wiek jest to przecie\u017c mo\u017cliwe. Kiedy\u015b \u201eje\u017adzi\u0142\u201d na s\u0142oniu, obecnie porusza si\u0119 ma\u0142ym samolotem, dla m\u0142odzie\u017cy spory post\u0119p. <strong>I wci\u0105\u017c trwa <i>show<\/i>.<\/strong><\/span><\/p>\n<p style=\"text-align: justify;\"><b>&#8211; dlaczego Jacek Wilk jest nowym kandydatem K<span style=\"color: #0000ff;\">N<\/span><span style=\"color: #ff0000;\">P<\/span>?<\/b><\/p>\n<p style=\"text-align: justify;\"><span style=\"color: #0000ff;\">By\u0142o kilku godnych kandydat\u00f3w do tej zaszczytnej funkcji w szeregach <b><span style=\"color: #000000;\">K<\/span><span style=\"color: #0000ff;\">N<\/span><span style=\"color: #ff0000;\">P<\/span><\/b>. Mamy dw\u00f3ch unioeuropos\u0142\u00f3w pp. <b>M. Marusika<\/b> (prezesa <b><span style=\"color: #000000;\">K<\/span><span style=\"color: #0000ff;\">N<\/span><span style=\"color: #ff0000;\">P<\/span><\/b>) i <b>St. \u017b\u00f3\u0142tka<\/b>, mamy m\u0142odych wiceprezes\u00f3w pp. <b>A. Dziambora<\/b>, <b>P. Najzera<\/b> i m\u00f3g\u0142bym jeszcze kilku wymieni\u0107, kt\u00f3rzy byli brani pod uwag\u0119 przy wybieraniu kandydatury, cho\u0107by <b>St. Michalkiewicz<\/b>.<\/span><\/p>\n<p style=\"text-align: justify;\"><span style=\"color: #0000ff;\">Ale w\u0142a\u015bnie p. mecenas <b>Jacek Wilk<\/b> (dla mnie tak\u017ce) jest najlepszym kandydatem, ze wzgl\u0119du cho\u0107by na wiek (jednym z najm\u0142odszych kandydat\u00f3w w\u015br\u00f3d zarejestrowanych), znakomite i rozleg\u0142e wykszta\u0142cenie, znajomo\u015b\u0107 j\u0119zyk\u00f3w obcych, jest tak\u017ce autorem nowej propozycji Konstytucji <b>RP<\/b> opracowanej w ramach <b><span style=\"color: #000000;\">K<\/span><span style=\"color: #0000ff;\">N<\/span><span style=\"color: #ff0000;\">P<\/span><\/b>. Ten jego wiek, to mam nadziej\u0119, \u017ce jest tak\u0105 inwestycj\u0105 na przysz\u0142o\u015b\u0107. Prosz\u0119 zauwa\u017cy\u0107, \u017ce w wielu partiach si\u0119gni\u0119to po nowych, m\u0142odych kandydat\u00f3w.<\/span><\/p>\n<p style=\"text-align: justify;\"><b>&#8211; jakie s\u0105 szanse na koalicj\u0119 K<span style=\"color: #0000ff;\">N<\/span><span style=\"color: #ff0000;\">P<\/span> i RN, i dlaczego?<\/b><\/p>\n<p style=\"text-align: justify;\"><span style=\"color: #0000ff;\">Jak rozumiem chodzi o koalicj\u0119 w przysz\u0142o\u015bci. Z mojego poziomu, czyli prezesa oddzia\u0142u d\u0105browskiego <b><span style=\"color: #000000;\">K<\/span><span style=\"color: #0000ff;\">N<\/span><span style=\"color: #ff0000;\">P<\/span><\/b>, uwa\u017cam \u017ce szanse s\u0105, ale o tym b\u0119d\u0105 decydowa\u0107 w\u0142adze obu partii.<\/span><\/p>\n<p style=\"text-align: justify;\"><span style=\"color: #0000ff;\"><span style=\"color: #000000;\"><b>RN<\/b><\/span> r\u00f3wnie\u017c musi zechcie\u0107. Maj\u0105 jednak problem czy odchodz\u0105c przecie\u017c od swojego programu popr\u0105 np. p. <b>A.<\/b> <b>Dud\u0119<\/b> czy nie? M\u00f3wi\u0119 teoretycznie.<\/span><\/p>\n<p style=\"text-align: justify;\"><span style=\"color: #0000ff;\">Z drugiej strony s\u0142ysza\u0142em, \u017ce wspieraj\u0105ca <span style=\"color: #000000;\"><b>RN<\/b><\/span>, szcz\u0105tkowa <span style=\"color: #000000;\"><b>UPR <\/b><\/span>r\u00f3wnie\u017c oczy\u015bci\u0142a w ostatnich miesi\u0105cach swoje szeregi (cho\u0107by w naszym wojew\u00f3dztwie) i zbli\u017cenie w tym wypadku sta\u0142o si\u0119 mo\u017cliwe. Dla nich wrogiem w <b><span style=\"color: #000000;\">K<\/span><span style=\"color: #0000ff;\">N<\/span><span style=\"color: #ff0000;\">P<\/span><\/b> nie by\u0142 przecie\u017c w decyduj\u0105cym stopniu program naszej partii, lecz osoba by\u0142ego prezesa (zar\u00f3wno <span style=\"color: #000000;\"><b>UPR<\/b><\/span> jak i <b><span style=\"color: #000000;\">K<\/span><span style=\"color: #0000ff;\">N<\/span><span style=\"color: #ff0000;\">P<\/span><\/b>) p. <b>Korwin-Mikkego<\/b>.<\/span><\/p>\n<p style=\"text-align: justify;\">\u00a0<b>&#8211; czy s\u0105 i jakie s\u0105 r\u00f3\u017cnice mi\u0119dzy Jackiem Wilkiem a Korwinem (szczeg\u00f3lnie w programie wyborczym)?<\/b><\/p>\n<p style=\"text-align: justify;\"><span style=\"color: #0000ff;\">Nie znam aktualnego programu wyborczego <b>Korwina<\/b>, ma\u0142o ogl\u0105dam re\u017cymowych medi\u00f3w, w kt\u00f3rych jest on promowany. Niew\u0105tpliwie p. mecenas <b>Jacek Wilk<\/b> du\u017co bardziej komunikatywnie i zrozumiale przeka\u017ce Wyborcom program <b><span style=\"color: #000000;\">K<\/span><span style=\"color: #0000ff;\">N<\/span><span style=\"color: #ff0000;\">P<\/span><\/b>, kt\u00f3ry w wi\u0119kszo\u015bci jest jego programem wyborczym.<\/span><\/p>\n<p style=\"text-align: justify;\"><span style=\"color: #0000ff;\"><b>Korwin-Mikke<\/b> porusza si\u0119 w ka\u017cdym programie politycznym bardzo chaotycznie i ze sporymi wpadkami. <strong>Kiedy w tej kampanii nast\u0105pi ta najwi\u0119ksza, po\u017cyjemy, zobaczymy.<\/strong><\/span><\/p>\n<p style=\"text-align: justify;\"><span style=\"color: #0000ff;\">R\u00f3\u017cnica moim zdaniem jest w ewentualnym oddaniu g\u0142osu przez Wyborc\u0119 chc\u0105cego wesprze\u0107 idee konserwatywno-wolno\u015bciowo-liberalne, Mianowicie oddanie g\u0142osu na mecenasa <b>J. Wilka<\/b> jest niew\u0105tpliwie inwestycj\u0105 w przysz\u0142o\u015b\u0107, szczeg\u00f3lnie ludzi m\u0142odych o pogl\u0105dach konserwatywno-wolno\u015bciowo-liberalnych; oddanie g\u0142osu na <b>Korwin-Mikkego<\/b> to perspektywicznie g\u0142os stracony. Dla mnie to nie ulega w\u0105tpliwo\u015bci.<\/span><\/p>\n<p style=\"text-align: justify;\"><span style=\"color: #0000ff;\">Uwa\u017cam, \u017ce pan <b>Korwin-Mikke<\/b> dbaj\u0105c o ide\u0119 liberalno-wolno\u015bciow\u0105 (konserwatyst\u0105 obecnie przecie\u017c on nie jest absolutnie) powinien przekaza\u0107 swoje g\u0142osy na pana mecenasa <b>J. Wilka<\/b>.<\/span><\/p>\n<p style=\"text-align: justify;\"><b>&#8211; jak powsta\u0142o K<span style=\"color: #0000ff;\">N<\/span><span style=\"color: #ff0000;\">P<\/span> i czym r\u00f3\u017cni si\u0119 od innych partii, szczeg\u00f3lnie prawicy?<\/b><\/p>\n<p style=\"text-align: justify;\"><span style=\"color: #000000;\"><b>Kongres <\/b><\/span><span style=\"color: #0000ff;\"><b>Nowej<\/b><b> <\/b><span style=\"color: #ff0000;\"><b>P<\/b><b>r<\/b><b>awicy<\/b><\/span> powsta\u0142 wiosn\u0105 2011 r., jako zjednoczenie \u015brodowisk prawicowych wywodz\u0105cych si\u0119 z wcze\u015bniejszej <b>Unii Polityki Realnej<\/b> i <b>Wolno\u015b\u0107 i Praworz\u0105dno\u015bci<\/b> (WiP), kt\u00f3re po samodzielnych pr\u00f3bach startu w wyborach postanowi\u0142y po\u0142\u0105czy\u0107 si\u0119 i zaproponowa\u0107 jeszcze szerszym \u015brodowiskom integracje na <b><span style=\"color: #000000;\">Kongresie<\/span> <span style=\"color: #0000ff;\">Nowej<\/span><span style=\"color: #ff0000;\"> Prawicy<\/span><\/b> w Pa\u0142acu Kultury i Nauki w kwietniu <strong>2011 r.<\/strong> Udana fuzja \u015brodowisk wolno\u015bciowych pod przyw\u00f3dztwem <b>Korwina<\/b> i tandemu <b>\u017b\u00f3\u0142tek \/ Marusik<\/b> znalaz\u0142a z czasem (<strong>2014 r.<\/strong>) miejsce na scenie politycznej po wyborach do unioeuroparlamentu.<\/span><\/p>\n<p style=\"text-align: justify;\"><span style=\"color: #0000ff;\">Je\u017celi chodzi o r\u00f3\u017cnice w odniesieniu do innych partii. Od samego pocz\u0105tku, zgodnie z deklaracj\u0105 ideow\u0105 i programem politycznym partia <b><span style=\"color: #000000;\">K<\/span><span style=\"color: #0000ff;\">N<\/span><span style=\"color: #ff0000;\">P<\/span><\/b> pozostaje konsekwentna w konserwatywnym podej\u015bciu do zasad wsp\u00f3\u0142\u017cycia spo\u0142ecznego (na bazie uznania dla chrze\u015bcija\u0144skiej aksjologii), przy jednoczesnym zdecydowanym poparciu dla idei wolnego, nie skr\u0119powanego wolnego rynku w obszarze dzia\u0142alno\u015bci gospodarczej i budowy <b>Pa\u0144stwa Minimum<\/b>. Jest obecnie jedyn\u0105 parti\u0105 , kt\u00f3ra przy konserwatywnej etyce spo\u0142ecznej forsuje wolny rynek i wi\u0105\u017ce wolno\u015b\u0107 z odpowiedzialno\u015bci\u0105 jednostki, a tym samym redukuje socjalizm do ZERA!<\/span><\/p>\n<p style=\"text-align: justify;\"><span style=\"color: #0000ff;\">Pozosta\u0142e tzw. Partie Prawicy w mniejszym lub wi\u0119kszym stopniu akceptuj\u0105 socjalizm, a niekt\u00f3re wr\u0119cz go apoteozuj\u0105.<\/span><\/p>\n<p style=\"text-align: justify;\"><span style=\"color: #0000ff;\">Jeszcze uzupe\u0142niaj\u0105c powiem, \u017ce jako przedsi\u0119biorca jestem zdecydowanym zwolennikiem powrotu do tzw. ustawy <b>Wilczka<\/b> (z 1988\/89), co prezydent <b>RP<\/b> mecenas <b>Jacek Wilk<\/b> w postaci ustawy <b>Wilka<\/b> niew\u0105tpliwie Polakom gwarantuje.<\/span><\/p>\n<p style=\"text-align: justify;\">\u00a0<b>&#8211; dlaczego obecna w\u0142adza powinna zosta\u0107 odsuni\u0119ta?<\/b><\/p>\n<p style=\"text-align: justify;\"><span style=\"color: #0000ff;\"><a href=\"http:\/\/grzegorzjaszczura.pl\/http:\/\/grzegorzjaszczura.pl\/wp-content\/uploads\/2015\/04\/CAM04133.jpg\"><img loading=\"lazy\" decoding=\"async\" class=\"alignleft size-thumbnail wp-image-32260\" alt=\"CAM04133\" src=\"http:\/\/grzegorzjaszczura.pl\/http:\/\/grzegorzjaszczura.pl\/wp-content\/uploads\/2015\/04\/CAM04133-150x150.jpg\" width=\"150\" height=\"150\" \/><\/a>W\u0142adza w pa\u0144stwie, jak rozumiem. Powinna zosta\u0107 odsuni\u0119ta po to, aby zmieni\u0107 system polityczno-gospodarczy panuj\u0105cy w Polsce, jako quasirepublice w <span style=\"color: #ff0000;\"><b>Unii Europejskiej<\/b><\/span>. Zmienienie systemu jest nieodzowne dla rozwoju Polski, dla zahamowania ucieczki Polak\u00f3w na niewolnicze stanowiska na zmywakach czy budowach w Europie Zachodniej, zahamowania wyludniania si\u0119 naszego kraju, itd.<\/span><\/p>\n<p style=\"text-align: justify;\"><span style=\"color: #0000ff;\">Z tym, \u017ce chcia\u0142bym podkre\u015bli\u0107, \u017ce sama zmiana rz\u0105dz\u0105cych mo\u017ce nie wystarczy\u0107, wa\u017cniejsze jest zmienienie systemu!<\/span><\/p>\n<p style=\"text-align: justify;\"><span style=\"color: #0000ff;\">Bud\u017cet pa\u0144stwa, do kt\u00f3rego wszyscy \u201ewrzucamy\u201d nasze ci\u0119\u017cko zarobione pieni\u0105dze (w formie r\u00f3\u017cnorakich podatk\u00f3w i quasipodatk\u00f3w) powinien zosta\u0107 wst\u0119pnie maksymalnie zmniejszony. Prawda jest taka, \u017ce tak jak w <span style=\"color: #ff0000;\">komunie sowieckiej<\/span> z bud\u017cetu centralnego korzysta\u0142a kasta sekretarzy komunistycznych, tak obecnie z bud\u017cetu korzysta tylko kasta <span style=\"color: #ff0000;\">biurwo-polityk\u00f3w<\/span>, a cz\u0119sto brakuje go dla reszty cz\u0142onk\u00f3w <b>Narodu Polskiego<\/b>.<\/span><\/p>\n<p style=\"text-align: justify;\"><span style=\"color: #0000ff;\"><i>Gros<\/i> wypracowanych \u015brodk\u00f3w finansowych powinno pozosta\u0107 u obywateli, a nie trafia\u0107 do wspomnianego bud\u017cetu. Te \u015brodki pozostawione w kieszeniach Polak\u00f3w, szybciej obracane w systemie gospodarczym, zaczn\u0105 przynosi\u0107 zyski du\u017co wi\u0119kszej grupie pracuj\u0105cych ludzi. Na dodatek zwi\u0119ksz\u0105 si\u0119 przychody Pa\u0144stwa. Istnieje co\u015b takiego jak krzywa <strong>Laffera<\/strong>, kt\u00f3ra jest faktem, a nie utopijnym wymys\u0142em tego ekonomisty.<\/span><\/p>\n<p style=\"text-align: justify;\"><span style=\"color: #0000ff;\">Ko\u0144cz\u0105c powiem, \u017ce jako radny<strong> Rady Miejskiej<\/strong> w D\u0105browie G\u00f3rniczej widz\u0119 te\u017c te problemy lokalnie w samorz\u0105dzie. Niestety nie wr\u00f3\u017cy to dobrze spo\u0142eczno\u015bciom lokalnym.<strong> A akurat D\u0105browa G\u00f3rnicza to taka Polska w pigu\u0142ce.<\/strong><\/span><\/p>\n<p style=\"text-align: justify;\">Link do wywiadu:<\/p>\n<p style=\"text-align: justify;\"><a href=\"https:\/\/www.youtube.com\/watch?v=YUWnXsvot3Q\"><strong>https:\/\/www.youtube.com\/watch?v=YUWnXsvot3Q<\/strong><\/a>.<\/p>\n<p>&nbsp;<\/p>\n","protected":false},"excerpt":{"rendered":"<p>Dw\u00f3ch kandydat\u00f3w na urz\u0105d prezydenta RP z jednej partii w wyborach, to pierwszy taki przypadek w historii. Dlatego w\u015br\u00f3d niezale\u017cnych medi\u00f3w ten temat wzbudza spore zainteresowanie. Prawdopodobnie w zwi\u0105zku z tym zwr\u00f3cono si\u0119 do mnie, jako cz\u0142onka Kongresu Nowej Prawicy o wywiad. Tymi zarejestrowanymi kandydatami KNP s\u0105 bowiem p. mecenas Jacek Wilk<\/p>\n","protected":false},"author":2,"featured_media":0,"comment_status":"open","ping_status":"open","sticky":false,"template":"","format":"standard","meta":{"_monsterinsights_skip_tracking":false,"_monsterinsights_sitenote_active":false,"_monsterinsights_sitenote_note":"","_monsterinsights_sitenote_category":0,"footnotes":""},"categories":[3],"tags":[],"class_list":["post-32250","post","type-post","status-publish","format-standard","hentry","category-polityczne"],"_links":{"self":[{"href":"https:\/\/grzegorzjaszczura.pl\/index.php?rest_route=\/wp\/v2\/posts\/32250","targetHints":{"allow":["GET"]}}],"collection":[{"href":"https:\/\/grzegorzjaszczura.pl\/index.php?rest_route=\/wp\/v2\/posts"}],"about":[{"href":"https:\/\/grzegorzjaszczura.pl\/index.php?rest_route=\/wp\/v2\/types\/post"}],"author":[{"embeddable":true,"href":"https:\/\/grzegorzjaszczura.pl\/index.php?rest_route=\/wp\/v2\/users\/2"}],"replies":[{"embeddable":true,"href":"https:\/\/grzegorzjaszczura.pl\/index.php?rest_route=%2Fwp%2Fv2%2Fcomments&post=32250"}],"version-history":[{"count":40,"href":"https:\/\/grzegorzjaszczura.pl\/index.php?rest_route=\/wp\/v2\/posts\/32250\/revisions"}],"predecessor-version":[{"id":32571,"href":"https:\/\/grzegorzjaszczura.pl\/index.php?rest_route=\/wp\/v2\/posts\/32250\/revisions\/32571"}],"wp:attachment":[{"href":"https:\/\/grzegorzjaszczura.pl\/index.php?rest_route=%2Fwp%2Fv2%2Fmedia&parent=32250"}],"wp:term":[{"taxonomy":"category","embeddable":true,"href":"https:\/\/grzegorzjaszczura.pl\/index.php?rest_route=%2Fwp%2Fv2%2Fcategories&post=32250"},{"taxonomy":"post_tag","embeddable":true,"href":"https:\/\/grzegorzjaszczura.pl\/index.php?rest_route=%2Fwp%2Fv2%2Ftags&post=32250"}],"curies":[{"name":"wp","href":"https:\/\/api.w.org\/{rel}","templated":true}]}}