{"id":32312,"date":"2015-04-12T18:04:53","date_gmt":"2015-04-12T16:04:53","guid":{"rendered":"http:\/\/grzegorzjaszczura.pl\/?p=32312"},"modified":"2015-04-13T08:10:05","modified_gmt":"2015-04-13T06:10:05","slug":"jacek-wilk-kandydat-na-prezydenta-rp","status":"publish","type":"post","link":"https:\/\/grzegorzjaszczura.pl\/?p=32312","title":{"rendered":"Jacek Wilk &#8211; kandydat na prezydenta RP"},"content":{"rendered":"<p style=\"text-align: justify;\"><a href=\"http:\/\/grzegorzjaszczura.pl\/http:\/\/grzegorzjaszczura.pl\/wp-content\/uploads\/2015\/04\/CAM04200.jpg\"><img loading=\"lazy\" decoding=\"async\" class=\"alignleft size-thumbnail wp-image-32333\" alt=\"CAM04200\" src=\"http:\/\/grzegorzjaszczura.pl\/http:\/\/grzegorzjaszczura.pl\/wp-content\/uploads\/2015\/04\/CAM04200-150x150.jpg\" width=\"150\" height=\"150\" \/><\/a>Miesi\u0105c temu opisywa\u0142em bardzo ciekawe spotkanie w\u0142adz <strong>Kongresu <span style=\"color: #0000ff;\">Nowej<\/span> <span style=\"color: #ff0000;\">Prawicy<\/span><\/strong>, w tym kandydata na prezydenta <strong>RP<\/strong> w najbli\u017cszych wyborach, mecenasa <strong>Jacka Wilka<\/strong>, z sympatykami i cz\u0142onkami tej\u017ce partii.\u00a0 <a href=\"http:\/\/grzegorzjaszczura.pl\/?p=31226#more-31226\"><strong>Spotkanie odby\u0142o si\u0119<\/strong><\/a> w <strong>Katowicach<\/strong> (<em>Oko Miasta<\/em>, <strong>11.03.2015 r.<\/strong>). Dzisiaj o pobycie mecenasa <strong>J. Wilka<\/strong> w <span style=\"color: #008000;\"><strong>Zag\u0142\u0119biu D\u0105browskim<\/strong><\/span>, konkretnie w <strong>Sosnowcu<\/strong> w dniu <strong>11.04.2015 r.<\/strong> Pisa\u0142em<!--more--> ju\u017c o bardzo dobrym i szerokim wykszta\u0142ceniu kandydata<strong> Kongresu <span style=\"color: #0000ff;\">Nowej<\/span> <span style=\"color: #ff0000;\">Prawicy<\/span><\/strong>, zdecydowanie jednym z lepszych w\u015br\u00f3d kandydat\u00f3w w tegorocznych wyborach prezydenckich. Inne informacje mo\u017cesz znale\u017a\u0107 <strong>Drogi Czytelniku<\/strong> na stronie: <a href=\"http:\/\/www.jacekwilk.pl\/\"><strong>www.jacekwilk.pl<\/strong><\/a>.<\/p>\n<p style=\"text-align: justify;\">Przewodnim has\u0142em kampanii wyborczej kandydata <strong>K<span style=\"color: #0000ff;\">N<\/span><span style=\"color: #ff0000;\">P<\/span><\/strong> mecenasa <strong>J. Wilka<\/strong> jest sformu\u0142owanie:<\/p>\n<p style=\"text-align: justify;\"><strong><span style=\"color: #0000ff;\"><em>&#8222;Polska potrzebuje aktywnego prezydenta, kt\u00f3ry nie boi si\u0119 zg\u0142asza\u0107 w\u0142asnych projekt\u00f3w i na ka\u017cdym kroku broni polskich interes\u00f3w.&#8221;<\/em><\/span>.<\/strong><\/p>\n<p style=\"text-align: justify;\"><a href=\"http:\/\/grzegorzjaszczura.pl\/http:\/\/grzegorzjaszczura.pl\/wp-content\/uploads\/2015\/04\/CAM04182.jpg\"><img loading=\"lazy\" decoding=\"async\" class=\"alignleft size-thumbnail wp-image-32326\" alt=\"CAM04182\" src=\"http:\/\/grzegorzjaszczura.pl\/http:\/\/grzegorzjaszczura.pl\/wp-content\/uploads\/2015\/04\/CAM04182-150x150.jpg\" width=\"150\" height=\"150\" \/><\/a>Na tzw. Patelni w <strong>Sosnowcu<\/strong> mecenas <strong>Jacek Wilk<\/strong> wyg\u0142osi\u0142 kr\u00f3tkie przem\u00f3wienie, rozmawia\u0142 tak\u017ce z mieszka\u0144cami <strong>Sosnowca<\/strong>. Ulic\u0105 Modrzejowsk\u0105 przeszed\u0142 do <strong>Katedry pw. Wniebowzi\u0119cia NMP<\/strong>. Musz\u0119 przyzna\u0107, \u017ce spotyka\u0142 si\u0119 z pozytywnym przyj\u0119ciem ze strony mieszka\u0144c\u00f3w. <a href=\"http:\/\/grzegorzjaszczura.pl\/http:\/\/grzegorzjaszczura.pl\/wp-content\/uploads\/2015\/04\/CAM04187.jpg\"><img loading=\"lazy\" decoding=\"async\" class=\"alignleft size-thumbnail wp-image-32340\" alt=\"CAM04187\" src=\"http:\/\/grzegorzjaszczura.pl\/http:\/\/grzegorzjaszczura.pl\/wp-content\/uploads\/2015\/04\/CAM04187-150x150.jpg\" width=\"150\" height=\"150\" \/><\/a><a href=\"http:\/\/grzegorzjaszczura.pl\/http:\/\/grzegorzjaszczura.pl\/wp-content\/uploads\/2015\/04\/CAM04196.jpg\"><img loading=\"lazy\" decoding=\"async\" class=\"alignleft size-thumbnail wp-image-32341\" alt=\"CAM04196\" src=\"http:\/\/grzegorzjaszczura.pl\/http:\/\/grzegorzjaszczura.pl\/wp-content\/uploads\/2015\/04\/CAM04196-150x150.jpg\" width=\"150\" height=\"150\" \/><\/a>Kandydat <strong>K<span style=\"color: #0000ff;\">N<\/span><span style=\"color: #ff0000;\">P<\/span><\/strong> udzieli\u0142 tak\u017ce kilku wywiad\u00f3w, co przy stronniczym podej\u015bciu wi\u0119kszo\u015bci medi\u00f3w polskoj\u0119zycznych, przedstawiaj\u0105cych kandydat\u00f3w w mediach w spos\u00f3b antydemokratyczny i stronniczy, warto podkre\u015bli\u0107.\u00a0 Chyba, \u017ce te lewackie prounioeuropejskie media przyjmuj\u0105 i promuj\u0105 nasz\u0105 niech\u0119\u0107 do takiej demokracji, jaka panuje w socjalistycznej <span style=\"color: #ff0000;\"><strong>UE<\/strong><\/span>. Tak rozumuj\u0105c promowanie<strong> tylko uk\u0142adu postokr\u0105g\u0142osto\u0142owego<\/strong> w polityce polskiej po <strong>1989 roku<\/strong> staje si\u0119 zrozumia\u0142e!<\/p>\n<p style=\"text-align: justify;\">Jeszcze kr\u00f3tka agitacja za <strong>Kongresem <span style=\"color: #0000ff;\">Nowej<\/span>\u00a0<\/strong><span style=\"color: #ff0000;\"><strong>Prawicy<\/strong><\/span>.<\/p>\n<p style=\"text-align: justify;\"><span style=\"color: #0000ff;\"><strong><span style=\"color: #000000;\">Kongres<\/span> Nowej <span style=\"color: #ff0000;\">Prawicy<\/span> to:<\/strong><\/span><\/p>\n<p style=\"text-align: justify;\"><span style=\"color: #0000ff;\"><strong>&#8211; niskie i proste podatki<\/strong><\/span><\/p>\n<p style=\"text-align: justify;\"><span style=\"color: #0000ff;\"><strong>&#8211; wolno\u015b\u0107 gospodarcza<\/strong><\/span><\/p>\n<p style=\"text-align: justify;\"><span style=\"color: #0000ff;\"><strong>&#8211; sprawiedliwe prawo<\/strong><\/span><\/p>\n<p style=\"text-align: justify;\"><span style=\"color: #0000ff;\"><strong>&#8211; wolni obywatele<\/strong><\/span><\/p>\n<p style=\"text-align: justify;\"><span style=\"color: #0000ff;\"><strong>&#8211; bezpieczna Polska.<\/strong><\/span><\/p>\n<p style=\"text-align: justify;\"><span style=\"color: #0000ff;\"><strong><a href=\"http:\/\/grzegorzjaszczura.pl\/http:\/\/grzegorzjaszczura.pl\/wp-content\/uploads\/2015\/04\/CAM041981.jpg\"><img loading=\"lazy\" decoding=\"async\" class=\"alignleft size-thumbnail wp-image-32396\" alt=\"CAM04198\" src=\"http:\/\/grzegorzjaszczura.pl\/http:\/\/grzegorzjaszczura.pl\/wp-content\/uploads\/2015\/04\/CAM041981-150x150.jpg\" width=\"150\" height=\"150\" \/><\/a>Ps<\/strong><\/span> Dzi\u0119kuj\u0119 wszystkim cz\u0142onkom i sympatykom oddzia\u0142u d\u0105browskiego <strong>Kongresu <span style=\"color: #0000ff;\">Nowej<\/span> <span style=\"color: #ff0000;\">Prawicy<\/span><\/strong> za przygotowanie i uczestniczenie w spotkaniu z mecenasem <strong>J. Wilkiem<\/strong>, w szczeg\u00f3lno\u015bci sekretarzowi oddzia\u0142u kol. <strong>S. Kluszczy\u0144skiemu<\/strong> i sekcji m\u0142odzie\u017cowej z jej prezesem kol. <strong>P. \u015alusarczykiem<\/strong>.<\/p>\n<p style=\"text-align: justify;\"><a href=\"http:\/\/grzegorzjaszczura.pl\/http:\/\/grzegorzjaszczura.pl\/wp-content\/uploads\/2015\/04\/CAM04176.jpg\"><img loading=\"lazy\" decoding=\"async\" class=\"alignleft size-thumbnail wp-image-32345\" alt=\"CAM04176\" src=\"http:\/\/grzegorzjaszczura.pl\/http:\/\/grzegorzjaszczura.pl\/wp-content\/uploads\/2015\/04\/CAM04176-150x150.jpg\" width=\"150\" height=\"150\" \/><\/a><a href=\"http:\/\/grzegorzjaszczura.pl\/http:\/\/grzegorzjaszczura.pl\/wp-content\/uploads\/2015\/04\/2015.04.11-2.jpg\"><img loading=\"lazy\" decoding=\"async\" class=\"alignleft size-thumbnail wp-image-32399\" alt=\"2015.04.11-2\" src=\"http:\/\/grzegorzjaszczura.pl\/http:\/\/grzegorzjaszczura.pl\/wp-content\/uploads\/2015\/04\/2015.04.11-2-150x150.jpg\" width=\"150\" height=\"150\" \/><\/a><a href=\"http:\/\/grzegorzjaszczura.pl\/http:\/\/grzegorzjaszczura.pl\/wp-content\/uploads\/2015\/04\/2015.04.11-1.jpg\"><img loading=\"lazy\" decoding=\"async\" class=\"alignleft size-thumbnail wp-image-32401\" alt=\"2015.04.11-1\" src=\"http:\/\/grzegorzjaszczura.pl\/http:\/\/grzegorzjaszczura.pl\/wp-content\/uploads\/2015\/04\/2015.04.11-1-150x150.jpg\" width=\"150\" height=\"150\" \/><\/a><\/p>\n<p style=\"text-align: justify;\">\n","protected":false},"excerpt":{"rendered":"<p>Miesi\u0105c temu opisywa\u0142em bardzo ciekawe spotkanie w\u0142adz Kongresu Nowej Prawicy, w tym kandydata na prezydenta RP w najbli\u017cszych wyborach, mecenasa Jacka Wilka, z sympatykami i cz\u0142onkami tej\u017ce partii.\u00a0 Spotkanie odby\u0142o si\u0119 w Katowicach (Oko Miasta, 11.03.2015 r.). Dzisiaj o pobycie mecenasa J. Wilka w Zag\u0142\u0119biu D\u0105browskim, konkretnie w Sosnowcu w dniu 11.04.2015 r. Pisa\u0142em<\/p>\n","protected":false},"author":2,"featured_media":0,"comment_status":"open","ping_status":"open","sticky":false,"template":"","format":"standard","meta":{"_monsterinsights_skip_tracking":false,"_monsterinsights_sitenote_active":false,"_monsterinsights_sitenote_note":"","_monsterinsights_sitenote_category":0,"footnotes":""},"categories":[3],"tags":[],"class_list":["post-32312","post","type-post","status-publish","format-standard","hentry","category-polityczne"],"_links":{"self":[{"href":"https:\/\/grzegorzjaszczura.pl\/index.php?rest_route=\/wp\/v2\/posts\/32312","targetHints":{"allow":["GET"]}}],"collection":[{"href":"https:\/\/grzegorzjaszczura.pl\/index.php?rest_route=\/wp\/v2\/posts"}],"about":[{"href":"https:\/\/grzegorzjaszczura.pl\/index.php?rest_route=\/wp\/v2\/types\/post"}],"author":[{"embeddable":true,"href":"https:\/\/grzegorzjaszczura.pl\/index.php?rest_route=\/wp\/v2\/users\/2"}],"replies":[{"embeddable":true,"href":"https:\/\/grzegorzjaszczura.pl\/index.php?rest_route=%2Fwp%2Fv2%2Fcomments&post=32312"}],"version-history":[{"count":48,"href":"https:\/\/grzegorzjaszczura.pl\/index.php?rest_route=\/wp\/v2\/posts\/32312\/revisions"}],"predecessor-version":[{"id":32402,"href":"https:\/\/grzegorzjaszczura.pl\/index.php?rest_route=\/wp\/v2\/posts\/32312\/revisions\/32402"}],"wp:attachment":[{"href":"https:\/\/grzegorzjaszczura.pl\/index.php?rest_route=%2Fwp%2Fv2%2Fmedia&parent=32312"}],"wp:term":[{"taxonomy":"category","embeddable":true,"href":"https:\/\/grzegorzjaszczura.pl\/index.php?rest_route=%2Fwp%2Fv2%2Fcategories&post=32312"},{"taxonomy":"post_tag","embeddable":true,"href":"https:\/\/grzegorzjaszczura.pl\/index.php?rest_route=%2Fwp%2Fv2%2Ftags&post=32312"}],"curies":[{"name":"wp","href":"https:\/\/api.w.org\/{rel}","templated":true}]}}