{"id":32535,"date":"2015-04-22T07:50:04","date_gmt":"2015-04-22T05:50:04","guid":{"rendered":"http:\/\/grzegorzjaszczura.pl\/?p=32535"},"modified":"2015-04-22T11:55:21","modified_gmt":"2015-04-22T09:55:21","slug":"grzegorz-braun-kandydat-na-prezydenta-rp","status":"publish","type":"post","link":"https:\/\/grzegorzjaszczura.pl\/?p=32535","title":{"rendered":"Grzegorz Braun &#8211; kandydat na Prezydenta RP"},"content":{"rendered":"<p style=\"text-align: justify;\"><a href=\"http:\/\/grzegorzjaszczura.pl\/http:\/\/grzegorzjaszczura.pl\/wp-content\/uploads\/2015\/04\/CAM04258.jpg\"><img loading=\"lazy\" decoding=\"async\" class=\"alignleft size-thumbnail wp-image-32557\" alt=\"CAM04258\" src=\"http:\/\/grzegorzjaszczura.pl\/http:\/\/grzegorzjaszczura.pl\/wp-content\/uploads\/2015\/04\/CAM04258-150x150.jpg\" width=\"150\" height=\"150\" \/><\/a>Co prawda, wiem z ca\u0142\u0105 pewno\u015bci\u0105, na kogo zag\u0142osuj\u0119 w wyborach prezydenckich w maju tego roku (<a href=\"http:\/\/grzegorzjaszczura.pl\/?p=32312#more-32312\"><strong>zobacz Jacek Wilk<\/strong><\/a> &#8211; kandydat na prezydenta RP), ale wybra\u0142em si\u0119 na spotkanie z panem <strong>Grzegorzem Braunem<\/strong> do Villa Moda w D\u0105browie G\u00f3rniczej (<strong>17.04.2015 r.<\/strong>). Spotkanie zorganizowa\u0142 <strong>Klub Opcji na Prawo<\/strong> w D\u0105browie G\u00f3rniczej. Na miejscu okaza\u0142o si\u0119, \u017ce w\u0142a\u015bciwie<!--more--> to przewidziana jest debata mi\u0119dzy P. <strong>G. Braunem<\/strong> a P. <strong>P. Tanajno <\/strong>(<strong>DB<\/strong>), tak\u017ce kandydatem, kt\u00f3ry zebra\u0142 100 tysi\u0119cy podpis\u00f3w w wyborach i zosta\u0142 zarejestrowany.<\/p>\n<p style=\"text-align: justify;\"><a href=\"http:\/\/grzegorzjaszczura.pl\/http:\/\/grzegorzjaszczura.pl\/wp-content\/uploads\/2015\/04\/CAM04286.jpg\"><img loading=\"lazy\" decoding=\"async\" class=\"alignleft size-thumbnail wp-image-32561\" alt=\"CAM04286\" src=\"http:\/\/grzegorzjaszczura.pl\/http:\/\/grzegorzjaszczura.pl\/wp-content\/uploads\/2015\/04\/CAM04286-150x150.jpg\" width=\"150\" height=\"150\" \/><\/a>Pogl\u0105dy <strong>Grzegorza Brauna<\/strong> bardzo mi odpowiadaj\u0105, tak\u017ce jego polskie pochodzenie. Pochodzi bowiem z rodziny o ogromnych tradycjach niepodleg\u0142o\u015bciowych. Uwa\u017cam, \u017ce Prezydentem Polski powinien by\u0107 Polak, nawet w kontek\u015bcie braku suwerenno\u015bci naszego pa\u0144stwa w <span style=\"color: #ff0000;\"><strong>Unii Europejskiej<\/strong><\/span> &#8211; <em>nota bene<\/em> utraconej g\u0142\u00f3wnie wskutek podpisania <a href=\"http:\/\/grzegorzjaszczura.pl\/?p=756#more-756\"><span style=\"color: #ff0000;\"><strong>Traktatu lizbo\u0144skiego<\/strong><\/span><\/a>. Zwr\u00f3ci\u0142 zreszt\u0105 na to uwag\u0119 <strong>G. Braun<\/strong>, akcentuj\u0105c jak szybko to posz\u0142o po referendum akcesyjnym, w kt\u00f3rym og\u0142upiali przez polskoj\u0119zyczne media Polacy tak zag\u0142osowali (w jakiej\u015b wi\u0119kszo\u015bci z tych co poszli do urn). Pami\u0119tam, \u017ce prowadzili\u015bmy wtedy, jeszcze jako oddzia\u0142 d\u0105browski <strong>UPR<\/strong> bardzo szerok\u0105 kampani\u0119 przeciwko przyst\u0105pieniu do tego <span style=\"color: #ff0000;\">socjalistycznego<\/span>, lewackiego <span style=\"color: #ff0000;\">tworu<\/span>, oczywi\u015bcie (w przeciwie\u0144stwie do &#8222;bandy&#8221; z uk\u0142adu okr\u0105g\u0142osto\u0142owego) z w\u0142asnych \u015brodk\u00f3w finansowych.<\/p>\n<p style=\"text-align: justify;\"><strong><a href=\"http:\/\/grzegorzjaszczura.pl\/http:\/\/grzegorzjaszczura.pl\/wp-content\/uploads\/2015\/04\/CAM04274.jpg\"><img loading=\"lazy\" decoding=\"async\" class=\"alignleft size-thumbnail wp-image-32565\" alt=\"CAM04274\" src=\"http:\/\/grzegorzjaszczura.pl\/http:\/\/grzegorzjaszczura.pl\/wp-content\/uploads\/2015\/04\/CAM04274-150x150.jpg\" width=\"150\" height=\"150\" \/><\/a>G. Braun<\/strong> w samych has\u0142ach przekazuje swoj\u0105 wiar\u0119 w <strong>Boga<\/strong>, sw\u00f3j patriotyzm i polsko\u015b\u0107 oraz realizm:<\/p>\n<p style=\"text-align: justify;\"><span style=\"color: #0000ff;\"><strong>Kontr-Rewolucja<\/strong><\/span><\/p>\n<p style=\"text-align: justify;\"><span style=\"color: #0000ff;\"><strong>Judeo-Realizm<\/strong><\/span><\/p>\n<p style=\"text-align: justify;\"><span style=\"color: #0000ff;\"><strong>Euro-Sceptycyzm<\/strong><\/span><\/p>\n<p style=\"text-align: justify;\"><span style=\"color: #0000ff;\"><strong>Pro-Polsko\u015b\u0107<\/strong><\/span>.<\/p>\n<p style=\"text-align: justify;\">Wg niego <strong>Pan B\u00f3g<\/strong> wyznaczy\u0142 porz\u0105dek \u015bwiata, a my mo\u017cemy go jedynie uznawa\u0107 lub zamazywa\u0107.<\/p>\n<p style=\"text-align: justify;\"><span style=\"color: #0000ff;\"><strong>Wiara &#8211; Rodzina &#8211; W\u0142asno\u015b\u0107<\/strong><\/span><\/p>\n<p style=\"text-align: justify;\"><span style=\"color: #0000ff;\"><strong>Ko\u015bci\u00f3\u0142, Szko\u0142a, Strzelnica<\/strong><\/span><\/p>\n<p style=\"text-align: justify;\">to kolejne jego, jak\u017ce s\u0142uszne has\u0142a.<\/p>\n<p style=\"text-align: justify;\"><a href=\"http:\/\/grzegorzjaszczura.pl\/http:\/\/grzegorzjaszczura.pl\/wp-content\/uploads\/2015\/04\/CAM04282.jpg\"><img loading=\"lazy\" decoding=\"async\" class=\"alignleft size-thumbnail wp-image-32563\" alt=\"CAM04282\" src=\"http:\/\/grzegorzjaszczura.pl\/http:\/\/grzegorzjaszczura.pl\/wp-content\/uploads\/2015\/04\/CAM04282-150x150.jpg\" width=\"150\" height=\"150\" \/><\/a><strong>Grzegorz Braun<\/strong> wypowiedzia\u0142 si\u0119 stanowczo przeciwko demokracji, s\u0142usznie zauwa\u017caj\u0105c, \u017ce rz\u0105dz\u0105 w niej: <span style=\"color: #ff0000;\"><strong>mafia<\/strong><\/span>, <span style=\"color: #ff0000;\"><strong>lo\u017ce<\/strong><\/span> i <span style=\"color: #ff0000;\"><strong>s\u0142u\u017cby<\/strong><\/span>. Nie b\u0119d\u0119 t\u0142umaczy\u0142, inteligentni zrozumiej\u0105 o co chodzi. Startuje w wyborach, aby nami nie rz\u0105dzili zdrajcy i z\u0142odzieje. Jest za niskimi (uproszczonymi) podatkami, co zminimalizuje tak\u017ce aparat fiskalny i zmniejszy ilo\u015b\u0107 <span style=\"color: #ff0000;\">biurw<\/span>. Oczywi\u015bcie jest za wolno\u015bci\u0105 s\u0142owa. Uwa\u017ca, \u017ce nie ma w\u0142asno\u015bci prywatnej bez katolicyzmu i uwa\u017ca, \u017ce w\u0142a\u015bnie katolicyzm przyczyni\u0142 si\u0119 do jej zaistnienia.<\/p>\n<p style=\"text-align: justify;\">Spodoba\u0142o mi si\u0119 jego okre\u015blenie o &#8222;bombardowaniu propagand\u0105&#8221; w mediach, propagand\u0105 og\u00f3lnie to ujmuj\u0105c sowieck\u0105, komunistyczn\u0105 czy lewack\u0105.<\/p>\n<p style=\"text-align: justify;\"><a href=\"http:\/\/grzegorzjaszczura.pl\/http:\/\/grzegorzjaszczura.pl\/wp-content\/uploads\/2015\/04\/CAM04272.jpg\"><img loading=\"lazy\" decoding=\"async\" class=\"alignleft size-thumbnail wp-image-32559\" alt=\"CAM04272\" src=\"http:\/\/grzegorzjaszczura.pl\/http:\/\/grzegorzjaszczura.pl\/wp-content\/uploads\/2015\/04\/CAM04272-150x150.jpg\" width=\"150\" height=\"150\" \/><\/a>Co do Pana <strong>Paw\u0142a Tanajno<\/strong> z Demokracji Bezpo\u015bredniej, to wspiera on silne referenda (bezprogowe), demokracj\u0119 bezpo\u015bredni\u0105 (a nie przedstawicielsk\u0105), co wyeliminowa\u0142oby wg niego &#8222;g\u0142\u0105b\u00f3w&#8221; z Sejmu, nie umiej\u0105cych nawet przeczyta\u0107 ustaw za kt\u00f3rymi g\u0142osuj\u0105. Tak mi si\u0119 nasuwa por\u00f3wnanie z radnymi z Rady Miejskiej z koalicji lewicowej w <strong>D\u0105browie G\u00f3rniczej<\/strong> \ud83d\ude42 . <strong>P. Tanajno<\/strong> zaatakowa\u0142 ostro <strong>J. Kaczy\u0144skiego<\/strong> za socjalizm (i marksizm) i <strong>J. Mikkego<\/strong> za tch\u00f3rzostwo i ucieczk\u0119 od debaty. Socjalista <strong>A. Hitler <\/strong>(<span style=\"color: #ff0000;\"><strong>NSDAP<\/strong><\/span>) doszed\u0142 do w\u0142adzy wg niego z powodu demokracji (co jakby nie podlega dyskusji), ale w\u0142a\u015bnie przedstawicielskiej a nie bezpo\u015bredniej, oczywi\u015bcie sta\u0142o si\u0119 to za zgod\u0105 lobby biznesowego, itp. Og\u00f3lnie jednak to lewak w kontek\u015bcie wiary i moralno\u015bci (wg mnie). Przyznaj\u0119, \u017ce jednak bardzo elegancko si\u0119 wypowiada\u0142 w stosunku do swojego interlokutora, \u017cycz\u0105c mu jako monarchi\u015bcie du\u017co lepszego wyniku od <strong>J. Mikkego<\/strong>.<\/p>\n<p style=\"text-align: justify;\">W nadziei, \u017ce jeszcze lepszy wynik b\u0119dzie mia\u0142 mecenas <a href=\"https:\/\/www.facebook.com\/JacekWilkPL\"><strong>Jacek Wilk<\/strong><\/a> ko\u0144cz\u0119.<\/p>\n<p style=\"text-align: justify;\">A jeszcze jedno. Ksi\u0105\u017ck\u0119 <strong>G. Brauna<\/strong> zatytu\u0142owan\u0105: <em><strong>Kto to rz\u0105dzi?<\/strong><\/em>, kt\u00f3r\u0105 mo\u017cna by\u0142o zakupi\u0107 na spotkaniu om\u00f3wi\u0119 przy okazji. Mo\u017ce w sezonie <span style=\"color: #ff0000;\">mizerii og\u00f3rkowej<\/span> (wakacjach), aczkolwiek ten sezon w lewackiej partii <span style=\"color: #ff0000;\"><strong>SLD<\/strong><\/span> ju\u017c trwa. \ud83d\ude42<\/p>\n<p style=\"text-align: justify;\">\n","protected":false},"excerpt":{"rendered":"<p>Co prawda, wiem z ca\u0142\u0105 pewno\u015bci\u0105, na kogo zag\u0142osuj\u0119 w wyborach prezydenckich w maju tego roku (zobacz Jacek Wilk &#8211; kandydat na prezydenta RP), ale wybra\u0142em si\u0119 na spotkanie z panem Grzegorzem Braunem do Villa Moda w D\u0105browie G\u00f3rniczej (17.04.2015 r.). Spotkanie zorganizowa\u0142 Klub Opcji na Prawo w D\u0105browie G\u00f3rniczej. Na miejscu okaza\u0142o si\u0119, \u017ce [&hellip;]<\/p>\n","protected":false},"author":2,"featured_media":0,"comment_status":"open","ping_status":"open","sticky":false,"template":"","format":"standard","meta":{"_monsterinsights_skip_tracking":false,"_monsterinsights_sitenote_active":false,"_monsterinsights_sitenote_note":"","_monsterinsights_sitenote_category":0,"footnotes":""},"categories":[3],"tags":[],"class_list":["post-32535","post","type-post","status-publish","format-standard","hentry","category-polityczne"],"_links":{"self":[{"href":"https:\/\/grzegorzjaszczura.pl\/index.php?rest_route=\/wp\/v2\/posts\/32535","targetHints":{"allow":["GET"]}}],"collection":[{"href":"https:\/\/grzegorzjaszczura.pl\/index.php?rest_route=\/wp\/v2\/posts"}],"about":[{"href":"https:\/\/grzegorzjaszczura.pl\/index.php?rest_route=\/wp\/v2\/types\/post"}],"author":[{"embeddable":true,"href":"https:\/\/grzegorzjaszczura.pl\/index.php?rest_route=\/wp\/v2\/users\/2"}],"replies":[{"embeddable":true,"href":"https:\/\/grzegorzjaszczura.pl\/index.php?rest_route=%2Fwp%2Fv2%2Fcomments&post=32535"}],"version-history":[{"count":42,"href":"https:\/\/grzegorzjaszczura.pl\/index.php?rest_route=\/wp\/v2\/posts\/32535\/revisions"}],"predecessor-version":[{"id":32660,"href":"https:\/\/grzegorzjaszczura.pl\/index.php?rest_route=\/wp\/v2\/posts\/32535\/revisions\/32660"}],"wp:attachment":[{"href":"https:\/\/grzegorzjaszczura.pl\/index.php?rest_route=%2Fwp%2Fv2%2Fmedia&parent=32535"}],"wp:term":[{"taxonomy":"category","embeddable":true,"href":"https:\/\/grzegorzjaszczura.pl\/index.php?rest_route=%2Fwp%2Fv2%2Fcategories&post=32535"},{"taxonomy":"post_tag","embeddable":true,"href":"https:\/\/grzegorzjaszczura.pl\/index.php?rest_route=%2Fwp%2Fv2%2Ftags&post=32535"}],"curies":[{"name":"wp","href":"https:\/\/api.w.org\/{rel}","templated":true}]}}