{"id":3281,"date":"2010-05-16T10:18:53","date_gmt":"2010-05-16T08:18:53","guid":{"rendered":"http:\/\/grzegorzjaszczura.pl\/?p=3281"},"modified":"2010-05-22T08:01:22","modified_gmt":"2010-05-22T06:01:22","slug":"dabrowianin-roku-2009-k-stachowicz","status":"publish","type":"post","link":"https:\/\/grzegorzjaszczura.pl\/?p=3281","title":{"rendered":"D\u0105browianin Roku 2009 &#8211; K. Stachowicz"},"content":{"rendered":"<p style=\"text-align: justify;\"><span style=\"color: #0000ff;\"><a href=\"http:\/\/grzegorzjaszczura.pl\/http:\/\/grzegorzjaszczura.pl\/wp-content\/uploads\/2010\/05\/laureat.jpg\"><img loading=\"lazy\" decoding=\"async\" class=\"alignleft size-thumbnail wp-image-3297\" title=\"laureat\" src=\"http:\/\/grzegorzjaszczura.pl\/http:\/\/grzegorzjaszczura.pl\/wp-content\/uploads\/2010\/05\/laureat-150x150.jpg\" alt=\"laureat\" width=\"150\" height=\"150\" \/><\/a>Pi\u0119kna uroczysto\u015b\u0107 odby\u0142a si\u0119 wczoraj w socrealistycznym Pa\u0142acu Kultury Zag\u0142\u0119bia w D\u0105browie G\u00f3rniczej (drugim co do wielko\u015bci w Polsce tego typu, ale w tajemnicy napisz\u0119,\u00a0 \u017ce postkomunistyczny obiekt &#8211; zabytek (???) &#8222;wali si\u0119&#8221; troszk\u0119, przynajmniej w podziemiach i na elewacjach). Co do uroczysto\u015bci to mam na my\u015bli wr\u0119czenie <strong>Statuetki Dabrowianina Roku 2009 <\/strong>Panu <strong>Krzysztofowi Stachowiczowi<\/strong>. Poniewa\u017c Pan <strong>K. Stachowicz <\/strong>(PO) prawdopodobnie jeszcze w tym roku zostanie<!--more--> <strong>Prezydentem Miasta D\u0105browa G\u00f3rnicza<\/strong>, to Towarzystwo Przyjaci\u00f3\u0142 D\u0105browy G\u00f3rniczej, kt\u00f3re przydziela ten tytu\u0142,\u00a0 za ten rok b\u0119dzie musia\u0142o i\u015b\u0107 jeszcze dalej w <em>semantyce<\/em> i przyzna\u0107 Super<strong>giga<\/strong>d\u0105browianina Roku za 2010 rok. W\u0142a\u015bciwie, k&#8217;woli \u015bcis\u0142o\u015bci, tytu\u0142 przyznaje Kapitu\u0142a pod przewodnictwem Prezesa zarz\u0105du TPDG Pani Wandy Zi\u0119tek. A\u017c dziw, \u017ce partner koalicyjny lewicowego <span style=\"color: #ff0000;\">SLD<\/span> w Radzie Miasta, czyli <span style=\"color: #ff0000;\">TPDG<\/span> nie obdarowa\u0142 tytu\u0142em Pana Prezydenta Zb. Podrazy (<span style=\"color: #ff0000;\">Lewica SLD<\/span>), kt\u00f3ry podobno tak du\u017co zrobi\u0142 dla naszego Miasta. Po g\u0142osowaniach sesyjnych, w kt\u00f3rych <span style=\"color: #ff0000;\">radni TPDG<\/span> stoj\u0105 murem \u017celbetonowym za Panem Prezydentem z <span style=\"color: #ff0000;\">Lewicy<\/span> przyznanie tytu\u0142u, jak by nie by\u0142o konkurentowi do Prezydentury wydaje mi si\u0119 dziwne. <strong>Ale pewnie \u015bwiadczy to o tzw. tendencjach na mie\u015bcie.<\/strong><br \/>\n<\/span><\/p>\n<p style=\"text-align: justify;\"><span style=\"color: #0000ff;\">Je\u017celi kto\u015b chce bli\u017cej pozna\u0107 <strong>Laureata<\/strong>, to odsy\u0142am do Jego strony internetowej:<\/span> <a href=\"http:\/\/krzysztofstachowicz.pl\/\">http:\/\/krzysztofstachowicz.pl\/<\/a><\/p>\n<p style=\"text-align: justify;\"><span style=\"color: #0000ff;\"><a href=\"http:\/\/grzegorzjaszczura.pl\/http:\/\/grzegorzjaszczura.pl\/wp-content\/uploads\/2010\/05\/widownia.jpg\"><img loading=\"lazy\" decoding=\"async\" class=\"alignleft size-thumbnail wp-image-3302\" title=\"widownia\" src=\"http:\/\/grzegorzjaszczura.pl\/http:\/\/grzegorzjaszczura.pl\/wp-content\/uploads\/2010\/05\/widownia-150x150.jpg\" alt=\"widownia\" width=\"150\" height=\"150\" \/><\/a>Ludzi by\u0142a pe\u0142na sala. Impreza przebieg\u0142a bardzo g\u0142adko i napisa\u0142bym bez <em>sztampy<\/em>. Pokazy karate oraz wyst\u0119p zespo\u0142u z jedynymi instrumentami w postaci swoich g\u0142os\u00f3w (a nie ch\u00f3ru) by\u0142y \u015bwietne. By\u0142 reprezentowany tak\u017ce Pan Prezydent Miasta. Jednak\u017ce gratulacje Pana Pe\u0142nomocnika Pana Prezydenta Pana R. Ko\u0107my (<span style=\"color: #ff0000;\">Lewica SLD<\/span>), kt\u00f3ry zgodnie z najnowszymi tendencjami mody ubrany by\u0142 w d\u017cinsy, nie wyda\u0142y mi si\u0119 szczere. Zesp\u00f3\u0142 wokalny A<span style=\"color: #ff0000;\">voc<\/span>ado (<\/span><a href=\"http:\/\/www.avocado.org.pl\/joomla\/index.php\">http:\/\/www.avocado.org.pl\/joomla\/index.php<\/a><span style=\"color: #0000ff;\">)<\/span><span style=\"color: #0000ff;\">, r\u00f3wnie\u017c by\u0142 ubrany wg tej\u017ce mody. Karatecy z kolei wyst\u0105pili w swoich tradycyjnych, konserwatywnych kimonach, bez obuwia i d\u017cins\u00f3w.<a href=\"http:\/\/grzegorzjaszczura.pl\/http:\/\/grzegorzjaszczura.pl\/wp-content\/uploads\/2010\/05\/20100515200.jpg\"><img loading=\"lazy\" decoding=\"async\" class=\"alignleft size-thumbnail wp-image-3306\" title=\"20100515200\" src=\"http:\/\/grzegorzjaszczura.pl\/http:\/\/grzegorzjaszczura.pl\/wp-content\/uploads\/2010\/05\/20100515200-150x150.jpg\" alt=\"20100515200\" width=\"150\" height=\"150\" \/><\/a><a href=\"http:\/\/grzegorzjaszczura.pl\/http:\/\/grzegorzjaszczura.pl\/wp-content\/uploads\/2010\/05\/widownia-2.jpg\"><img loading=\"lazy\" decoding=\"async\" class=\"alignleft size-thumbnail wp-image-3311\" title=\"widownia-2\" src=\"http:\/\/grzegorzjaszczura.pl\/http:\/\/grzegorzjaszczura.pl\/wp-content\/uploads\/2010\/05\/widownia-2-150x150.jpg\" alt=\"widownia-2\" width=\"150\" height=\"150\" \/><\/a><a href=\"http:\/\/grzegorzjaszczura.pl\/http:\/\/grzegorzjaszczura.pl\/wp-content\/uploads\/2010\/05\/IMG_3846-Matusiewicz-+-S.jpg\"><img loading=\"lazy\" decoding=\"async\" class=\"alignleft size-thumbnail wp-image-3308\" title=\"IMG_3846 Matusiewicz + S\" src=\"http:\/\/grzegorzjaszczura.pl\/http:\/\/grzegorzjaszczura.pl\/wp-content\/uploads\/2010\/05\/IMG_3846-Matusiewicz-+-S-150x150.jpg\" alt=\"IMG_3846 Matusiewicz + S\" width=\"150\" height=\"150\" \/><\/a><a href=\"http:\/\/grzegorzjaszczura.pl\/http:\/\/grzegorzjaszczura.pl\/wp-content\/uploads\/2010\/05\/IMG_3829-Karate-02.jpg\"><img loading=\"lazy\" decoding=\"async\" class=\"alignleft size-thumbnail wp-image-3303\" title=\"IMG_3829 Karate 02\" src=\"http:\/\/grzegorzjaszczura.pl\/http:\/\/grzegorzjaszczura.pl\/wp-content\/uploads\/2010\/05\/IMG_3829-Karate-02-150x150.jpg\" alt=\"IMG_3829 Karate 02\" width=\"150\" height=\"150\" \/><\/a><br \/>\n<\/span><\/p>\n<p style=\"text-align: justify;\">\n","protected":false},"excerpt":{"rendered":"<p>Pi\u0119kna uroczysto\u015b\u0107 odby\u0142a si\u0119 wczoraj w socrealistycznym Pa\u0142acu Kultury Zag\u0142\u0119bia w D\u0105browie G\u00f3rniczej (drugim co do wielko\u015bci w Polsce tego typu, ale w tajemnicy napisz\u0119,\u00a0 \u017ce postkomunistyczny obiekt &#8211; zabytek (???) &#8222;wali si\u0119&#8221; troszk\u0119, przynajmniej w podziemiach i na elewacjach). Co do uroczysto\u015bci to mam na my\u015bli wr\u0119czenie Statuetki Dabrowianina Roku 2009 Panu Krzysztofowi Stachowiczowi. [&hellip;]<\/p>\n","protected":false},"author":2,"featured_media":0,"comment_status":"open","ping_status":"open","sticky":false,"template":"","format":"standard","meta":{"_monsterinsights_skip_tracking":false,"_monsterinsights_sitenote_active":false,"_monsterinsights_sitenote_note":"","_monsterinsights_sitenote_category":0,"footnotes":""},"categories":[3],"tags":[],"class_list":["post-3281","post","type-post","status-publish","format-standard","hentry","category-polityczne"],"_links":{"self":[{"href":"https:\/\/grzegorzjaszczura.pl\/index.php?rest_route=\/wp\/v2\/posts\/3281","targetHints":{"allow":["GET"]}}],"collection":[{"href":"https:\/\/grzegorzjaszczura.pl\/index.php?rest_route=\/wp\/v2\/posts"}],"about":[{"href":"https:\/\/grzegorzjaszczura.pl\/index.php?rest_route=\/wp\/v2\/types\/post"}],"author":[{"embeddable":true,"href":"https:\/\/grzegorzjaszczura.pl\/index.php?rest_route=\/wp\/v2\/users\/2"}],"replies":[{"embeddable":true,"href":"https:\/\/grzegorzjaszczura.pl\/index.php?rest_route=%2Fwp%2Fv2%2Fcomments&post=3281"}],"version-history":[{"count":39,"href":"https:\/\/grzegorzjaszczura.pl\/index.php?rest_route=\/wp\/v2\/posts\/3281\/revisions"}],"predecessor-version":[{"id":3355,"href":"https:\/\/grzegorzjaszczura.pl\/index.php?rest_route=\/wp\/v2\/posts\/3281\/revisions\/3355"}],"wp:attachment":[{"href":"https:\/\/grzegorzjaszczura.pl\/index.php?rest_route=%2Fwp%2Fv2%2Fmedia&parent=3281"}],"wp:term":[{"taxonomy":"category","embeddable":true,"href":"https:\/\/grzegorzjaszczura.pl\/index.php?rest_route=%2Fwp%2Fv2%2Fcategories&post=3281"},{"taxonomy":"post_tag","embeddable":true,"href":"https:\/\/grzegorzjaszczura.pl\/index.php?rest_route=%2Fwp%2Fv2%2Ftags&post=3281"}],"curies":[{"name":"wp","href":"https:\/\/api.w.org\/{rel}","templated":true}]}}