{"id":32949,"date":"2015-05-18T07:55:50","date_gmt":"2015-05-18T05:55:50","guid":{"rendered":"http:\/\/grzegorzjaszczura.pl\/?p=32949"},"modified":"2024-04-23T14:39:00","modified_gmt":"2024-04-23T12:39:00","slug":"wojciech-sumlinski-vs-br-komorowski","status":"publish","type":"post","link":"https:\/\/grzegorzjaszczura.pl\/?p=32949","title":{"rendered":"Wojciech Sumli\u0144ski vs. Br. Komorowski"},"content":{"rendered":"<p style=\"text-align: justify;\"><a href=\"http:\/\/grzegorzjaszczura.pl\/http:\/\/grzegorzjaszczura.pl\/wp-content\/uploads\/2015\/05\/sumlinski-wojciech.jpg\"><img loading=\"lazy\" decoding=\"async\" class=\"alignnone size-thumbnail wp-image-67163\" src=\"http:\/\/grzegorzjaszczura.pl\/http:\/\/grzegorzjaszczura.pl\/wp-content\/uploads\/2015\/05\/sumlinski-wojciech-150x150.jpg\" alt=\"\" width=\"150\" height=\"150\" \/><\/a>Jak mo\u017cna si\u0119 by\u0142o spodziewa\u0107 spotkanie z p. <strong>Wojciechem Sumli\u0144skim<\/strong> zorganizowane przez kluby <strong>Opcji na Prawo<\/strong> i <strong>Gazety Polskiej<\/strong> w D\u0105browie G\u00f3rniczej, akurat w okresie mi\u0119dzy I a II tur\u0105 wybor\u00f3w prezydenckich, spotka\u0142o si\u0119 z b. du\u017c\u0105 frekwencj\u0105.\u00a0 Odby\u0142o si\u0119\u00a0 w dniu <strong>15 maja<\/strong> (pi\u0105tek) 2015 r. o godzinie 19.00 w <i>w klubie restauracji <strong>VILLA MODA<\/strong> w D\u0105browie G\u00f3rniczej ul. T. Ko\u015bciuszki 4b,\u00a0 100 metr\u00f3w przed tzw. dworcem PKP <strong>D\u0105browa G. Centrum<\/strong>.<!--more--><\/i><br \/>\n<a href=\"http:\/\/grzegorzjaszczura.pl\/http:\/\/grzegorzjaszczura.pl\/wp-content\/uploads\/2015\/05\/CAM04515.jpg\"><img loading=\"lazy\" decoding=\"async\" class=\"alignleft size-thumbnail wp-image-32971\" src=\"http:\/\/grzegorzjaszczura.pl\/http:\/\/grzegorzjaszczura.pl\/wp-content\/uploads\/2015\/05\/CAM04515-150x150.jpg\" alt=\"CAM04515\" width=\"150\" height=\"150\" \/><\/a>Du\u017ca frekwencja mieszka\u0144c\u00f3w, nawet w tak zlewicowanym mie\u015bcie jak <strong>D\u0105browa G\u00f3rnicza<\/strong>, \u015bwiadczy o punkcie przegi\u0119cia, jaki nast\u0119puje w ca\u0142ej Polsce. Prawdopodobna zmiana w\u0142adzy, kt\u00f3ra zbli\u017ca si\u0119, mobilizuje po prostu ludzi. Osobi\u015bcie wola\u0142bym, \u017ceby ten punkt przegi\u0119cia nast\u0119powa\u0142 tak\u017ce w dziedzinie sympatii, a raczej wzmo\u017conej antypatii do socjalizmu i odej\u015bciu dla dobra Polski i Polak\u00f3w od tego z\u0142odziejskiego systemu, kt\u00f3ry specjalizuje si\u0119 w zarz\u0105dzaniu nie swoimi pieni\u0119dzmi, a nie tylko wymianie po\u0142owy uk\u0142adu postokr\u0105g\u0142osto\u0142owego. Chocia\u017c nie wydaje si\u0119, \u017ce mo\u017cna by\u0107 na dzie\u0144 dzisiejszy bardziej socjalistycznym od <strong><span style=\"color: #ff0000;\">Platformy Obywatelskiej<\/span><\/strong>, na czele z <strong>Komorowskim<\/strong>, <strong>Buskiem<\/strong>, <strong>Tuskiem<\/strong> czy <strong>Kopacz <\/strong>(a w drugiej ukrytej linii<strong> Bieleckim<\/strong>,<strong> Olechowskim<\/strong>,<strong> Balcerowiczem<\/strong>, &#8230;). Mniej lewicowe na dzie\u0144 obecny wydaje si\u0119 nawet kanapowe <span style=\"color: #ff0000;\"><strong>SLD<\/strong><\/span>, szczeg\u00f3lnie z p. <strong>M. Og\u00f3rek<\/strong> \ud83d\ude42 . Aczkolwiek z punktu widzenia mieszka\u0144ca <strong>D\u0105browy G\u00f3rniczej<\/strong> nie ma to ju\u017c \u017cadnego znaczenia, ze wzgl\u0119du na ich wsp\u00f3\u0142prac\u0119.<\/p>\n<p style=\"text-align: justify;\">Napisa\u0142em o wydawaniu cudzych pieni\u0119dzy z premedytacj\u0105. W\u0142a\u015bnie tym zajmuj\u0105 si\u0119 s\u0142u\u017cby, w tym komunistyczne i postkomunistyczne. <strong>W. Sumli\u0144ski<\/strong> dosy\u0107 dok\u0142adnie umiejscawia to z\u0142odziejstwo na Polskich obywatelach. Zdecydowanie uwa\u017ca, \u017ce uk\u0142ad z komunistami zacz\u0105\u0142 powstawa\u0107 jeszcze w latach osiemdziesi\u0105tych ubieg\u0142ego wieku (<strong>1984<\/strong>), gdy rozmowy <strong>Geremek<\/strong>, <strong>Mazowiecki<\/strong> z <strong>Kiszczakiem<\/strong> i reszt\u0105 bandy komunist\u00f3w si\u0119 rozpocz\u0119\u0142y. O tych spotkaniach, kt\u00f3re odbywa\u0142y si\u0119 regularnie do okr\u0105g\u0142ego sto\u0142u publice si\u0119 nie m\u00f3wi.<\/p>\n<p style=\"text-align: justify;\"><a href=\"http:\/\/grzegorzjaszczura.pl\/http:\/\/grzegorzjaszczura.pl\/wp-content\/uploads\/2015\/05\/SKMBT_C224e15051608220_0001.jpg\"><img loading=\"lazy\" decoding=\"async\" class=\"alignleft size-thumbnail wp-image-32973\" src=\"http:\/\/grzegorzjaszczura.pl\/http:\/\/grzegorzjaszczura.pl\/wp-content\/uploads\/2015\/05\/SKMBT_C224e15051608220_0001-150x150.jpg\" alt=\"SKMBT_C224e15051608220_0001\" width=\"150\" height=\"150\" \/><\/a>To rozpracowywanie fundacji <span style=\"color: #ff0000;\"><strong>Pro Civitas<\/strong><\/span> przez funkcjonariuszy<strong> CB\u015a<\/strong> doprowadzi\u0142o do prze\u015bledzenia zwi\u0105zk\u00f3w jej i jej bardzo licznych &#8222;dzieci&#8221; z <span style=\"color: #ff0000;\"><strong>WSI<\/strong><span style=\"color: #000000;\">,<\/span><\/span> <em>via<\/em> oczywi\u015bcie <strong>Rosja<\/strong>. Tym m.in. zaj\u0105\u0142 si\u0119 <strong>W. Sumli\u0144ski<\/strong> w ksi\u0105\u017cce <em><strong>&#8222;Niebezpieczne zwi\u0105zki Bronis\u0142awa Komorowskiego&#8221;<\/strong><\/em>. Je\u017celi chocia\u017c cz\u0119\u015b\u0107 z przytoczonych przez prelegenta na spotkaniu fakt\u00f3w o powi\u0105zaniach <strong>B. Komorowskiego<\/strong> ze s\u0142u\u017cbami i niewyja\u015bnionymi do ko\u0144ca zdarzeniami jest prawd\u0105, to ocena (jeszcze prezydenta <strong>RP) <\/strong>pana<strong> Br. Komorowskiego<\/strong> przez p. <strong>Stanis\u0142awa Janeckiego<\/strong> (&#8222;wPolityce.pl&#8221;, 5.12.2014 r.): <span style=\"color: #ff0000;\"><em>&#8222;To bardzo twardy, zdeterminowany, konsekwentny i niebezpieczny gracz&#8221;<\/em> <\/span>jest po prostu prawd\u0105!<\/p>\n<p style=\"text-align: justify;\"><a href=\"http:\/\/grzegorzjaszczura.pl\/http:\/\/grzegorzjaszczura.pl\/wp-content\/uploads\/2015\/05\/CAM04528.jpg\"><img loading=\"lazy\" decoding=\"async\" class=\"alignleft size-thumbnail wp-image-32975\" src=\"http:\/\/grzegorzjaszczura.pl\/http:\/\/grzegorzjaszczura.pl\/wp-content\/uploads\/2015\/05\/CAM04528-150x150.jpg\" alt=\"CAM04528\" width=\"150\" height=\"150\" \/><\/a>Niew\u0105tpliwie <strong>W. Sumli\u0144ski<\/strong> czterystustronnicow\u0105 ksi\u0105\u017ck\u0105, w kt\u00f3rej jak twierdzi pisze prawd\u0119 i tylko prawd\u0119, sprawi\u0142 k\u0142opot <strong>B. Komorowskiemu<\/strong>. Zreszt\u0105 nie tylko jemu, ale wszystkim ludziom, kt\u00f3rych interesy mog\u0142yby z czasem wyj\u015b\u0107 na \u015bwiat\u0142o dzienne. Dodruki ksi\u0105\u017cki robione s\u0105 ju\u017c w <strong>Czechach<\/strong>, poniewa\u017c ksi\u0105\u017cka schodzi jak \u015bwie\u017ce bu\u0142eczki. Zach\u0119cam wszystkich do przeczytania i uruchomienia my\u015blenia w swoich g\u0142owach. By\u0107 mo\u017ce <span style=\"color: #0000ff;\"><strong>Szanowni Czytelnicy<\/strong><\/span> zrozumiej\u0105 wtedy, np.: dlaczego Stadion Narodowy w Warszawie kosztuje dwa razy wi\u0119cej ni\u017c Stadion Olimpijski w Londynie (4 razy wi\u0119cej ni\u017c wst\u0119pnie mia\u0142 kosztowa\u0107), dlaczego most w Warszawie jest taki drogi czy dlaczego <strong>1<\/strong> mb polskiej autostrady (ew. drogi super szybkiego ruchu) kosztuje tyle ile kosztuje.<\/p>\n<p style=\"text-align: justify;\">Gdy si\u0119 <span style=\"color: #0000ff;\"><strong>Drogi Czytelniku<\/strong><\/span> czego\u015b nowego dowiesz, to zastosujesz si\u0119 do jednego z mott pana <strong>W. Sumli\u0144skiego<\/strong>: <span style=\"color: #0000ff;\"><strong>&#8222;Lepiej wiedzie\u0107 ni\u017c nie wiedzie\u0107.&#8221;<\/strong><\/span>.<\/p>\n<p style=\"text-align: justify;\">Akurat do tego motta, przynajmniej w naszym lokalnym grajdo\u0142ku, jakim jest <strong>D\u0105browa G\u00f3rnicza<\/strong>, staram si\u0119 jako radny <strong>Rady Miejskiej<\/strong> jak najbardziej stosowa\u0107. Przecie\u017c jest oczywistym, \u017ce terenem dzia\u0142ania <span style=\"color: #ff0000;\"><strong>WSI<\/strong><\/span> jest (by\u0142a) ca\u0142a Polska.<\/p>\n<p style=\"text-align: justify;\"><a href=\"http:\/\/grzegorzjaszczura.pl\/http:\/\/grzegorzjaszczura.pl\/wp-content\/uploads\/2015\/05\/CAM04511.jpg\"><img loading=\"lazy\" decoding=\"async\" class=\"alignleft size-thumbnail wp-image-32977\" src=\"http:\/\/grzegorzjaszczura.pl\/http:\/\/grzegorzjaszczura.pl\/wp-content\/uploads\/2015\/05\/CAM04511-150x150.jpg\" alt=\"CAM04511\" width=\"150\" height=\"150\" \/><\/a><a href=\"http:\/\/grzegorzjaszczura.pl\/http:\/\/grzegorzjaszczura.pl\/wp-content\/uploads\/2015\/05\/CAM04522.jpg\"><img loading=\"lazy\" decoding=\"async\" class=\"alignleft size-thumbnail wp-image-32978\" src=\"http:\/\/grzegorzjaszczura.pl\/http:\/\/grzegorzjaszczura.pl\/wp-content\/uploads\/2015\/05\/CAM04522-150x150.jpg\" alt=\"CAM04522\" width=\"150\" height=\"150\" \/><\/a><\/p>\n<p style=\"text-align: justify;\">\n","protected":false},"excerpt":{"rendered":"<p>Jak mo\u017cna si\u0119 by\u0142o spodziewa\u0107 spotkanie z p. Wojciechem Sumli\u0144skim zorganizowane przez kluby Opcji na Prawo i Gazety Polskiej w D\u0105browie G\u00f3rniczej, akurat w okresie mi\u0119dzy I a II tur\u0105 wybor\u00f3w prezydenckich, spotka\u0142o si\u0119 z b. du\u017c\u0105 frekwencj\u0105.\u00a0 Odby\u0142o si\u0119\u00a0 w dniu 15 maja (pi\u0105tek) 2015 r. o godzinie 19.00 w w klubie restauracji VILLA [&hellip;]<\/p>\n","protected":false},"author":2,"featured_media":0,"comment_status":"open","ping_status":"open","sticky":false,"template":"","format":"standard","meta":{"_monsterinsights_skip_tracking":false,"_monsterinsights_sitenote_active":false,"_monsterinsights_sitenote_note":"","_monsterinsights_sitenote_category":0,"footnotes":""},"categories":[3],"tags":[],"class_list":["post-32949","post","type-post","status-publish","format-standard","hentry","category-polityczne"],"_links":{"self":[{"href":"https:\/\/grzegorzjaszczura.pl\/index.php?rest_route=\/wp\/v2\/posts\/32949","targetHints":{"allow":["GET"]}}],"collection":[{"href":"https:\/\/grzegorzjaszczura.pl\/index.php?rest_route=\/wp\/v2\/posts"}],"about":[{"href":"https:\/\/grzegorzjaszczura.pl\/index.php?rest_route=\/wp\/v2\/types\/post"}],"author":[{"embeddable":true,"href":"https:\/\/grzegorzjaszczura.pl\/index.php?rest_route=\/wp\/v2\/users\/2"}],"replies":[{"embeddable":true,"href":"https:\/\/grzegorzjaszczura.pl\/index.php?rest_route=%2Fwp%2Fv2%2Fcomments&post=32949"}],"version-history":[{"count":47,"href":"https:\/\/grzegorzjaszczura.pl\/index.php?rest_route=\/wp\/v2\/posts\/32949\/revisions"}],"predecessor-version":[{"id":67165,"href":"https:\/\/grzegorzjaszczura.pl\/index.php?rest_route=\/wp\/v2\/posts\/32949\/revisions\/67165"}],"wp:attachment":[{"href":"https:\/\/grzegorzjaszczura.pl\/index.php?rest_route=%2Fwp%2Fv2%2Fmedia&parent=32949"}],"wp:term":[{"taxonomy":"category","embeddable":true,"href":"https:\/\/grzegorzjaszczura.pl\/index.php?rest_route=%2Fwp%2Fv2%2Fcategories&post=32949"},{"taxonomy":"post_tag","embeddable":true,"href":"https:\/\/grzegorzjaszczura.pl\/index.php?rest_route=%2Fwp%2Fv2%2Ftags&post=32949"}],"curies":[{"name":"wp","href":"https:\/\/api.w.org\/{rel}","templated":true}]}}