{"id":32999,"date":"2015-06-03T11:45:57","date_gmt":"2015-06-03T09:45:57","guid":{"rendered":"http:\/\/grzegorzjaszczura.pl\/?p=32999"},"modified":"2015-06-03T11:45:58","modified_gmt":"2015-06-03T09:45:58","slug":"konwent-regionu-slasko-dabrowskiego-knp-2","status":"publish","type":"post","link":"https:\/\/grzegorzjaszczura.pl\/?p=32999","title":{"rendered":"Konwent Regionu \u015al\u0105sko-D\u0105browskiego KNP"},"content":{"rendered":"<p style=\"text-align: justify;\"><a href=\"http:\/\/grzegorzjaszczura.pl\/http:\/\/grzegorzjaszczura.pl\/wp-content\/uploads\/2015\/06\/11038003_636907929742357_2049972749127557726_n.jpg\"><img loading=\"lazy\" decoding=\"async\" class=\"alignleft size-thumbnail wp-image-33325\" alt=\"11038003_636907929742357_2049972749127557726_n\" src=\"http:\/\/grzegorzjaszczura.pl\/http:\/\/grzegorzjaszczura.pl\/wp-content\/uploads\/2015\/06\/11038003_636907929742357_2049972749127557726_n-150x150.jpg\" width=\"150\" height=\"150\" \/><\/a>Tym razem Konwent Regionu \u015al\u0105sko-D\u0105browskiego <strong>Kongresu <span style=\"color: #0000ff;\">Nowej<\/span> <span style=\"color: #ff0000;\">Prawicy<\/span><\/strong> odby\u0142 si\u0119 w Katowicach w klubie <strong>&#8222;Oko Miasta&#8221;<\/strong>, w dniu <strong>16.05.2015 r.<\/strong> Wcze\u015bniej w\u0142a\u015bnie tu odbywa\u0142y si\u0119 bardzo interesuj\u0105ce spotkania z w\u0142adzami <strong>K<span style=\"color: #0000ff;\">N<\/span><span style=\"color: #ff0000;\">P<\/span><\/strong>, tj. prezesem p. <a href=\"http:\/\/grzegorzjaszczura.pl\/?p=31703#more-31703\"><strong>M. Marusikiem<\/strong><\/a> i kandydatem na prezydenta <strong>RP<\/strong> mecenasem <a href=\"http:\/\/grzegorzjaszczura.pl\/?p=31226#more-31226\"><strong>J. Wilkiem<\/strong><\/a>, a tak\u017ce z wiceprezesami partii pp.<!--more--><strong> A. Dziamborem<\/strong> i <strong>P. Najzerem<\/strong>.<\/p>\n<p style=\"text-align: justify;\">Kilka info (w tym zdj\u0119\u0107) z konwentu przedstawiam z op\u00f3\u017anieniem, troszk\u0119 dla formalno\u015bci. \ud83d\ude42<\/p>\n<p style=\"text-align: justify;\"><a href=\"http:\/\/grzegorzjaszczura.pl\/http:\/\/grzegorzjaszczura.pl\/wp-content\/uploads\/2015\/06\/CAM04538.jpg\"><img loading=\"lazy\" decoding=\"async\" class=\"alignleft size-thumbnail wp-image-33323\" alt=\"CAM04538\" src=\"http:\/\/grzegorzjaszczura.pl\/http:\/\/grzegorzjaszczura.pl\/wp-content\/uploads\/2015\/06\/CAM04538-150x150.jpg\" width=\"150\" height=\"150\" \/><\/a>G\u0142\u00f3wnym punktem porz\u0105dku obrad <strong>Konwentu<\/strong> by\u0142o udzielenie absolutorium Pani Prezes Regionu <strong>Beacie Banasiewicz<\/strong>, powo\u0142anej na to stanowisko przez prezesa Pana <strong>Micha\u0142a Marusika<\/strong>. Poza tym wybrano tak\u017ce Komisj\u0119 Rewizyjn\u0105 w sk\u0142adzie <strong>Sz. Chru\u015bcina<\/strong>, <strong>A. Sajdak<\/strong> i <strong>S. Kluszczy\u0144ski<\/strong>.<\/p>\n<p style=\"text-align: justify;\"><a href=\"http:\/\/grzegorzjaszczura.pl\/http:\/\/grzegorzjaszczura.pl\/wp-content\/uploads\/2015\/06\/CAM04554.jpg\"><img loading=\"lazy\" decoding=\"async\" class=\"alignleft size-thumbnail wp-image-33320\" alt=\"CAM04554\" src=\"http:\/\/grzegorzjaszczura.pl\/http:\/\/grzegorzjaszczura.pl\/wp-content\/uploads\/2015\/06\/CAM04554-150x150.jpg\" width=\"150\" height=\"150\" \/><\/a>Prezes <strong>S\u0105du Naczelnego<\/strong> partii <strong>K<span style=\"color: #0000ff;\">N<\/span><span style=\"color: #ff0000;\">P<\/span><\/strong>, jednocze\u015bnie Cz\u0142onek Sygnatariusz partii Pan <strong>Tomasz Sk\u00f3ra<\/strong> odczyta\u0142 listy od wiceprezes\u00f3w (<strong>A. Dziambora<\/strong>, <strong>J. Wilka<\/strong> i <strong>P. Najzera<\/strong>) skierowane do uczestnik\u00f3w konwentu. Przedstawi\u0119 w ca\u0142o\u015bci tre\u015b\u0107 listu Pana Prezesa <strong>Micha\u0142a Marusika<\/strong>, skierowanego do Prezes Regionu \u015al\u0105sko-D\u0105browskiego Pani <strong>Beaty Banasiewicz<\/strong>:<\/p>\n<p style=\"text-align: justify;\"><span style=\"color: #0000ff;\"><a href=\"http:\/\/grzegorzjaszczura.pl\/http:\/\/grzegorzjaszczura.pl\/wp-content\/uploads\/2015\/06\/pismo-marusik-micha\u0142.jpg\"><img loading=\"lazy\" decoding=\"async\" class=\"alignleft size-thumbnail wp-image-33317\" alt=\"pismo-marusik-micha\u0142\" src=\"http:\/\/grzegorzjaszczura.pl\/http:\/\/grzegorzjaszczura.pl\/wp-content\/uploads\/2015\/06\/pismo-marusik-micha\u0142-150x150.jpg\" width=\"150\" height=\"150\" \/><\/a>&#8222;Szanowna Pani <strong>Beata Banasiewicz<\/strong> Prezes Regionu \u015al\u0105sko-<span style=\"color: #008000;\">D\u0105browskiego<\/span> <strong><span style=\"color: #000000;\">K<\/span>N<span style=\"color: #ff0000;\">P<\/span><\/strong><\/span><\/p>\n<p style=\"text-align: justify;\"><span style=\"color: #0000ff;\">W zwi\u0105zku ze zbli\u017caj\u0105cym si\u0119 Konwentem Regionu sk\u0142adam Pani najserdeczniejsze podzi\u0119kowania za trud pracy organizacyjnej w najtrudniejszym dla Partii okresie i w najtrudniejszym Regionie. Wsp\u00f3lnym staraniem uda\u0142o si\u0119 uratowa\u0107 Parti\u0119 ze zgliszcz pozostawionych po poprzednikach. Mam nadziej\u0119, \u017ce ten trud nie b\u0119dzie daremny.<\/span><\/p>\n<p style=\"text-align: justify;\"><span style=\"color: #0000ff;\">\u017bycz\u0119 Pani z ca\u0142ego serca, aby ten trudny okres pozostawi\u0142 w Pani pami\u0119ci cho\u0107 kilka mi\u0142ych wspomnie\u0144, oraz by okaza\u0142 si\u0119 cennym do\u015bwiadczeniem procentuj\u0105cym w przysz\u0142o\u015bci; tak dla Pani jak i dla <strong>wszystkich wiernych wyznawc\u00f3w Zasad<\/strong>. Licz\u0119 te\u017c, \u017ce Pani zaanga\u017cowanie i postawa znajdzie zrozumienie partyjnej spo\u0142eczno\u015bci <strong>Regionu \u015al\u0105sko-<span style=\"color: #008000;\">D\u0105browskiego<\/span><\/strong>.<\/span><\/p>\n<p style=\"text-align: justify;\"><span style=\"color: #0000ff;\">Za Pani po\u015brednictwem \u017cycz\u0119 te\u017c wszystkim <strong>Niez\u0142omnym<\/strong> sprawnych i owocnych obrad.<\/span><\/p>\n<p style=\"text-align: right;\"><em><strong><span style=\"color: #0000ff;\">Micha\u0142 Marusik<\/span><\/strong><\/em><\/p>\n<p style=\"text-align: right;\"><span style=\"color: #0000ff;\">Prezes <strong><span style=\"color: #000000;\">Kongresu<\/span> Nowej <span style=\"color: #ff0000;\">Prawicy<\/span><\/strong>&#8222;<\/span><\/p>\n<p style=\"text-align: justify;\"><a href=\"http:\/\/grzegorzjaszczura.pl\/http:\/\/grzegorzjaszczura.pl\/wp-content\/uploads\/2015\/06\/CAM04568.jpg\"><img loading=\"lazy\" decoding=\"async\" class=\"alignleft size-thumbnail wp-image-33330\" alt=\"CAM04568\" src=\"http:\/\/grzegorzjaszczura.pl\/http:\/\/grzegorzjaszczura.pl\/wp-content\/uploads\/2015\/06\/CAM04568-150x150.jpg\" width=\"150\" height=\"150\" \/><\/a><a href=\"http:\/\/grzegorzjaszczura.pl\/http:\/\/grzegorzjaszczura.pl\/wp-content\/uploads\/2015\/06\/22504_636965789736571_956818503692766223_n.jpg\"><img loading=\"lazy\" decoding=\"async\" class=\"alignleft size-thumbnail wp-image-33331\" alt=\"22504_636965789736571_956818503692766223_n\" src=\"http:\/\/grzegorzjaszczura.pl\/http:\/\/grzegorzjaszczura.pl\/wp-content\/uploads\/2015\/06\/22504_636965789736571_956818503692766223_n-150x150.jpg\" width=\"150\" height=\"150\" \/><\/a><a href=\"http:\/\/grzegorzjaszczura.pl\/http:\/\/grzegorzjaszczura.pl\/wp-content\/uploads\/2015\/06\/11391767_636909463075537_4225590654317099811_n.jpg\"><img loading=\"lazy\" decoding=\"async\" class=\"alignleft size-thumbnail wp-image-33333\" alt=\"11391767_636909463075537_4225590654317099811_n\" src=\"http:\/\/grzegorzjaszczura.pl\/http:\/\/grzegorzjaszczura.pl\/wp-content\/uploads\/2015\/06\/11391767_636909463075537_4225590654317099811_n-150x150.jpg\" width=\"150\" height=\"150\" \/><\/a><a href=\"http:\/\/grzegorzjaszczura.pl\/http:\/\/grzegorzjaszczura.pl\/wp-content\/uploads\/2015\/06\/22510_636909576408859_3553921427218274932_n.jpg\"><img loading=\"lazy\" decoding=\"async\" class=\"alignleft size-thumbnail wp-image-33334\" alt=\"22510_636909576408859_3553921427218274932_n\" src=\"http:\/\/grzegorzjaszczura.pl\/http:\/\/grzegorzjaszczura.pl\/wp-content\/uploads\/2015\/06\/22510_636909576408859_3553921427218274932_n-150x150.jpg\" width=\"150\" height=\"150\" \/><\/a><\/p>\n<p style=\"text-align: justify;\">\n","protected":false},"excerpt":{"rendered":"<p>Tym razem Konwent Regionu \u015al\u0105sko-D\u0105browskiego Kongresu Nowej Prawicy odby\u0142 si\u0119 w Katowicach w klubie &#8222;Oko Miasta&#8221;, w dniu 16.05.2015 r. Wcze\u015bniej w\u0142a\u015bnie tu odbywa\u0142y si\u0119 bardzo interesuj\u0105ce spotkania z w\u0142adzami KNP, tj. prezesem p. M. Marusikiem i kandydatem na prezydenta RP mecenasem J. Wilkiem, a tak\u017ce z wiceprezesami partii pp.<\/p>\n","protected":false},"author":2,"featured_media":0,"comment_status":"open","ping_status":"open","sticky":false,"template":"","format":"standard","meta":{"_monsterinsights_skip_tracking":false,"_monsterinsights_sitenote_active":false,"_monsterinsights_sitenote_note":"","_monsterinsights_sitenote_category":0,"footnotes":""},"categories":[3],"tags":[],"class_list":["post-32999","post","type-post","status-publish","format-standard","hentry","category-polityczne"],"_links":{"self":[{"href":"https:\/\/grzegorzjaszczura.pl\/index.php?rest_route=\/wp\/v2\/posts\/32999","targetHints":{"allow":["GET"]}}],"collection":[{"href":"https:\/\/grzegorzjaszczura.pl\/index.php?rest_route=\/wp\/v2\/posts"}],"about":[{"href":"https:\/\/grzegorzjaszczura.pl\/index.php?rest_route=\/wp\/v2\/types\/post"}],"author":[{"embeddable":true,"href":"https:\/\/grzegorzjaszczura.pl\/index.php?rest_route=\/wp\/v2\/users\/2"}],"replies":[{"embeddable":true,"href":"https:\/\/grzegorzjaszczura.pl\/index.php?rest_route=%2Fwp%2Fv2%2Fcomments&post=32999"}],"version-history":[{"count":33,"href":"https:\/\/grzegorzjaszczura.pl\/index.php?rest_route=\/wp\/v2\/posts\/32999\/revisions"}],"predecessor-version":[{"id":33347,"href":"https:\/\/grzegorzjaszczura.pl\/index.php?rest_route=\/wp\/v2\/posts\/32999\/revisions\/33347"}],"wp:attachment":[{"href":"https:\/\/grzegorzjaszczura.pl\/index.php?rest_route=%2Fwp%2Fv2%2Fmedia&parent=32999"}],"wp:term":[{"taxonomy":"category","embeddable":true,"href":"https:\/\/grzegorzjaszczura.pl\/index.php?rest_route=%2Fwp%2Fv2%2Fcategories&post=32999"},{"taxonomy":"post_tag","embeddable":true,"href":"https:\/\/grzegorzjaszczura.pl\/index.php?rest_route=%2Fwp%2Fv2%2Ftags&post=32999"}],"curies":[{"name":"wp","href":"https:\/\/api.w.org\/{rel}","templated":true}]}}