{"id":35072,"date":"2015-10-09T06:58:47","date_gmt":"2015-10-09T04:58:47","guid":{"rendered":"http:\/\/grzegorzjaszczura.pl\/?p=35072"},"modified":"2015-10-09T06:58:47","modified_gmt":"2015-10-09T04:58:47","slug":"jkm","status":"publish","type":"post","link":"https:\/\/grzegorzjaszczura.pl\/?p=35072","title":{"rendered":"JKM"},"content":{"rendered":"<p style=\"text-align: justify;\"><a href=\"http:\/\/grzegorzjaszczura.pl\/http:\/\/grzegorzjaszczura.pl\/wp-content\/uploads\/2015\/10\/SKMBT_C20311091508510.jpg\"><img loading=\"lazy\" decoding=\"async\" class=\"alignleft size-thumbnail wp-image-35103\" alt=\"SKMBT_C20311091508510\" src=\"http:\/\/grzegorzjaszczura.pl\/http:\/\/grzegorzjaszczura.pl\/wp-content\/uploads\/2015\/10\/SKMBT_C20311091508510-150x150.jpg\" width=\"150\" height=\"150\" \/><\/a>Otrzyma\u0142em do wiadomo\u015bci list skierowany do Redaktora Naczelnego <strong>&#8222;Najwy\u017cszego Czasu&#8221;<\/strong> Pana <strong>Tomasza Sommera<\/strong>, w sprawie tzw. g\u0142osiciela idei prawicowej w Polsce, czyli Pana <strong>J. Korwin-Mikkego<\/strong>. Za zgod\u0105 autora listu, sympatyka tych\u017ce idei, publikuj\u0119 jego fragmenty, poniewa\u017c<strong> &#8222;N. Czas&#8221;<\/strong> nie odwa\u017cy\u0142 si\u0119 na jego wydrukowanie.<!--more--><\/p>\n<p style=\"text-align: justify;\"><strong>Liczy si\u0119 Polska<\/strong> i takie jest motto tego mojego wpisu.<strong> <\/strong><\/p>\n<p style=\"text-align: justify;\"><strong>JKM<\/strong> zarejestrowa\u0142 listy wyborcze, ale jest b. prawdopodobne, \u017ce praca organiczna wielu m\u0142odych ludzi p\u00f3jdzie znowu ma marne z powodu wypowiedzi ich szefa. Niestety, jak to przed wyborami, jego wypowiedzi id\u0105 w kierunku o\u015bmieszania \u015bwiatopogl\u0105du wolnorynkowego (wolno\u015bciowego). Mam na my\u015bli, np. podniesienie zawarto\u015bci alkoholu we krwi dla kieruj\u0105cych pojazdami. To oczywi\u015bcie drobny przyk\u0142ad, ale wskazuj\u0105cy, jak du\u017co brakuje panu <strong>JKM<\/strong> do bycia prawdziwym politykiem i jak o lata \u015bwietlne odstaje od najlepszych. Pozostanie na zawsze tylko publicyst\u0105. Niestety&#8230;<\/p>\n<p style=\"text-align: justify;\">Oto fragmenty listu, podmiotem w nim jest <strong>JKM<\/strong>:<\/p>\n<p style=\"text-align: justify;\"><strong><span style=\"color: #0000ff;\"><a href=\"http:\/\/grzegorzjaszczura.pl\/http:\/\/grzegorzjaszczura.pl\/wp-content\/uploads\/2015\/10\/Korwin-kamery.jpg\"><img loading=\"lazy\" decoding=\"async\" class=\"alignleft size-thumbnail wp-image-35100\" alt=\"Korwin-kamery\" src=\"http:\/\/grzegorzjaszczura.pl\/http:\/\/grzegorzjaszczura.pl\/wp-content\/uploads\/2015\/10\/Korwin-kamery-150x150.jpg\" width=\"150\" height=\"150\" \/><\/a>&#8222;[&#8230;] Miejsce w europarlamencie to nagroda od losu za dotychczasow\u0105 dzia\u0142alno\u015b\u0107 <\/span><\/strong><span style=\"color: #0000ff;\"><span style=\"color: #000000;\">(<strong>JKM<\/strong> &#8211; przyp. m\u00f3j)<\/span><\/span><strong><span style=\"color: #0000ff;\">. Z racji na podesz\u0142y wiek i podw\u00f3jne \u017cycie prywatne JKM powinien ograniczy\u0107 swoj\u0105 dzia\u0142alno\u015b\u0107 do publicystyki i promowania nowych ludzi. <\/span><\/strong><\/p>\n<p style=\"text-align: justify;\"><strong><span style=\"color: #0000ff;\">W demokracji demos pragnie nowych twarzy, nowych aktor\u00f3w, kt\u00f3rzy b\u0119d\u0105 mu schlebia\u0107\u00a0 Wyczu\u0142 to doskonale J. Kaczy\u0144ski wystawiaj\u0105c w ostatnich wyborach A. Dud\u0119, a samemu zostaj\u0105c w tle. Tymczasem JKM\u00a0 nie liczy\u0142 si\u0119 i nadal nie liczy z ta rzeczywisto\u015bci\u0105\u00a0 i w eksplozji pychy wierzy, \u017ce tylko on jest zbawc\u0105, szans\u0105 itp. <span style=\"text-decoration: underline;\">I dalej rozbija i o\u015bmiesza prawic\u0119.<\/span> Jego ekstrawagancje niszczy\u0142y i niszcz\u0105 ca\u0142y wysi\u0142ek ludzi dobrej woli. Dzi\u0119ki nim, ich lojalno\u015bci i wierno\u015bci idei m\u00f3g\u0142 dzia\u0142a\u0107 na scenie politycznej i dzi\u0119ki nim, na ich plecach dosta\u0142 si\u0119 do euro parlamentu.<\/span><\/strong><\/p>\n<p style=\"text-align: justify;\"><strong><span style=\"color: #0000ff;\">Niestety to indywidualizm\u00a0 i egoizm JKM sprawi\u0142, \u017ce po ponad 20 latach\u00a0 prawica polska jest s\u0142aba i rozbita. Tak jak, bez poczucia wstydu o\u015bmieszy\u0142 swoj\u0105 rodzin\u0119, tak o\u015bmiesza idee konserwatywne. Prosz\u0119 mu u\u015bwiadomi\u0107, \u017ce jest starym cz\u0142owiekiem i w ka\u017cdej chwili mo\u017ce stan\u0105\u0107 przed s\u0105dem najwa\u017cniejszym i pora, aby si\u0119 do tego przygotowa\u0142, a nie bajdurzy\u0142 o swoich sk\u0142onno\u015bciach do kobiet. Jest po prostu \u017ca\u0142osny, szkoda, \u017ce taki smutny jego koniec. Niemal w ka\u017cdym numerze w\u00a0 jego felietonie s\u0105 niesmaczne uwagi, por\u00f3wnania itp. Cho\u0107by z ostatniego numeru <\/span><\/strong><span style=\"color: #000000;\">(<strong>N.Czasu<\/strong> &#8211; przyp. m\u00f3j)<span style=\"color: #0000ff;\"><strong> deklaracja, \u017ce jest \u201ezboczonym homosiem&#8221;? <\/strong><\/span><\/span><\/p>\n<p style=\"text-align: justify;\"><span style=\"color: #000000;\"><span style=\"color: #0000ff;\"><strong>Czy\u017cby JKM \u201ena tle seksa mia\u0142 kleksa\u201d? [&#8230;]&#8221;<\/strong><\/span><\/span><\/p>\n<p style=\"text-align: right;\"><span style=\"color: #0000ff;\"><em><strong>Pozostaj\u0119 z \u017calem za utracon\u0105 wielko\u015bci\u0105 pisma \u2013E.Z.<\/strong><\/em><\/span><\/p>\n<p style=\"text-align: justify;\"><span style=\"color: #0000ff;\"><strong>Ps<\/strong> <\/span>Musz\u0119 przyzna\u0107, \u017ce przed ostatnimi wyborami na prezydenta <strong>RP<\/strong> zosta\u0142em prorokiem, poniewa\u017c w udzielonym wywiadzie przewidzia\u0142em i zachowanie <strong>JKM<\/strong>, i konsekwencje tego zachowania. Zobacz <a href=\"http:\/\/grzegorzjaszczura.pl\/?p=32250#more-32250\">wpis na blogu<\/a> oraz\u00a0<a href=\"https:\/\/www.youtube.com\/watch?v=YUWnXsvot3Q\">https:\/\/www.youtube.com\/watch?v=YUWnXsvot3Q<\/a>. Obym dla dobra Polski si\u0119 tym razem myli\u0142.<\/p>\n<p style=\"text-align: justify;\">Niestety od ostatniego konwentu <strong>K<span style=\"color: #0000ff;\">N<\/span><span style=\"color: #ff0000;\">P<\/span><\/strong>, <strong>JKM<\/strong> bardziej mi si\u0119 kojarzy z &#8222;r\u00f3bta co chceta&#8221; ni\u017c z konserwatywno-wolno\u015bciowym liberalizmem. Chyba, \u017ce wprowadzimy nowe okre\u015blenie pasuj\u0105ce do jego zachowania, tj. konserwatysta &#8211; luzak \ud83d\ude42 .<\/p>\n","protected":false},"excerpt":{"rendered":"<p>Otrzyma\u0142em do wiadomo\u015bci list skierowany do Redaktora Naczelnego &#8222;Najwy\u017cszego Czasu&#8221; Pana Tomasza Sommera, w sprawie tzw. g\u0142osiciela idei prawicowej w Polsce, czyli Pana J. Korwin-Mikkego. Za zgod\u0105 autora listu, sympatyka tych\u017ce idei, publikuj\u0119 jego fragmenty, poniewa\u017c &#8222;N. Czas&#8221; nie odwa\u017cy\u0142 si\u0119 na jego wydrukowanie.<\/p>\n","protected":false},"author":2,"featured_media":0,"comment_status":"open","ping_status":"open","sticky":false,"template":"","format":"standard","meta":{"_monsterinsights_skip_tracking":false,"_monsterinsights_sitenote_active":false,"_monsterinsights_sitenote_note":"","_monsterinsights_sitenote_category":0,"footnotes":""},"categories":[3],"tags":[],"class_list":["post-35072","post","type-post","status-publish","format-standard","hentry","category-polityczne"],"_links":{"self":[{"href":"https:\/\/grzegorzjaszczura.pl\/index.php?rest_route=\/wp\/v2\/posts\/35072","targetHints":{"allow":["GET"]}}],"collection":[{"href":"https:\/\/grzegorzjaszczura.pl\/index.php?rest_route=\/wp\/v2\/posts"}],"about":[{"href":"https:\/\/grzegorzjaszczura.pl\/index.php?rest_route=\/wp\/v2\/types\/post"}],"author":[{"embeddable":true,"href":"https:\/\/grzegorzjaszczura.pl\/index.php?rest_route=\/wp\/v2\/users\/2"}],"replies":[{"embeddable":true,"href":"https:\/\/grzegorzjaszczura.pl\/index.php?rest_route=%2Fwp%2Fv2%2Fcomments&post=35072"}],"version-history":[{"count":37,"href":"https:\/\/grzegorzjaszczura.pl\/index.php?rest_route=\/wp\/v2\/posts\/35072\/revisions"}],"predecessor-version":[{"id":35124,"href":"https:\/\/grzegorzjaszczura.pl\/index.php?rest_route=\/wp\/v2\/posts\/35072\/revisions\/35124"}],"wp:attachment":[{"href":"https:\/\/grzegorzjaszczura.pl\/index.php?rest_route=%2Fwp%2Fv2%2Fmedia&parent=35072"}],"wp:term":[{"taxonomy":"category","embeddable":true,"href":"https:\/\/grzegorzjaszczura.pl\/index.php?rest_route=%2Fwp%2Fv2%2Fcategories&post=35072"},{"taxonomy":"post_tag","embeddable":true,"href":"https:\/\/grzegorzjaszczura.pl\/index.php?rest_route=%2Fwp%2Fv2%2Ftags&post=35072"}],"curies":[{"name":"wp","href":"https:\/\/api.w.org\/{rel}","templated":true}]}}