{"id":36067,"date":"2015-12-06T12:21:03","date_gmt":"2015-12-06T11:21:03","guid":{"rendered":"http:\/\/grzegorzjaszczura.pl\/?p=36067"},"modified":"2015-12-06T12:25:02","modified_gmt":"2015-12-06T11:25:02","slug":"przeciw-rozdrabnianiu","status":"publish","type":"post","link":"https:\/\/grzegorzjaszczura.pl\/?p=36067","title":{"rendered":"&#8222;Przeciw rozdrabnianiu&#8221;"},"content":{"rendered":"<p style=\"text-align: justify;\" align=\"center\"><span style=\"color: #0000ff;\"><span style=\"color: #000000;\"><a href=\"http:\/\/grzegorzjaszczura.pl\/http:\/\/grzegorzjaszczura.pl\/wp-content\/uploads\/2015\/06\/CAM03493.jpg\"><img loading=\"lazy\" decoding=\"async\" class=\"alignleft size-thumbnail wp-image-33707\" alt=\"CAM03493\" src=\"http:\/\/grzegorzjaszczura.pl\/http:\/\/grzegorzjaszczura.pl\/wp-content\/uploads\/2015\/06\/CAM03493-150x150.jpg\" width=\"150\" height=\"150\" \/><\/a>Dzisiaj w artykule kol. <strong>Kacpra Muszy\u0144skiego<\/strong> bardzo g\u0142\u0119bokie przes\u0142anie i wnioski. Polecam, ale nie <span style=\"color: #ff0000;\">lewakom<\/span>, chyba, \u017ce ci chcieliby wej\u015b\u0107 na w\u0142a\u015bciw\u0105 drog\u0119. Niestety takich jest ma\u0142o, wol\u0105 i\u015b\u0107 w zaparte. Tak, jak ci z polskoj\u0119zycznych medi\u00f3w, kt\u00f3rzy uwa\u017caj\u0105, \u017ce demokracja to jest tylko wtedy, gdy oni wygrywaj\u0105 co\u015b demokratycznie. Gdy przegraj\u0105, to demokracji nie ma. \ud83d\ude42 . <strong>\u015amieszni demokraci inaczej.<!--more--><\/strong> Polecam im zdobywanie wiedzy i prawdy: <a href=\"http:\/\/grzegorzjaszczura.pl\/?p=24683#more-24683\">http:\/\/grzegorzjaszczura.pl\/?p=24683#more-24683<\/a>. Tak\u017ce w nawi\u0105zaniu do wpisu: <a href=\"http:\/\/grzegorzjaszczura.pl\/?p=35930#more-35930\"><strong>Uchod\u017acy<\/strong><\/a>.<br \/>\n<\/span><\/span><\/p>\n<p style=\"text-align: justify;\"><span style=\"color: #0000ff;\"><b>\u201ePrzeciw rozdrabnianiu\u201d<\/b><\/span><\/p>\n<p style=\"text-align: justify;\"><span style=\"color: #0000ff;\"><b>Uszy i oczy g\u0142uchoniemej widowni wygodnie siedz\u0105cej przed kolorowymi telewizorami otumaniane s\u0105 ha\u0142asem,<\/b> kt\u00f3ry zdaje si\u0119 nie wydawa\u0107 pojedynczego d\u017awi\u0119ku sensownie wybrzmiewaj\u0105cego. Przecie\u017c argument\u00f3w <i>za <\/i>i <i>przeciw <\/i>socjalizmowi obie strony mog\u0105 sobie mno\u017cy\u0107 w niesko\u0144czono\u015b\u0107, a i tak nigdy si\u0119 nie zrozumiej\u0105, gdy\u017c stoj\u0105 na ca\u0142kowicie innych fundamentach etycznych. Ca\u0142a sprawa wok\u00f3\u0142 udowodnienia s\u0142uszno\u015bci ustroju socjalistycznego rozbija si\u0119 o stwierdzenie<b>, czy z\u0142odziej jest szlachetny, je\u015bli to, co ukrad\u0142, odda, przypu\u015b\u0107my, sierotom.<\/b><\/span><\/p>\n<p style=\"text-align: justify;\"><span style=\"color: #0000ff;\">P\u00f3ki wszechogarniaj\u0105ca i wszechobecna g\u0142upota nie mia\u0142a prawa g\u0142osu, cywilizacja Zachodu znana by\u0142a z obiektywizmu moralnego i etycznego. Kra\u015b\u0107 nie wolno i tyle \u2013 <b>\u015brodki wszak nie s\u0105 u\u015bwi\u0119cone przez cel,<\/b> cho\u0107by by\u0142 jak najbardziej po\u017c\u0105dany. Etyka sytuacyjna z drugiej strony to obcy naszym zwyczajom i Tradycji przybysz, kt\u00f3ry wdar\u0142 si\u0119 bezpardonowo do organizmu cywilizacji europejskiej. <b>\u201eNie mo\u017cna kra\u015b\u0107, NO CHYBA, \u017bE\u2026\u201d \u2013 tak oni m\u00f3wi\u0105. Prawica jednak ko\u0144czy to zdanie kropk\u0105 ju\u017c po \u201ekra\u015b\u0107\u201d.\u00a0 <\/b><\/span><\/p>\n<p style=\"text-align: justify;\"><span style=\"color: #0000ff;\"><a href=\"http:\/\/grzegorzjaszczura.pl\/http:\/\/grzegorzjaszczura.pl\/wp-content\/uploads\/2014\/01\/zakaz-skr\u0119tu2.jpg\"><img loading=\"lazy\" decoding=\"async\" class=\"alignleft size-full wp-image-26505\" alt=\"zakaz-skr\u0119tu\" src=\"http:\/\/grzegorzjaszczura.pl\/http:\/\/grzegorzjaszczura.pl\/wp-content\/uploads\/2014\/01\/zakaz-skr\u0119tu2.jpg\" width=\"120\" height=\"120\" \/><\/a>Ostatnie z\u0142ote kamyczki utwierdzone w twardej skale to\u017csamej z cywilizacj\u0105 zachodni\u0105 odpad\u0142y od jej solidnych fundament\u00f3w. <b>Nie trzeba by\u0107 ekspertem, a\u017ceby dostrzec, \u017ce Europa zjada sama siebie \u2013 a konkretniej, po\u017cera j\u0105 jej najwi\u0119kszy wr\u00f3g, kt\u00f3rego sama stworzy\u0142a: socjalizm &#8211; zostawiaj\u0105c po sobie pr\u00f3\u017cni\u0119, kt\u00f3ra oczywi\u015bcie samotno\u015bci nie znosi jak nikt inny.<\/b> Dlatego pustk\u0119 religijn\u0105 wype\u0142ni, rzecz jasna, religia islamska, natomiast polityczn\u0105 \u2013 czy\u017c znowu nie wr\u00f3g, kt\u00f3rego sam kto\u015b stworzy\u0142? <b>To socjalizm zostanie uznany winnym na S\u0105dzie Najwy\u017cszym.<\/b><\/span><\/p>\n<p style=\"text-align: justify;\"><span style=\"color: #0000ff;\">Nie trzeba bowiem u\u017cywa\u0107 s\u0142\u00f3w, aby co\u015b powiedzie\u0107 czy wyrazi\u0107. Obietnica pomocy socjalnej \u2013 czy tego chc\u0105, czy nie \u2013 pe\u0142ni rol\u0119 jaskrawego, oficjalnego zaproszenia. (To \u2013 id\u0105c za <b>red. Stanis\u0142awem Michalkiewiczem<\/b> \u2013 kolejny z niezliczonych dowod\u00f3w na to, \u017ce <b>pa\u0144stwo nie mo\u017ce by\u0107 neutralne \u015bwiatopogl\u0105dowo<\/b>.) Za\u0142\u00f3\u017cmy tylko, \u017ce nasz kraj jest swego rodzaju klatk\u0105. A je\u017celi kto\u015b zamkni\u0119ty jest w klatce, a w\u0142a\u015bciciel klatki wpu\u015bci do niej lwa, to czy\u017c \u00f3w \u201ekto\u015b\u201d ma wini\u0107 nieszcz\u0119sne zwierz\u0119?<\/span><\/p>\n<p style=\"text-align: justify;\"><span style=\"color: #0000ff;\">Dziwi mnie zatem rzucanie kamieniem w ludno\u015b\u0107 nap\u0142ywaj\u0105c\u0105 z Bliskiego Wschodu (nawet maj\u0105c \u015bwiadomo\u015b\u0107, \u017ce wielu z nich nie po sam <i>socjal<\/i> tu przyje\u017cd\u017ca\u2026), gdy\u017c ich wina jest tylko po\u015brednia. Znaczy to, \u017ce oni s\u0105 jedynie mniejszym lub wi\u0119kszym objawem potwornego chor\u00f3bska<b>. Nawet ich fizyczne zlikwidowanie nie spowoduje poprawy stanu podgor\u0105czkowego. Nale\u017cy zlikwidowa\u0107 socjalizm.<\/b><\/span><\/p>\n<p style=\"text-align: justify;\"><span style=\"color: #0000ff;\">Pokusz\u0119 si\u0119 o stwierdzenie, \u017ce najbardziej szary i przeci\u0119tny obserwator sceny politycznej, na kt\u00f3rego nie dzia\u0142aj\u0105 \u017cadne sugestie czy wp\u0142ywy, po rzuceniu okiem na to, co dzieje si\u0119 w Europie, uzna\u0142by, \u017ce 80% przedstawicieli pa\u0144stw Europy Zachodniej to, nie ukrywaj\u0105ca nawet swoich zamiar\u00f3w, agentura islamistyczna. <b>Nale\u017cy zda\u0107 sobie w ko\u0144cu spraw\u0119 z tego, \u017ce to nie islam i Arabowie wypychaj\u0105 nas z Europy, lecz to my im robimy miejsce: dla religii (niszcz\u0105c w\u0142asn\u0105) oraz dla samych ludzi (popieraj\u0105c aborcj\u0119 i prowadz\u0105c polityk\u0119, w kt\u00f3rej trudno wychowa\u0107 chocia\u017cby jedno dziecko).<\/b><\/span><\/p>\n<p style=\"text-align: justify;\"><span style=\"color: #0000ff;\"><a href=\"http:\/\/grzegorzjaszczura.pl\/http:\/\/grzegorzjaszczura.pl\/wp-content\/uploads\/2015\/12\/037.jpg\"><img loading=\"lazy\" decoding=\"async\" class=\"alignleft size-thumbnail wp-image-36130\" alt=\"037\" src=\"http:\/\/grzegorzjaszczura.pl\/http:\/\/grzegorzjaszczura.pl\/wp-content\/uploads\/2015\/12\/037-150x150.jpg\" width=\"150\" height=\"150\" \/><\/a>Nie wspominam nawet, \u017ce dla nas \u201eprawdziwszymi\u201d (od islamist\u00f3w) wrogami s\u0105 ci, kt\u00f3rzy paradoksalnie s\u0105 r\u00f3wnie\u017c wrogami opisywanych wy\u017cej wrog\u00f3w (<i>vide <\/i>bezpodstawne roszczenie maj\u0105tkowe)\u2026 Ci jednak zdaj\u0105 si\u0119 by\u0107 dla 90% spo\u0142ecze\u0144stwa niewidzialni. <b>Nawet gdy Polak oskar\u017cany jest o najwi\u0119ksz\u0105 zbrodni\u0119 przeciw ludzko\u015bci, tj. antysemityzm, to r\u00f3wnie\u017c wtedy jawi si\u0119 nam wy\u0142\u0105cznie wina i winowajca, natomiast \u201eich\u201d nie ma. (?)<\/b><\/span><\/p>\n<p style=\"text-align: justify;\"><span style=\"color: #0000ff;\"><strong><a href=\"http:\/\/grzegorzjaszczura.pl\/http:\/\/grzegorzjaszczura.pl\/wp-content\/uploads\/2015\/11\/20151111_194050.jpg\"><img loading=\"lazy\" decoding=\"async\" class=\"alignleft size-thumbnail wp-image-35944\" alt=\"20151111_194050\" src=\"http:\/\/grzegorzjaszczura.pl\/http:\/\/grzegorzjaszczura.pl\/wp-content\/uploads\/2015\/11\/20151111_194050-150x150.jpg\" width=\"150\" height=\"150\" \/><\/a>M\u0105dry Europejczyk po szkodzie \u2013 mo\u017cna sparafrazowa\u0107.<\/strong> Przynajmniej niekt\u00f3re pa\u0144stwa zdaj\u0105 si\u0119 powoli otwiera\u0107 sklejone oczy i budzi\u0107 si\u0119 z przed\u0142u\u017conego snu, jak Szwecja, kt\u00f3ra niedawno stwierdzi\u0142a z pokor\u0105, \u017ce \u201eby\u0142a naiwna\u201d. Wielu przyw\u00f3dc\u00f3w europejskich najch\u0119tniej spu\u015bci\u0142aby kolejn\u0105 \u017celazn\u0105 kurtyn\u0119 wok\u00f3\u0142 swoich granic tak, aby nie dopu\u015bci\u0107 do zal\u0119gni\u0119cia si\u0119 <i>personae non gratae<\/i>. To na nic si\u0119 zda. <b>Nale\u017cy w ko\u0144cu zwin\u0105\u0107 czerwony dywan, kt\u00f3ry k\u0142adziony jest na fundamentach cywilizacji europejskiej, a po kt\u00f3rym depcz\u0105 zast\u0119py kiedy\u015b ni\u017cej cywilizowane. To jest socjalizm.<\/b> Skoro spowodowali\u015bmy sytuacj\u0119, gdzie pchaj\u0105 si\u0119 do nas drzwiami i oknami, nale\u017cy teraz zwin\u0105\u0107 interes i sprawi\u0107, \u017ce islami\u015bci nie b\u0119d\u0105 chcieli na Europ\u0119 nawet patrzy\u0107. Strze\u017cenie granic nie wystarczy<b>. Oni ju\u017c tu s\u0105 \u2013 to jest to, co trzeba mie\u0107 na uwadze.<\/b><\/span><\/p>\n<p align=\"right\"><span style=\"color: #0000ff;\"><b><i>Kacper Muszy\u0144ski<\/i><\/b><\/span><\/p>\n","protected":false},"excerpt":{"rendered":"<p>Dzisiaj w artykule kol. Kacpra Muszy\u0144skiego bardzo g\u0142\u0119bokie przes\u0142anie i wnioski. Polecam, ale nie lewakom, chyba, \u017ce ci chcieliby wej\u015b\u0107 na w\u0142a\u015bciw\u0105 drog\u0119. Niestety takich jest ma\u0142o, wol\u0105 i\u015b\u0107 w zaparte. Tak, jak ci z polskoj\u0119zycznych medi\u00f3w, kt\u00f3rzy uwa\u017caj\u0105, \u017ce demokracja to jest tylko wtedy, gdy oni wygrywaj\u0105 co\u015b demokratycznie. Gdy przegraj\u0105, to demokracji nie [&hellip;]<\/p>\n","protected":false},"author":2,"featured_media":0,"comment_status":"open","ping_status":"open","sticky":false,"template":"","format":"standard","meta":{"_monsterinsights_skip_tracking":false,"_monsterinsights_sitenote_active":false,"_monsterinsights_sitenote_note":"","_monsterinsights_sitenote_category":0,"footnotes":""},"categories":[3],"tags":[],"class_list":["post-36067","post","type-post","status-publish","format-standard","hentry","category-polityczne"],"_links":{"self":[{"href":"https:\/\/grzegorzjaszczura.pl\/index.php?rest_route=\/wp\/v2\/posts\/36067","targetHints":{"allow":["GET"]}}],"collection":[{"href":"https:\/\/grzegorzjaszczura.pl\/index.php?rest_route=\/wp\/v2\/posts"}],"about":[{"href":"https:\/\/grzegorzjaszczura.pl\/index.php?rest_route=\/wp\/v2\/types\/post"}],"author":[{"embeddable":true,"href":"https:\/\/grzegorzjaszczura.pl\/index.php?rest_route=\/wp\/v2\/users\/2"}],"replies":[{"embeddable":true,"href":"https:\/\/grzegorzjaszczura.pl\/index.php?rest_route=%2Fwp%2Fv2%2Fcomments&post=36067"}],"version-history":[{"count":19,"href":"https:\/\/grzegorzjaszczura.pl\/index.php?rest_route=\/wp\/v2\/posts\/36067\/revisions"}],"predecessor-version":[{"id":36165,"href":"https:\/\/grzegorzjaszczura.pl\/index.php?rest_route=\/wp\/v2\/posts\/36067\/revisions\/36165"}],"wp:attachment":[{"href":"https:\/\/grzegorzjaszczura.pl\/index.php?rest_route=%2Fwp%2Fv2%2Fmedia&parent=36067"}],"wp:term":[{"taxonomy":"category","embeddable":true,"href":"https:\/\/grzegorzjaszczura.pl\/index.php?rest_route=%2Fwp%2Fv2%2Fcategories&post=36067"},{"taxonomy":"post_tag","embeddable":true,"href":"https:\/\/grzegorzjaszczura.pl\/index.php?rest_route=%2Fwp%2Fv2%2Ftags&post=36067"}],"curies":[{"name":"wp","href":"https:\/\/api.w.org\/{rel}","templated":true}]}}