{"id":36594,"date":"2016-01-06T16:22:18","date_gmt":"2016-01-06T15:22:18","guid":{"rendered":"http:\/\/grzegorzjaszczura.pl\/?p=36594"},"modified":"2016-01-06T16:22:18","modified_gmt":"2016-01-06T15:22:18","slug":"dekomunizacja-i-dekapusizacja","status":"publish","type":"post","link":"https:\/\/grzegorzjaszczura.pl\/?p=36594","title":{"rendered":"dekomunizacja i dekapusizacja"},"content":{"rendered":"<p style=\"text-align: justify;\"><a href=\"http:\/\/grzegorzjaszczura.pl\/http:\/\/grzegorzjaszczura.pl\/wp-content\/uploads\/2016\/01\/za\u015bwiadcz.2004.02.27.jpg\"><img loading=\"lazy\" decoding=\"async\" class=\"alignleft size-thumbnail wp-image-36606\" alt=\"za\u015bwiadcz.2004.02.27\" src=\"http:\/\/grzegorzjaszczura.pl\/http:\/\/grzegorzjaszczura.pl\/wp-content\/uploads\/2016\/01\/za\u015bwiadcz.2004.02.27-150x150.jpg\" width=\"150\" height=\"150\" \/><\/a>Dzisiaj informacja o tym, \u017ce <strong>dekomunizacja<\/strong> i <strong>dekapusizacja<\/strong> w\u015br\u00f3d Polak\u00f3w jest nie zako\u0144czona. Aczkolwiek obawiam si\u0119, \u017ce podporz\u0105dkowanie Polski, m.in. niemieckiej <span style=\"color: #ff0000;\"><strong>Unii Europejskiej<\/strong> <\/span>ma temu te\u017c s\u0142u\u017cy\u0107. W ko\u0144cu ich szefowa, niejaka tow. <strong>A. Merkel<\/strong> wywodzi si\u0119 z <span style=\"color: #ff0000;\">komunistycznego enerdowskiego<\/span> (ale przecie\u017c te\u017c niemieckiego) <span style=\"color: #ff0000;\">Komsomo\u0142u<\/span> \ud83d\ude42 .<!--more--><\/p>\n<p style=\"text-align: justify;\">Chcia\u0142bym poprze\u0107 <strong>dekapusizacj\u0119<\/strong> w Polsce na ka\u017cdym poziomie i w jak najbardziej szerokim zakresie. Aczkolwiek korzystaj\u0105c z do\u015bwiadcze\u0144 z <strong>1991<\/strong> roku mo\u017ce to i dobrze, \u017ce rz\u0105d <span style=\"color: #800080;\"><strong>PIS-u<\/strong><\/span> zacz\u0105\u0142 od <strong>Trybuna\u0142u Konstytucyjnego<\/strong>. Z antypolskimi polskoj\u0119zycznymi mediami te\u017c mam nadziej\u0119, \u017ce zmiany tu\u017c tu\u017c. <strong>Zobaczymy kiedy i czy zabior\u0105 si\u0119 tak\u017ce <span style=\"color: #800080;\">PIS-owcy<\/span> do niedoko\u0144czonej historii dekapusizacji.<\/strong><\/p>\n<p style=\"text-align: justify;\"><a href=\"http:\/\/grzegorzjaszczura.pl\/http:\/\/grzegorzjaszczura.pl\/wp-content\/uploads\/2016\/01\/ciesielczyk-marek.jpg\"><img loading=\"lazy\" decoding=\"async\" class=\"alignleft size-thumbnail wp-image-36608\" alt=\"ciesielczyk-marek\" src=\"http:\/\/grzegorzjaszczura.pl\/http:\/\/grzegorzjaszczura.pl\/wp-content\/uploads\/2016\/01\/ciesielczyk-marek-150x150.jpg\" width=\"150\" height=\"150\" \/><\/a>Przy okazji chcia\u0142em zach\u0119ci\u0107 do przeczytania ksi\u0105\u017cki <strong>Marka Ciesielczyka<\/strong> na temat komunistycznych agent\u00f3w polonijnych. Za granic\u0105 mo\u017cna j\u0105 naby\u0107 internetowo w chicagowskiej ksi\u0119garni Quo vadis \u2013 tutaj: <a href=\"http:\/\/www.quovadisbooks.net\/historia-polski-polityka\/38885-polonijni-agenci-sluzby-bezpieczenstwa.html\" target=\"_blank\">http:\/\/www.quovadisbooks.net\/historia&#8230;,<\/a> za\u015b w Polsce \u2013 pod adresem mailowym: <a href=\"mailto:ujawni%C4%87.esbekow@gmail.com\">ujawni\u0107.esbekow@gmail.com.<\/a><\/p>\n<p style=\"text-align: justify;\"><a href=\"http:\/\/grzegorzjaszczura.pl\/http:\/\/grzegorzjaszczura.pl\/wp-content\/uploads\/2016\/01\/polonia-usa.jpg\"><img loading=\"lazy\" decoding=\"async\" class=\"alignleft size-thumbnail wp-image-36617\" alt=\"polonia-usa\" src=\"http:\/\/grzegorzjaszczura.pl\/http:\/\/grzegorzjaszczura.pl\/wp-content\/uploads\/2016\/01\/polonia-usa-150x150.jpg\" width=\"150\" height=\"150\" \/><\/a>Niedawno ksi\u0105\u017cka ta promowana by\u0142a w <strong>USA<\/strong>: w Chicago, Wallington (New Jersey), Nowym Jorku, Waszyngtonie, na Florydzie w Clearwater (k.Tampy) i w Pompano Beach (k. Fort Lauderdale), a tak\u017ce w Kalifornii: w San Diego i Los Angeles.<\/p>\n<p style=\"text-align: justify;\">Wg <strong>M. Ciesielczyka<\/strong> nale\u017cy wydawa\u0107 takie ksi\u0105\u017cki z trzech podstawowych powod\u00f3w:<\/p>\n<p style=\"text-align: justify;\">&#8211; ze wzgl\u0119d\u00f3w historycznych<\/p>\n<p style=\"text-align: justify;\">&#8211; ze wzgl\u0119d\u00f3w moralnych (w ko\u0144cu \u017cyj\u0105 wci\u0105\u017c donosiciele &#8211; <strong>kapusie,<\/strong> kt\u00f3rzy nigdy nie wyrazili skruchy)<\/p>\n<p style=\"text-align: justify;\">&#8211; ze wzgl\u0119du na bezpiecze\u0144stwo Polak\u00f3w w USA\u00a0 (przecie\u017c ci <strong>kapusie<\/strong> mog\u0105 by\u0107 nadal szanta\u017cowani i nadal pracowa\u0107 na nasz\u0105 szkod\u0119).<\/p>\n<p style=\"text-align: justify;\">Opr\u00f3cz <span style=\"color: #ff0000;\">ubectwa<\/span> i <span style=\"color: #ff0000;\">esbectwa<\/span> w postaci agent\u00f3w <span style=\"color: #ff0000;\"><strong>TW<\/strong> <\/span>(tajny wsp\u00f3\u0142pracownik), <span style=\"color: #ff0000;\"><strong>KO<\/strong><\/span> (kontakt operacyjny) i <span style=\"color: #ff0000;\"><strong>KI<\/strong> <\/span>(kontakt informacyjny), byli tak\u017ce, o czym rzadko si\u0119 m\u00f3wi wsp\u00f3\u0142pracownicy <span style=\"color: #ff0000;\"><strong>SB<\/strong><\/span>, kt\u00f3rzy nic nie podpisywali, a przecie\u017c poprzez swoje donosicielstwo byli bardzo szkodliwi!<\/p>\n<p style=\"text-align: justify;\">Zreszt\u0105 zobacz wi\u0119cej w relacji filmowej tutaj: <a href=\"https:\/\/www.youtube.com\/watch?v=-OaVLJNaX5c\">https:\/\/www.youtube.com\/watch?v=-OaVLJNaX5c<\/a><\/p>\n<p style=\"text-align: justify;\"><a href=\"http:\/\/grzegorzjaszczura.pl\/http:\/\/grzegorzjaszczura.pl\/wp-content\/uploads\/2016\/01\/ciesielczyk-marek-2.jpg\"><img loading=\"lazy\" decoding=\"async\" class=\"alignleft size-thumbnail wp-image-36604\" alt=\"ciesielczyk-marek-2\" src=\"http:\/\/grzegorzjaszczura.pl\/http:\/\/grzegorzjaszczura.pl\/wp-content\/uploads\/2016\/01\/ciesielczyk-marek-2-150x150.jpg\" width=\"150\" height=\"150\" \/><\/a>Dr <strong>M. Ciesielczyk<\/strong> jest tak\u017ce autorem pierwszej w j\u0119zyku polskim ksi\u0105\u017cki nt. <span style=\"color: #ff0000;\"><strong>KGB<\/strong><\/span>, o kt\u00f3rej ks. prof. dr Joseph Bochenski \u2013 ojciec wsp\u00f3\u0142czesnej sowietologii &#8211; napisa\u0142: <em>\u201eJedna z najlepszych prac naukowych, jakie znam w tej dziedzinie\u201d<\/em>.<\/p>\n<p style=\"text-align: justify;\">Ciekawe, czy rz\u0105dz\u0105ce teraz <span style=\"color: #800080;\"><strong>PiS<\/strong><\/span> doprowadzi do ujawnienia zasob\u00f3w tzw. archiwum wyodr\u0119bnionego, kt\u00f3re kryje (m.in.) nazwiska najwa\u017cniejszych agent\u00f3w s\u0142u\u017cb specjalnych, tak\u017ce tych, kt\u00f3rzy infiltrowali \u015brodowiska patriotyczne w Polsce i za granic\u0105 ju\u017c po <strong>1989<\/strong> roku?<strong> \u017byczy\u0142bym sobie tego.<\/strong><\/p>\n","protected":false},"excerpt":{"rendered":"<p>Dzisiaj informacja o tym, \u017ce dekomunizacja i dekapusizacja w\u015br\u00f3d Polak\u00f3w jest nie zako\u0144czona. Aczkolwiek obawiam si\u0119, \u017ce podporz\u0105dkowanie Polski, m.in. niemieckiej Unii Europejskiej ma temu te\u017c s\u0142u\u017cy\u0107. W ko\u0144cu ich szefowa, niejaka tow. A. Merkel wywodzi si\u0119 z komunistycznego enerdowskiego (ale przecie\u017c te\u017c niemieckiego) Komsomo\u0142u \ud83d\ude42 .<\/p>\n","protected":false},"author":2,"featured_media":0,"comment_status":"open","ping_status":"open","sticky":false,"template":"","format":"standard","meta":{"_monsterinsights_skip_tracking":false,"_monsterinsights_sitenote_active":false,"_monsterinsights_sitenote_note":"","_monsterinsights_sitenote_category":0,"footnotes":""},"categories":[6],"tags":[],"class_list":["post-36594","post","type-post","status-publish","format-standard","hentry","category-bez-cenzury"],"_links":{"self":[{"href":"https:\/\/grzegorzjaszczura.pl\/index.php?rest_route=\/wp\/v2\/posts\/36594","targetHints":{"allow":["GET"]}}],"collection":[{"href":"https:\/\/grzegorzjaszczura.pl\/index.php?rest_route=\/wp\/v2\/posts"}],"about":[{"href":"https:\/\/grzegorzjaszczura.pl\/index.php?rest_route=\/wp\/v2\/types\/post"}],"author":[{"embeddable":true,"href":"https:\/\/grzegorzjaszczura.pl\/index.php?rest_route=\/wp\/v2\/users\/2"}],"replies":[{"embeddable":true,"href":"https:\/\/grzegorzjaszczura.pl\/index.php?rest_route=%2Fwp%2Fv2%2Fcomments&post=36594"}],"version-history":[{"count":30,"href":"https:\/\/grzegorzjaszczura.pl\/index.php?rest_route=\/wp\/v2\/posts\/36594\/revisions"}],"predecessor-version":[{"id":36736,"href":"https:\/\/grzegorzjaszczura.pl\/index.php?rest_route=\/wp\/v2\/posts\/36594\/revisions\/36736"}],"wp:attachment":[{"href":"https:\/\/grzegorzjaszczura.pl\/index.php?rest_route=%2Fwp%2Fv2%2Fmedia&parent=36594"}],"wp:term":[{"taxonomy":"category","embeddable":true,"href":"https:\/\/grzegorzjaszczura.pl\/index.php?rest_route=%2Fwp%2Fv2%2Fcategories&post=36594"},{"taxonomy":"post_tag","embeddable":true,"href":"https:\/\/grzegorzjaszczura.pl\/index.php?rest_route=%2Fwp%2Fv2%2Ftags&post=36594"}],"curies":[{"name":"wp","href":"https:\/\/api.w.org\/{rel}","templated":true}]}}