{"id":37506,"date":"2016-03-02T14:39:10","date_gmt":"2016-03-02T13:39:10","guid":{"rendered":"http:\/\/grzegorzjaszczura.pl\/?p=37506"},"modified":"2016-03-09T07:58:38","modified_gmt":"2016-03-09T06:58:38","slug":"lech-kowalski-cze-kiszczak","status":"publish","type":"post","link":"https:\/\/grzegorzjaszczura.pl\/?p=37506","title":{"rendered":"Lech Kowalski &#8211; Cze.Kiszczak"},"content":{"rendered":"<p style=\"text-align: justify;\"><a href=\"http:\/\/grzegorzjaszczura.pl\/http:\/\/grzegorzjaszczura.pl\/wp-content\/uploads\/2016\/02\/20160227_161829.jpg\"><img loading=\"lazy\" decoding=\"async\" class=\"alignleft size-thumbnail wp-image-37510\" alt=\"20160227_161829\" src=\"http:\/\/grzegorzjaszczura.pl\/http:\/\/grzegorzjaszczura.pl\/wp-content\/uploads\/2016\/02\/20160227_161829-150x150.jpg\" width=\"150\" height=\"150\" \/><\/a>Tym razem spotkanie z p\u0142k. dr. <strong>Lechem Kowalskim<\/strong> odby\u0142o si\u0119 w dniu <strong>27.02.2016 r.<\/strong> w Salce Konferencyjnej przy <strong>Bazylice NMPA w D\u0105browie G\u00f3rniczej<\/strong> zgodnie z planem. Poprzedni termin zosta\u0142 przesuni\u0119ty ze wzgl\u0119du na nominacj\u0119 <strong>Szanownego prelegenta<\/strong>, wyk\u0142adowcy akademickiego, historyka wojskowo\u015bci i pisarza na stanowisko Wiceministra Obrony Narodowej.<strong> L. Kowalski<\/strong> przyjecha\u0142 do D\u0105browy G\u00f3rniczej<!--more--> i Katowic na zaproszenie <strong>Opcji na Prawo<\/strong>, <strong>Klubu Gazety Polskiej<\/strong> i <strong>Akademii Patriot\u00f3w<\/strong>.<\/p>\n<p style=\"text-align: justify;\">Spotkanie by\u0142o promocj\u0105 jego ksi\u0105\u017cki &#8211; biografii po\u015bwi\u0119conej komunistycznemu<span style=\"color: #0000ff;\"> &#8222;enkawudowsko-ubeckiemu dzieci\u0119ciu, wyros\u0142emu na piersi czo\u0142owych zbrodniarzy sowieckich s\u0142u\u017cb specjalnych, kt\u00f3rych przys\u0142ano do powojennej Polski, by wesp\u00f3\u0142 z rodzim\u0105 bezpiek\u0105 cywiln\u0105 i wojskow\u0105 oraz pepeerowskimi komunistami wsp\u00f3\u0142tworzyli \u015bwiat pe\u0142en iluzji ideologicznych i bolszewickiego zak\u0142amania. <strong>&#8222;Cyngiel&#8221;<\/strong>, &#8222;najgro\u017aniejszy egzekutor genera\u0142a Jaruzelskiego&#8221;, jak okre\u015blili go genera\u0142owie wojska ludowego [&#8230;]&#8221;<\/span>, czyli <strong>Czes\u0142awowi Kiszczakowi<\/strong>, aby nie przed\u0142u\u017ca\u0107 cytatu o tym komuni\u015bcie z ksi\u0105\u017cki <strong>L. Kowalskiego<\/strong>. Biografia komunisty <strong>Cze.Kiszczaka<\/strong> ma ponad 700 stron, a i tak zosta\u0142a o 300 stron skr\u00f3cona ze wzgl\u0119d\u00f3w wydawniczych, jak m\u00f3wi\u0142 <strong>L. Kowalski<\/strong>. Geneza jej powstania to rok 1994, gdy autorowi, zajmuj\u0105cemu si\u0119 wtedy pisaniem biografii innego komunistycznego, sowieckiego, czerwonego kacyka tow. <strong>W. Jaruzelskiego<\/strong>, poradzono, aby nie zajmowa\u0142 si\u0119 tym. Oczywi\u015bcie wywo\u0142a\u0142o to przeciwny skutek.<\/p>\n<p style=\"text-align: justify;\"><strong><a href=\"http:\/\/grzegorzjaszczura.pl\/http:\/\/grzegorzjaszczura.pl\/wp-content\/uploads\/2016\/02\/magdalenka-1.jpg\"><img loading=\"lazy\" decoding=\"async\" class=\"alignleft size-thumbnail wp-image-37526\" alt=\"magdalenka-1\" src=\"http:\/\/grzegorzjaszczura.pl\/http:\/\/grzegorzjaszczura.pl\/wp-content\/uploads\/2016\/02\/magdalenka-1-150x150.jpg\" width=\"150\" height=\"150\" \/><\/a>Akurat na czasie puszczane (przez wreszcie polsk\u0105 TV publiczn\u0105) ta\u015bmy z Magdalenki, jednoznacznie okre\u015blaj\u0105 do jakiego k\u0142amstwa wobec Polak\u00f3w dosz\u0142o przy okr\u0105g\u0142ym stole.<\/strong> To <strong>Cze.Kiszczak<\/strong> i jego &#8222;wsp\u00f3\u0142pracownik&#8221; <strong>L. Wa\u0142\u0119sa<\/strong> odegrali czo\u0142ow\u0105 rol\u0119 w kiwni\u0119ciu robotnik\u00f3w i ch\u0142op\u00f3w Polskich. <span style=\"color: #ff0000;\">Inteligencja<\/span> te\u017c jak wida\u0107 na filmie, w szczeg\u00f3lno\u015bci <span style=\"color: #ff0000;\">trockistowska<\/span>, zajmowa\u0142a si\u0119 tam g\u0142\u00f3wnie fraternizacj\u0105 z ubekami! i \u017ale (co trzeba z perspektywy ostatnich 27 lat podkre\u015bli\u0107), na tym nie wysz\u0142a. Wr\u0119cz przeciwnie <strong>podzieli\u0142a &#8222;tort&#8221; wypracowany przez robotnik\u00f3w i ch\u0142op\u00f3w za czas\u00f3w komunistycznych sowieckich mi\u0119dzy siebie i \u017cadnych zmian nie potrzebuje<\/strong>. Tylko dlaczego tak wielu Polak\u00f3w ledwie wi\u0105\u017ce koniec z ko\u0144cem? Oczywi\u015bcie zapytuj\u0119 retorycznie i w ramach roz\u015bmieszenia Czytelnika \ud83d\ude42<\/p>\n<p style=\"text-align: justify;\"><a href=\"http:\/\/grzegorzjaszczura.pl\/http:\/\/grzegorzjaszczura.pl\/wp-content\/uploads\/2016\/02\/20160227_152142.jpg\"><img loading=\"lazy\" decoding=\"async\" class=\"alignleft size-thumbnail wp-image-37543\" alt=\"20160227_152142\" src=\"http:\/\/grzegorzjaszczura.pl\/http:\/\/grzegorzjaszczura.pl\/wp-content\/uploads\/2016\/02\/20160227_152142-150x150.jpg\" width=\"150\" height=\"150\" \/><\/a>Wracaj\u0105c <em>stricte<\/em> do tematu spotkania.\u00a0 <strong>L. Kowalski<\/strong> m\u00f3wi\u0142 o Kiszczaku, m.in. o problemie z jego poch\u00f3wkiem, albowiem uda\u0142o si\u0119 go pochowa\u0107 dopiero na cmentarzu prawos\u0142awnym. Czy wi\u0105\u017ce si\u0119 to z jego ew. ukrai\u0144skim pochodzeniem, autor biografii jeszcze nie zd\u0105\u017cy\u0142 wyja\u015bni\u0107. Parafie bowiem odmawia\u0142y tow. <strong>M. Kiszczakowej<\/strong> zgody na poch\u00f3wek m\u0119\u017ca. Niestety <strong>Cze.Kiszczak<\/strong> by\u0142 nieroz\u0142\u0105cznie zwi\u0105zany z bagnem nieszcz\u0119\u015b\u0107 ludzkich, towarzysz\u0105cych jego karierze w s\u0142u\u017cbach. Celem <span style=\"color: #ff0000;\"><strong>Smersza<\/strong><\/span> i <strong><span style=\"color: #ff0000;\">NKWD<\/span><\/strong> by\u0142o wprowadzenie komunizmu na ziemie nie tylko polskie, ale ca\u0142ej Europy i \u015bwiata za ka\u017cd\u0105 cen\u0119! Jego kariera (tj. <strong>Cze.Kiszczaka<\/strong>) toczy\u0142a si\u0119 modelowo, a przyspieszeniu uleg\u0142a w <strong>1970 r.<\/strong>, po zauwa\u017ceniu 12-letniego ju\u017c wtedy sta\u017cem pu\u0142kownika <strong>Cze.Kiszczaka<\/strong> przez <strong>W. Jaruzelskiego<\/strong>. M.in., jak m\u00f3wi\u0142 <strong>L. Kowalski<\/strong>, zbli\u017cy\u0142a ich akcja od\u017cydzania wojska polskiego z lat sze\u015b\u0107dziesi\u0105tych oraz inwazja wojsk Uk\u0142adu Warszawskiego na Czechos\u0142owacj\u0119.<\/p>\n<p style=\"text-align: justify;\"><a href=\"http:\/\/grzegorzjaszczura.pl\/http:\/\/grzegorzjaszczura.pl\/wp-content\/uploads\/2016\/02\/20160227_153555.jpg\"><img loading=\"lazy\" decoding=\"async\" class=\"alignleft size-thumbnail wp-image-37549\" alt=\"20160227_153555\" src=\"http:\/\/grzegorzjaszczura.pl\/http:\/\/grzegorzjaszczura.pl\/wp-content\/uploads\/2016\/02\/20160227_153555-150x150.jpg\" width=\"150\" height=\"150\" \/><\/a>Pad\u0142o tak\u017ce pytanie o zab\u00f3jstwo <strong>b\u0142.<\/strong> <strong>ks. J,. Popie\u0142uszki<\/strong>, za kt\u00f3re tow. <strong>Cze.Kiszczak<\/strong> niestety jeszcze nie zosta\u0142 w\u0142a\u015bciwie os\u0105dzony. Wg <strong>L. Kowalskiego,<\/strong> <strong>b\u0142. ks. Jerzy<\/strong> nie zosta\u0142 zabity przez oprawc\u00f3w komunistycznych <strong>19 pa\u017adziernika 1984 r.<\/strong>, lecz co sugerowa\u0142 prelegent, skatowany przez prawdopodobnie oficer\u00f3w <strong>WSW<\/strong> jad\u0105cych w drugim samochodzie za samochodem, w kt\u00f3rym jecha\u0142 komunista kapitan <span style=\"color: #ff0000;\">S\u0142u\u017cby Bezpiecze\u0144stwa<\/span> tow. <strong>G. Piotrowski<\/strong>. A powi\u0105zania wskazuj\u0105 na <span style=\"color: #ff0000;\"><strong>KGB<\/strong><\/span> i okolice bazy sowieckiej w okolicach <strong>Kazunia<\/strong>. &#8222;<span style=\"color: #333333; font-family: Times New Roman;\">Wiele wskazuje na to, \u017ce przed morderstwem kap\u0142ana przez pi\u0119\u0107 dni wi\u0119ziono i torturowano na terenie bazy sowieckiej ko\u0142o Kazunia. W latach 90. oraz 2003-2004 \u015bledztwo prowadzi\u0142 prokurator Andrzej Witkowski. Dwukrotnie odsuwano go od sprawy, zazwyczaj wtedy, gdy udawa\u0142o mu si\u0119 zebra\u0107 nowy materia\u0142 dowodowy.&#8221;. <\/span><\/p>\n<p style=\"text-align: justify;\">Tak g&#8217;woli informacji prok. <strong>A. Witkowskiego<\/strong> odsuwa\u0142 od \u015bledztwa minister sprawiedliwo\u015bci prof. <strong>W. Chrzanowski<\/strong> (TW Sp\u00f3\u0142dzielca), a potem szef pionu \u015bledczego<strong> IPN<\/strong> prof. <strong>W. Kulesza<\/strong>. To tylko kolejne dowody jak Polacy zostali oszukani przy okr\u0105g\u0142ym stole!<\/p>\n<p style=\"text-align: justify;\"><a href=\"http:\/\/grzegorzjaszczura.pl\/http:\/\/grzegorzjaszczura.pl\/wp-content\/uploads\/2016\/02\/20160227_152158.jpg\"><img loading=\"lazy\" decoding=\"async\" class=\"alignleft size-thumbnail wp-image-37544\" alt=\"20160227_152158\" src=\"http:\/\/grzegorzjaszczura.pl\/http:\/\/grzegorzjaszczura.pl\/wp-content\/uploads\/2016\/02\/20160227_152158-150x150.jpg\" width=\"150\" height=\"150\" \/><\/a>Na koniec pyta\u0144 zadawanych dr. <strong>L. Kowalskiemu<\/strong> poruszono spraw\u0119 afery <strong>FOZZ<\/strong>. Z <strong>1800 milion\u00f3w dol.<\/strong>, kt\u00f3re wyprowadzili komuni\u015bci z kraju, tylko <strong>68 mln dol.<\/strong> posz\u0142o na sp\u0142at\u0119 d\u0142ug\u00f3w pa\u0144stwa komunistycznego PRL. <strong>To jest najlepszym podsumowaniem dzia\u0142a\u0144 komunist\u00f3w (w tym <span style=\"color: #ff0000;\">Cze.Kiszczaka<\/span>) i tych, kt\u00f3rzy si\u0119 z nimi zbratali przy okr\u0105g\u0142ym stole!<\/strong><\/p>\n<p style=\"text-align: justify;\"><a href=\"http:\/\/grzegorzjaszczura.pl\/http:\/\/grzegorzjaszczura.pl\/wp-content\/uploads\/2016\/02\/20160227_151835.jpg\"><img loading=\"lazy\" decoding=\"async\" class=\"alignleft size-thumbnail wp-image-37546\" alt=\"20160227_151835\" src=\"http:\/\/grzegorzjaszczura.pl\/http:\/\/grzegorzjaszczura.pl\/wp-content\/uploads\/2016\/02\/20160227_151835-150x150.jpg\" width=\"150\" height=\"150\" \/><\/a><a href=\"http:\/\/grzegorzjaszczura.pl\/http:\/\/grzegorzjaszczura.pl\/wp-content\/uploads\/2016\/02\/20160227_152042.jpg\"><img loading=\"lazy\" decoding=\"async\" class=\"alignleft size-thumbnail wp-image-37547\" alt=\"20160227_152042\" src=\"http:\/\/grzegorzjaszczura.pl\/http:\/\/grzegorzjaszczura.pl\/wp-content\/uploads\/2016\/02\/20160227_152042-150x150.jpg\" width=\"150\" height=\"150\" \/><\/a><\/p>\n","protected":false},"excerpt":{"rendered":"<p>Tym razem spotkanie z p\u0142k. dr. Lechem Kowalskim odby\u0142o si\u0119 w dniu 27.02.2016 r. w Salce Konferencyjnej przy Bazylice NMPA w D\u0105browie G\u00f3rniczej zgodnie z planem. Poprzedni termin zosta\u0142 przesuni\u0119ty ze wzgl\u0119du na nominacj\u0119 Szanownego prelegenta, wyk\u0142adowcy akademickiego, historyka wojskowo\u015bci i pisarza na stanowisko Wiceministra Obrony Narodowej. L. Kowalski przyjecha\u0142 do D\u0105browy G\u00f3rniczej<\/p>\n","protected":false},"author":2,"featured_media":0,"comment_status":"open","ping_status":"open","sticky":false,"template":"","format":"standard","meta":{"_monsterinsights_skip_tracking":false,"_monsterinsights_sitenote_active":false,"_monsterinsights_sitenote_note":"","_monsterinsights_sitenote_category":0,"footnotes":""},"categories":[3],"tags":[],"class_list":["post-37506","post","type-post","status-publish","format-standard","hentry","category-polityczne"],"_links":{"self":[{"href":"https:\/\/grzegorzjaszczura.pl\/index.php?rest_route=\/wp\/v2\/posts\/37506","targetHints":{"allow":["GET"]}}],"collection":[{"href":"https:\/\/grzegorzjaszczura.pl\/index.php?rest_route=\/wp\/v2\/posts"}],"about":[{"href":"https:\/\/grzegorzjaszczura.pl\/index.php?rest_route=\/wp\/v2\/types\/post"}],"author":[{"embeddable":true,"href":"https:\/\/grzegorzjaszczura.pl\/index.php?rest_route=\/wp\/v2\/users\/2"}],"replies":[{"embeddable":true,"href":"https:\/\/grzegorzjaszczura.pl\/index.php?rest_route=%2Fwp%2Fv2%2Fcomments&post=37506"}],"version-history":[{"count":52,"href":"https:\/\/grzegorzjaszczura.pl\/index.php?rest_route=\/wp\/v2\/posts\/37506\/revisions"}],"predecessor-version":[{"id":37734,"href":"https:\/\/grzegorzjaszczura.pl\/index.php?rest_route=\/wp\/v2\/posts\/37506\/revisions\/37734"}],"wp:attachment":[{"href":"https:\/\/grzegorzjaszczura.pl\/index.php?rest_route=%2Fwp%2Fv2%2Fmedia&parent=37506"}],"wp:term":[{"taxonomy":"category","embeddable":true,"href":"https:\/\/grzegorzjaszczura.pl\/index.php?rest_route=%2Fwp%2Fv2%2Fcategories&post=37506"},{"taxonomy":"post_tag","embeddable":true,"href":"https:\/\/grzegorzjaszczura.pl\/index.php?rest_route=%2Fwp%2Fv2%2Ftags&post=37506"}],"curies":[{"name":"wp","href":"https:\/\/api.w.org\/{rel}","templated":true}]}}