{"id":3793,"date":"2010-06-06T13:49:29","date_gmt":"2010-06-06T11:49:29","guid":{"rendered":"http:\/\/grzegorzjaszczura.pl\/?p=3793"},"modified":"2010-06-07T06:39:40","modified_gmt":"2010-06-07T04:39:40","slug":"j-korwin-mikke-w-zaglebiu-dabrowskim","status":"publish","type":"post","link":"https:\/\/grzegorzjaszczura.pl\/?p=3793","title":{"rendered":"J. Korwin-Mikke w Zag\u0142\u0119biu D\u0105browskim"},"content":{"rendered":"<p style=\"text-align: justify;\"><span style=\"color: #0000ff;\"><strong><a href=\"http:\/\/grzegorzjaszczura.pl\/http:\/\/grzegorzjaszczura.pl\/wp-content\/uploads\/2010\/06\/IMG_0384-Korwin-Mikke-w-bazylice-0011.jpg\"><img loading=\"lazy\" decoding=\"async\" class=\"alignleft size-medium wp-image-3834\" title=\"IMG_0384 Korwin Mikke w bazylice 001\" src=\"http:\/\/grzegorzjaszczura.pl\/http:\/\/grzegorzjaszczura.pl\/wp-content\/uploads\/2010\/06\/IMG_0384-Korwin-Mikke-w-bazylice-0011-300x253.jpg\" alt=\"IMG_0384 Korwin Mikke w bazylice 001\" width=\"300\" height=\"253\" srcset=\"https:\/\/grzegorzjaszczura.pl\/http:\/\/grzegorzjaszczura.pl\/wp-content\/uploads\/2010\/06\/IMG_0384-Korwin-Mikke-w-bazylice-0011-300x253.jpg 300w, https:\/\/grzegorzjaszczura.pl\/http:\/\/grzegorzjaszczura.pl\/wp-content\/uploads\/2010\/06\/IMG_0384-Korwin-Mikke-w-bazylice-0011.jpg 736w\" sizes=\"auto, (max-width: 300px) 100vw, 300px\" \/><\/a>Kandydat na Prezydenta RP Pan Janusz Korwin-Mikke odwiedzi w najbli\u017cszym tygodniu dwukrotnie nasze Zag\u0142\u0119bie D\u0105browskie.<\/strong><\/span><\/p>\n<p style=\"text-align: justify;\"><span style=\"color: #0000ff;\"><strong>Kr\u00f3tki, ramowy plan pobytu J. Korwin-Mikke w Sosnowcu i D\u0105browie G\u00f3rniczej:<!--more--><\/strong><\/span><\/p>\n<p style=\"text-align: justify;\"><span style=\"color: #ff0000;\"><span style=\"text-decoration: underline;\"><strong>7 czerwiec (poniedzia\u0142ek):<\/strong><\/span><\/span><\/p>\n<p style=\"text-align: justify;\"><span style=\"color: #0000ff;\"><strong>11.00.<\/strong><\/span><span style=\"color: #0000ff;\"><strong> spotkanie z uczniami IV Liceum Og\u00f3lnokszta\u0142c\u0105cego<\/strong><\/span><span style=\"color: #0000ff;\"><strong> <\/strong><\/span><span style=\"color: #0000ff;\"><strong>im. St. Staszica w Sosnowcu<\/strong><\/span><\/p>\n<p style=\"text-align: justify;\"><span style=\"color: #0000ff;\"><strong>13.30. konferencja prasowa oraz spotkanie z wyborcami na &#8222;Patelni&#8221; w Sosnowcu, obok pomnika J. Kiepury<\/strong><\/span><\/p>\n<p style=\"text-align: justify;\"><span style=\"color: #ff0000;\"><span style=\"text-decoration: underline;\"><strong>13 czerwiec (niedziela):<\/strong><\/span><\/span><\/p>\n<p style=\"text-align: justify;\"><span style=\"color: #0000ff;\"><strong>13.00. z\u0142o\u017cenie wi\u0105zanki kwiat\u00f3w pod pomnikiem Papie\u017ca Jana Paw\u0142a II i Prymasa Tysi\u0105clecia S. Wyszy\u0144skiego w Bazylice N<\/strong><strong>MP Anielskiej w D\u0105browie G\u00f3rniczej<\/strong><\/span><\/p>\n<p style=\"text-align: justify;\"><span style=\"color: #0000ff;\"><strong>13.30. spotkanie z wyborcami, po\u0142\u0105czone z wyst\u0105pieniem wyborczym przed Pa\u0142acem Kultury Zag\u0142\u0119bia w D\u0105browie G\u00f3rniczej<br \/>\n<\/strong><\/span><\/p>\n<p style=\"text-align: justify;\"><span style=\"color: #0000ff;\"><strong>15.00 spacer nad jeziorem Pogoria III, po\u0142\u0105czony z rozmowami z Wyborcami<br \/>\n<\/strong><\/span><\/p>\n<p style=\"text-align: justify;\"><span style=\"color: #0000ff;\"><strong><br \/>\n<\/strong><\/span><\/p>\n<p style=\"text-align: justify;\">\n","protected":false},"excerpt":{"rendered":"<p>Kandydat na Prezydenta RP Pan Janusz Korwin-Mikke odwiedzi w najbli\u017cszym tygodniu dwukrotnie nasze Zag\u0142\u0119bie D\u0105browskie. Kr\u00f3tki, ramowy plan pobytu J. Korwin-Mikke w Sosnowcu i D\u0105browie G\u00f3rniczej:<\/p>\n","protected":false},"author":2,"featured_media":0,"comment_status":"open","ping_status":"open","sticky":false,"template":"","format":"standard","meta":{"_monsterinsights_skip_tracking":false,"_monsterinsights_sitenote_active":false,"_monsterinsights_sitenote_note":"","_monsterinsights_sitenote_category":0,"footnotes":""},"categories":[3],"tags":[],"class_list":["post-3793","post","type-post","status-publish","format-standard","hentry","category-polityczne"],"_links":{"self":[{"href":"https:\/\/grzegorzjaszczura.pl\/index.php?rest_route=\/wp\/v2\/posts\/3793","targetHints":{"allow":["GET"]}}],"collection":[{"href":"https:\/\/grzegorzjaszczura.pl\/index.php?rest_route=\/wp\/v2\/posts"}],"about":[{"href":"https:\/\/grzegorzjaszczura.pl\/index.php?rest_route=\/wp\/v2\/types\/post"}],"author":[{"embeddable":true,"href":"https:\/\/grzegorzjaszczura.pl\/index.php?rest_route=\/wp\/v2\/users\/2"}],"replies":[{"embeddable":true,"href":"https:\/\/grzegorzjaszczura.pl\/index.php?rest_route=%2Fwp%2Fv2%2Fcomments&post=3793"}],"version-history":[{"count":24,"href":"https:\/\/grzegorzjaszczura.pl\/index.php?rest_route=\/wp\/v2\/posts\/3793\/revisions"}],"predecessor-version":[{"id":3835,"href":"https:\/\/grzegorzjaszczura.pl\/index.php?rest_route=\/wp\/v2\/posts\/3793\/revisions\/3835"}],"wp:attachment":[{"href":"https:\/\/grzegorzjaszczura.pl\/index.php?rest_route=%2Fwp%2Fv2%2Fmedia&parent=3793"}],"wp:term":[{"taxonomy":"category","embeddable":true,"href":"https:\/\/grzegorzjaszczura.pl\/index.php?rest_route=%2Fwp%2Fv2%2Fcategories&post=3793"},{"taxonomy":"post_tag","embeddable":true,"href":"https:\/\/grzegorzjaszczura.pl\/index.php?rest_route=%2Fwp%2Fv2%2Ftags&post=3793"}],"curies":[{"name":"wp","href":"https:\/\/api.w.org\/{rel}","templated":true}]}}