{"id":40236,"date":"2016-10-27T09:30:57","date_gmt":"2016-10-27T07:30:57","guid":{"rendered":"http:\/\/grzegorzjaszczura.pl\/?p=40236"},"modified":"2016-10-27T09:30:57","modified_gmt":"2016-10-27T07:30:57","slug":"leszek-zebrowski","status":"publish","type":"post","link":"https:\/\/grzegorzjaszczura.pl\/?p=40236","title":{"rendered":"Leszek \u017bebrowski"},"content":{"rendered":"<p style=\"text-align: justify;\"><a href=\"http:\/\/grzegorzjaszczura.pl\/http:\/\/grzegorzjaszczura.pl\/wp-content\/uploads\/2016\/10\/20161018_175350.jpg\"><img loading=\"lazy\" decoding=\"async\" class=\"alignleft size-thumbnail wp-image-40352\" alt=\"20161018_175350\" src=\"http:\/\/grzegorzjaszczura.pl\/http:\/\/grzegorzjaszczura.pl\/wp-content\/uploads\/2016\/10\/20161018_175350-150x150.jpg\" width=\"150\" height=\"150\" \/><\/a>W dniu <strong>18 pa\u017adziernika 2016 r.<\/strong> (wtorek) o godz. 16.30 odby\u0142o si\u0119 spotkanie z <b>Leszkiem \u017bEBROWSKIM<\/b> &#8211; historykiem, publicyst\u0105 i dzia\u0142aczem spo\u0142ecznym. Cz\u0142owiekiem, kt\u00f3ry od lat zajmuje si\u0119 odk\u0142amywaniem Polskiej historii, kt\u00f3ry jako jeden z pierwszych zacz\u0105\u0142 walk\u0119 o przywr\u00f3cenie dobrego imienia <span style=\"color: #000080;\"><strong>\u017bo\u0142nierzom Wykl\u0119tym<\/strong><\/span>.<\/p>\n<p style=\"text-align: justify;\">Poprzednie spotkanie z <strong>L. \u017bebrowskim<\/strong>,<!--more--> na kt\u00f3rym by\u0142em, odby\u0142o si\u0119 w dniu 25.06.2013 r. i by\u0142o po\u015bwi\u0119cone <a href=\"http:\/\/grzegorzjaszczura.pl\/?p=24436#more-24436\"><strong>Narodowym Si\u0142om Zbrojnym<\/strong><\/a>. <a href=\"http:\/\/grzegorzjaszczura.pl\/http:\/\/grzegorzjaszczura.pl\/wp-content\/uploads\/2016\/10\/DSCN8116.jpg\"><img loading=\"lazy\" decoding=\"async\" class=\"alignleft size-thumbnail wp-image-40345\" alt=\"DSCN8116\" src=\"http:\/\/grzegorzjaszczura.pl\/http:\/\/grzegorzjaszczura.pl\/wp-content\/uploads\/2016\/10\/DSCN8116-150x150.jpg\" width=\"150\" height=\"150\" \/><\/a>Tematem ubieg\u0142otygodniowego spotkania by\u0142 natomiast:<i> <b>Wymiar \u201esprawiedliwo\u015bci\u201d po 1944 r. w Polsce Ludowej. <\/b><\/i>Nawi\u0105zywa\u0142 on do tocz\u0105cej si\u0119 w Polsce dyskusji o wymiarze sprawiedliwo\u015bci i potrzebie jego dog\u0142\u0119bnej reformy. Niestety historia tego niesprawiedliwego wymiaru sprawiedliwo\u015bci ma wp\u0142yw na sytuacj\u0119 w naszym kraju i dzia\u0142ania ludzi z <span style=\"color: #ff0000;\">&#8222;lepszej kasty&#8221;<\/span> czy <span style=\"color: #ff0000;\">Kodomit\u00f3w<\/span>.<br \/>\nSpotkanie\u00a0odby\u0142o si\u0119 w Klubie\u00a0VILLA\u00a0MODA w D\u0105browie G\u00f3rniczej przy ul. Ko\u015bciuszki 4 B (obok dworca PKP) <a href=\"http:\/\/villamoda.weebly.com\/kontakt.html\" target=\"_blank\">http:\/\/villamoda.weebly.com\/kontakt.html<\/a><\/p>\n<p style=\"text-align: justify;\"><a href=\"http:\/\/grzegorzjaszczura.pl\/http:\/\/grzegorzjaszczura.pl\/wp-content\/uploads\/2016\/10\/20161018_163107.jpg\"><img loading=\"lazy\" decoding=\"async\" class=\"alignleft size-thumbnail wp-image-40342\" alt=\"20161018_163107\" src=\"http:\/\/grzegorzjaszczura.pl\/http:\/\/grzegorzjaszczura.pl\/wp-content\/uploads\/2016\/10\/20161018_163107-150x150.jpg\" width=\"150\" height=\"150\" \/><\/a>Spotkanie prowadzi\u0142a Pani <strong>B. S\u0142owik<\/strong> oraz Pan <strong>J. Kowalski<\/strong>. Organizatorem spotkania by\u0142 Klub Gazety Polskiej w D\u0105browie G\u00f3rniczej oraz Pose\u0142 na Sejm RP Pan <strong>R. Warwas<\/strong>.<br \/>\n<a href=\"http:\/\/www.klubygp.pl\/dabrowa-gornicza-spotkanie-z-historykiem-i-publicysta-leszkiem-zebrowskim-18-pazdziernika\/\" target=\"_blank\">http:\/\/www.klubygp.pl\/dabrowa-gornicza-spotkanie-z-historykiem-i-publicysta-leszkiem-zebrowskim-18-pazdziernika\/<\/a><\/p>\n<p style=\"text-align: justify;\">Pan <strong>L. \u017bebrowski<\/strong> w dwugodzinnym wyk\u0142adzie du\u017cy nacisk po\u0142o\u017cy\u0142 na konieczno\u015b\u0107 zmiany z\u0142ego ustroju politycznego istniej\u0105cego w Polsce. Przyk\u0142adem jest cho\u0107by Trybuna\u0142 Konstytucyjny namaszczony w stanie wojennym (pierwszy wyrok wyda\u0142 jeszcze za poprzednich komunist\u00f3w w 1986 r.), przez komunist\u0119 <strong>W. Jaruzelskiego<\/strong> (<span style=\"color: #ff0000;\"><strong>PZPR<\/strong><\/span>, czyli satelity <span style=\"color: #ff0000;\"><strong>KPZS<\/strong><\/span>). Pa\u0144stwa prawa by\u0142y zawsze, tak\u017ce w <span style=\"color: #ff0000;\"><strong>Zwi\u0105zku Sowieckim<\/strong><\/span> czy <strong><span style=\"color: #ff0000;\">III Rzeszy<\/span><\/strong>, ale by\u0142y to pa\u0144stwa z\u0142ego prawa!<\/p>\n<p style=\"text-align: justify;\"><a href=\"http:\/\/grzegorzjaszczura.pl\/http:\/\/grzegorzjaszczura.pl\/wp-content\/uploads\/2016\/10\/20161018_162321.jpg\"><img loading=\"lazy\" decoding=\"async\" class=\"alignleft size-thumbnail wp-image-40338\" alt=\"20161018_162321\" src=\"http:\/\/grzegorzjaszczura.pl\/http:\/\/grzegorzjaszczura.pl\/wp-content\/uploads\/2016\/10\/20161018_162321-150x150.jpg\" width=\"150\" height=\"150\" \/><\/a>Bardzo zbli\u017cone do mnie ma Pan <strong>L. \u017bebrowski<\/strong> opinie w temacie lewackiej <span style=\"color: #ff0000;\"><strong>Unii E.<\/strong> <\/span>Mianowicie jest ona ewidentnie socjalistyczna, a ten\u017ce <span style=\"color: #ff0000;\">socjalizm europejski<\/span> jest kontynuacj\u0105 <span style=\"color: #ff0000;\">socjalizmu totalitarnego<\/span>, zar\u00f3wno socjalizmu narodowego niemieckiego jak i komunizmu sowieckiego.<\/p>\n<p style=\"text-align: justify;\"><strong>L. \u017bebrowski<\/strong> zdecydowanie popar\u0142 mo\u017cliwo\u015b\u0107 nauczania dzieci przez rodzic\u00f3w w domu, bez czapy urz\u0119dniczej, wci\u0105\u017c wywodz\u0105cej si\u0119 z komunizmu. Akurat to dobrze jest widoczne w D\u0105browie G\u00f3rniczej! Powszechn\u0105 sytuacj\u0105 staje si\u0119 narzucanie wi\u0119kszo\u015bci swoich standard\u00f3w przez mniejszo\u015b\u0107, np. przez mniejszo\u015b\u0107 homoseksualn\u0105 (pederast\u00f3w i lesbijki). Tu przyk\u0142ady mo\u017cna mno\u017cy\u0107.<\/p>\n<p style=\"text-align: justify;\">Nie mo\u017cna wg <strong>L. \u017bebrowskiego<\/strong> uzna\u0107, \u017ce Polska po <strong>1956 r.<\/strong> by\u0142a wolnym krajem, jak chcia\u0142by tego np. <strong>J. Kuro\u0144<\/strong>! (tw\u00f3rca czerwonego harcerstwa) czy wci\u0105\u017c jeszcze \u017cyj\u0105cy komuni\u015bci czy \u017cydokomuni\u015bci.<\/p>\n<p style=\"text-align: justify;\"><a href=\"http:\/\/grzegorzjaszczura.pl\/http:\/\/grzegorzjaszczura.pl\/wp-content\/uploads\/2016\/10\/20161018_175355.jpg\"><img loading=\"lazy\" decoding=\"async\" class=\"alignleft size-thumbnail wp-image-40343\" alt=\"20161018_175355\" src=\"http:\/\/grzegorzjaszczura.pl\/http:\/\/grzegorzjaszczura.pl\/wp-content\/uploads\/2016\/10\/20161018_175355-150x150.jpg\" width=\"150\" height=\"150\" \/><\/a>Co do tego komunistycznego aparatu &#8222;sprawiedliwo\u015bci&#8221;, to jako ciekawostk\u0119 podam, \u017ce najwy\u017cszy wymiar kary otrzyma\u0142 od tego komunistycznego wymiaru &#8222;sprawiedliwo\u015bci&#8221; Pan <strong>Wiktor Stryjewski<\/strong>, mianowicie <strong>38 kar \u015bmierci<\/strong> (w 1950 r.). Ludzie tworz\u0105cy system prawny (s\u0119dziowie, prokuratorzy, komornicy, notariusze) powinni zosta\u0107 rozliczeni, przede wszystkim wszyscy funkcjonariusze partii komunistycznej powinni by\u0107 usuni\u0119ci z zawodu. <strong>Powinna nast\u0105pi\u0107 dekomunizacja!<\/strong> Brak\u0142o tego po okr\u0105g\u0142ym stole, a nawet potem. Poniewa\u017c, gdy rozwi\u0105za\u0142a si\u0119 partia komunistyczna <span style=\"color: #ff0000;\"><strong>PZPR<\/strong><\/span> w 1990 r., to brak\u0142o przecie\u017c partnera z okr\u0105g\u0142ego sto\u0142u!!! Gdyby umowa okr\u0105g\u0142ego sto\u0142u by\u0142a czysta, to co za problem w przeprowadzeniu powy\u017cszego. Ci s\u0119dziowie nie p\u0142acili sk\u0142adek ubezpieczeniowych, czyli nie powinni otrzymywa\u0107 takich horrendalnych emerytur, jakie otrzymuj\u0105. Powinni mie\u0107 odebrany ten przywilej. W <span style=\"color: #ff0000;\">PRL<\/span> przez parti\u0119 komunistyczn\u0105 przewin\u0119\u0142o si\u0119 ok. 7-8 mln ludzi, a warto zauwa\u017cy\u0107, \u017ce <span style=\"color: #ff0000;\"><strong>PZPR<\/strong> <\/span>by\u0142a organizacja nielegaln\u0105, poniewa\u017c nie by\u0142a zarejestrowana w <span style=\"color: #ff0000;\">PRL<\/span>.<\/p>\n<p style=\"text-align: justify;\"><a href=\"http:\/\/grzegorzjaszczura.pl\/http:\/\/grzegorzjaszczura.pl\/wp-content\/uploads\/2016\/10\/DSCN8167.jpg\"><img loading=\"lazy\" decoding=\"async\" class=\"alignleft size-thumbnail wp-image-40340\" alt=\"DSCN8167\" src=\"http:\/\/grzegorzjaszczura.pl\/http:\/\/grzegorzjaszczura.pl\/wp-content\/uploads\/2016\/10\/DSCN8167-150x150.jpg\" width=\"150\" height=\"150\" \/><\/a>Spotkanie zako\u0144czy\u0142o zadawanie pyta\u0144 przez licznie zgromadzonych s\u0142uchaczy.<\/p>\n<p style=\"text-align: justify;\"><a href=\"http:\/\/grzegorzjaszczura.pl\/http:\/\/grzegorzjaszczura.pl\/wp-content\/uploads\/2016\/10\/20161018_162250.jpg\"><img loading=\"lazy\" decoding=\"async\" class=\"alignleft size-thumbnail wp-image-40347\" alt=\"20161018_162250\" src=\"http:\/\/grzegorzjaszczura.pl\/http:\/\/grzegorzjaszczura.pl\/wp-content\/uploads\/2016\/10\/20161018_162250-150x150.jpg\" width=\"150\" height=\"150\" \/><\/a><a href=\"http:\/\/grzegorzjaszczura.pl\/http:\/\/grzegorzjaszczura.pl\/wp-content\/uploads\/2016\/10\/20161018_163138.jpg\"><img loading=\"lazy\" decoding=\"async\" class=\"alignleft size-thumbnail wp-image-40348\" alt=\"20161018_163138\" src=\"http:\/\/grzegorzjaszczura.pl\/http:\/\/grzegorzjaszczura.pl\/wp-content\/uploads\/2016\/10\/20161018_163138-150x150.jpg\" width=\"150\" height=\"150\" \/><\/a><a href=\"http:\/\/grzegorzjaszczura.pl\/http:\/\/grzegorzjaszczura.pl\/wp-content\/uploads\/2016\/10\/20161018_182547.jpg\"><img loading=\"lazy\" decoding=\"async\" class=\"alignleft size-thumbnail wp-image-40350\" alt=\"20161018_182547\" src=\"http:\/\/grzegorzjaszczura.pl\/http:\/\/grzegorzjaszczura.pl\/wp-content\/uploads\/2016\/10\/20161018_182547-150x150.jpg\" width=\"150\" height=\"150\" \/><\/a><\/p>\n","protected":false},"excerpt":{"rendered":"<p>W dniu 18 pa\u017adziernika 2016 r. (wtorek) o godz. 16.30 odby\u0142o si\u0119 spotkanie z Leszkiem \u017bEBROWSKIM &#8211; historykiem, publicyst\u0105 i dzia\u0142aczem spo\u0142ecznym. Cz\u0142owiekiem, kt\u00f3ry od lat zajmuje si\u0119 odk\u0142amywaniem Polskiej historii, kt\u00f3ry jako jeden z pierwszych zacz\u0105\u0142 walk\u0119 o przywr\u00f3cenie dobrego imienia \u017bo\u0142nierzom Wykl\u0119tym. Poprzednie spotkanie z L. \u017bebrowskim,<\/p>\n","protected":false},"author":2,"featured_media":0,"comment_status":"open","ping_status":"open","sticky":false,"template":"","format":"standard","meta":{"_monsterinsights_skip_tracking":false,"_monsterinsights_sitenote_active":false,"_monsterinsights_sitenote_note":"","_monsterinsights_sitenote_category":0,"footnotes":""},"categories":[3],"tags":[],"class_list":["post-40236","post","type-post","status-publish","format-standard","hentry","category-polityczne"],"_links":{"self":[{"href":"https:\/\/grzegorzjaszczura.pl\/index.php?rest_route=\/wp\/v2\/posts\/40236","targetHints":{"allow":["GET"]}}],"collection":[{"href":"https:\/\/grzegorzjaszczura.pl\/index.php?rest_route=\/wp\/v2\/posts"}],"about":[{"href":"https:\/\/grzegorzjaszczura.pl\/index.php?rest_route=\/wp\/v2\/types\/post"}],"author":[{"embeddable":true,"href":"https:\/\/grzegorzjaszczura.pl\/index.php?rest_route=\/wp\/v2\/users\/2"}],"replies":[{"embeddable":true,"href":"https:\/\/grzegorzjaszczura.pl\/index.php?rest_route=%2Fwp%2Fv2%2Fcomments&post=40236"}],"version-history":[{"count":44,"href":"https:\/\/grzegorzjaszczura.pl\/index.php?rest_route=\/wp\/v2\/posts\/40236\/revisions"}],"predecessor-version":[{"id":40389,"href":"https:\/\/grzegorzjaszczura.pl\/index.php?rest_route=\/wp\/v2\/posts\/40236\/revisions\/40389"}],"wp:attachment":[{"href":"https:\/\/grzegorzjaszczura.pl\/index.php?rest_route=%2Fwp%2Fv2%2Fmedia&parent=40236"}],"wp:term":[{"taxonomy":"category","embeddable":true,"href":"https:\/\/grzegorzjaszczura.pl\/index.php?rest_route=%2Fwp%2Fv2%2Fcategories&post=40236"},{"taxonomy":"post_tag","embeddable":true,"href":"https:\/\/grzegorzjaszczura.pl\/index.php?rest_route=%2Fwp%2Fv2%2Ftags&post=40236"}],"curies":[{"name":"wp","href":"https:\/\/api.w.org\/{rel}","templated":true}]}}