{"id":41084,"date":"2017-08-08T08:27:33","date_gmt":"2017-08-08T06:27:33","guid":{"rendered":"http:\/\/grzegorzjaszczura.pl\/?p=41084"},"modified":"2017-08-08T11:34:18","modified_gmt":"2017-08-08T09:34:18","slug":"zco-ss-rys-historyczny-xii-2016-r","status":"publish","type":"post","link":"https:\/\/grzegorzjaszczura.pl\/?p=41084","title":{"rendered":"ZCO SS &#8211; rys historyczny (XII.2016 r.)"},"content":{"rendered":"<p style=\"text-align: justify;\"><a href=\"http:\/\/grzegorzjaszczura.pl\/http:\/\/grzegorzjaszczura.pl\/wp-content\/uploads\/2017\/08\/20170628_131844.jpg\"><img loading=\"lazy\" decoding=\"async\" class=\"alignleft size-thumbnail wp-image-42879\" alt=\"20170628_131844\" src=\"http:\/\/grzegorzjaszczura.pl\/http:\/\/grzegorzjaszczura.pl\/wp-content\/uploads\/2017\/08\/20170628_131844-150x150.jpg\" width=\"150\" height=\"150\" \/><\/a>Wbrew moim obawom, \u017ce monotematyczno\u015b\u0107 zm\u0119czy <strong>Szanownych Czytelnik\u00f3w<\/strong>, mam informacje, \u017ce ostatnie wpisy na blogu s\u0105 bardzo wa\u017cne i zosta\u0142y przyj\u0119te bardzo przychylnie. Aby nie by\u0107 pos\u0105dzonym o skrajn\u0105 stronniczo\u015b\u0107 ( \ud83d\ude42 ), dzisiaj jeszcze w ramach uzupe\u0142nienia rysu historycznego <strong>ZCO SS<\/strong>, przedstawi\u0119 fragmenty protoko\u0142u z Komisji Ochrony Zdrowia i Pomocy Spo\u0142ecznej Rady Miejskiej D\u0105browy G\u00f3rniczej z dnia <strong>6 grudnia 2016 roku<\/strong>. Z urz\u0119dnik\u00f3w wy\u017cszego<!--more--> stopnia na posiedzeniu tej\u017ce komisji by\u0142a obecna Z-ca prezydenta (Przewodnicz\u0105ca Rady Spo\u0142ecznej <strong>ZCO SS<\/strong> im. S. Starkiewicza) Pani <strong>I. Krupa<\/strong>, Sekretarz Miasta, Skarbnik Miasta czy Naczelnik Wydzia\u0142u ZPSiAZ. Protok\u00f3\u0142 wydaje mi si\u0119 ciekawy z punktu widzenia wiedzy, jak\u0105 ma\u0142o\u015b\u0107 informacji posiadaj\u0105 urz\u0119dnicy, kt\u00f3rzy jak rozumiem przekazuj\u0105 informacje bezpo\u015brednio swojemu prze\u0142o\u017conemu, czyli Panu Prezydentowi <strong>Z. Podrazie<\/strong> (<strong><span style=\"color: #ff0000;\">SLD<\/span><\/strong>), szczeg\u00f3lnie w kontek\u015bcie braku tej wiedzy, na bie\u017c\u0105co. W tym wypadku akurat chodzi o szpital miejski. Prosz\u0119 rzuci\u0107 tak\u017ce okiem na poprzednie wpisy, np.: <a href=\"http:\/\/grzegorzjaszczura.pl\/?p=42729#more-42729\">http:\/\/grzegorzjaszczura.pl\/?p=42729#more-42729<\/a> i <a href=\"http:\/\/grzegorzjaszczura.pl\/?p=42100#more-42100\">http:\/\/grzegorzjaszczura.pl\/?p=42100#more-42100<\/a>.<\/p>\n<p style=\"text-align: justify;\"><a href=\"http:\/\/grzegorzjaszczura.pl\/http:\/\/grzegorzjaszczura.pl\/wp-content\/uploads\/2017\/08\/20161214_111245.jpg\"><img loading=\"lazy\" decoding=\"async\" class=\"alignleft size-thumbnail wp-image-42875\" alt=\"20161214_111245\" src=\"http:\/\/grzegorzjaszczura.pl\/http:\/\/grzegorzjaszczura.pl\/wp-content\/uploads\/2017\/08\/20161214_111245-150x150.jpg\" width=\"150\" height=\"150\" \/><\/a>Powstaje pytanie ile Pan Prezydent<strong> Z. Podraza<\/strong> (<span style=\"color: #ff0000;\"><strong>SLD<\/strong><\/span>) wie o sytuacji w naszym szpitalu? Wydaje mi si\u0119 to pytanie zasadne w kontek\u015bcie ostatnich lat i zad\u0142u\u017cenia miejskiego szpitala. Oczywi\u015bcie wg mnie nie zwalnia go to z odpowiedzialno\u015bci. Zreszt\u0105 co do odpowiedzialno\u015bci politycznej to Pan Prezydent ostatnio wzi\u0105\u0142 j\u0105 na siebie na <a href=\"http:\/\/grzegorzjaszczura.pl\/?p=42480#more-42480\">sesji Rady Miejskiej<\/a>. Mo\u017cna te\u017c dywagowa\u0107, \u017ce wie tyle ile podlegli mu urz\u0119dnicy, np. zawiaduj\u0105ca pionem Pani Wiceprezydent <strong>I. Krupa<\/strong>. Niestety nie mo\u017cna z jej informacji, jakby nie patrze\u0107 przedstawianych w imieniu Pana Prezydenta wywnioskowa\u0107, \u017ce du\u017co wie.<\/p>\n<p style=\"text-align: justify;\">Komisja odby\u0142a si\u0119 tu\u017c przed <a href=\"http:\/\/grzegorzjaszczura.pl\/?p=40861#more-40861\">sesj\u0105 Rady Miejskiej<\/a> w dniu <strong>14.12.2016 r.<\/strong>, sesj\u0105 o tyle wa\u017cn\u0105, bo po\u015bwi\u0119con\u0105<b> projektowi bud\u017cetu na 2017 r. <\/b>(oraz projektowi <strong>WPF<\/strong> na lata 2017-2023). Ca\u0142o\u015b\u0107 protoko\u0142u: BRM.0012.5.10.2016. U mnie fragmenty:<\/p>\n<p style=\"text-align: justify;\"><span style=\"color: #ff0000;\">[..] Radny <strong>G. Jaszczura<\/strong>: Dziel\u0105c te <strong>109 mln z\u0142<\/strong> przeznaczonych na pomoc spo\u0142eczn\u0105 i ochron\u0119 zdrowia, wspomniana by\u0142a liczba<strong> 4 mln z\u0142<\/strong> przeznaczonych na Szpital, czy to jest na zakupy, czy to jest wszystko, co w tych <strong>109 mln z\u0142<\/strong> przeznaczamy na nasz b\u0119d\u0105cy w bardzo trudnej sytuacji, zad\u0142u\u017cony Szpital Miejski, w tych zadaniach inwestycyjnych, tutaj radnej Kasi odpowiem ja zauwa\u017cy\u0142em pewne inwestycje w s\u0142u\u017cb\u0119 zdrowia, s\u0105 tam przeznaczone<strong> 3 mln z\u0142<\/strong> na pierwszy i drugi etap budowy <strong>ZCO<\/strong>, czyli oddzia\u0142u <strong>ZCO<\/strong> Szpitala naszego, ale chcia\u0142em si\u0119 dopyta\u0107, czy to s\u0105 jak gdyby wszystkie pieni\u0105dze, kt\u00f3re przeznaczamy w bud\u017cecie na przysz\u0142y rok na nasz Szpital Miejski? <span style=\"color: #000000;\">(poni\u017cej podam ca\u0142kowite zad\u0142u\u017cenie szpitala <strong>ZCO SS<\/strong> &#8211; przyp. m\u00f3j).<\/span><br \/>\n<\/span><\/p>\n<div style=\"text-align: justify;\">\n<p><span style=\"color: #ff0000;\"><strong>Zast\u0119pca Prezydenta Miasta<\/strong> tak 4 mln z\u0142 jest \u0142\u0105cznie, 3 mln z\u0142 jest na <strong>ZCO<\/strong> drugi etap, to jest w WPF.<\/span><\/p>\n<p><span style=\"color: #ff0000;\">Radny <strong>G. Jaszczura<\/strong>: Tak, ale Szpital ma zad\u0142u\u017cenie rz\u0119du ponad <strong>20 mln z\u0142<\/strong> i wydaje mi si\u0119 du\u017co za ma\u0142o jak na t\u0105 sytuacj\u0119.<\/span><\/p>\n<p><span style=\"color: #ff0000;\"><a href=\"http:\/\/grzegorzjaszczura.pl\/http:\/\/grzegorzjaszczura.pl\/wp-content\/uploads\/2017\/08\/20170627_110045.jpg\"><img loading=\"lazy\" decoding=\"async\" class=\"alignleft size-thumbnail wp-image-42876\" alt=\"20170627_110045\" src=\"http:\/\/grzegorzjaszczura.pl\/http:\/\/grzegorzjaszczura.pl\/wp-content\/uploads\/2017\/08\/20170627_110045-150x150.jpg\" width=\"150\" height=\"150\" \/><\/a>Zast\u0119pca Prezydenta <strong>I. Krupa<\/strong>: To, co mo\u017ce dawa\u0107 podmiot tworz\u0105cy ogranicza si\u0119 tak naprawd\u0119 do wydatk\u00f3w inwestycyjnych i inwestycji, na to mog\u0105 by\u0107 dawane dotacje i na to s\u0105 dawane dotacje. W projekcie bud\u017cetu jest przewidziane 4 mln z\u0142 na trzy priorytetowe zadania, kt\u00f3re realizuje Szpital. Drugi etap<strong> ZCO<\/strong> kwota 3 mln, 100 tys. z\u0142 na wzrost specjalistycznej opieki medycznej dla os\u00f3b starszych tzw. ZOL, Dyrektor stara si\u0119 o pozyskanie \u015brodk\u00f3w zewn\u0119trznych, limit jest przyznany 100 tys.z\u0142, 900 tys.z\u0142 jest na kogeneracj\u0119 &#8211; popraw\u0119 efektywno\u015bci energetycznej Szpitala.<\/span><\/p>\n<p><span style=\"color: #ff0000;\">Radny <strong>G. Jaszczura<\/strong>: <strong>Dopytam, w tych 4 mln z\u0142 s\u0105 te 3 mln z\u0142 na pierwszy i drugi etap?<\/strong><\/span><\/p>\n<p><span style=\"color: #ff0000;\"><strong>Zast\u0119pca Prezydenta<\/strong>: Tak i 900 tys. z\u0142 na kogeneracj\u0119 i 100 tys. z\u0142 na ZOL.<\/span><\/p>\n<p><span style=\"color: #ff0000;\">Przys\u0142uchuj\u0105c si\u0119 rozmowie, radna <strong>Zagajska<\/strong> przypomnia\u0142a sobie, kiedy na posiedzeniu Komisji kilka miesi\u0119cy temu omawiane by\u0142y priorytety bud\u017cetowe, w\u00f3wczas Dyrektor przedstawi\u0142 informacj\u0119 pisemn\u0105, gdzie priorytety zg\u0142oszone na 2017 rok i to by\u0142a kwota <strong>100 mln z\u0142<\/strong>. Wtedy radna pyta\u0142a Dyrektora, czy zdaje sobie spraw\u0119, jakim gmina dysponuje bud\u017cetem, \u017ce nie tylko jest Szpital, s\u0105 jeszcze inne zadania. Dyrektor wtedy odpowiedzia\u0142, \u017ce to jest plan on zg\u0142asza priorytety tak jak inni dyrektorzy. Radna zapyta\u0142a, jak si\u0119 maj\u0105 te 4 ml z\u0142 do zg\u0142oszonego zapotrzebowania?<\/span><\/p>\n<p><span style=\"color: #ff0000;\"><strong>Zast\u0119pca Prezydenta<\/strong> odpowiedzia\u0142a, \u017ce tak si\u0119 maj\u0105, jakie s\u0105 mo\u017cliwo\u015bci finansowe gminy. Wiadomym jest, w jaki spos\u00f3b konstruowany jest bud\u017cet. Oczywi\u015bcie <strong>100 mln z\u0142<\/strong> to by by\u0142o optymalne i ca\u0142kowicie zabezpieczy\u0142oby potrzeby Szpitala. Natomiast jest kwota<strong> 4 mln z\u0142<\/strong> przewidziana, bo tak\u0105 kwot\u0105 w tym momencie miasto dysponuje, je\u015bli pojawi\u0105 si\u0119 inne mo\u017cliwo\u015bci finansowe, to pewnie ten plan b\u0119dzie m\u00f3g\u0142 by\u0107 weryfikowany. Jakie b\u0119d\u0105 mo\u017cliwo\u015bci finansowe gminy, to si\u0119 oka\u017ce, bo na pewno pewne wydatki zaistniej\u0105 w przysz\u0142ym roku, w tym momencie s\u0105 nieprzewidywalne, bowiem w momencie, kiedy zostanie podpisana przez Prezydenta RP zmiana ustawy o\u015bwiatowej i wtedy pojawi\u0105 si\u0119 dodatkowe koszty, kt\u00f3re trzeba b\u0119dzie uwzgl\u0119dni\u0107. Dlatego nale\u017cy by\u0107 bardzo ostro\u017cnym w formu\u0142owaniu takich ostrych pr\u00f3\u015bb i stwierdze\u0144, \u017ce pojawi\u0105 si\u0119 mo\u017cliwo\u015bci, ale pojawi\u0105 si\u0119 r\u00f3wnie\u017c nieprzewidziane dodatkowe wydatki g\u0142\u00f3wnie zwi\u0105zane ze sfer\u0105 o\u015bwiaty, ale nie tylko, bo b\u0119dzie r\u00f3wnie\u017c nowi ustawa sie\u0107 szpitali, tu te\u017c trzeba b\u0119dzie si\u0119 pochyli\u0107 nad sytuacj\u0105 finansow\u0105 Szpitala i mo\u017cliwo\u015bciami kontraktowania. Nale\u017cy te\u017c mie\u0107 \u015bwiadomo\u015b\u0107, \u017ce wzrasta najni\u017csze wynagrodzenie, kwota wolna od podatku, regulaminy wynagradzania, przede wszystkim Karta nauczyciela r\u00f3wnie\u017c si\u0119 zmieni i b\u0119dzie konieczno\u015b\u0107 uzgadniania regulaminu wynagradzania z organizacjami zwi\u0105zkowymi i w zwi\u0105zku z tym dodatkowymi \u015brodkami, kt\u00f3re na ten cel trzeba b\u0119dzie zabezpieczy\u0107, odprawy dla zwalnianych nauczycieli, w tej chwili jest wiele spraw nieprzewidywalnych.<\/span><\/p>\n<p><span style=\"color: #ff0000;\">Radny <strong>G. Jaszczura<\/strong>: Ja od d\u0142u\u017cszego czasu pochylam si\u0119 nad sytuacj\u0105 w Zag\u0142\u0119biowskim Centrum Onkologii w Szpitalu Specjalistycznym, <strong>nie chc\u0119 tu zaczepliwie m\u00f3wi\u0107, kto wed\u0142ug mnie si\u0119 nie pochyla<\/strong>. Chcia\u0142bym dopyta\u0107, czy przy tak ma\u0142ych kwotach przeznaczonych na tak trudn\u0105 sytuacj\u0119 finansow\u0105, co udowodni\u0142 bieg\u0142y rewident w ostatniej opinii Szpitala Miejskiego s\u0105 podejmowane inne czynno\u015bci w celu postawienia na nogi naszego Szpitala, mam na my\u015bli inwestora prywatnego, czy innych sponsor\u00f3w?<\/span><\/p>\n<p><span style=\"color: #ff0000;\"><a href=\"http:\/\/grzegorzjaszczura.pl\/http:\/\/grzegorzjaszczura.pl\/wp-content\/uploads\/2017\/08\/20170704_161301.jpg\"><img loading=\"lazy\" decoding=\"async\" class=\"alignleft size-thumbnail wp-image-42877\" alt=\"20170704_161301\" src=\"http:\/\/grzegorzjaszczura.pl\/http:\/\/grzegorzjaszczura.pl\/wp-content\/uploads\/2017\/08\/20170704_161301-150x150.jpg\" width=\"150\" height=\"150\" \/><\/a>Zast\u0119pca Prezydenta <strong>I. Krupa<\/strong> odpowiedzia\u0142a, \u017ce w tej chwili nie s\u0105 prowadzone w tym kierunku \u017cadne rozmowy. Nale\u017cy poczeka\u0107 na opini\u0119 bieg\u0142ego rewidenta. To, o czym Pan radny m\u00f3wi, <strong>to te 20 mln z\u0142 to trzeba pami\u0119ta\u0107, bo ten wynik finansowy jest inny, bo wchodzi w gr\u0119 jeszcze amortyzacja.<\/strong> <span style=\"color: #000000;\">(wynik rzeczywi\u015bcie by\u0142 inny, bo po wyst\u0105pieniu pokontrolnym <strong>NIK<\/strong> Delegatury w Katowicach i drugiej ocenie bieg\u0142ego rewidenta stan\u0119\u0142o na <em>circa<\/em><strong> 28 mln z\u0142<\/strong>. A tak ca\u0142kiem, to <strong>zobowi\u0105zania kr\u00f3tkoterminowe<\/strong>, wynosz\u0105ce <strong>85.094.559,84 z\u0142<\/strong> (wymagane do roku), wraz z rezerwami na zobowi\u0105zania i innymi zobowi\u0105zaniami da\u0142y <strong>235.663.826,68 z\u0142<\/strong>!, co podaj\u0119 na podstawie sprawozdania finansowego szpitala za <strong>2016 rok<\/strong>. &#8211; przyp. m\u00f3j)<\/span>. Wst\u0119pnie na 19 grudnia jest ustalona Rada Spo\u0142eczna Szpitala i b\u0119dzie rozmowa <i>z <\/i>Dyrektorem, <strong>Czy istotnie jest tak du\u017ce zagro\u017cenie finansowe. <\/strong><span style=\"color: #000000;\">(optymizm Pani Z-cy Prezydenta przeogromny \ud83d\ude42 &#8211; przyp. m\u00f3j).<\/span><\/span><\/p>\n<p><span style=\"color: #ff0000;\">Radny <strong>G. Jaszczura<\/strong> zapyta\u0142, czy dostanie w ko\u0144cu ten protok\u00f3\u0142 z Rady Spo\u0142ecznej Szpitala z dnia <strong>29 wrze\u015bnia<\/strong>?<\/span><\/p>\n<p><span style=\"color: #ff0000;\">Zast\u0119pca Prezydenta <strong>I. Krupa<\/strong> powiedzia\u0142a, \u017ce w momencie, kiedy odpisywa\u0142a na interpelacj\u0119 radnego, to przedstawiony by\u0142 stan faktyczny, \u017ce mo\u017cna udost\u0119pni\u0107 protok\u00f3\u0142 <span style=\"color: #000000;\">(mo\u017cna?, \u017cart? &#8211; przyp. m\u00f3j)<\/span> i b\u0119dzie zamieszczony na BIP po przyj\u0119ciu go przez Rad\u0119 Spo\u0142eczn\u0105 Szpitala na kolejnym posiedzeniu, zgodnie z regulaminem.<\/span><\/p>\n<p><span style=\"color: #ff0000;\">Radny <strong>G. Jaszczura<\/strong>: Rozpatrujemy projekt bud\u017cetu i wi\u0105\u017ce si\u0119 to z sytuacj\u0105 finansow\u0105, dlatego te\u017c dopytuj\u0119 <i>o <\/i>te pieni\u0105dze przeznaczone na Zag\u0142\u0119biowskie Centrum Onkologii Szpital Specjalistyczny, <strong>a jest w stanie mi Pani Prezydent udzieli\u0107 informacji, czy na tej ostatniej Radzie Spo\u0142ecznej podj\u0119ty wniosek o po\u017cyczk\u0119 10 mln z\u0142 Magellan S.A. doszed\u0142 do realizacji ju\u017c i czy z tej po\u017cyczki s\u0105 sp\u0142acane?<\/strong> Nie ma Pani takiej informacji ze Szpitala?<\/span><\/p>\n<p><span style=\"color: #ff0000;\">Zast\u0119pca Prezydenta <strong>I. Krupa<\/strong> powiedzia\u0142a, \u017ce Rada pozytywnie zaopiniowa\u0142a ten wniosek, zosta\u0142a wzi\u0119ta po\u017cyczka. <strong>Natomiast w tej chwili nie ma wiedzy, na co zosta\u0142y przeznaczone te \u015brodki, ale 19 grudnia b\u0119dzie Rada Spo\u0142eczna i zapyta Dyrektora <\/strong><span style=\"color: #000000;\">(!!! &#8211; przyp. m\u00f3j)<strong>.<\/strong><\/span><\/span><\/p>\n<p><span style=\"color: #ff0000;\">Radny <strong>G. Jaszczura<\/strong>: Czy jest pobrana po\u017cyczka?<\/span><\/p>\n<p><strong><span style=\"color: #ff0000;\">Zast\u0119pca Prezydenta odpowiedzia\u0142a, \u017ce nie wie.<\/span><\/strong><\/p>\n<p><span style=\"color: #ff0000;\">Radny <strong>G. Jaszczura<\/strong>: Tego te\u017c nie wiemy. <strong>Pozwol\u0119 sobie wyrazi\u0107 zdegustowanie.<\/strong> To jest moje zdanie.<\/span><\/p>\n<p style=\"text-align: justify;\"><span style=\"color: #ff0000;\"><strong>Zast\u0119pca Prezydenta<\/strong>: Ale dlaczego? Rada Spo\u0142eczna tylko zaopiniowa\u0142a wniosek. Dyrektor przymierza\u0142 si\u0119 do wzi\u0119cia, czy wzi\u0105\u0142 j\u0105 w wysoko\u015bci maksymalnej tego nie wiem, przypuszczam, \u017ce podj\u0105\u0142 dzia\u0142ania.<\/span><\/p>\n<p style=\"text-align: justify;\"><span style=\"color: #ff0000;\">Radny <strong>G. Jaszczura<\/strong>: <strong>My to powinny\u015bmy wiedzie\u0107, przy rozpatrywaniu projektu bud\u017cetu.<\/strong><\/span><\/p>\n<\/div>\n<p style=\"text-align: justify;\"><span style=\"color: #ff0000;\">Zast\u0119pca Prezydenta <strong>I. Krupa<\/strong> powiedzia\u0142a, \u017ce <strong>te decyzje tak naprawd\u0119 na bud\u017cet miasta nie maj\u0105 wp\u0142ywu <\/strong><span style=\"color: #000000;\">(??? &#8211; przyp. m\u00f3j)<\/span>. Podmiot tworz\u0105cy mo\u017ce tylko przeznaczy\u0107 \u015brodki na zakupy inwestycyjne i zadania inwestycyjne, nie mo\u017ce pokry\u0107 zobowi\u0105za\u0144 Szpitala.<\/span><\/p>\n<p style=\"text-align: justify;\"><span style=\"color: #ff0000;\">Radny <strong>G. Jaszczura<\/strong> dopytuj\u0119 si\u0119 o te pieni\u0105dze przeznaczone i ma na to wp\u0142yw aktualne zad\u0142u\u017cenie.<\/span><\/p>\n<p style=\"text-align: justify;\"><span style=\"color: #ff0000;\"><strong>Zast\u0119pca Prezydenta<\/strong>: Rozumiem, \u017ce Pana interesuje, czy 10 mln z\u0142 zosta\u0142o przekazanych i na co, przypuszczam, \u017ce na wydatki bie\u017c\u0105ce.<\/span><\/p>\n<p style=\"text-align: justify;\"><span style=\"color: #ff0000;\">Radny <strong>G. Jaszczura<\/strong>: Interesuje mnie, jako element sk\u0142adowy tego, co mnie interesuje, czyli ochrona zdrowia mieszka\u0144c\u00f3w naszego miasta.<\/span><\/p>\n<p style=\"text-align: justify;\"><span style=\"color: #ff0000;\">[&#8230;]<\/span><\/p>\n<p style=\"text-align: justify;\">Wi\u0119cej<em> no comment.<\/em><\/p>\n","protected":false},"excerpt":{"rendered":"<p>Wbrew moim obawom, \u017ce monotematyczno\u015b\u0107 zm\u0119czy Szanownych Czytelnik\u00f3w, mam informacje, \u017ce ostatnie wpisy na blogu s\u0105 bardzo wa\u017cne i zosta\u0142y przyj\u0119te bardzo przychylnie. Aby nie by\u0107 pos\u0105dzonym o skrajn\u0105 stronniczo\u015b\u0107 ( \ud83d\ude42 ), dzisiaj jeszcze w ramach uzupe\u0142nienia rysu historycznego ZCO SS, przedstawi\u0119 fragmenty protoko\u0142u z Komisji Ochrony Zdrowia i Pomocy Spo\u0142ecznej Rady Miejskiej D\u0105browy [&hellip;]<\/p>\n","protected":false},"author":2,"featured_media":0,"comment_status":"open","ping_status":"open","sticky":false,"template":"","format":"standard","meta":{"_monsterinsights_skip_tracking":false,"_monsterinsights_sitenote_active":false,"_monsterinsights_sitenote_note":"","_monsterinsights_sitenote_category":0,"footnotes":""},"categories":[6],"tags":[],"class_list":["post-41084","post","type-post","status-publish","format-standard","hentry","category-bez-cenzury"],"_links":{"self":[{"href":"https:\/\/grzegorzjaszczura.pl\/index.php?rest_route=\/wp\/v2\/posts\/41084","targetHints":{"allow":["GET"]}}],"collection":[{"href":"https:\/\/grzegorzjaszczura.pl\/index.php?rest_route=\/wp\/v2\/posts"}],"about":[{"href":"https:\/\/grzegorzjaszczura.pl\/index.php?rest_route=\/wp\/v2\/types\/post"}],"author":[{"embeddable":true,"href":"https:\/\/grzegorzjaszczura.pl\/index.php?rest_route=\/wp\/v2\/users\/2"}],"replies":[{"embeddable":true,"href":"https:\/\/grzegorzjaszczura.pl\/index.php?rest_route=%2Fwp%2Fv2%2Fcomments&post=41084"}],"version-history":[{"count":45,"href":"https:\/\/grzegorzjaszczura.pl\/index.php?rest_route=\/wp\/v2\/posts\/41084\/revisions"}],"predecessor-version":[{"id":42884,"href":"https:\/\/grzegorzjaszczura.pl\/index.php?rest_route=\/wp\/v2\/posts\/41084\/revisions\/42884"}],"wp:attachment":[{"href":"https:\/\/grzegorzjaszczura.pl\/index.php?rest_route=%2Fwp%2Fv2%2Fmedia&parent=41084"}],"wp:term":[{"taxonomy":"category","embeddable":true,"href":"https:\/\/grzegorzjaszczura.pl\/index.php?rest_route=%2Fwp%2Fv2%2Fcategories&post=41084"},{"taxonomy":"post_tag","embeddable":true,"href":"https:\/\/grzegorzjaszczura.pl\/index.php?rest_route=%2Fwp%2Fv2%2Ftags&post=41084"}],"curies":[{"name":"wp","href":"https:\/\/api.w.org\/{rel}","templated":true}]}}