{"id":42100,"date":"2017-08-03T09:17:16","date_gmt":"2017-08-03T07:17:16","guid":{"rendered":"http:\/\/grzegorzjaszczura.pl\/?p=42100"},"modified":"2017-08-03T09:19:51","modified_gmt":"2017-08-03T07:19:51","slug":"zco-ss-rys-historyczny-08-2014-r","status":"publish","type":"post","link":"https:\/\/grzegorzjaszczura.pl\/?p=42100","title":{"rendered":"ZCO SS &#8211; rys historyczny (08.2014 r.)"},"content":{"rendered":"<p style=\"text-align: justify;\"><a href=\"http:\/\/grzegorzjaszczura.pl\/http:\/\/grzegorzjaszczura.pl\/wp-content\/uploads\/2017\/07\/20170613_084528.jpg\"><img loading=\"lazy\" decoding=\"async\" class=\"alignleft size-thumbnail wp-image-42792\" alt=\"20170613_084528\" src=\"http:\/\/grzegorzjaszczura.pl\/http:\/\/grzegorzjaszczura.pl\/wp-content\/uploads\/2017\/07\/20170613_084528-150x150.jpg\" width=\"150\" height=\"150\" \/><\/a>Kontynuuj\u0105c uzupe\u0142nianie informacji dotycz\u0105cych sytuacji w Zag\u0142\u0119biowskim Centrum Onkologii Szpital Specjalistyczny im. S. Starkiewicza w D\u0105browie G\u00f3rniczej, a w szczeg\u00f3lno\u015bci jej genezy, dzisiaj protok\u00f3\u0142 z Rady Spo\u0142ecznej <strong>ZCO SS<\/strong> z dnia <strong>13.08.2014 r.<\/strong> Poprzedni rok, czyli rok 2013 w Radzie Spo\u0142ecznej mo\u017cesz cz\u0119\u015bciowo <strong>Drogi Czytelniku<\/strong> prze\u015bledzi\u0107 tutaj: <a href=\"http:\/\/grzegorzjaszczura.pl\/?p=41955#more-41955\">http:\/\/grzegorzjaszczura.pl\/?p=41955#more-41955<\/a>. Oczywi\u015bcie ten historyczny rys,<!--more--> to raczej tylko dla wtajemniczonych w to, co dzia\u0142o si\u0119 w szpitalu i czego wynikiem m.in. jest obecna &#8222;walka o przetrwanie&#8221; (zobacz: <a href=\"http:\/\/grzegorzjaszczura.pl\/?p=42480#more-42480\">http:\/\/grzegorzjaszczura.pl\/?p=42480#more-42480<\/a>).<\/p>\n<p style=\"text-align: justify;\"><span style=\"color: #ff0000;\"><b>Protok\u00f3\u0142 z posiedzenia Rady Spo\u0142ecznej Szpitala Specjalistycznego im. Sz. Starkiewicza w D\u0105browie G\u00f3rniczej z dnia 13.08.2014 r. <\/b><span style=\"color: #000000;\">(czyli jakby nie liczy\u0107 to ju\u017c sprzed trzech lat &#8211; przyp. m\u00f3j)<b><br \/>\n<\/b><\/span><\/span><\/p>\n<p style=\"text-align: justify;\"><span style=\"color: #ff0000;\"><a href=\"http:\/\/grzegorzjaszczura.pl\/http:\/\/grzegorzjaszczura.pl\/wp-content\/uploads\/2017\/08\/20160407_075256.jpg\"><img loading=\"lazy\" decoding=\"async\" class=\"alignleft size-thumbnail wp-image-42827\" alt=\"20160407_075256\" src=\"http:\/\/grzegorzjaszczura.pl\/http:\/\/grzegorzjaszczura.pl\/wp-content\/uploads\/2017\/08\/20160407_075256-150x150.jpg\" width=\"150\" height=\"150\" \/><\/a>Posiedzenie otworzy\u0142a i powita\u0142a zebranych Przewodnicz\u0105ca Rady Spo\u0142ecznej &#8211; Pani <strong>Iwona Krupa <\/strong><span style=\"color: #000000;\">(dla przypadkiem niewtajemniczonych Pani Z-ca Prezydenta Pana Prezydenta <strong>Z. Podrazy<\/strong> (<strong><span style=\"color: #ff0000;\">SLD<\/span><\/strong>), w kt\u00f3rej pionie jest szpital, obecnie o nazwie <strong>ZCO SS <\/strong>im. S. Starkiewicza &#8211; przyp. m\u00f3j)<\/span>.<\/span><\/p>\n<p style=\"text-align: justify;\"><span style=\"color: #ff0000;\">Obecni na posiedzeniu &#8211; wg listy obecno\u015bci (za\u0142. Nr l)<\/span><\/p>\n<p style=\"text-align: justify;\"><span style=\"color: #ff0000;\">Po odczytaniu przez Pani\u0105 Przewodnicz\u0105c\u0105 porz\u0105dku posiedzenia (za\u0142. Nr 2) Dyrektor Szpitala poprosi\u0142 o wprowadzenie autopoprawki\u2026<\/span><\/p>\n<p style=\"text-align: justify;\"><span style=\"color: #ff0000;\">[\u2026] Ponadto <strong>Pan Dyrektor poprosi\u0142 o wprowadzenie autopoprawki<\/strong> do przedstawionego zebranym za\u0142\u0105cznika nr 1 do Planu Inwestycyjnego \u201eWykaz zada\u0144 inwestycyjnych na lata 2011-2015\u201d.<\/span><\/p>\n<p style=\"text-align: justify;\"><span style=\"color: #ff0000;\">W pkt. 1 wykazu zada\u0144 \u2013 inwestycja pn. Zag\u0142\u0119biowskie Centrum Onkologii (<strong>ZCO<\/strong>), zosta\u0142y skorygowane zapisy (nie w sensie warto\u015bci lecz szczeg\u00f3\u0142owego rozpisania koszt\u00f3w). W poprzednim Planie by\u0142a podana kwota, kt\u00f3ra obejmowa\u0142a: projekt inwestycji, etap \u201e0\u201d \u2013 przygotowawczy oraz etap \u201e1\u201d \u2013 rozstrzygni\u0119ty w post\u0119powaniu przetargowym. Szpital b\u0119dzie realizowa\u0107 inwestycje <strong>ZCO<\/strong> (na chwil\u0119 obecn\u0105 nie wiadomo czy b\u0119dzie to mo\u017cliwe jeszcze w bie\u017c\u0105cym roku, czy dopiero w przysz\u0142ym <span style=\"color: #000000;\">(rzeczywi\u015bcie op\u00f3\u017anienie ju\u017c zacz\u0119\u0142o wtedy narasta\u0107 &#8211; przyp. m\u00f3j)<\/span>. Zosta\u0142a rozpisana przewidywana \u2013 zupe\u0142nie szacunkowa kwota, kt\u00f3r\u0105 Szpital b\u0119dzie musia\u0142 zainwestowa\u0107 w <strong>ZCO<\/strong> (doposa\u017cenie i wyposa\u017cenie oddzia\u0142\u00f3w szpitalnych, blok operacyjny, kompleks poradni specjalistycznych, zak\u0142ad chemioterapii dziennej). <strong>Za\u0142o\u017cona kwota to 20 mln z\u0142. W roku 2014 oraz 40 mln z\u0142 w roku 2015.<\/strong> S\u0105 to kwoty, kt\u00f3re nie maj\u0105 \u017cadnego prze\u0142o\u017cenia i pokrycia w jakichkolwiek rozstrzygni\u0119tych post\u0119powaniach. <span style=\"text-decoration: underline;\">Na dzie\u0144 dzisiejszy, \u0142\u0105czna kwota inwestycji Zag\u0142\u0119biowskie Centrum Onkologii wynosi <b>235\u00a0980\u00a0514,77 z\u0142<\/b>.<\/span> <\/span><\/p>\n<p style=\"text-align: justify;\"><span style=\"color: #ff0000;\">Na ww. kwot\u0119 sk\u0142adaj\u0105 si\u0119:<\/span><\/p>\n<p style=\"text-align: justify;\"><span style=\"color: #ff0000;\">&#8211; zrealizowany projekt: <strong>1\u00a0200 000,00 z\u0142<\/strong>. \u2013 dotacja z Urz\u0119du Miejskiego,<\/span><\/p>\n<p style=\"text-align: justify;\"><span style=\"color: #ff0000;\">&#8211; zako\u0144czony etap przygotowawczy: <strong>4\u00a0907\u00a0017,37 z\u0142<\/strong>. \u2013 kwota poprzetargowa,<\/span><\/p>\n<p style=\"text-align: justify;\"><span style=\"color: #ff0000;\">&#8211; I etap realizacji \u2013 zako\u0144czona cz\u0119\u015b\u0107 diagnostyczno-terapeutyczna; diagnostyka. Zak\u0142ad Medycyny Nuklearnej, Zak\u0142ad Radioterapii \u2013 zakup sprz\u0119tu na kwot\u0119 <strong>13\u00a0570\u00a0000,00 z\u0142<\/strong>, w tym 11\u00a0534\u00a0500,00 z\u0142 \u2013 dotacja z Ministerstwa Zdrowia, 2\u00a0035\u00a0500,00 z\u0142 \u2013 wk\u0142ad w\u0142asny z Urz\u0119du Miejskiego <span style=\"color: #000000;\">(wydaje mi si\u0119, \u017ce chodzi o bud\u017cet Mieszka\u0144c\u00f3w D\u0105browy G\u00f3rniczej &#8211; przyp. m\u00f3j)<\/span>. [\u2026]<\/span><\/p>\n<p style=\"text-align: justify;\"><a href=\"http:\/\/grzegorzjaszczura.pl\/http:\/\/grzegorzjaszczura.pl\/wp-content\/uploads\/2017\/08\/20170704_161251.jpg\"><img loading=\"lazy\" decoding=\"async\" class=\"alignleft size-thumbnail wp-image-42830\" alt=\"20170704_161251\" src=\"http:\/\/grzegorzjaszczura.pl\/http:\/\/grzegorzjaszczura.pl\/wp-content\/uploads\/2017\/08\/20170704_161251-150x150.jpg\" width=\"150\" height=\"150\" \/><\/a>(jak dobrze licz\u0119 to do kwoty <strong>235.980.514,77 z\u0142<\/strong> (wspomnianej na posiedzeniu przez po. Dyrektora) potrzeba by\u0142o wtedy jeszcze, po odj\u0119ciu ww. &#8222;drobnych&#8221; realizacji <strong>216.303.497,40 z\u0142<\/strong>, co jakby nie patrze\u0107 jest olbrzymi\u0105 kwot\u0105, bior\u0105c nawet pod uwag\u0119 to, \u017ce D\u0105browa G\u00f3rnicza jest bardzo bogatym miastem i to \u017ce Mieszka\u0144cy s\u0105 obci\u0105\u017cani bardzo du\u017cymi daninami do bud\u017cetu Miasta &#8211; przyp. m\u00f3j).<\/p>\n<p style=\"text-align: justify;\"><span style=\"color: #ff0000;\">Po wypowiedzi Pani Przewodnicz\u0105cej E. \u017buchowicz, g\u0142os zabra\u0142 Pan Dyrektor, kt\u00f3ry powiedzia\u0142, i\u017c to co si\u0119 dzia\u0142o na przestrzeni ostatnich lat jest m.in. efektem odbytych strajk\u00f3w i tego co Szpital straci\u0142 w kontraktach z Narodowym Funduszem Zdrowia.[\u2026] <span style=\"color: #000000;\">(czyli to, \u017ce <em>outsourcing<\/em> us\u0142ug, \u017ce u\u017cyj\u0119 nomenklatury po. Dyrektora powodowa\u0142 zmniejszenie przychod\u00f3w do kasy szpitala nie mia\u0142o wp\u0142ywu na zapa\u015b\u0107 finansow\u0105, kt\u00f3ra tak jest widoczna w sprawozdaniu finansowym i opinii bieg\u0142ego ksi\u0119gowego za <a href=\"http:\/\/grzegorzjaszczura.pl\/?p=42480#more-42480\"><strong>rok 2016<\/strong><\/a> &#8211; przyp. m\u00f3j).<\/span><br \/>\n<\/span><\/p>\n<p style=\"text-align: justify;\"><span style=\"color: #ff0000;\">Cz\u0142onek Rady \u2013 Pan J\u00f3zef Juroff zwr\u00f3ci\u0142 si\u0119 do Pana Dyrektora z pro\u015bb\u0105 o zaktualizowanie przekazanych podczas ostatniego posiedzenia Rady informacji w temacie uruchomienia Zag\u0142\u0119biowskiego Centrum Onkologii.<\/span><\/p>\n<p style=\"text-align: justify;\"><span style=\"color: #ff0000;\">Pan Dyrektor odpowiedzia\u0142, i\u017c na dzie\u0144 dzisiejszy, Szpital praktycznie jest gotowy do przyj\u0119cia pacjent\u00f3w. Obecnie rozpocz\u0119\u0142y si\u0119 planowe przegl\u0105dy serwisowe i gwarancyjne wszystkich urz\u0105dze\u0144 medycznych, kt\u00f3re najprawdopodobniej zostan\u0105 zako\u0144czone do po\u0142owy miesi\u0105ca. <a href=\"http:\/\/grzegorzjaszczura.pl\/http:\/\/grzegorzjaszczura.pl\/wp-content\/uploads\/2017\/08\/20170220_123803.jpg\"><img loading=\"lazy\" decoding=\"async\" class=\"alignleft size-thumbnail wp-image-42833\" alt=\"20170220_123803\" src=\"http:\/\/grzegorzjaszczura.pl\/http:\/\/grzegorzjaszczura.pl\/wp-content\/uploads\/2017\/08\/20170220_123803-150x150.jpg\" width=\"150\" height=\"150\" \/><\/a><strong>Planowany na czerwiec br. termin rozpocz\u0119cia dzia\u0142alno\u015bci przesun\u0105\u0142 si\u0119 w czasie <\/strong><span style=\"color: #000000;\">(mamy sierpie\u0144 2014 r., uroczyste otwarcie oddzia\u0142u <strong>ZCO<\/strong> (z tzw. pomp\u0105 i przeci\u0119ciem wst\u0119gi) nast\u0105pi\u0142o <strong>20.02.2017 r.<\/strong> &#8211; przyp. m\u00f3j)<\/span><strong>, z uwagi na konieczno\u015b\u0107 rzetelnego dope\u0142nienia wszelkich procedur zwi\u0105zanych z bezpiecze\u0144stwem u\u017cytkowania sprz\u0119tu medycznego.<\/strong> Dyrektor powiedzia\u0142, i\u017c Szpital z\u0142o\u017cy\u0142 do <strong>NFZ<\/strong> wniosek o zawarcie umowy kontraktowej. Obecnie Szpital b\u0119dzie korzysta\u0142 ze sprz\u0119tu: Tomografu Komputerowego (TK) i Rezonansu Magnetycznego (RM) w ramach udzielania \u015bwiadcze\u0144 pacjentom Szpitalnym. Spowoduje to obni\u017cenie ponoszonych obecnie przez Szpital koszt\u00f3w z tytu\u0142u pozawieranych um\u00f3w z innymi podmiotami obs\u0142uguj\u0105cymi Szpital z zakresu TK i RM.<\/span><\/p>\n<p style=\"text-align: justify;\" align=\"right\"><span style=\"color: #ff0000;\">[\u2026] Dalszych wniosk\u00f3w nie by\u0142o, Pani Przewodnicz\u0105ca podzi\u0119kowa\u0142a zebranym za przybycie i zamkn\u0119\u0142a posiedzenie.<\/span><\/p>\n<p align=\"right\"><span style=\"color: #ff0000;\">Przewodnicz\u0105ca Rady Spo\u0142ecznej<\/span><\/p>\n<p align=\"right\"><strong><span style=\"color: #ff0000;\">Iwona Krupa<\/span><\/strong><\/p>\n<p style=\"text-align: justify;\" align=\"right\"><span style=\"color: #0000ff;\"><strong>Ps<\/strong><\/span> Pogrubienia i podkre\u015blenia moje.<\/p>\n<p align=\"right\">\n","protected":false},"excerpt":{"rendered":"<p>Kontynuuj\u0105c uzupe\u0142nianie informacji dotycz\u0105cych sytuacji w Zag\u0142\u0119biowskim Centrum Onkologii Szpital Specjalistyczny im. S. Starkiewicza w D\u0105browie G\u00f3rniczej, a w szczeg\u00f3lno\u015bci jej genezy, dzisiaj protok\u00f3\u0142 z Rady Spo\u0142ecznej ZCO SS z dnia 13.08.2014 r. Poprzedni rok, czyli rok 2013 w Radzie Spo\u0142ecznej mo\u017cesz cz\u0119\u015bciowo Drogi Czytelniku prze\u015bledzi\u0107 tutaj: http:\/\/grzegorzjaszczura.pl\/?p=41955#more-41955. Oczywi\u015bcie ten historyczny rys,<\/p>\n","protected":false},"author":2,"featured_media":0,"comment_status":"open","ping_status":"open","sticky":false,"template":"","format":"standard","meta":{"_monsterinsights_skip_tracking":false,"_monsterinsights_sitenote_active":false,"_monsterinsights_sitenote_note":"","_monsterinsights_sitenote_category":0,"footnotes":""},"categories":[6],"tags":[],"class_list":["post-42100","post","type-post","status-publish","format-standard","hentry","category-bez-cenzury"],"_links":{"self":[{"href":"https:\/\/grzegorzjaszczura.pl\/index.php?rest_route=\/wp\/v2\/posts\/42100","targetHints":{"allow":["GET"]}}],"collection":[{"href":"https:\/\/grzegorzjaszczura.pl\/index.php?rest_route=\/wp\/v2\/posts"}],"about":[{"href":"https:\/\/grzegorzjaszczura.pl\/index.php?rest_route=\/wp\/v2\/types\/post"}],"author":[{"embeddable":true,"href":"https:\/\/grzegorzjaszczura.pl\/index.php?rest_route=\/wp\/v2\/users\/2"}],"replies":[{"embeddable":true,"href":"https:\/\/grzegorzjaszczura.pl\/index.php?rest_route=%2Fwp%2Fv2%2Fcomments&post=42100"}],"version-history":[{"count":33,"href":"https:\/\/grzegorzjaszczura.pl\/index.php?rest_route=\/wp\/v2\/posts\/42100\/revisions"}],"predecessor-version":[{"id":42840,"href":"https:\/\/grzegorzjaszczura.pl\/index.php?rest_route=\/wp\/v2\/posts\/42100\/revisions\/42840"}],"wp:attachment":[{"href":"https:\/\/grzegorzjaszczura.pl\/index.php?rest_route=%2Fwp%2Fv2%2Fmedia&parent=42100"}],"wp:term":[{"taxonomy":"category","embeddable":true,"href":"https:\/\/grzegorzjaszczura.pl\/index.php?rest_route=%2Fwp%2Fv2%2Fcategories&post=42100"},{"taxonomy":"post_tag","embeddable":true,"href":"https:\/\/grzegorzjaszczura.pl\/index.php?rest_route=%2Fwp%2Fv2%2Ftags&post=42100"}],"curies":[{"name":"wp","href":"https:\/\/api.w.org\/{rel}","templated":true}]}}