{"id":4403,"date":"2010-07-05T08:47:56","date_gmt":"2010-07-05T06:47:56","guid":{"rendered":"http:\/\/grzegorzjaszczura.pl\/?p=4403"},"modified":"2010-07-05T12:02:23","modified_gmt":"2010-07-05T10:02:23","slug":"gratulacje-dla-pana-b-komorowskiego","status":"publish","type":"post","link":"https:\/\/grzegorzjaszczura.pl\/?p=4403","title":{"rendered":"gratulacje dla Pana B. Komorowskiego"},"content":{"rendered":"<p style=\"text-align: justify;\"><a href=\"http:\/\/grzegorzjaszczura.pl\/http:\/\/grzegorzjaszczura.pl\/wp-content\/uploads\/2010\/07\/20100629318.jpg\"><img loading=\"lazy\" decoding=\"async\" class=\"alignleft size-thumbnail wp-image-4433\" title=\"20100629318\" src=\"http:\/\/grzegorzjaszczura.pl\/http:\/\/grzegorzjaszczura.pl\/wp-content\/uploads\/2010\/07\/20100629318-150x150.jpg\" alt=\"20100629318\" width=\"150\" height=\"150\" \/><\/a>Gratulacje dla Pana <span style=\"color: #0000ff;\"><strong>Bronis\u0142awa Komorowskiego<\/strong><span style=\"color: #000000;\">!<\/span><\/span> Zosta\u0142 4 Prezydentem wybranym w tzw. demokratycznych wyborach, po odzyskaniu przez Polsk\u0119 niepodleg\u0142o\u015bci (tow. Jaruzelskiego z wiadomych powod\u00f3w nie licz\u0119). Co prawda m\u00f3j Kandydat przepad\u0142 dwa tygodnie temu w I turze wybor\u00f3w, ale przepad\u0142 wbrew lewackiej telewizji polskiej, utrzymywanej m.in. z abonament\u00f3w p\u0142aconych przez naiwnych, z podniesionym czo\u0142em. <!--more-->Zobacz: <a href=\"http:\/\/grzegorzjaszczura.pl\/?p=4106#more-4106\">http:\/\/grzegorzjaszczura.pl\/?p=4106#more-4106<\/a> .<\/p>\n<p style=\"text-align: justify;\">W ostatnich dniach przed II tur\u0105 by\u0142em ostro molestowany politycznie przez jedn\u0105 ze stron walcz\u0105cych w wyborach (PIS). Uda\u0142o mi si\u0119 wyj\u015b\u0107 z tego. Dobrze to uj\u0105\u0142 na swoim blogu Robert Gwiazdowski, ten z Centrum im. Adama Smitha, jeszcze 2 lipca: <a href=\"http:\/\/gwiazdowski.blogbank.pl\/\">http:\/\/gwiazdowski.blogbank.pl\/<\/a> :<\/p>\n<p style=\"text-align: justify;\"><span style=\"color: #0000ff;\">&#8222;Jestem molestowany\u2026 politycznie. Zewsz\u0105d s\u0142ysz\u0119, \u017ce musz\u0119 i\u015b\u0107 na wybory! \u017be  to obowi\u0105zek obywatelski, \u017ce jak nie p\u00f3jd\u0119, to nie b\u0119d\u0119 m\u00f3g\u0142 krytykowa\u0107!!!<\/span><\/p>\n<p style=\"text-align: justify;\"><span style=\"color: #0000ff;\">Dyskusje polityczne od dawna by\u0142y niebezpieczne. Tworzy\u0142y linie podzia\u0142u  mi\u0119dzy znajomymi. Ba!!! Nawet mi\u0119dzy przyjaci\u00f3\u0142mi. Ale dzi\u015b doszli\u015bmy do sytuacji, w kt\u00f3rej ju\u017c niedyskutowanie o polityce te\u017c  jest odbierane politycznie. [&#8230;]<br \/>\n<\/span><\/p>\n<p style=\"text-align: justify;\"><span style=\"color: #0000ff;\">Nie mam jednak zamiaru wybiera\u0107 \u201emniejszego z\u0142a\u201d. Wybieram \u201edobro\u201d! Zamiast  si\u0119 \u201eszlaja\u0107\u201d po lokalach wyborczych, wol\u0119 po gastronomicznych. Zap\u0142ac\u0119 VAT i  akcyz\u0119, dzi\u0119ki czemu ka\u017cdy z kandydat\u00f3w, bez wzgl\u0119du na to kt\u00f3ry wygra, b\u0119dzie  mia\u0142 wi\u0119cej do rozdawania swojej klienteli wyborczej. Czy to nie jest  obywatelska postawa?<\/span><\/p>\n<p style=\"text-align: justify;\"><span style=\"color: #0000ff;\">Mam jednak cich\u0105 nadziej\u0119, \u017ce \u017caden z nich nie zrealizuje swych wyborczych  obietnic, z kt\u00f3rych wynika, \u017ce zrobi wszystko, aby Polska jak najszybciej  dogoni\u0142a\u2026 Grecj\u0119! \u00a0A mo\u017ce nawet i przegoni\u0142a. [&#8230;]<\/span><\/p>\n<p style=\"text-align: justify;\"><span style=\"color: #0000ff;\">Gdybym zarobi\u0142 bardzo du\u017co i postanowi\u0142 sam sfinansowa\u0107 swoj\u0105 kampani\u0119  wyborcz\u0105 (pomijaj\u0105c oczywi\u015bcie, \u017ce ju\u017c to dyskredytowa\u0142oby mnie jako kandydata,  gdy\u017c wiadomo, \u017ce jak kto\u015b ma pieni\u0105dze to musia\u0142 ukra\u015b\u0107) to bym nie m\u00f3g\u0142!!!\u00a0  Zgodnie z art. 86 ustawy z dnia 28 wrze\u015bnia 1990 roku o wyborze Prezydenta  Rzeczpospolitej Polskiej, \u0142\u0105czna suma wp\u0142at od osoby fizycznej na rzecz jednego  komitetu nie mo\u017ce przekracza\u0107 15-krotno\u015bci minimalnego wynagrodzenia za prac\u0119  obowi\u0105zuj\u0105cego w dniu poprzedzaj\u0105cym dzie\u0144 og\u0142oszenia postanowienia o  zarz\u0105dzeniu wybor\u00f3w. Ograniczenie to nie dotyczy wp\u0142at fundusz\u00f3w wyborczych  partii politycznych tworzonych na podstawie przepis\u00f3w ustawy z dnia 27 czerwca  1997 roku o partiach politycznych \u2013 czyli tych partii, kt\u00f3re ju\u017c dzia\u0142aj\u0105 i  dostaj\u0105 dotacje bud\u017cetowe (art. 85 ustawy o wyborze Prezydenta). Politycy sobie  uchwalili, \u017ce si\u0119 bawi\u0105 sami, a wyborc\u00f3w zapraszaj\u0105 raz na kilka lat na  spektakl, w kt\u00f3rym fa\u0142szuj\u0105, zapominaj\u0105 tekstu, robi\u0105 g\u0142upie miny i przekrzykuj\u0105  si\u0119 wzajemnie, a wynaj\u0119ta przez nich \u201eklaka\u201d patrzy z wy\u017cszo\u015bci\u0105, a czasem nawet  z pogard\u0105 na tych co nie bij\u0105 brawo. I nawet zaczynaj\u0105 przeb\u0105kiwa\u0107, czy nie  nale\u017cy wprowadzi\u0107 przymusu chodzenia na takie przedstawienia!<\/span><\/p>\n<p style=\"text-align: justify;\"><span style=\"color: #0000ff;\">Mog\u0119 jeszcze zmieni\u0107 zdanie i p\u00f3j\u015b\u0107, je\u015bli kt\u00f3ry\u015b z kandydat\u00f3w dzi\u015b do  godziny 24.00 przeprosi wyborc\u00f3w i powie, \u017ce on jednak sprywatyzuje te szpitale\u2026<\/span><\/p>\n<p style=\"text-align: justify;\"><span style=\"color: #0000ff;\">Bardziej mnie interesuje, czy dzi\u015b wygra Brazylia, czy Holandia, a jutro  Argentyna, czy Niemcy. W\u0142a\u015bnie zaczyna si\u0119 pierwszy mecz\u2026&#8221;<\/span><\/p>\n<p style=\"text-align: justify;\"><span style=\"color: #0000ff;\"><span style=\"color: #000000;\">Jak molestowali (agitowali) Wielce Szanowni Kandydaci najlepiej obrazuje przyk\u0142ad dotycz\u0105cy walki o g\u0142osy <span style=\"color: #ff0000;\">Lewicy (postkomunist\u00f3w)<\/span> i to u nas w Zag\u0142\u0119biu D\u0105browskim. Por\u00f3wnajmy Pana J. Kaczy\u0144skiego (PIS) pod hal\u0105 &#8222;Dor-Jana&#8221; w Zag\u00f3rzu wychwalaj\u0105cego tow. E. Gierka i twierdz\u0105cego, \u017ce <span style=\"color: #ff0000;\">komunista<\/span> mo\u017ce by\u0107 <span style=\"color: #0000ff;\">patriot\u0105 <\/span>(?). Chyba nie polskim, bo przecie\u017c celem komunist\u00f3w by\u0142a m.in. likwidacja pa\u0144stw narodowych i stworzenie Og\u00f3lno\u015bwiatowego Pa\u0144stwa Rad Sowieckich (<span style=\"color: #ff0000;\">Zwi\u0105zku Sowieckiego<\/span>) &#8211; gdzie tu miejsce na narodowy <span style=\"color: #0000ff;\">patriotyzm<\/span>, a taki ja sobie ceni\u0119? A ko\u0144cowym wynikiem tego mia\u0142 by\u0107 przecie\u017c <span style=\"color: #ff0000;\">cz\u0142owiek sowiecki<\/span>. Zobacz: <\/span><\/span><a href=\"http:\/\/grzegorzjaszczura.pl\/?p=1360#more-1360\">http:\/\/grzegorzjaszczura.pl\/?p=1360#more-1360<\/a><span style=\"color: #0000ff;\"><a href=\"http:\/\/grzegorzjaszczura.pl\/?p=1360#more-1360\"><span style=\"color: #000000;\"> <\/span><\/a>. <span style=\"color: #000000;\">Pomy\u015ble\u0107, \u017ce popiera\u0142em kiedy\u015b Pana J. Kaczy\u0144skiego (PIS), gdy uwa\u017ca\u0142, \u017ce nale\u017cy zdelegalizowa\u0107 <span style=\"color: #ff0000;\">SLD<\/span>. Akurat w D\u0105browie G\u00f3rniczej wielu by tak uwa\u017ca\u0142o i to lewicowc\u00f3w nawet!<\/span><br \/>\n<\/span><\/p>\n<p style=\"text-align: justify;\"><span style=\"color: #0000ff;\"><span style=\"color: #000000;\">Du\u017co inteligentniej przeprowadzi\u0142 t\u0105 agitacj\u0119 Pan Prezydent, prawie ju\u017c, Elekt B. Komorowski (PO), przed socrealistycznym Pa\u0142acem Kultury Zag\u0142\u0119bia w D\u0105browie G\u00f3rniczej. Gdy po wypowiedzi lewicowego Prezydenta naszego miasta Zb. Podrazy (<span style=\"color: #ff0000;\">Lewica<\/span> <span style=\"color: #ff0000;\">SLD<\/span>), zach\u0119cany do m\u00f3wienia do <span style=\"color: #ff0000;\">czerwonego<\/span> mikrofonu, czujnie podkre\u015bli\u0142, \u017ce chce si\u0119 zwr\u00f3ci\u0107 o poparcie do wszystkich. Zrobi\u0142 to m\u00f3wi\u0105c do <span style=\"color: #ff0000;\">czerwonego<\/span> mikrofonu i stoj\u0105c obok &#8222;<span style=\"color: #ff0000;\">czerwonego<\/span>&#8222;. Trudno tu zauwa\u017cy\u0107\u00a0 cechy k<span style=\"color: #ff0000;\">a<\/span><span style=\"color: #ff00ff;\">m<\/span><\/span><\/span><span style=\"color: #0000ff;\"><span style=\"color: #000000;\"><span style=\"color: #00ff00;\">e<span style=\"color: #0000ff;\">l<\/span><\/span><\/span><\/span><span style=\"color: #0000ff;\"><span style=\"color: #000000;\"><span style=\"color: #ffff00;\">e<\/span><span style=\"color: #800080;\">o<\/span><span style=\"color: #ff6600;\">n<\/span><span style=\"color: #333333;\">a<\/span>.<\/span><\/span><\/p>\n<p style=\"text-align: justify;\"><span style=\"color: #0000ff;\"><span style=\"color: #000000;\"><span style=\"color: #0000ff;\"><strong><a href=\"http:\/\/grzegorzjaszczura.pl\/http:\/\/grzegorzjaszczura.pl\/wp-content\/uploads\/2010\/07\/20100704338.jpg\"><img loading=\"lazy\" decoding=\"async\" class=\"alignleft size-thumbnail wp-image-4435\" title=\"20100704338\" src=\"http:\/\/grzegorzjaszczura.pl\/http:\/\/grzegorzjaszczura.pl\/wp-content\/uploads\/2010\/07\/20100704338-150x150.jpg\" alt=\"20100704338\" width=\"150\" height=\"150\" \/><\/a>Reasumuj\u0105c\u00a0 wykorzysta\u0142em wczorajsz\u0105 niedziel\u0119 na wizyt\u0119 i modlitw\u0119 na Jasnej G\u00f3rze w Cz\u0119stochowie.<\/strong><\/span><\/span><\/span><\/p>\n<p style=\"text-align: justify;\"><span style=\"color: #0000ff;\"><span style=\"color: #000000;\"><span style=\"color: #0000ff;\"><strong><a href=\"http:\/\/grzegorzjaszczura.pl\/http:\/\/grzegorzjaszczura.pl\/wp-content\/uploads\/2010\/07\/20100704336.jpg\"><img loading=\"lazy\" decoding=\"async\" class=\"alignleft size-thumbnail wp-image-4439\" title=\"20100704336\" src=\"http:\/\/grzegorzjaszczura.pl\/http:\/\/grzegorzjaszczura.pl\/wp-content\/uploads\/2010\/07\/20100704336-150x150.jpg\" alt=\"20100704336\" width=\"150\" height=\"150\" \/><\/a><a href=\"http:\/\/grzegorzjaszczura.pl\/http:\/\/grzegorzjaszczura.pl\/wp-content\/uploads\/2010\/07\/20100704332.jpg\"><img loading=\"lazy\" decoding=\"async\" class=\"alignleft size-thumbnail wp-image-4440\" title=\"20100704332\" src=\"http:\/\/grzegorzjaszczura.pl\/http:\/\/grzegorzjaszczura.pl\/wp-content\/uploads\/2010\/07\/20100704332-150x150.jpg\" alt=\"20100704332\" width=\"150\" height=\"150\" \/><\/a><a href=\"http:\/\/grzegorzjaszczura.pl\/http:\/\/grzegorzjaszczura.pl\/wp-content\/uploads\/2010\/07\/20100704333.jpg\"><img loading=\"lazy\" decoding=\"async\" class=\"alignleft size-thumbnail wp-image-4443\" title=\"20100704333\" src=\"http:\/\/grzegorzjaszczura.pl\/http:\/\/grzegorzjaszczura.pl\/wp-content\/uploads\/2010\/07\/20100704333-150x150.jpg\" alt=\"20100704333\" width=\"150\" height=\"150\" \/><\/a><br \/>\n<\/strong><\/span><\/span><\/span><\/p>\n<p style=\"text-align: justify;\">\n","protected":false},"excerpt":{"rendered":"<p>Gratulacje dla Pana Bronis\u0142awa Komorowskiego! Zosta\u0142 4 Prezydentem wybranym w tzw. demokratycznych wyborach, po odzyskaniu przez Polsk\u0119 niepodleg\u0142o\u015bci (tow. Jaruzelskiego z wiadomych powod\u00f3w nie licz\u0119). Co prawda m\u00f3j Kandydat przepad\u0142 dwa tygodnie temu w I turze wybor\u00f3w, ale przepad\u0142 wbrew lewackiej telewizji polskiej, utrzymywanej m.in. z abonament\u00f3w p\u0142aconych przez naiwnych, z podniesionym czo\u0142em.<\/p>\n","protected":false},"author":2,"featured_media":0,"comment_status":"open","ping_status":"open","sticky":false,"template":"","format":"standard","meta":{"_monsterinsights_skip_tracking":false,"_monsterinsights_sitenote_active":false,"_monsterinsights_sitenote_note":"","_monsterinsights_sitenote_category":0,"footnotes":""},"categories":[3],"tags":[],"class_list":["post-4403","post","type-post","status-publish","format-standard","hentry","category-polityczne"],"_links":{"self":[{"href":"https:\/\/grzegorzjaszczura.pl\/index.php?rest_route=\/wp\/v2\/posts\/4403","targetHints":{"allow":["GET"]}}],"collection":[{"href":"https:\/\/grzegorzjaszczura.pl\/index.php?rest_route=\/wp\/v2\/posts"}],"about":[{"href":"https:\/\/grzegorzjaszczura.pl\/index.php?rest_route=\/wp\/v2\/types\/post"}],"author":[{"embeddable":true,"href":"https:\/\/grzegorzjaszczura.pl\/index.php?rest_route=\/wp\/v2\/users\/2"}],"replies":[{"embeddable":true,"href":"https:\/\/grzegorzjaszczura.pl\/index.php?rest_route=%2Fwp%2Fv2%2Fcomments&post=4403"}],"version-history":[{"count":44,"href":"https:\/\/grzegorzjaszczura.pl\/index.php?rest_route=\/wp\/v2\/posts\/4403\/revisions"}],"predecessor-version":[{"id":4453,"href":"https:\/\/grzegorzjaszczura.pl\/index.php?rest_route=\/wp\/v2\/posts\/4403\/revisions\/4453"}],"wp:attachment":[{"href":"https:\/\/grzegorzjaszczura.pl\/index.php?rest_route=%2Fwp%2Fv2%2Fmedia&parent=4403"}],"wp:term":[{"taxonomy":"category","embeddable":true,"href":"https:\/\/grzegorzjaszczura.pl\/index.php?rest_route=%2Fwp%2Fv2%2Fcategories&post=4403"},{"taxonomy":"post_tag","embeddable":true,"href":"https:\/\/grzegorzjaszczura.pl\/index.php?rest_route=%2Fwp%2Fv2%2Ftags&post=4403"}],"curies":[{"name":"wp","href":"https:\/\/api.w.org\/{rel}","templated":true}]}}