{"id":44494,"date":"2018-01-23T09:49:51","date_gmt":"2018-01-23T08:49:51","guid":{"rendered":"http:\/\/grzegorzjaszczura.pl\/?p=44494"},"modified":"2018-01-23T09:49:51","modified_gmt":"2018-01-23T08:49:51","slug":"dlaczego-prl-w-soczewce","status":"publish","type":"post","link":"https:\/\/grzegorzjaszczura.pl\/?p=44494","title":{"rendered":"Dlaczego? &#8211; PRL w soczewce"},"content":{"rendered":"<p style=\"text-align: justify;\"><span style=\"color: #000080;\"><span style=\"color: #000000;\"><a href=\"http:\/\/grzegorzjaszczura.pl\/http:\/\/grzegorzjaszczura.pl\/wp-content\/uploads\/2018\/01\/forto\u0144ski-1.jpg\"><img loading=\"lazy\" decoding=\"async\" class=\"alignleft size-thumbnail wp-image-44502\" alt=\"forto\u0144ski-1\" src=\"http:\/\/grzegorzjaszczura.pl\/http:\/\/grzegorzjaszczura.pl\/wp-content\/uploads\/2018\/01\/forto\u0144ski-1-150x150.jpg\" width=\"150\" height=\"150\" \/><\/a>Dzisiaj artyku\u0142 kol. <strong>Tomasza Forto\u0144skiego<\/strong> (foto obok), tak <em>a propos<\/em> dekomunizacji, kt\u00f3ra w D\u0105browie G\u00f3rniczej idzie dziwnie opornie, jakby po grudach. Zadaj\u0119 sobie pytanie: <strong>dlaczego? <a href=\"http:\/\/grzegorzjaszczura.pl\/?p=42017#more-42017\">Zobacz <\/a><\/strong>lub<strong><a href=\"http:\/\/rolowanadabrowa.pl\/palac-kultury-zaglebia\"> zobacz<\/a>.<\/strong><br \/>\n<\/span><\/span><\/p>\n<p style=\"text-align: justify;\"><span style=\"color: #000080;\">&#8222;Zbieraj\u0105c materia\u0142y do swojej pracy dyplomowej po\u015bwi\u0119conej historii <strong>Strzemieszyc Wielkich<\/strong>, a nast\u0119pnie rekonstruuj\u0105c ich powojenne dzieje w pewnym momencie zrozumia\u0142em, \u017ce wy\u0142aniaj\u0105cy si\u0119<!--more--> ze \u017ar\u00f3de\u0142 obraz stalinizmu jest o wiele bardziej przemawiaj\u0105cy do wyobra\u017ani ni\u017c ten, kt\u00f3ry wyrobi\u0142em sobie na podstawie dziesi\u0105tek przeczytanych tom\u00f3w dotycz\u0105cych tego okresu.\u00a0 <\/span><\/p>\n<p style=\"text-align: justify;\"><span style=\"color: #000080;\">Zastanawiaj\u0105c si\u0119 nad przyczyn\u0105 tego zjawiska doszed\u0142em do wniosku, \u017ce jest to spowodowane swoist\u0105 blisko\u015bci\u0105 tych wydarze\u0144, zda\u0144 i s\u0142\u00f3w wypowiedzianych przez poszczeg\u00f3lne osoby, kt\u00f3re przecie\u017c rozgrywa\u0142y si\u0119 tutaj i kt\u00f3re \u017cy\u0142y w tej konkretnie miejscowo\u015bci, ,,po\u015br\u00f3d nas\u2019\u2019. <b>Wielokrotnie w trakcie studiowania materia\u0142\u00f3w cisn\u0119\u0142o mi si\u0119 na usta pytanie \u2013 jak to mo\u017cliwe! Dlaczego?<\/b><\/span><\/p>\n<p style=\"text-align: justify;\"><span style=\"color: #000080;\"><span style=\"color: #000000;\"><span style=\"color: #ff0000;\"><b>Dlaczego<\/b><\/span> <span style=\"color: #000080;\">23 lutego 1945 roku \u015bwi\u0119towano w Strzemieszycach 27 rocznic\u0119 powstania armii sowieckiej, wyg\u0142aszaj\u0105c przy tym laudacje w tych s\u0142owach: <em>,,Dzi\u0119ki Armii Czerwonej\u00a0 i wodzowi jej marsza\u0142kowi J\u00f3zefowi Stalinowi, dzi\u015b jeste\u015bmy wolni i mo\u017cemy spokojnie pracowa\u0107 nad odbudow\u0105 naszej ojczyzny\u2019\u2019<\/em>?<\/span><\/span><\/span><\/p>\n<p style=\"text-align: justify;\"><span style=\"color: #000080;\"><span style=\"color: #000000;\"><span style=\"color: #ff0000;\"><b>Dlaczego<\/b><\/span> <span style=\"color: #000080;\">obrady cia\u0142 samorz\u0105dowych otwierano przem\u00f3wieniami na cze\u015b\u0107 W.K.P. (b) b\u0105d\u017a tow. Bieruta?<\/span><\/span><\/span><\/p>\n<p style=\"text-align: justify;\"><span style=\"color: #000080;\"><span style=\"color: #000000;\"><span style=\"color: #ff0000;\"><b>Dlaczego<\/b><\/span> <span style=\"color: #000080;\">w\u0142adza, rzekomo polska, zwalcza\u0142a i mordowa\u0142a polskich \u017co\u0142nierzy skupionych w <strong>AK<\/strong> i <strong>NSZ<\/strong> (w Strzemieszycach powieszono \u017co\u0142nierza <strong>NSZ<\/strong> \u2013 jego dane osobowe wymagaj\u0105 jednak dalszych bada\u0144), a tych co prze\u017cyli przez d\u0142ugie lata inwigilowa\u0142a i zbiera\u0142a na nich tzw. komprmateria\u0142y?<\/span> <\/span><\/span><\/p>\n<p style=\"text-align: justify;\"><span style=\"color: #000080;\"><span style=\"color: #000000;\"><span style=\"color: #ff0000;\"><b>Dlaczego<\/b><\/span> <span style=\"color: #000080;\">w\u0142adza mieni\u0105ca si\u0119 demokratyczn\u0105, zwalcza\u0142a opozycyjne partie polityczne, rozbijaj\u0105c PSL (na posiedzeniu cz\u0142onk\u00f3w ko\u0142a PPR Fabryki ,,Strem\u2019\u2019, jeden z uczestnik\u00f3w zapyta\u0142 wprost <em>,,czy nie mo\u017cna znie\u015b\u0107 PSL z powierzchni ziemi?<\/em>), a z biegiem czasu wch\u0142on\u0119\u0142a rozpracowane operacyjnie PPS, tworz\u0105c system jednopartyjny w Polsce?<\/span><\/span><\/span><\/p>\n<p style=\"text-align: justify;\"><span style=\"color: #000080;\"><span style=\"color: #000000;\"><span style=\"color: #ff0000;\"><b>Dlaczego<\/b><\/span> <span style=\"color: #000080;\">pi\u0119tnowano mieszka\u0144c\u00f3w za wzi\u0119cie udzia\u0142u w uroczysto\u015bciach ko\u015bcielnych i dlaczego zwalczano religi\u0119 katolick\u0105 i prze\u015bladowano osoby duchowne?<\/span><\/span><\/span><\/p>\n<p style=\"text-align: justify;\"><span style=\"color: #000080;\"><span style=\"color: #000000;\"><span style=\"color: #ff0000;\"><b>Dlaczego<\/b><\/span> <span style=\"color: #000080;\">,,nowa w\u0142adza\u2019\u2019 wprowadzi\u0142a niszcz\u0105cy w\u0142o\u015bcian system kontyngent\u00f3w nazywaj\u0105c go konieczno\u015bci\u0105, jednocze\u015bnie nazywaj\u0105c podobny, funkcjonuj\u0105cy za okupacji niemieckiej barbarzy\u0144stwem?<\/span><\/span><\/span><\/p>\n<p style=\"text-align: justify;\"><span style=\"color: #000080;\"><span style=\"color: #000000;\"><span style=\"color: #ff0000;\"><b>Dlaczego<\/b><\/span> <span style=\"color: #000080;\">tzw. ,,Samopomoc ch\u0142opska\u2019\u2019 nie spe\u0142nia\u0142a swojego statutowego celu tylko, cytuj\u0105c wypowied\u017a jednego z radnych: <em>,,o ile s\u0105 pewne trudno\u015bci w sprawie akcji siewnej, to win\u0119 za taki stan ponosi przede wszystkim Samopomoc Ch\u0142opska, kt\u00f3ra zbyt ma\u0142o interesuje si\u0119 sprawami zawodowymi rolnik\u00f3w, a poszczeg\u00f3lni cz\u0142onkowie Zarz\u0105du Samopomocy my\u015bl\u0105 tylko jak dla siebie zdoby\u0107 konia czy krow\u0119 z przydzia\u0142\u00f3w UNRRA\u2019\u2019<\/em>.<\/span><\/span><\/span><\/p>\n<p style=\"text-align: justify;\"><span style=\"color: #000080;\"><span style=\"color: #000000;\"><span style=\"color: #ff0000;\"><b>Dlaczego<\/b><\/span> <span style=\"color: #000080;\">zwa\u017cywszy na wielko\u015b\u0107 gminy i jej liczb\u0119 ludno\u015bci w 1945 roku, liczba urz\u0119dnik\u00f3w wynosi\u0142a 103?<\/span><\/span><\/span><\/p>\n<p style=\"text-align: justify;\"><span style=\"color: #000080;\"><span style=\"color: #000000;\"><span style=\"color: #ff0000;\"><b>Dlaczego<\/b><\/span> <span style=\"color: #000080;\">komuni\u015bci d\u0105\u017cyli do rozci\u0105gni\u0119cia kontroli nad jak najwi\u0119ksz\u0105 ilo\u015bci\u0105 sfer ludzkiego \u017cycia, wprowadzaj\u0105c nawet \u015bcis\u0142y nadz\u00f3r nad polityk\u0105 mieszkaniow\u0105 (oczywi\u015bcie zachowuj\u0105c pierwsze\u0144stwo w przydzielaniu lokali dla w\u0142adz cywilnych, wojskowych oraz samorz\u0105dowych)?<\/span><\/span><\/span><\/p>\n<p style=\"text-align: justify;\"><span style=\"color: #000080;\"><span style=\"color: #000000;\"><span style=\"color: #ff0000;\"><b>Dlaczego<\/b><\/span> <span style=\"color: #000080;\">w ramach walki z tzw. ,,bur\u017cuazj\u0105\u2019\u2019 wprowadzano coraz to nowe podatki takie jak: podatek od zabaw, podatek od zbytku mieszkaniowego czy podatek od nadmiernego korzystania z drogi, a tak\u017ce podatek od szyld\u00f3w i anons\u00f3w, kt\u00f3ry mia\u0142 uderzy\u0107 w prywatnych przedsi\u0119biorc\u00f3w, nawet tych ich nie posiadaj\u0105cych (nie trzeba dodawa\u0107, \u017ce od podatku by\u0142y zwolnione szyldy PPR)?<\/span> <\/span><\/span><\/p>\n<p style=\"text-align: justify;\"><span style=\"color: #000080;\"><span style=\"color: #000000;\"><span style=\"color: #ff0000;\"><b>Dlaczego<\/b><\/span> <span style=\"color: #000080;\">w\u0142adza nacjonalizowa\u0142a bezprawnie, cho\u0107by kino ,,Paw\u2019\u2019, gdzie puszczano g\u0142\u00f3wnie sowieckie filmy propagandowe\u2019\u2019?<\/span><\/span><\/span><\/p>\n<p style=\"text-align: justify;\"><span style=\"color: #000080;\"><span style=\"color: #000000;\"><span style=\"color: #ff0000;\"><b>Dlaczego<\/b><\/span> <\/span><\/span><span style=\"color: #000080;\">w\u0142adza, kt\u00f3ra mieni\u0142a si\u0119 by\u0107 ,,robotnicz\u0105 i ch\u0142opsk\u0105\u2019\u2019, i kt\u00f3ra podkre\u015bla\u0142a wyzysk ch\u0142opa feudalnego oraz sanacyjnego, uchwali\u0142a na cele publiczne 3.000 dni\u00f3wek pieszych, wprowadzaj\u0105c tym samym w\u0142asn\u0105 prac\u0119 pa\u0144szczy\u017anian\u0105?<\/span><\/p>\n<p style=\"text-align: justify;\"><span style=\"color: #000080;\"><span style=\"color: #000000;\"><span style=\"color: #ff0000;\"><b>Dlaczego<\/b><\/span> <span style=\"color: #000080;\">warunki robotnik\u00f3w zamiast si\u0119 poprawia\u0107, to si\u0119: <em>,,z dnia na dzie\u0144 pogarszaj\u0105 si\u0119, \u017ce tyko nam wszystkim obiecuj\u0105 przez telefon popraw\u0119, a w rzeczywisto\u015bci nic nie daj\u0105, jeszcze nam oczy mydl\u0105, \u017ce robotnikowi nie wolno nic obni\u017ca\u0107, jednak przy ich poprawkach nam robotnikom wysz\u0142a obni\u017cka i nikt nam nie mo\u017ce pom\u00f3c\u2019<\/em>\u2019?<\/span><\/span><\/span><\/p>\n<p style=\"text-align: justify;\"><span style=\"color: #000080;\"><span style=\"color: #000000;\"><span style=\"color: #ff0000;\"><b>Dlaczego<\/b> <\/span><span style=\"color: #000080;\">w\u0142adza g\u0142osi\u0142a, \u017ce ka\u017cdy obywatel ma mo\u017cliwo\u015b\u0107 podj\u0119cia studi\u00f3w, w sytuacji gdy \u017caden ucze\u0144 nie m\u00f3g\u0142 by\u0107 przyj\u0119ty bez wydanej opinii partii?<\/span> <\/span><\/span><\/p>\n<p style=\"text-align: justify;\"><span style=\"color: #000080;\"><span style=\"color: #000000;\"><span style=\"color: #ff0000;\"><b>Dlaczego<\/b><\/span> <span style=\"color: #000080;\">szkolenia dla funkcjonariuszy ORMO w tutejszym posterunku przeprowadzano z takich temat\u00f3w jak: Konstytucja stalinowska jako najdemokratyczniejsza na \u015bwiecie\u2019\u2019?<\/span><\/span><\/span><\/p>\n<p style=\"text-align: justify;\"><span style=\"color: #000080;\"><span style=\"color: #000000;\"><span style=\"color: #ff0000;\"><b>Dlaczego<\/b><\/span> <span style=\"color: #000080;\">w kolejnych raportach i meldunkach pojawia\u0142 si\u0119 pal\u0105cy problem alkoholizmu funkcjonariuszy, skutkuj\u0105cy awanturami i zn\u0119caniem nad pozosta\u0142ymi cz\u0142onkami ich rodzin?<\/span><\/span><\/span><\/p>\n<p style=\"text-align: justify;\"><span style=\"color: #000080;\"><span style=\"color: #000000;\"><span style=\"color: #ff0000;\"><b>Dlaczego<\/b><\/span> <span style=\"color: #000080;\">ca\u0142a miejscowo\u015b\u0107 dos\u0142ownie stan\u0119\u0142a i pogr\u0105\u017cy\u0142a si\u0119 w \u017ca\u0142obie na wiadomo\u015b\u0107 o \u015bmierci J\u00f3zefa Stalina?<\/span><\/span><\/span><\/p>\n<p style=\"text-align: justify;\"><span style=\"color: #000080;\"><b><a href=\"http:\/\/grzegorzjaszczura.pl\/http:\/\/grzegorzjaszczura.pl\/wp-content\/uploads\/2018\/01\/Go\u0142on\u00f3g-01.jpg\"><img loading=\"lazy\" decoding=\"async\" class=\"alignleft size-thumbnail wp-image-44513\" alt=\"Go\u0142on\u00f3g 01\" src=\"http:\/\/grzegorzjaszczura.pl\/http:\/\/grzegorzjaszczura.pl\/wp-content\/uploads\/2018\/01\/Go\u0142on\u00f3g-01-150x150.jpg\" width=\"150\" height=\"150\" \/><\/a>Takich pyta\u0144 dotycz\u0105cych g\u0142upoty, ignorancji, bestialstwa, oportunizmu czy z\u0142odziejstwa mo\u017cna zadawa\u0107 w niesko\u0144czono\u015b\u0107. Bez w\u0105tpienia lata 1945-89 w historii Polski by\u0142y tragiczne.<\/b> Poza szkodami materialnymi i skr\u0119powan\u0105 wolno\u015bci\u0105 gospodarcz\u0105, my Polacy do\u015bwiadczyli\u015bmy r\u00f3wnie\u017c innej szkody, wed\u0142ug J. Pi\u0142sudskiego zdecydowanie gorszej, tej mentalnej.<\/span> <span style=\"color: #000080;\"><span style=\"color: #0000ff;\"><b>Odci\u0119cie si\u0119 od tego, narzuconego nam po Ja\u0142cie systemu musi wi\u0119c przebiega\u0107 w spos\u00f3b dwutorowy: symbolicznie, co si\u0119 ju\u017c na naszych oczach dzieje, gdy\u017c pozosta\u0142o\u015bci sowieckiej dominacji i ideologii znikaj\u0105 sukcesywnie z przestrzeni publicznej (w Strzemieszycach jednak dalej jest z tym problem\u2026) oraz duchowy &#8211; bez ca\u0142kowitego odrzucenia ideologii komunistycznej (w ka\u017cdej jej postaci) nigdy nie b\u0119dziemy mogli powiedzie\u0107, \u017ce jeste\u015bmy naprawd\u0119 wolnymi<\/b> <strong>lud\u017ami!<\/strong>&#8222;<\/span><b> <\/b><\/span><\/p>\n<p style=\"text-align: right;\" align=\"right\"><span style=\"color: #000000;\"><b><i>Tomasz Forto\u0144ski<\/i><\/b><\/span><\/p>\n","protected":false},"excerpt":{"rendered":"<p>Dzisiaj artyku\u0142 kol. Tomasza Forto\u0144skiego (foto obok), tak a propos dekomunizacji, kt\u00f3ra w D\u0105browie G\u00f3rniczej idzie dziwnie opornie, jakby po grudach. Zadaj\u0119 sobie pytanie: dlaczego? Zobacz lub zobacz. &#8222;Zbieraj\u0105c materia\u0142y do swojej pracy dyplomowej po\u015bwi\u0119conej historii Strzemieszyc Wielkich, a nast\u0119pnie rekonstruuj\u0105c ich powojenne dzieje w pewnym momencie zrozumia\u0142em, \u017ce wy\u0142aniaj\u0105cy si\u0119<\/p>\n","protected":false},"author":2,"featured_media":0,"comment_status":"open","ping_status":"open","sticky":false,"template":"","format":"standard","meta":{"_monsterinsights_skip_tracking":false,"_monsterinsights_sitenote_active":false,"_monsterinsights_sitenote_note":"","_monsterinsights_sitenote_category":0,"footnotes":""},"categories":[3],"tags":[],"class_list":["post-44494","post","type-post","status-publish","format-standard","hentry","category-polityczne"],"_links":{"self":[{"href":"https:\/\/grzegorzjaszczura.pl\/index.php?rest_route=\/wp\/v2\/posts\/44494","targetHints":{"allow":["GET"]}}],"collection":[{"href":"https:\/\/grzegorzjaszczura.pl\/index.php?rest_route=\/wp\/v2\/posts"}],"about":[{"href":"https:\/\/grzegorzjaszczura.pl\/index.php?rest_route=\/wp\/v2\/types\/post"}],"author":[{"embeddable":true,"href":"https:\/\/grzegorzjaszczura.pl\/index.php?rest_route=\/wp\/v2\/users\/2"}],"replies":[{"embeddable":true,"href":"https:\/\/grzegorzjaszczura.pl\/index.php?rest_route=%2Fwp%2Fv2%2Fcomments&post=44494"}],"version-history":[{"count":18,"href":"https:\/\/grzegorzjaszczura.pl\/index.php?rest_route=\/wp\/v2\/posts\/44494\/revisions"}],"predecessor-version":[{"id":44514,"href":"https:\/\/grzegorzjaszczura.pl\/index.php?rest_route=\/wp\/v2\/posts\/44494\/revisions\/44514"}],"wp:attachment":[{"href":"https:\/\/grzegorzjaszczura.pl\/index.php?rest_route=%2Fwp%2Fv2%2Fmedia&parent=44494"}],"wp:term":[{"taxonomy":"category","embeddable":true,"href":"https:\/\/grzegorzjaszczura.pl\/index.php?rest_route=%2Fwp%2Fv2%2Fcategories&post=44494"},{"taxonomy":"post_tag","embeddable":true,"href":"https:\/\/grzegorzjaszczura.pl\/index.php?rest_route=%2Fwp%2Fv2%2Ftags&post=44494"}],"curies":[{"name":"wp","href":"https:\/\/api.w.org\/{rel}","templated":true}]}}