{"id":44630,"date":"2018-02-08T15:44:15","date_gmt":"2018-02-08T14:44:15","guid":{"rendered":"http:\/\/grzegorzjaszczura.pl\/?p=44630"},"modified":"2018-02-08T15:44:15","modified_gmt":"2018-02-08T14:44:15","slug":"madry-dabrowianin-po-szkodzie","status":"publish","type":"post","link":"https:\/\/grzegorzjaszczura.pl\/?p=44630","title":{"rendered":"M\u0105dry D\u0105browianin po szkodzie?"},"content":{"rendered":"<p style=\"text-align: justify;\"><a href=\"http:\/\/grzegorzjaszczura.pl\/http:\/\/grzegorzjaszczura.pl\/wp-content\/uploads\/2018\/02\/201211281456.jpg\"><img loading=\"lazy\" decoding=\"async\" class=\"alignleft size-thumbnail wp-image-44639\" alt=\"201211281456\" src=\"http:\/\/grzegorzjaszczura.pl\/http:\/\/grzegorzjaszczura.pl\/wp-content\/uploads\/2018\/02\/201211281456-150x150.jpg\" width=\"150\" height=\"150\" \/><\/a>Na postawione pytanie w tytule raczej nale\u017cy odpowiedzie\u0107, \u017ce nie, niestety nawet po szkodzie D\u0105browianin nie jest m\u0105dry. Chyba, \u017ce zmiana nast\u0105pi po najbli\u017cszych wyborach samorz\u0105dowych? Oby! Historycznie spojrza\u0142 na to Pan <strong>J\u00f3zef Kowalski<\/strong>, jakby nie patrze\u0107 mieszkaniec D\u0105browy G\u00f3rniczej, przewodnicz\u0105cy <strong>Stowarzyszenia Robotnik\u00f3w Chrze\u015bcija\u0144skich<\/strong> czy szef <strong>Klubu Gazety Polskiej II<\/strong>, im. Henryka Glassa \u201eChudego Wilka\u201d,<!--more--> dziennikarz i pisarz.<\/p>\n<p style=\"text-align: justify;\"><span style=\"color: #000080;\"><strong><a href=\"http:\/\/grzegorzjaszczura.pl\/http:\/\/grzegorzjaszczura.pl\/wp-content\/uploads\/2018\/02\/legendy.jpg\"><img loading=\"lazy\" decoding=\"async\" class=\"alignleft size-thumbnail wp-image-44655\" alt=\"legendy\" src=\"http:\/\/grzegorzjaszczura.pl\/http:\/\/grzegorzjaszczura.pl\/wp-content\/uploads\/2018\/02\/legendy-150x150.jpg\" width=\"150\" height=\"150\" \/><\/a>&#8222;W roku 1989 spora cz\u0119\u015b\u0107 mieszka\u0144c\u00f3w Polski my\u015bla\u0142a, \u017ce Polska dosta\u0142a szans\u0119 od Historii i ma\u0142o kto podejrzewa\u0142, \u017ce Okr\u0105g\u0142y St\u00f3\u0142 to tylko taka Potiomkinowska wioska.<\/strong> A ci, kt\u00f3rzy twierdzili, \u017ce to wszystko k\u0142amstwo byli traktowani, jako oszo\u0142omy z ciemnogrodu. Niestety po niewczasie okaza\u0142o si\u0119, \u017ce racj\u0119 mieli ci, z kt\u00f3rych si\u0119 wy\u015bmiewano. <b>Bo faktycznie wszystko to, co zadecydowa\u0142o, jak przez najbli\u017csze lata b\u0119dzie wygl\u0105da\u0107 Polska odbywa\u0142o si\u0119 w ca\u0142kiem innym miejscu.<\/b><\/span><\/p>\n<p style=\"text-align: justify;\"><span style=\"color: #000080;\">Przyszed\u0142 rok 1990 i wszyscy nazwani oszo\u0142omami zostali odsuni\u0119ci od wszelkiego wp\u0142ywu na to, co mia\u0142o si\u0119 teraz dzia\u0107 w naszym kraju. <strong>Podobnie by\u0142o w D\u0105browie G\u00f3rniczej, oczywi\u015bcie poza kilkoma wyj\u0105tkami, ludzie o pogl\u0105dach prawicowych poszli w odstawk\u0119.<\/strong> W Komitecie Obywatelskim, w kt\u00f3rym praktycznie w roku 1989 dzia\u0142a\u0142o kilkana\u015bcie os\u00f3b (w sumie by\u0142o oko\u0142o dwudziestu par\u0119 os\u00f3b), po przemianowaniu na <strong>D\u0105browski Komitet Obywatelski<\/strong> w roku 1990 znalaz\u0142o si\u0119 kilkaset os\u00f3b. Wi\u0119kszo\u015b\u0107 to byli cz\u0142onkowie <span style=\"color: #ff0000;\">PZPR- u<\/span>, a nawet jeszcze cz\u0142onkowie <span style=\"color: #ff0000;\">PZPR-u<\/span> do ko\u0144ca stycznia 1990 roku. I to te osoby zdoby\u0142y wi\u0119kszo\u015b\u0107 na listach wyborczych <strong>D\u0105browskiego Komitetu Obywatelskiego<\/strong> i te osoby dosta\u0142y si\u0119 do pierwszej bezpo\u015brednio wybieranej <strong>Rady Miasta<\/strong>. I to ta Rada doprowadzi\u0142a do obalenia prezydenta <strong>Jerzego Talkowskiego<\/strong>, wybieraj\u0105c na prezydenta miasta cz\u0142onka <span style=\"color: #ff0000;\">PZPR-u<\/span>. <b>Przemiany, kt\u00f3re zacz\u0119\u0142y nast\u0119powa\u0107 zosta\u0142y praktycznie zastopowane, a wst\u0119pem do tego by\u0142a sprzeda\u017c firm miejskich. Jest to ju\u017c pocz\u0105tek okresu, kt\u00f3rym powinna si\u0119 zaj\u0105\u0107 komisja do spraw prywatyzacji i handlu gruntami. Bo wszelkie z\u0142o, kt\u00f3re si\u0119 objawi\u0142o w tym czasie, objawi\u0142o si\u0119 z wielokrotnie wi\u0119ksz\u0105 si\u0142\u0105 w nast\u0119pnych latach, kiedy w wyborach do w\u0142adz miasta zacz\u0119\u0142a wygrywa\u0107 lewica.<\/b><\/span><\/p>\n<p style=\"text-align: justify;\"><span style=\"color: #000080;\">Wst\u0119pem do tego, co mia\u0142o nast\u0105pi\u0107 by\u0142, prawdopodobnie wielomilionowy, przekr\u0119t zwi\u0105zany ze sprzeda\u017c\u0105 grunt\u00f3w wok\u00f3\u0142 wyrobiska pozosta\u0142ego po kopalni piasku. Brali w tym udzia\u0142, mi\u0119dzy innymi, cz\u0142onkowie Solidarno\u015bci i AWS-u, b\u0119d\u0105cy radnymi d\u0105browskimi w drugiej po\u0142owie lat dziewi\u0119\u0107dziesi\u0105tych (od 1998r.) XX wieku. Przekr\u0119t mia\u0142 polega\u0107 na tym, \u017ce kupowano za grosze grunty hektarowe wok\u00f3\u0142 tego wyrobiska, kt\u00f3re mia\u0142o si\u0119 sta\u0107 zbiornikiem wodnym zwanym Pogoria IV. Wiedzia\u0142o o tym tylko miasto i tylko ludzie miasta mogli je wykupowa\u0107, jako tereny przeznaczone na ogrody dzia\u0142kowe. Nast\u0119pnie wyrobisko zosta\u0142o zalane wod\u0105, dzi\u0119ki czemu powsta\u0142 wspomniany i istniej\u0105cy ju\u017c zbiornik wodny Pogoria IV. I teraz nast\u0105pi\u0142o dzia\u0142anie najwa\u017cniejsze: zmiana Planu Zagospodarowania Przestrzennego Miasta, kt\u00f3ry zmieni\u0142 ogrody dzia\u0142kowe na tereny budowlane \u2013 <b>miliony z\u0142ot\u00f3wek wpad\u0142y ludziom miasta do kieszeni.<\/b><\/span><\/p>\n<p style=\"text-align: justify;\"><span style=\"color: #000080;\">Nie mo\u017cna powiedzie\u0107, \u017ce <span style=\"color: #ff0000;\"><strong>SLD<\/strong><\/span>, kt\u00f3ry wygrywa wybory w naszym mie\u015bcie od roku 1994 do dzisiaj, nic w mie\u015bcie nie robi. <b>W tych latach najpierw przebudowano ulic\u0119 ju\u017c przebudowan\u0105.<\/b> Potem wzi\u0119to si\u0119 za centrum miasta i przyleg\u0142e ulice, przy okazji buduj\u0105c fontanny. I nale\u017ca\u0142oby si\u0119 cieszy\u0107, gdyby nie to, \u017ce wydano sporo wi\u0119cej pieni\u0119dzy podatnika, ni\u017c to rzeczywi\u015bcie kosztowa\u0142o.<\/span><\/p>\n<p style=\"text-align: justify;\"><span style=\"color: #000080;\"><a href=\"http:\/\/grzegorzjaszczura.pl\/http:\/\/grzegorzjaszczura.pl\/wp-content\/uploads\/2018\/02\/20120323222.jpg\"><img loading=\"lazy\" decoding=\"async\" class=\"alignleft size-thumbnail wp-image-44649\" alt=\"20120323222\" src=\"http:\/\/grzegorzjaszczura.pl\/http:\/\/grzegorzjaszczura.pl\/wp-content\/uploads\/2018\/02\/20120323222-150x150.jpg\" width=\"150\" height=\"150\" \/><\/a>Nale\u017cy przyzna\u0107, \u017ce rz\u0105dy eseldowskie w D\u0105browie G\u00f3rniczej zwi\u0119kszy\u0142y ilo\u015b\u0107 miejsc pracy i to w setkach procent. W 1994 roku w Urz\u0119dzie Miejskim by\u0142o zatrudnionych 172 urz\u0119dnik\u00f3w teraz podobno ich ilo\u015b\u0107 dochodzi do 1000. W roku 1994 zameldowanych by\u0142o 148 tys. os\u00f3b, w tym roku obecnym liczba ta wynosi 114 tysi\u0119cy.<\/span><\/p>\n<p style=\"text-align: justify;\"><span style=\"color: #000080;\"><a href=\"http:\/\/grzegorzjaszczura.pl\/http:\/\/grzegorzjaszczura.pl\/wp-content\/uploads\/2018\/02\/CAM04054.jpg\"><img loading=\"lazy\" decoding=\"async\" class=\"alignleft size-thumbnail wp-image-44658\" alt=\"CAM04054\" src=\"http:\/\/grzegorzjaszczura.pl\/http:\/\/grzegorzjaszczura.pl\/wp-content\/uploads\/2018\/02\/CAM04054-150x150.jpg\" width=\"150\" height=\"150\" \/><\/a>Pozwolono na budow\u0119 market\u00f3w (nawet w parku) i wybudowano, mi\u0119dzy innymi akwapark, hal\u0119 sportow\u0105 i krzywe molo, Centrum Administracyjne, S\u0105d oraz Prokuratur\u0119.<\/span><\/p>\n<p style=\"text-align: justify;\"><span style=\"color: #000080;\">Centrum Administracyjne, gwarowo Pentagon, powinno by\u0107 wybudowane na gruntach miejskich, a S\u0105d oraz Prokuratora na gruntach pa\u0144stwowych. Tak m\u00f3wi\u0105 przepisy, kt\u00f3re w D\u0105browie G\u00f3rniczej nie obowi\u0105zuj\u0105. To ju\u017c mo\u017ce rodzi\u0107 podejrzenia, \u017ce S\u0105d i Prokuratura s\u0105 w kieszeni ludzi miasta. I tak to r\u00f3wnie\u017c wygl\u0105da, bo nie mo\u017cna by\u0142o wnie\u015b do Prokuratury powiadomienia o pope\u0142nieniu przest\u0119pstwa kogo\u015b zwi\u0105zanego z rz\u0105dz\u0105cymi D\u0105brow\u0105 G\u00f3rnicz\u0105.<\/span><\/p>\n<p style=\"text-align: justify;\"><span style=\"color: #000080;\"><a href=\"http:\/\/grzegorzjaszczura.pl\/http:\/\/grzegorzjaszczura.pl\/wp-content\/uploads\/2018\/02\/protok\u00f3\u0142-przek.2004.12.31-1.jpg\"><img loading=\"lazy\" decoding=\"async\" class=\"alignleft size-thumbnail wp-image-44656\" alt=\"protok\u00f3\u0142-przek.2004.12.31-1\" src=\"http:\/\/grzegorzjaszczura.pl\/http:\/\/grzegorzjaszczura.pl\/wp-content\/uploads\/2018\/02\/protok\u00f3\u0142-przek.2004.12.31-1-150x150.jpg\" width=\"150\" height=\"150\" \/><\/a>Pentagon zosta\u0142 wybudowany na gruntach nale\u017c\u0105cych do sp\u00f3\u0142ki Miejski Zarz\u0105d Ulic i Most\u00f3w, a budynek wybudowa\u0142a sp\u00f3\u0142ka z o. o. \u201eCentrum Administracyjne\u201d. Sp\u00f3\u0142ka ta za\u015b w 100% zwi\u0105zana jest ze sp\u00f3\u0142k\u0105 MITEX S.A. (obecnie \u201dEiffage Budownictwo\u201d).<\/span><\/p>\n<p style=\"text-align: justify;\"><span style=\"color: #000080;\">Budowa Pentagonu by\u0142a realizowana z kredytu w wys. 22 mln euro, kt\u00f3ry zosta\u0142 podzielony na dwa. Pierwszy zaci\u0105gn\u0119\u0142a sp\u00f3\u0142ka \u201eCentrum Administracyjne\u201d w Banku Zachodnim \u2013 por\u0119czony przez MITEX S.A.; drugi, w wysoko\u015bci 4 mln euro, \u201eCentrum Administracyjne\u201d zaci\u0105gn\u0119\u0142o w MITEX-ie. Kredyt ten mia\u0142 by\u0107 sp\u0142acany przez lat pi\u0119tna\u015bcie. Do tego nale\u017cy jeszcze doliczy\u0107 oprocentowanie, czynsz, koszty eksploatacji i VAT.<\/span><\/p>\n<p style=\"text-align: justify;\"><span style=\"color: #000080;\">Ten temat to prawdziwa epopeja. Dlaczego prasa lokalna nie tylko za ten temat si\u0119 nie wzi\u0119\u0142a, ale wr\u0119cz nie chcia\u0142a o tym pisa\u0107? &#8230;<br \/>\n<\/span><\/p>\n<p style=\"text-align: justify;\"><span style=\"color: #000080;\"><a href=\"http:\/\/grzegorzjaszczura.pl\/http:\/\/grzegorzjaszczura.pl\/wp-content\/uploads\/2018\/02\/20120425311.jpg\"><img loading=\"lazy\" decoding=\"async\" class=\"alignleft size-thumbnail wp-image-44651\" alt=\"20120425311\" src=\"http:\/\/grzegorzjaszczura.pl\/http:\/\/grzegorzjaszczura.pl\/wp-content\/uploads\/2018\/02\/20120425311-150x150.jpg\" width=\"150\" height=\"150\" \/><\/a>Prokuratura d\u0105browska tej sprawy nie ruszy\u0142a, dlatego wzi\u0119\u0142a si\u0119 za to prokuratura z innego miasta, a nawet trzech. Zjawili si\u0119 nawet przedstawiciele Regionalnej Izby Obrachunkowej i po\u0142azili troch\u0119 po &#8222;ratuszu&#8221;. Powo\u0142ana nawet zosta\u0142a, przez prezydenta Jerzego Talkowskiego, specjalna komisja do zbadania przekr\u0119t\u00f3w zwi\u0105zanych z budow\u0105 ratusza. I &#8230;<br \/>\n<\/span><\/p>\n<p style=\"text-align: justify;\"><span style=\"color: #000080;\">cdn.&#8221;<\/span><\/p>\n<p style=\"text-align: right;\"><em><strong><span style=\"color: #000080;\">J\u00f3zef Kowalski<\/span><\/strong><\/em><\/p>\n<p style=\"text-align: justify;\"><a href=\"http:\/\/grzegorzjaszczura.pl\/http:\/\/grzegorzjaszczura.pl\/wp-content\/uploads\/2018\/02\/CAM00773.jpg\"><img loading=\"lazy\" decoding=\"async\" class=\"alignleft size-thumbnail wp-image-44640\" alt=\"CAM00773\" src=\"http:\/\/grzegorzjaszczura.pl\/http:\/\/grzegorzjaszczura.pl\/wp-content\/uploads\/2018\/02\/CAM00773-150x150.jpg\" width=\"150\" height=\"150\" \/><\/a><a href=\"http:\/\/grzegorzjaszczura.pl\/http:\/\/grzegorzjaszczura.pl\/wp-content\/uploads\/2018\/02\/CAM04259.jpg\"><img loading=\"lazy\" decoding=\"async\" class=\"alignleft size-thumbnail wp-image-44660\" alt=\"CAM04259\" src=\"http:\/\/grzegorzjaszczura.pl\/http:\/\/grzegorzjaszczura.pl\/wp-content\/uploads\/2018\/02\/CAM04259-150x150.jpg\" width=\"150\" height=\"150\" \/><\/a><a href=\"http:\/\/grzegorzjaszczura.pl\/http:\/\/grzegorzjaszczura.pl\/wp-content\/uploads\/2018\/02\/20160217_170618.jpg\"><img loading=\"lazy\" decoding=\"async\" class=\"alignleft size-thumbnail wp-image-44661\" alt=\"20160217_170618\" src=\"http:\/\/grzegorzjaszczura.pl\/http:\/\/grzegorzjaszczura.pl\/wp-content\/uploads\/2018\/02\/20160217_170618-150x150.jpg\" width=\"150\" height=\"150\" \/><\/a><a href=\"http:\/\/grzegorzjaszczura.pl\/http:\/\/grzegorzjaszczura.pl\/wp-content\/uploads\/2018\/02\/IMG_4188-003.jpg\"><img loading=\"lazy\" decoding=\"async\" class=\"alignleft size-thumbnail wp-image-44662\" alt=\"IMG_4188 003\" src=\"http:\/\/grzegorzjaszczura.pl\/http:\/\/grzegorzjaszczura.pl\/wp-content\/uploads\/2018\/02\/IMG_4188-003-150x150.jpg\" width=\"150\" height=\"150\" \/><\/a><\/p>\n","protected":false},"excerpt":{"rendered":"<p>Na postawione pytanie w tytule raczej nale\u017cy odpowiedzie\u0107, \u017ce nie, niestety nawet po szkodzie D\u0105browianin nie jest m\u0105dry. Chyba, \u017ce zmiana nast\u0105pi po najbli\u017cszych wyborach samorz\u0105dowych? Oby! Historycznie spojrza\u0142 na to Pan J\u00f3zef Kowalski, jakby nie patrze\u0107 mieszkaniec D\u0105browy G\u00f3rniczej, przewodnicz\u0105cy Stowarzyszenia Robotnik\u00f3w Chrze\u015bcija\u0144skich czy szef Klubu Gazety Polskiej II, im. Henryka Glassa \u201eChudego Wilka\u201d,<\/p>\n","protected":false},"author":2,"featured_media":0,"comment_status":"open","ping_status":"open","sticky":false,"template":"","format":"standard","meta":{"_monsterinsights_skip_tracking":false,"_monsterinsights_sitenote_active":false,"_monsterinsights_sitenote_note":"","_monsterinsights_sitenote_category":0,"footnotes":""},"categories":[3],"tags":[],"class_list":["post-44630","post","type-post","status-publish","format-standard","hentry","category-polityczne"],"_links":{"self":[{"href":"https:\/\/grzegorzjaszczura.pl\/index.php?rest_route=\/wp\/v2\/posts\/44630","targetHints":{"allow":["GET"]}}],"collection":[{"href":"https:\/\/grzegorzjaszczura.pl\/index.php?rest_route=\/wp\/v2\/posts"}],"about":[{"href":"https:\/\/grzegorzjaszczura.pl\/index.php?rest_route=\/wp\/v2\/types\/post"}],"author":[{"embeddable":true,"href":"https:\/\/grzegorzjaszczura.pl\/index.php?rest_route=\/wp\/v2\/users\/2"}],"replies":[{"embeddable":true,"href":"https:\/\/grzegorzjaszczura.pl\/index.php?rest_route=%2Fwp%2Fv2%2Fcomments&post=44630"}],"version-history":[{"count":25,"href":"https:\/\/grzegorzjaszczura.pl\/index.php?rest_route=\/wp\/v2\/posts\/44630\/revisions"}],"predecessor-version":[{"id":44665,"href":"https:\/\/grzegorzjaszczura.pl\/index.php?rest_route=\/wp\/v2\/posts\/44630\/revisions\/44665"}],"wp:attachment":[{"href":"https:\/\/grzegorzjaszczura.pl\/index.php?rest_route=%2Fwp%2Fv2%2Fmedia&parent=44630"}],"wp:term":[{"taxonomy":"category","embeddable":true,"href":"https:\/\/grzegorzjaszczura.pl\/index.php?rest_route=%2Fwp%2Fv2%2Fcategories&post=44630"},{"taxonomy":"post_tag","embeddable":true,"href":"https:\/\/grzegorzjaszczura.pl\/index.php?rest_route=%2Fwp%2Fv2%2Ftags&post=44630"}],"curies":[{"name":"wp","href":"https:\/\/api.w.org\/{rel}","templated":true}]}}