{"id":45025,"date":"2018-03-04T10:35:11","date_gmt":"2018-03-04T09:35:11","guid":{"rendered":"http:\/\/grzegorzjaszczura.pl\/?p=45025"},"modified":"2020-07-15T14:11:36","modified_gmt":"2020-07-15T12:11:36","slug":"wojna-zydowska-stanislaw-michalkiewicz","status":"publish","type":"post","link":"https:\/\/grzegorzjaszczura.pl\/?p=45025","title":{"rendered":"Wojna \u017cydowska &#8211; Stanis\u0142aw Michalkiewicz"},"content":{"rendered":"<p style=\"text-align: justify;\"><a href=\"http:\/\/grzegorzjaszczura.pl\/http:\/\/grzegorzjaszczura.pl\/wp-content\/uploads\/2018\/03\/20180302_175218.jpg\"><img loading=\"lazy\" decoding=\"async\" class=\"alignleft size-thumbnail wp-image-45031\" src=\"http:\/\/grzegorzjaszczura.pl\/http:\/\/grzegorzjaszczura.pl\/wp-content\/uploads\/2018\/03\/20180302_175218-150x150.jpg\" alt=\"20180302_175218\" width=\"150\" height=\"150\" \/><\/a>To ju\u017c kt\u00f3ry\u015b z kolei pobyt znanego publicysty, pisarza, wyk\u0142adowcy akademickiego, prawnika, by\u0142ego s\u0119dziego Trybuna\u0142u Stanu, antykomunisty, Pana <strong>Stanis\u0142awa Michalkiewicza<\/strong> w D\u0105browie G\u00f3rniczej. Organizatorami spotkania, w dniu <strong>02.03.2018 r.<\/strong> w Villa Moda byli:<strong> Klub Gazety Polskiej im. H. Glassa<\/strong> (<strong>J. Kowalski<\/strong>) oraz oddzia\u0142 d\u0105browski <strong>Kongresu Nowej Prawicy<\/strong> (<strong>T. Sk\u00f3ra<\/strong>).<!--more--><\/p>\n<p style=\"text-align: justify;\"><a href=\"http:\/\/grzegorzjaszczura.pl\/http:\/\/grzegorzjaszczura.pl\/wp-content\/uploads\/2018\/03\/20180302_191352.jpg\"><img loading=\"lazy\" decoding=\"async\" class=\"alignleft size-thumbnail wp-image-45084\" src=\"http:\/\/grzegorzjaszczura.pl\/http:\/\/grzegorzjaszczura.pl\/wp-content\/uploads\/2018\/03\/20180302_191352-150x150.jpg\" alt=\"20180302_191352\" width=\"150\" height=\"150\" \/><\/a>Temat, kt\u00f3rym zaj\u0105\u0142 si\u0119 <strong>S. Michalkiewicz<\/strong> jest wyj\u0105tkowo aktualny, czyli jak to okre\u015bli\u0142 prelegent <strong>wojna \u017cydowska<\/strong>. W nawi\u0105zaniu historycznym m\u00f3wca si\u0119gn\u0105\u0142 do roku <strong>1953<\/strong>, \u015bmierci zbrodniarzy komunistycznych <strong>Stalina<\/strong> i <strong>Berii<\/strong>, wynikiem tego (m.in. oczywi\u015bcie), by\u0142o pojawienie si\u0119 terminu medialnego, tzw. antysemityzmu. Powsta\u0142y u komunist\u00f3w dwie frakcje: <strong>frakcja \u017byd\u00f3w<\/strong> (pu\u0142awianie, od. ul. Pu\u0142awskiej 24 i 26 w W-ie, gdzie mieli swoje spotkania) i <strong>frakcja Cham\u00f3w<\/strong>, tzw. grupa natoli\u0144ska (od pa\u0142acyku w Natolinie). W <strong>1967 roku<\/strong> dosz\u0142o do wojny sze\u015bciodniowej pomi\u0119dzy Izraelem i krajami arabskimi. A w <strong>68.<\/strong> do tzw. wydarze\u0144 marcowych. Zbli\u017caj\u0105ca si\u0119 <strong>50.<\/strong> rocznica tych wydarze\u0144 mo\u017ce spowodowa\u0107 kolejny atak \u015brodowisk \u017cydowskich na Polsk\u0119.<\/p>\n<p style=\"text-align: justify;\"><a href=\"http:\/\/grzegorzjaszczura.pl\/http:\/\/grzegorzjaszczura.pl\/wp-content\/uploads\/2018\/03\/20180302_171737.jpg\"><img loading=\"lazy\" decoding=\"async\" class=\"alignleft size-thumbnail wp-image-45044\" src=\"http:\/\/grzegorzjaszczura.pl\/http:\/\/grzegorzjaszczura.pl\/wp-content\/uploads\/2018\/03\/20180302_171737-150x150.jpg\" alt=\"20180302_171737\" width=\"150\" height=\"150\" \/><\/a>Rzucam has\u0142owo tylko to, co <strong>S. Michalkiewicz<\/strong> przedstawia\u0142 w d\u0142ugim wyk\u0142adzie. Pewnie pojawi si\u0119 nagranie w internecie, by\u0142a obecna telewizja prywatna <a href=\"https:\/\/www.facebook.com\/TVASME\/\"><strong>ASME<\/strong><\/a>, a przed spotkaniem d\u0142u\u017cszego wywiadu udzieli\u0142 <strong>S. Michalkiewicz<\/strong> telewizji d\u0105browskiej <strong><a href=\"http:\/\/www.tvdg.pl\/\">TVDG<\/a><\/strong>.<\/p>\n<p style=\"text-align: justify;\">Za czas\u00f3w tzw. wolnej <strong>Polski<\/strong> wydarzenia przebiega\u0142y tak\u017ce w spos\u00f3b dla nas niekorzystny. Ju\u017c w <strong>1994 r.<\/strong> pojawi\u0142y si\u0119 \u017c\u0105dania w Ameryce o zado\u015b\u0107uczynienie roszczeniom \u017cydowskim, by\u0142 to list polityk\u00f3w ameryka\u0144skich w tym temacie. 9 gmin \u017cydowskich w Polsce i zwrot oko\u0142o 10 mld dolar\u00f3w?! Jednocze\u015bnie starano si\u0119 kreowa\u0107 ca\u0142y czas polityk\u0119 wci\u0105gania Polak\u00f3w w odpowiedzialno\u015b\u0107 za Holocaust <strong>\u017byd\u00f3w<\/strong>, w ko\u0144cu dokonany przecie\u017c przez <strong>Niemc\u00f3w<\/strong>. Np. niejaki Niemiec <strong>G. Schroeder<\/strong> w <strong>2000 r.<\/strong> zdj\u0105\u0142 odpowiedzialno\u015b\u0107 z Niemc\u00f3w za II wojn\u0119 \u015bwiatow\u0105! I tu powsta\u0142 problem, &#8222;zast\u0119pczym winowajc\u0105&#8221; zosta\u0142a Polska!!! Nast\u0105pi\u0142o Jedwabne (2001 r.) i haniebne s\u0142owa komunisty <strong>A. Kwa\u015bniewskiego<\/strong>.<\/p>\n<p style=\"text-align: justify;\"><a href=\"http:\/\/grzegorzjaszczura.pl\/http:\/\/grzegorzjaszczura.pl\/wp-content\/uploads\/2018\/03\/20180302_193204.jpg\"><img loading=\"lazy\" decoding=\"async\" class=\"alignleft size-thumbnail wp-image-45086\" src=\"http:\/\/grzegorzjaszczura.pl\/http:\/\/grzegorzjaszczura.pl\/wp-content\/uploads\/2018\/03\/20180302_193204-150x150.jpg\" alt=\"20180302_193204\" width=\"150\" height=\"150\" \/><\/a>Pod koniec wyk\u0142adu <strong>S. Michalkiewicz<\/strong> zwr\u00f3ci\u0142 uwag\u0119 na najwa\u017cniejszy fakt, czyli ustaw\u0119 z <strong>12.12.2017 r.<\/strong>, kt\u00f3r\u0105 przyj\u0105\u0142 Senat <strong>USA<\/strong>, zreszt\u0105 przez aklamacj\u0119, konkretnie nr 447, kt\u00f3ra zobowi\u0105zuje Stany Zjednoczone do wsp\u00f3\u0142pracy z \u017cydowskimi organizacjami Europy \u015arodkowej. Jak rozumiem na Wschodni\u0105 Europ\u0119 w tej chwili nie ma wp\u0142ywu. \ud83d\ude42 . Dla nas najwa\u017cniejszy jest punkt 3, w kt\u00f3rym jest mowa, \u017ce przychody z w\u0142asno\u015bci \u017cydowskiej bezdziedzicznej maj\u0105 by\u0107 przeznaczone na ocala\u0142ych z Holocaustu, a tak\u017ce na inne cele zwi\u0105zane\u00a0 z przypominaniem o Holocau\u015bcie, <em>etc.<\/em> Pad\u0142a przy okazji kwota <strong>300 mld<\/strong> dolar\u00f3w ameryka\u0144skich (czyli <strong>bilion<\/strong> z\u0142otych) tych odszkodowa\u0144. Kwota gigantyczna, nieosi\u0105galna dla naszego kraju. Polonia ameryka\u0144ska rozpocz\u0119\u0142a akcj\u0119 przeciwko przyj\u0119ciu tej ustawy przez drug\u0105 izb\u0119 ameryka\u0144sk\u0105 czyli Izb\u0119 Reprezentant\u00f3w. I tu tkwi szansa dla m.in. Polski i Polak\u00f3w. W pewnym sensie przygotowana konstrukcja przypomina bowiem takie <em>perpetuum mobile<\/em>.<\/p>\n<p style=\"text-align: justify;\">Jak zawsze na tego typu spotkaniach dosz\u0142o do zadawania pyta\u0144. Pad\u0142o ich du\u017co. Np. kto rz\u0105dzi\u0142 w Polsce po 1944 r.? Odpowied\u017a wg zreszt\u0105 nie tylko <strong>S. Michalkiewicza<\/strong> jest prosta: <span style=\"color: #ff0000;\"><strong>agentura sowiecka<\/strong><\/span>, czyli komuni\u015bci. Szef <span style=\"color: #ff0000;\">NKWD<\/span>, w nast\u0119pnej kolejno\u015bci szef kom\u00f3rki <span style=\"color: #ff0000;\">NKWD<\/span> w Warszawie i potem Pan <strong>S. Michalkiewicz<\/strong> umiejscowi\u0142 ambasadora sowieckiego <strong>W. Lebiediewa<\/strong> i polskiego komunist\u0119 pochodzenia \u017cydowskiego <strong>Jakuba Bermana<\/strong>.<\/p>\n<p style=\"text-align: justify;\"><a href=\"http:\/\/grzegorzjaszczura.pl\/http:\/\/grzegorzjaszczura.pl\/wp-content\/uploads\/2018\/03\/DSCN74151.jpg\"><img loading=\"lazy\" decoding=\"async\" class=\"alignleft size-thumbnail wp-image-45078\" src=\"http:\/\/grzegorzjaszczura.pl\/http:\/\/grzegorzjaszczura.pl\/wp-content\/uploads\/2018\/03\/DSCN74151-150x150.jpg\" alt=\"DSCN7415\" width=\"150\" height=\"150\" \/><\/a>Mo\u017cna by\u0142o w trakcie spotkania nabywa\u0107 ksi\u0105\u017cki Pana <strong>S. Michalkiewicza<\/strong>, w tym oczywi\u015bcie najnowsze. Spotkanie trwa\u0142o prawie 3 godziny i zgromadzi\u0142o ponownie liczn\u0105 widowni\u0119 z ca\u0142ego <span style=\"color: #008000;\"><strong>Zag\u0142\u0119bia D\u0105browskiego<\/strong><\/span>. Polecam wys\u0142uchanie nagrania w internecie, np. na Antysocjalistycznym Mazowszu <strong>ASMA<\/strong>. <a href=\"https:\/\/www.youtube.com\/watch?v=jqjhJcb8wVQ\"><strong>Fragment.<\/strong><\/a><\/p>\n<p style=\"text-align: justify;\"><a href=\"http:\/\/grzegorzjaszczura.pl\/http:\/\/grzegorzjaszczura.pl\/wp-content\/uploads\/2018\/03\/20180302_201703.jpg\"><img loading=\"lazy\" decoding=\"async\" class=\"alignleft size-thumbnail wp-image-45081\" src=\"http:\/\/grzegorzjaszczura.pl\/http:\/\/grzegorzjaszczura.pl\/wp-content\/uploads\/2018\/03\/20180302_201703-150x150.jpg\" alt=\"20180302_201703\" width=\"150\" height=\"150\" \/><\/a><a href=\"http:\/\/grzegorzjaszczura.pl\/http:\/\/grzegorzjaszczura.pl\/wp-content\/uploads\/2018\/03\/20180302_172849.jpg\"><img loading=\"lazy\" decoding=\"async\" class=\"alignleft size-thumbnail wp-image-45094\" src=\"http:\/\/grzegorzjaszczura.pl\/http:\/\/grzegorzjaszczura.pl\/wp-content\/uploads\/2018\/03\/20180302_172849-150x150.jpg\" alt=\"20180302_172849\" width=\"150\" height=\"150\" \/><\/a><a href=\"http:\/\/grzegorzjaszczura.pl\/http:\/\/grzegorzjaszczura.pl\/wp-content\/uploads\/2018\/03\/20180302_173215.jpg\"><img loading=\"lazy\" decoding=\"async\" class=\"alignleft size-thumbnail wp-image-45091\" src=\"http:\/\/grzegorzjaszczura.pl\/http:\/\/grzegorzjaszczura.pl\/wp-content\/uploads\/2018\/03\/20180302_173215-150x150.jpg\" alt=\"20180302_173215\" width=\"150\" height=\"150\" \/><\/a><\/p>\n<p style=\"text-align: justify;\">\n","protected":false},"excerpt":{"rendered":"<p>To ju\u017c kt\u00f3ry\u015b z kolei pobyt znanego publicysty, pisarza, wyk\u0142adowcy akademickiego, prawnika, by\u0142ego s\u0119dziego Trybuna\u0142u Stanu, antykomunisty, Pana Stanis\u0142awa Michalkiewicza w D\u0105browie G\u00f3rniczej. Organizatorami spotkania, w dniu 02.03.2018 r. w Villa Moda byli: Klub Gazety Polskiej im. H. Glassa (J. Kowalski) oraz oddzia\u0142 d\u0105browski Kongresu Nowej Prawicy (T. Sk\u00f3ra).<\/p>\n","protected":false},"author":2,"featured_media":0,"comment_status":"open","ping_status":"open","sticky":false,"template":"","format":"standard","meta":{"_monsterinsights_skip_tracking":false,"_monsterinsights_sitenote_active":false,"_monsterinsights_sitenote_note":"","_monsterinsights_sitenote_category":0,"footnotes":""},"categories":[3],"tags":[],"class_list":["post-45025","post","type-post","status-publish","format-standard","hentry","category-polityczne"],"_links":{"self":[{"href":"https:\/\/grzegorzjaszczura.pl\/index.php?rest_route=\/wp\/v2\/posts\/45025","targetHints":{"allow":["GET"]}}],"collection":[{"href":"https:\/\/grzegorzjaszczura.pl\/index.php?rest_route=\/wp\/v2\/posts"}],"about":[{"href":"https:\/\/grzegorzjaszczura.pl\/index.php?rest_route=\/wp\/v2\/types\/post"}],"author":[{"embeddable":true,"href":"https:\/\/grzegorzjaszczura.pl\/index.php?rest_route=\/wp\/v2\/users\/2"}],"replies":[{"embeddable":true,"href":"https:\/\/grzegorzjaszczura.pl\/index.php?rest_route=%2Fwp%2Fv2%2Fcomments&post=45025"}],"version-history":[{"count":60,"href":"https:\/\/grzegorzjaszczura.pl\/index.php?rest_route=\/wp\/v2\/posts\/45025\/revisions"}],"predecessor-version":[{"id":53547,"href":"https:\/\/grzegorzjaszczura.pl\/index.php?rest_route=\/wp\/v2\/posts\/45025\/revisions\/53547"}],"wp:attachment":[{"href":"https:\/\/grzegorzjaszczura.pl\/index.php?rest_route=%2Fwp%2Fv2%2Fmedia&parent=45025"}],"wp:term":[{"taxonomy":"category","embeddable":true,"href":"https:\/\/grzegorzjaszczura.pl\/index.php?rest_route=%2Fwp%2Fv2%2Fcategories&post=45025"},{"taxonomy":"post_tag","embeddable":true,"href":"https:\/\/grzegorzjaszczura.pl\/index.php?rest_route=%2Fwp%2Fv2%2Ftags&post=45025"}],"curies":[{"name":"wp","href":"https:\/\/api.w.org\/{rel}","templated":true}]}}