{"id":4518,"date":"2010-07-09T13:53:41","date_gmt":"2010-07-09T11:53:41","guid":{"rendered":"http:\/\/grzegorzjaszczura.pl\/?p=4518"},"modified":"2010-07-09T13:53:41","modified_gmt":"2010-07-09T11:53:41","slug":"mikke-odpowiedz","status":"publish","type":"post","link":"https:\/\/grzegorzjaszczura.pl\/?p=4518","title":{"rendered":"&#8222;mikke&#8221; &#8211; odpowied\u017a"},"content":{"rendered":"<p style=\"text-align: justify;\"><strong><a href=\"http:\/\/grzegorzjaszczura.pl\/http:\/\/grzegorzjaszczura.pl\/wp-content\/uploads\/2010\/07\/20100327085.jpg\"><img loading=\"lazy\" decoding=\"async\" class=\"alignleft size-thumbnail wp-image-4545\" title=\"20100327085\" src=\"http:\/\/grzegorzjaszczura.pl\/http:\/\/grzegorzjaszczura.pl\/wp-content\/uploads\/2010\/07\/20100327085-150x150.jpg\" alt=\"20100327085\" width=\"150\" height=\"150\" \/><\/a>W komentarzach do mojego wpisu z gratulacjami dla Prezydenta Elekta Br. Komorowskiego (<\/strong><a href=\"http:\/\/grzegorzjaszczura.pl\/?p=4403#more-4403\">http:\/\/grzegorzjaszczura.pl\/?p=4403#more-4403<\/a><strong>),<\/strong><strong> Szanowny Czytelnik mojego bloga o <em>nicku<\/em> &#8222;mikke&#8221;\u00a0 prosi\u0142 o przypomnienie Wyborcom z jakiej listy startowa\u0142em w wyborach. <!--more-->Zapytywa\u0142 konkretnie:<\/strong><\/p>\n<p style=\"text-align: justify;\"><em><strong>&#8222;Panie Radny Jaszczura prosz\u0119 przypomnie\u0107 wyborcom z jakiej listy  startowa\u0142 Pan w ostatnich wyborach samorz\u0105dowych?&#8221; oraz: <\/strong><\/em><\/p>\n<p style=\"text-align: justify;\"><strong><em> &#8222;Panie Radny Jaszczura, czy ma Pan problem z pami\u0119ci\u0105? Ju\u017c nie pytam o wybory parlamentarne w 2001 roku, bo wtedy Pan mandatu nie zdoby\u0142, ale w 2006 roku by\u0142o ju\u017c ca\u0142kiem nie\u017ale \u2013 zdoby\u0142 Pan mandat Radnego \u2013 czy mo\u017ce Pan uprzejmie napisa\u0107, z jakiej listy wyborczej Pan startowa\u0142?<\/em><\/strong><\/p>\n<p style=\"text-align: justify;\"><em><strong>mikke&#8221;<\/strong><\/em><\/p>\n<p style=\"text-align: justify;\"><span style=\"color: #0000ff;\"><span style=\"text-decoration: underline;\"><strong>Odpowiadam troszk\u0119 szerzej\u00a0 Panu &#8222;mikke&#8221; oddzielnym wpisem: <\/strong><\/span><\/span><\/p>\n<p style=\"text-align: justify;\"><strong> Szanowny Panie &#8222;mikke&#8221;. <span style=\"color: #0000ff;\">UPR<\/span>zejmie odpowiadam, \u017ce startowa\u0142em z listy PIS-u, na podstawie pisemnej umowy koalicyjnej PIS-<span style=\"color: #0000ff;\">UPR<\/span> (IV.2006 r.)! \u015arodowisko <span style=\"color: #0000ff;\">UPR<\/span> z naszego miasta obsadzi\u0142o na podstawie tej\u017ce umowy 40% miejsc na listach wyborczych, a praktycznie to nawet wi\u0119cej! W Radzie Miasta mieli\u015bmy realizowa\u0107 program koalicyjny tych partii, przedstawiony w postaci zaakceptowanych przez obie strony, tez programowych!<\/strong><\/p>\n<p style=\"text-align: justify;\"><strong><span style=\"text-decoration: underline;\">Chcia\u0142bym podkre\u015bli\u0107, \u017ce w przeciwie\u0144stwie do radnych z PIS-u, zna\u0142em program tej partii (m.in. dlatego, \u017ce w roku 2001 budowa\u0142em podwaliny tej partii w naszym mie\u015bcie, z Panem J. J\u0119drychem).<\/span> Poniewa\u017c tak by\u0142o:<\/strong><\/p>\n<p style=\"text-align: justify;\"><strong> to ja odczyta\u0142em o\u015bwiadczenie o poparciu dezubekizacji naszego miasta (vide: <\/strong><a href=\"http:\/\/grzegorzjaszczura.pl\/?p=3680#more-3680\">http:\/\/grzegorzjaszczura.pl\/?p=3680#more-3680<\/a><strong> ), a nie przyk\u0142adowo radny z PIS-u,<\/strong><\/p>\n<p style=\"text-align: justify;\"><strong>to ja g\u0142osowa\u0142em zawsze (!) za <span style=\"text-decoration: underline;\">nie podwy\u017cszaniem<\/span> podatk\u00f3w lokalnych, a nie przyk\u0142adowo radny z PIS-u (przyk\u0142adowo zobacz:<a href=\"http:\/\/grzegorzjaszczura.pl\/?p=531#more-531\"> <\/a><\/strong><a href=\"http:\/\/grzegorzjaszczura.pl\/?p=531#more-531\">http:\/\/grzegorzjaszczura.pl\/?p=531#more-531<\/a><strong><a href=\"http:\/\/grzegorzjaszczura.pl\/?p=531#more-531\"> <\/a>),<\/strong><\/p>\n<p style=\"text-align: justify;\"><strong>to ja z olbrzymimi oporami lewicy (postkomunist\u00f3w, przepraszam za nazewnictwo) wprowadza\u0142em uchwa\u0142\u0119 o sprzeda\u017cy mieszka\u0144 komunalnych z zasob\u00f3w MZBM z bonifikat\u0105 i zwrotem kaucji (vide: <\/strong><a href=\"http:\/\/grzegorzjaszczura.pl\/?p=3514#more-3514\">http:\/\/grzegorzjaszczura.pl\/?p=3514#more-3514<\/a><strong> ) i nie wy\u0142amywa\u0142em si\u0119 z dyscypliny klubowej zarz\u0105dzonej przez pos\u0142a PIS Pana J. Ko\u015bcielniaka, za zaoszcz\u0119dzenie 20% diety radnego, a nie przyk\u0142adowo radny z PIS-u,<\/strong><\/p>\n<p style=\"text-align: justify;\"><strong>to ja wywalczy\u0142em likwidacj\u0119 w naszym mie\u015bcie op\u0142aty od posiadania psa, w latach 2009-2010 (vide:<a href=\"http:\/\/grzegorzjaszczura.pl\/?p=677#more-677\"> <\/a><\/strong><a href=\"http:\/\/grzegorzjaszczura.pl\/?p=677#more-677\">http:\/\/grzegorzjaszczura.pl\/?p=677#more-677<\/a><strong><a href=\"http:\/\/grzegorzjaszczura.pl\/?p=677#more-677\"> <\/a>), a nie przyk\u0142adowo radny z PIS-u,<\/strong><\/p>\n<p style=\"text-align: justify;\"><strong>to ja by\u0142em autorem projektu uchwa\u0142y i g\u0142osowa\u0142em za zmniejszeniem diet wszystkim radnym o 50%, realizuj\u0105c punkt programu oszcz\u0119dzania na biurokracji i administracji, a nie przyk\u0142adowo radny PIS-u (vide: <\/strong><a href=\"http:\/\/grzegorzjaszczura.pl\/?p=17#more-17\">http:\/\/grzegorzjaszczura.pl\/?p=17#more-17<\/a><strong><a href=\"http:\/\/grzegorzjaszczura.pl\/?p=17#more-17\"> <\/a>). Spos\u00f3b g\u0142osowania radnych po d\u017centelme\u0144sku tym razem przemilcz\u0119.<br \/>\n<\/strong><\/p>\n<p style=\"text-align: justify;\"><strong>Pisz\u0119 &#8222;ja&#8221;, ale oczywi\u015bcie zawsze kto\u015b mnie wspiera\u0142, tylko &#8222;rzadkawo&#8221; by\u0142 to kto\u015b z PIS-u. Wie Pan gdzie mnie mo\u017cna znale\u017a\u0107, zapraszam do szczeg\u00f3\u0142owego przedstawienia powy\u017cszego! Mog\u0119 wymienione przyk\u0142ady rozszerzy\u0107 i rozmno\u017cy\u0107.<br \/>\n<\/strong><\/p>\n<p style=\"text-align: justify;\"><strong>Szanowny Panie &#8222;mikke&#8221; jeszcze jedno, nigdzie nie spotka\u0142em si\u0119, w programie <em>stricte<\/em> partii PIS-u, ze stwierdzeniem, \u017ce komuni\u015bci byli polskimi, czy w og\u00f3le patriotami. Nie wiem, czy zdaje sobie Pan spraw\u0119, ale z takiego go\u0142os\u0142owia wynika, \u017ce ruch solidarno\u015bciowy i niepodleg\u0142o\u015bciowy z 1980 roku, z kt\u00f3rym ja si\u0119 uto\u017csamiam, jest ruchem antypatriotycznym i antypolskim, poniewa\u017c wyst\u0105pi\u0142 on przeciwko panuj\u0105cej wtedy w\u0142adzy komunistycznej reprezentowanej z nadania Zwi\u0105zku Sowieckiego przez PZPR. Czy naprawd\u0119 si\u0119 Pan z tym zgadza???<\/strong><\/p>\n<p style=\"text-align: justify;\"><strong>Czy zgadza si\u0119 Pan z tym, \u017ce Polska jest cz\u0105stk\u0105 PA\u0143STWA Unia Europejska? Zgadza si\u0119 Pan, bo po 1 grudnia 2009 roku musi si\u0119 Pan zgodzi\u0107 (polecam ze szczeg\u00f3\u0142ami: <\/strong><a href=\"http:\/\/grzegorzjaszczura.pl\/?p=756#more-756\">http:\/\/grzegorzjaszczura.pl\/?p=756#more-756<\/a><strong>)<\/strong><strong>. Nie mamy wyboru! <\/strong><\/p>\n<p style=\"text-align: justify;\"><strong>Polecam tak\u017ce moj\u0105 biografie: <\/strong><a href=\"http:\/\/grzegorzjaszczura.pl\/?page_id=5\">http:\/\/grzegorzjaszczura.pl\/?page_id=5<\/a><strong> . O, a dodatkowo prosz\u0119 przeczyta\u0107 moj\u0105 opini\u0119 o samorz\u0105dno\u015bci w D\u0105browie G\u00f3rniczej:<a href=\"http:\/\/grzegorzjaszczura.pl\/?p=3503#more-3503\"> <\/a><\/strong><a href=\"http:\/\/grzegorzjaszczura.pl\/?p=3503#more-3503\">http:\/\/grzegorzjaszczura.pl\/?p=3503#more-3503<\/a> .<\/p>\n<p style=\"text-align: justify;\"><strong>Jednocze\u015bnie serdecznie pozdrawiam.<\/strong><\/p>\n","protected":false},"excerpt":{"rendered":"<p>W komentarzach do mojego wpisu z gratulacjami dla Prezydenta Elekta Br. Komorowskiego (http:\/\/grzegorzjaszczura.pl\/?p=4403#more-4403), Szanowny Czytelnik mojego bloga o nicku &#8222;mikke&#8221;\u00a0 prosi\u0142 o przypomnienie Wyborcom z jakiej listy startowa\u0142em w wyborach.<\/p>\n","protected":false},"author":2,"featured_media":0,"comment_status":"open","ping_status":"open","sticky":false,"template":"","format":"standard","meta":{"_monsterinsights_skip_tracking":false,"_monsterinsights_sitenote_active":false,"_monsterinsights_sitenote_note":"","_monsterinsights_sitenote_category":0,"footnotes":""},"categories":[3],"tags":[],"class_list":["post-4518","post","type-post","status-publish","format-standard","hentry","category-polityczne"],"_links":{"self":[{"href":"https:\/\/grzegorzjaszczura.pl\/index.php?rest_route=\/wp\/v2\/posts\/4518","targetHints":{"allow":["GET"]}}],"collection":[{"href":"https:\/\/grzegorzjaszczura.pl\/index.php?rest_route=\/wp\/v2\/posts"}],"about":[{"href":"https:\/\/grzegorzjaszczura.pl\/index.php?rest_route=\/wp\/v2\/types\/post"}],"author":[{"embeddable":true,"href":"https:\/\/grzegorzjaszczura.pl\/index.php?rest_route=\/wp\/v2\/users\/2"}],"replies":[{"embeddable":true,"href":"https:\/\/grzegorzjaszczura.pl\/index.php?rest_route=%2Fwp%2Fv2%2Fcomments&post=4518"}],"version-history":[{"count":68,"href":"https:\/\/grzegorzjaszczura.pl\/index.php?rest_route=\/wp\/v2\/posts\/4518\/revisions"}],"predecessor-version":[{"id":4636,"href":"https:\/\/grzegorzjaszczura.pl\/index.php?rest_route=\/wp\/v2\/posts\/4518\/revisions\/4636"}],"wp:attachment":[{"href":"https:\/\/grzegorzjaszczura.pl\/index.php?rest_route=%2Fwp%2Fv2%2Fmedia&parent=4518"}],"wp:term":[{"taxonomy":"category","embeddable":true,"href":"https:\/\/grzegorzjaszczura.pl\/index.php?rest_route=%2Fwp%2Fv2%2Fcategories&post=4518"},{"taxonomy":"post_tag","embeddable":true,"href":"https:\/\/grzegorzjaszczura.pl\/index.php?rest_route=%2Fwp%2Fv2%2Ftags&post=4518"}],"curies":[{"name":"wp","href":"https:\/\/api.w.org\/{rel}","templated":true}]}}